{"id":83006,"date":"2022-06-11T18:30:37","date_gmt":"2022-06-11T21:30:37","guid":{"rendered":"https:\/\/www.gaveanews.com\/?p=83006"},"modified":"2022-06-11T18:30:39","modified_gmt":"2022-06-11T21:30:39","slug":"flamengo-revela-encontro-de-dorival-junior-com-jogadores-e-detalhe-chama-atencao-da-torcida","status":"publish","type":"post","link":"https:\/\/www.gaveanews.com\/index.php\/2022\/06\/11\/flamengo-revela-encontro-de-dorival-junior-com-jogadores-e-detalhe-chama-atencao-da-torcida\/","title":{"rendered":"Flamengo revela encontro de Dorival J\u00fanior com jogadores e detalhe chama aten\u00e7\u00e3o da torcida"},"content":{"rendered":"\n<p>Ap\u00f3s a demiss\u00e3o de Paulo Sousa na \u00faltima quinta-feira, a diretoria do Flamengo agiu r\u00e1pido e acertou a chegada de Dorival J\u00fanior como novo comandante. O treinador, inclusive, teve um primeiro contato com o grupo rubro-negro nesta manh\u00e3, em Porto Alegre, e estar\u00e1 \u00e0 beira do campo no embate contra o Inter, no Beira-Rio.<\/p>\n\n\n\n<p>Nas redes sociais, o Flamengo publicou alguns bastidores do encontro entre treinador e os jogadores. Entre os registros, chamou a aten\u00e7\u00e3o dos rubro-negros um momento em que Dorival aparece cumprimentado por Diego Alves. Na passagem do comandante t\u00e9cnico pelo clube da G\u00e1vea em 2018, a dupla teve um desentendimento, mas que foi resolvido ainda naquele ano.<\/p>\n\n\n\n<p>Os torcedores, no entanto, n\u00e3o deixaram \u201cpassar batido\u201d o momento de reencontro entre o experiente goleiro e o novo treinador do Flamengo; veja abaixo a repercuss\u00e3o.<\/p>\n\n\n\n<figure class=\"wp-block-embed is-type-rich is-provider-twitter wp-block-embed-twitter\"><div class=\"wp-block-embed__wrapper\">\nhttps:\/\/twitter.com\/heyleidy\/status\/1535642441558249474\n<\/div><\/figure>\n\n\n\n<blockquote class=\"twitter-tweet\" data-conversation=\"none\"><p lang=\"en\" dir=\"ltr\">Best friends forever <a href=\"https:\/\/t.co\/mrI3q47PQs\">pic.twitter.com\/mrI3q47PQs<\/a><\/p>&mdash; aaaaa (@vyannadutra) <a href=\"https:\/\/twitter.com\/vyannadutra\/status\/1535642205041348610?ref_src=twsrc%5Etfw\">June 11, 2022<\/a><\/blockquote> <script async src=\"https:\/\/platform.twitter.com\/widgets.js\" charset=\"utf-8\"><\/script><blockquote class=\"twitter-tweet\" data-conversation=\"none\"><p lang=\"pt\" dir=\"ltr\">o diego bem feliz n\u00e9 KKKKKKKKKKKKKKK<\/p>&mdash; bruna. (@pztalaz) <a href=\"https:\/\/twitter.com\/pztalaz\/status\/1535642480280064000?ref_src=twsrc%5Etfw\">June 11, 2022<\/a><\/blockquote> <script async src=\"https:\/\/platform.twitter.com\/widgets.js\" charset=\"utf-8\"><\/script><blockquote class=\"twitter-tweet\" data-conversation=\"none\"><p lang=\"pt\" dir=\"ltr\">O multiverso do meng\u00e3o <a href=\"https:\/\/t.co\/tPX44rtD7C\">pic.twitter.com\/tPX44rtD7C<\/a><\/p>&mdash; bianca (@_bicrf) <a href=\"https:\/\/twitter.com\/_bicrf\/status\/1535642068080635905?ref_src=twsrc%5Etfw\">June 11, 2022<\/a><\/blockquote> <script async src=\"https:\/\/platform.twitter.com\/widgets.js\" charset=\"utf-8\"><\/script>\n\n\n\n<h2 class=\"wp-block-heading\" id=\"h-situacao-de-diego-alves-no-flamengo\">Situa\u00e7\u00e3o de Diego Alves no Flamengo<\/h2>\n\n\n\n<p>Com a chegada de Dorival J\u00fanior fica a expectativa acerca de quem ser\u00e1 o goleiro titular do Flamengo. Ao menos contra o <a href=\"https:\/\/www.gaveanews.com\/index.php\/2022\/06\/11\/saiu-veja-a-escalacao-do-flamengo-para-o-jogo-contra-o-internacional-2\/\">Inter, Diego foi o escolhido (clique aqui e veja o time titular).<\/a> Na gest\u00e3o de Paulo Sousa, o jovem Hugo foi bancado por diversas vezes, mesmo diante de algumas falhas. O portugu\u00eas chegou a entrar em \u201crota de colis\u00e3o\u201d com Diego j\u00e1 na reta final do seu trabalho. Recuperado de um quadro de pubalgia, o experiente arqueiro foi relacionado no \u00faltimo embate. <\/p>\n\n\n\n<p>Derrotado nos dois \u00faltimos compromissos do Brasileir\u00e3o, o Flamengo ocupa a 14\u00aa posi\u00e7\u00e3o na tabela, com 12 pontos somados em 30 poss\u00edveis, estando assim a sete tentos do l\u00edder Palmeiras.<\/p>\n\n\n\n<p>Retirado de: Torcedores<\/p>\n","protected":false},"excerpt":{"rendered":"<p>Ap\u00f3s a demiss\u00e3o de Paulo Sousa na \u00faltima quinta-feira, a diretoria do Flamengo agiu r\u00e1pido e acertou a chegada de Dorival J\u00fanior como novo comandante. O treinador, inclusive, teve um primeiro contato com o grupo rubro-negro nesta manh\u00e3, em Porto Alegre, e estar\u00e1 \u00e0 beira do campo no embate contra o Inter, no Beira-Rio. Nas [&hellip;]<\/p>\n","protected":false},"author":1,"featured_media":40581,"comment_status":"open","ping_status":"closed","sticky":false,"template":"","format":"standard","meta":{"footnotes":""},"categories":[47],"tags":[],"class_list":["post-83006","post","type-post","status-publish","format-standard","has-post-thumbnail","hentry","category-destaques"],"yoast_head":"<!-- This site is optimized with the Yoast SEO Premium plugin v24.2 (Yoast SEO v26.9) - https:\/\/yoast.com\/product\/yoast-seo-premium-wordpress\/ -->\n<title>Flamengo revela encontro de Dorival J\u00fanior com jogadores e detalhe chama aten\u00e7\u00e3o da torcida<\/title>\n<meta name=\"robots\" content=\"index, follow, max-snippet:-1, max-image-preview:large, max-video-preview:-1\" \/>\n<link rel=\"canonical\" href=\"https:\/\/www.gaveanews.com\/index.php\/2022\/06\/11\/flamengo-revela-encontro-de-dorival-junior-com-jogadores-e-detalhe-chama-atencao-da-torcida\/\" \/>\n<meta property=\"og:locale\" content=\"pt_BR\" \/>\n<meta property=\"og:type\" content=\"article\" \/>\n<meta property=\"og:title\" content=\"Flamengo revela encontro de Dorival J\u00fanior com jogadores e detalhe chama aten\u00e7\u00e3o da torcida\" \/>\n<meta property=\"og:description\" content=\"Ap\u00f3s a demiss\u00e3o de Paulo Sousa na \u00faltima quinta-feira, a diretoria do Flamengo agiu r\u00e1pido e acertou a chegada de Dorival J\u00fanior como novo comandante. O treinador, inclusive, teve um primeiro contato com o grupo rubro-negro nesta manh\u00e3, em Porto Alegre, e estar\u00e1 \u00e0 beira do campo no embate contra o Inter, no Beira-Rio. Nas [&hellip;]\" \/>\n<meta property=\"og:url\" content=\"https:\/\/www.gaveanews.com\/index.php\/2022\/06\/11\/flamengo-revela-encontro-de-dorival-junior-com-jogadores-e-detalhe-chama-atencao-da-torcida\/\" \/>\n<meta property=\"og:site_name\" content=\"G\u00e1vea News\" \/>\n<meta property=\"article:publisher\" content=\"https:\/\/facebook.com\/gaveaNews\/\" \/>\n<meta property=\"article:published_time\" content=\"2022-06-11T21:30:37+00:00\" \/>\n<meta property=\"article:modified_time\" content=\"2022-06-11T21:30:39+00:00\" \/>\n<meta property=\"og:image\" content=\"https:\/\/www.gaveanews.com\/wp-content\/uploads\/Dorival-durante-um-treinamento-do-Flamengo.webp\" \/>\n\t<meta property=\"og:image:width\" content=\"1024\" \/>\n\t<meta property=\"og:image:height\" content=\"683\" \/>\n\t<meta property=\"og:image:type\" content=\"image\/jpeg\" \/>\n<meta name=\"author\" content=\"Equipe G\u00e1vea News\" \/>\n<meta name=\"twitter:card\" content=\"summary_large_image\" \/>\n<meta name=\"twitter:label1\" content=\"Escrito por\" \/>\n\t<meta name=\"twitter:data1\" content=\"Equipe G\u00e1vea News\" \/>\n\t<meta name=\"twitter:label2\" content=\"Est. tempo de leitura\" \/>\n\t<meta name=\"twitter:data2\" content=\"2 minutos\" \/>\n<script type=\"application\/ld+json\" class=\"yoast-schema-graph\">{\"@context\":\"https:\/\/schema.org\",\"@graph\":[{\"@type\":\"NewsArticle\",\"@id\":\"https:\/\/www.gaveanews.com\/index.php\/2022\/06\/11\/flamengo-revela-encontro-de-dorival-junior-com-jogadores-e-detalhe-chama-atencao-da-torcida\/#article\",\"isPartOf\":{\"@id\":\"https:\/\/www.gaveanews.com\/index.php\/2022\/06\/11\/flamengo-revela-encontro-de-dorival-junior-com-jogadores-e-detalhe-chama-atencao-da-torcida\/\"},\"author\":{\"name\":\"Equipe G\u00e1vea News\",\"@id\":\"https:\/\/www.gaveanews.com\/#\/schema\/person\/2ec14f73fb96be2caf28f91afb14749d\"},\"headline\":\"Flamengo revela encontro de Dorival J\u00fanior com jogadores e detalhe chama aten\u00e7\u00e3o da torcida\",\"datePublished\":\"2022-06-11T21:30:37+00:00\",\"dateModified\":\"2022-06-11T21:30:39+00:00\",\"mainEntityOfPage\":{\"@id\":\"https:\/\/www.gaveanews.com\/index.php\/2022\/06\/11\/flamengo-revela-encontro-de-dorival-junior-com-jogadores-e-detalhe-chama-atencao-da-torcida\/\"},\"wordCount\":331,\"commentCount\":0,\"image\":{\"@id\":\"https:\/\/www.gaveanews.com\/index.php\/2022\/06\/11\/flamengo-revela-encontro-de-dorival-junior-com-jogadores-e-detalhe-chama-atencao-da-torcida\/#primaryimage\"},\"thumbnailUrl\":\"https:\/\/www.gaveanews.com\/wp-content\/uploads\/Dorival-durante-um-treinamento-do-Flamengo.webp\",\"articleSection\":[\"Destaques\"],\"inLanguage\":\"pt-BR\",\"potentialAction\":[{\"@type\":\"CommentAction\",\"name\":\"Comment\",\"target\":[\"https:\/\/www.gaveanews.com\/index.php\/2022\/06\/11\/flamengo-revela-encontro-de-dorival-junior-com-jogadores-e-detalhe-chama-atencao-da-torcida\/#respond\"]}],\"copyrightYear\":\"2022\",\"copyrightHolder\":{\"@id\":\"https:\/\/www.gaveanews.com\/#organization\"}},{\"@type\":\"WebPage\",\"@id\":\"https:\/\/www.gaveanews.com\/index.php\/2022\/06\/11\/flamengo-revela-encontro-de-dorival-junior-com-jogadores-e-detalhe-chama-atencao-da-torcida\/\",\"url\":\"https:\/\/www.gaveanews.com\/index.php\/2022\/06\/11\/flamengo-revela-encontro-de-dorival-junior-com-jogadores-e-detalhe-chama-atencao-da-torcida\/\",\"name\":\"Flamengo revela encontro de Dorival J\u00fanior com jogadores e detalhe chama aten\u00e7\u00e3o da torcida\",\"isPartOf\":{\"@id\":\"https:\/\/www.gaveanews.com\/#website\"},\"primaryImageOfPage\":{\"@id\":\"https:\/\/www.gaveanews.com\/index.php\/2022\/06\/11\/flamengo-revela-encontro-de-dorival-junior-com-jogadores-e-detalhe-chama-atencao-da-torcida\/#primaryimage\"},\"image\":{\"@id\":\"https:\/\/www.gaveanews.com\/index.php\/2022\/06\/11\/flamengo-revela-encontro-de-dorival-junior-com-jogadores-e-detalhe-chama-atencao-da-torcida\/#primaryimage\"},\"thumbnailUrl\":\"https:\/\/www.gaveanews.com\/wp-content\/uploads\/Dorival-durante-um-treinamento-do-Flamengo.webp\",\"datePublished\":\"2022-06-11T21:30:37+00:00\",\"dateModified\":\"2022-06-11T21:30:39+00:00\",\"author\":{\"@id\":\"https:\/\/www.gaveanews.com\/#\/schema\/person\/2ec14f73fb96be2caf28f91afb14749d\"},\"breadcrumb\":{\"@id\":\"https:\/\/www.gaveanews.com\/index.php\/2022\/06\/11\/flamengo-revela-encontro-de-dorival-junior-com-jogadores-e-detalhe-chama-atencao-da-torcida\/#breadcrumb\"},\"inLanguage\":\"pt-BR\",\"potentialAction\":[{\"@type\":\"ReadAction\",\"target\":[\"https:\/\/www.gaveanews.com\/index.php\/2022\/06\/11\/flamengo-revela-encontro-de-dorival-junior-com-jogadores-e-detalhe-chama-atencao-da-torcida\/\"]}]},{\"@type\":\"ImageObject\",\"inLanguage\":\"pt-BR\",\"@id\":\"https:\/\/www.gaveanews.com\/index.php\/2022\/06\/11\/flamengo-revela-encontro-de-dorival-junior-com-jogadores-e-detalhe-chama-atencao-da-torcida\/#primaryimage\",\"url\":\"https:\/\/www.gaveanews.com\/wp-content\/uploads\/Dorival-durante-um-treinamento-do-Flamengo.webp\",\"contentUrl\":\"https:\/\/www.gaveanews.com\/wp-content\/uploads\/Dorival-durante-um-treinamento-do-Flamengo.webp\",\"width\":1024,\"height\":683,\"caption\":\"Dorival durante um treinamento do Flamengo (Foto: Gilvan de Souza\/Flamengo)\"},{\"@type\":\"BreadcrumbList\",\"@id\":\"https:\/\/www.gaveanews.com\/index.php\/2022\/06\/11\/flamengo-revela-encontro-de-dorival-junior-com-jogadores-e-detalhe-chama-atencao-da-torcida\/#breadcrumb\",\"itemListElement\":[{\"@type\":\"ListItem\",\"position\":1,\"name\":\"Home\",\"item\":\"https:\/\/www.gaveanews.com\/\"},{\"@type\":\"ListItem\",\"position\":2,\"name\":\"Flamengo revela encontro de Dorival J\u00fanior com jogadores e detalhe chama aten\u00e7\u00e3o da torcida\"}]},{\"@type\":\"WebSite\",\"@id\":\"https:\/\/www.gaveanews.com\/#website\",\"url\":\"https:\/\/www.gaveanews.com\/\",\"name\":\"G\u00e1vea News\",\"description\":\"Veja todas as not\u00edcias sobre o Flamengo: Contrata\u00e7\u00f5es, categorias de base, resultados das partidas, tabela de classifica\u00e7\u00e3o, pr\u00f3ximos jogos!\",\"potentialAction\":[{\"@type\":\"SearchAction\",\"target\":{\"@type\":\"EntryPoint\",\"urlTemplate\":\"https:\/\/www.gaveanews.com\/?s={search_term_string}\"},\"query-input\":{\"@type\":\"PropertyValueSpecification\",\"valueRequired\":true,\"valueName\":\"search_term_string\"}}],\"inLanguage\":\"pt-BR\"},{\"@type\":\"Person\",\"@id\":\"https:\/\/www.gaveanews.com\/#\/schema\/person\/2ec14f73fb96be2caf28f91afb14749d\",\"name\":\"Equipe G\u00e1vea News\",\"image\":{\"@type\":\"ImageObject\",\"inLanguage\":\"pt-BR\",\"@id\":\"https:\/\/www.gaveanews.com\/#\/schema\/person\/image\/\",\"url\":\"https:\/\/secure.gravatar.com\/avatar\/1e1956f1facbffd3f8fa53a326721950116b3b9dc9bd44939c01180fd4a745a9?s=96&d=mm&r=g\",\"contentUrl\":\"https:\/\/secure.gravatar.com\/avatar\/1e1956f1facbffd3f8fa53a326721950116b3b9dc9bd44939c01180fd4a745a9?s=96&d=mm&r=g\",\"caption\":\"Equipe G\u00e1vea News\"}}]}<\/script>\n<!-- \/ Yoast SEO Premium plugin. -->","yoast_head_json":{"title":"Flamengo revela encontro de Dorival J\u00fanior com jogadores e detalhe chama aten\u00e7\u00e3o da torcida","robots":{"index":"index","follow":"follow","max-snippet":"max-snippet:-1","max-image-preview":"max-image-preview:large","max-video-preview":"max-video-preview:-1"},"canonical":"https:\/\/www.gaveanews.com\/index.php\/2022\/06\/11\/flamengo-revela-encontro-de-dorival-junior-com-jogadores-e-detalhe-chama-atencao-da-torcida\/","og_locale":"pt_BR","og_type":"article","og_title":"Flamengo revela encontro de Dorival J\u00fanior com jogadores e detalhe chama aten\u00e7\u00e3o da torcida","og_description":"Ap\u00f3s a demiss\u00e3o de Paulo Sousa na \u00faltima quinta-feira, a diretoria do Flamengo agiu r\u00e1pido e acertou a chegada de Dorival J\u00fanior como novo comandante. O treinador, inclusive, teve um primeiro contato com o grupo rubro-negro nesta manh\u00e3, em Porto Alegre, e estar\u00e1 \u00e0 beira do campo no embate contra o Inter, no Beira-Rio. Nas [&hellip;]","og_url":"https:\/\/www.gaveanews.com\/index.php\/2022\/06\/11\/flamengo-revela-encontro-de-dorival-junior-com-jogadores-e-detalhe-chama-atencao-da-torcida\/","og_site_name":"G\u00e1vea News","article_publisher":"https:\/\/facebook.com\/gaveaNews\/","article_published_time":"2022-06-11T21:30:37+00:00","article_modified_time":"2022-06-11T21:30:39+00:00","og_image":[{"width":1024,"height":683,"url":"https:\/\/www.gaveanews.com\/wp-content\/uploads\/Dorival-durante-um-treinamento-do-Flamengo.webp","type":"image\/jpeg"}],"author":"Equipe G\u00e1vea News","twitter_card":"summary_large_image","twitter_misc":{"Escrito por":"Equipe G\u00e1vea News","Est. tempo de leitura":"2 minutos"},"schema":{"@context":"https:\/\/schema.org","@graph":[{"@type":"NewsArticle","@id":"https:\/\/www.gaveanews.com\/index.php\/2022\/06\/11\/flamengo-revela-encontro-de-dorival-junior-com-jogadores-e-detalhe-chama-atencao-da-torcida\/#article","isPartOf":{"@id":"https:\/\/www.gaveanews.com\/index.php\/2022\/06\/11\/flamengo-revela-encontro-de-dorival-junior-com-jogadores-e-detalhe-chama-atencao-da-torcida\/"},"author":{"name":"Equipe G\u00e1vea News","@id":"https:\/\/www.gaveanews.com\/#\/schema\/person\/2ec14f73fb96be2caf28f91afb14749d"},"headline":"Flamengo revela encontro de Dorival J\u00fanior com jogadores e detalhe chama aten\u00e7\u00e3o da torcida","datePublished":"2022-06-11T21:30:37+00:00","dateModified":"2022-06-11T21:30:39+00:00","mainEntityOfPage":{"@id":"https:\/\/www.gaveanews.com\/index.php\/2022\/06\/11\/flamengo-revela-encontro-de-dorival-junior-com-jogadores-e-detalhe-chama-atencao-da-torcida\/"},"wordCount":331,"commentCount":0,"image":{"@id":"https:\/\/www.gaveanews.com\/index.php\/2022\/06\/11\/flamengo-revela-encontro-de-dorival-junior-com-jogadores-e-detalhe-chama-atencao-da-torcida\/#primaryimage"},"thumbnailUrl":"https:\/\/www.gaveanews.com\/wp-content\/uploads\/Dorival-durante-um-treinamento-do-Flamengo.webp","articleSection":["Destaques"],"inLanguage":"pt-BR","potentialAction":[{"@type":"CommentAction","name":"Comment","target":["https:\/\/www.gaveanews.com\/index.php\/2022\/06\/11\/flamengo-revela-encontro-de-dorival-junior-com-jogadores-e-detalhe-chama-atencao-da-torcida\/#respond"]}],"copyrightYear":"2022","copyrightHolder":{"@id":"https:\/\/www.gaveanews.com\/#organization"}},{"@type":"WebPage","@id":"https:\/\/www.gaveanews.com\/index.php\/2022\/06\/11\/flamengo-revela-encontro-de-dorival-junior-com-jogadores-e-detalhe-chama-atencao-da-torcida\/","url":"https:\/\/www.gaveanews.com\/index.php\/2022\/06\/11\/flamengo-revela-encontro-de-dorival-junior-com-jogadores-e-detalhe-chama-atencao-da-torcida\/","name":"Flamengo revela encontro de Dorival J\u00fanior com jogadores e detalhe chama aten\u00e7\u00e3o da torcida","isPartOf":{"@id":"https:\/\/www.gaveanews.com\/#website"},"primaryImageOfPage":{"@id":"https:\/\/www.gaveanews.com\/index.php\/2022\/06\/11\/flamengo-revela-encontro-de-dorival-junior-com-jogadores-e-detalhe-chama-atencao-da-torcida\/#primaryimage"},"image":{"@id":"https:\/\/www.gaveanews.com\/index.php\/2022\/06\/11\/flamengo-revela-encontro-de-dorival-junior-com-jogadores-e-detalhe-chama-atencao-da-torcida\/#primaryimage"},"thumbnailUrl":"https:\/\/www.gaveanews.com\/wp-content\/uploads\/Dorival-durante-um-treinamento-do-Flamengo.webp","datePublished":"2022-06-11T21:30:37+00:00","dateModified":"2022-06-11T21:30:39+00:00","author":{"@id":"https:\/\/www.gaveanews.com\/#\/schema\/person\/2ec14f73fb96be2caf28f91afb14749d"},"breadcrumb":{"@id":"https:\/\/www.gaveanews.com\/index.php\/2022\/06\/11\/flamengo-revela-encontro-de-dorival-junior-com-jogadores-e-detalhe-chama-atencao-da-torcida\/#breadcrumb"},"inLanguage":"pt-BR","potentialAction":[{"@type":"ReadAction","target":["https:\/\/www.gaveanews.com\/index.php\/2022\/06\/11\/flamengo-revela-encontro-de-dorival-junior-com-jogadores-e-detalhe-chama-atencao-da-torcida\/"]}]},{"@type":"ImageObject","inLanguage":"pt-BR","@id":"https:\/\/www.gaveanews.com\/index.php\/2022\/06\/11\/flamengo-revela-encontro-de-dorival-junior-com-jogadores-e-detalhe-chama-atencao-da-torcida\/#primaryimage","url":"https:\/\/www.gaveanews.com\/wp-content\/uploads\/Dorival-durante-um-treinamento-do-Flamengo.webp","contentUrl":"https:\/\/www.gaveanews.com\/wp-content\/uploads\/Dorival-durante-um-treinamento-do-Flamengo.webp","width":1024,"height":683,"caption":"Dorival durante um treinamento do Flamengo (Foto: Gilvan de Souza\/Flamengo)"},{"@type":"BreadcrumbList","@id":"https:\/\/www.gaveanews.com\/index.php\/2022\/06\/11\/flamengo-revela-encontro-de-dorival-junior-com-jogadores-e-detalhe-chama-atencao-da-torcida\/#breadcrumb","itemListElement":[{"@type":"ListItem","position":1,"name":"Home","item":"https:\/\/www.gaveanews.com\/"},{"@type":"ListItem","position":2,"name":"Flamengo revela encontro de Dorival J\u00fanior com jogadores e detalhe chama aten\u00e7\u00e3o da torcida"}]},{"@type":"WebSite","@id":"https:\/\/www.gaveanews.com\/#website","url":"https:\/\/www.gaveanews.com\/","name":"G\u00e1vea News","description":"Veja todas as not\u00edcias sobre o Flamengo: Contrata\u00e7\u00f5es, categorias de base, resultados das partidas, tabela de classifica\u00e7\u00e3o, pr\u00f3ximos jogos!","potentialAction":[{"@type":"SearchAction","target":{"@type":"EntryPoint","urlTemplate":"https:\/\/www.gaveanews.com\/?s={search_term_string}"},"query-input":{"@type":"PropertyValueSpecification","valueRequired":true,"valueName":"search_term_string"}}],"inLanguage":"pt-BR"},{"@type":"Person","@id":"https:\/\/www.gaveanews.com\/#\/schema\/person\/2ec14f73fb96be2caf28f91afb14749d","name":"Equipe G\u00e1vea News","image":{"@type":"ImageObject","inLanguage":"pt-BR","@id":"https:\/\/www.gaveanews.com\/#\/schema\/person\/image\/","url":"https:\/\/secure.gravatar.com\/avatar\/1e1956f1facbffd3f8fa53a326721950116b3b9dc9bd44939c01180fd4a745a9?s=96&d=mm&r=g","contentUrl":"https:\/\/secure.gravatar.com\/avatar\/1e1956f1facbffd3f8fa53a326721950116b3b9dc9bd44939c01180fd4a745a9?s=96&d=mm&r=g","caption":"Equipe G\u00e1vea News"}}]}},"_links":{"self":[{"href":"https:\/\/www.gaveanews.com\/index.php\/wp-json\/wp\/v2\/posts\/83006","targetHints":{"allow":["GET"]}}],"collection":[{"href":"https:\/\/www.gaveanews.com\/index.php\/wp-json\/wp\/v2\/posts"}],"about":[{"href":"https:\/\/www.gaveanews.com\/index.php\/wp-json\/wp\/v2\/types\/post"}],"author":[{"embeddable":true,"href":"https:\/\/www.gaveanews.com\/index.php\/wp-json\/wp\/v2\/users\/1"}],"replies":[{"embeddable":true,"href":"https:\/\/www.gaveanews.com\/index.php\/wp-json\/wp\/v2\/comments?post=83006"}],"version-history":[{"count":0,"href":"https:\/\/www.gaveanews.com\/index.php\/wp-json\/wp\/v2\/posts\/83006\/revisions"}],"wp:featuredmedia":[{"embeddable":true,"href":"https:\/\/www.gaveanews.com\/index.php\/wp-json\/wp\/v2\/media\/40581"}],"wp:attachment":[{"href":"https:\/\/www.gaveanews.com\/index.php\/wp-json\/wp\/v2\/media?parent=83006"}],"wp:term":[{"taxonomy":"category","embeddable":true,"href":"https:\/\/www.gaveanews.com\/index.php\/wp-json\/wp\/v2\/categories?post=83006"},{"taxonomy":"post_tag","embeddable":true,"href":"https:\/\/www.gaveanews.com\/index.php\/wp-json\/wp\/v2\/tags?post=83006"}],"curies":[{"name":"wp","href":"https:\/\/api.w.org\/{rel}","templated":true}]}}