{"id":83034,"date":"2022-06-12T21:38:22","date_gmt":"2022-06-13T00:38:22","guid":{"rendered":"https:\/\/www.gaveanews.com\/?p=83034"},"modified":"2022-06-12T21:38:23","modified_gmt":"2022-06-13T00:38:23","slug":"arrascaeta-retorna-ao-flamengo-no-jogo-contra-o-cuiaba","status":"publish","type":"post","link":"https:\/\/www.gaveanews.com\/index.php\/2022\/06\/12\/arrascaeta-retorna-ao-flamengo-no-jogo-contra-o-cuiaba\/","title":{"rendered":"Arrascaeta retorna ao Flamengo no jogo contra o Cuiab\u00e1"},"content":{"rendered":"\n<p>De volta ao Rio neste domingo (12), depois de servir a sele\u00e7\u00e3o do Uruguai, Arrascaeta se apresenta no Ninho do Urubu na manh\u00e3 desta segunda-feira (13), e ter\u00e1 seu primeiro contato com o t\u00e9cnico Dorival J\u00fanior. Com isso, o meio-campista deve estar \u00e0 disposi\u00e7\u00e3o para a partida contra o Cuiab\u00e1, na pr\u00f3xima quarta-feira (15), no Maracan\u00e3.<\/p>\n\n\n\n<p>Sem Arrascaeta, o Flamengo perdeu os \u00faltimos tr\u00eas jogos que disputou pelo Brasileir\u00e3o (Fortaleza, Bragantino e Internacional) e sua import\u00e2ncia dentro da equipe ficou ainda mais evidente. Antes disso, com ele em campo, o Flamengo vinha de tr\u00eas vit\u00f3rias consecutivas (Cat\u00f3lica, Goi\u00e1s e Fluminense).<\/p>\n\n\n\n<p>Arrascaeta se apresentou ao Uruguai com dores no tornozelo ap\u00f3s sofrer uma pancada no Fla-Flu e s\u00f3 atuou no terceiro compromisso da equipe, na goleada por 5 a 0 sobre o Panam\u00e1, em Montevid\u00e9u, no \u00faltimo s\u00e1bado (11). Contudo, o meia j\u00e1 est\u00e1 recuperado e ser\u00e1 um refor\u00e7o importante para tentar acabar com o momento turbulento do time.<\/p>\n\n\n\n<p>Retirado de: Jogada 10 <\/p>\n","protected":false},"excerpt":{"rendered":"<p>De volta ao Rio neste domingo (12), depois de servir a sele\u00e7\u00e3o do Uruguai, Arrascaeta se apresenta no Ninho do Urubu na manh\u00e3 desta segunda-feira (13), e ter\u00e1 seu primeiro contato com o t\u00e9cnico Dorival J\u00fanior. Com isso, o meio-campista deve estar \u00e0 disposi\u00e7\u00e3o para a partida contra o Cuiab\u00e1, na pr\u00f3xima quarta-feira (15), no [&hellip;]<\/p>\n","protected":false},"author":1,"featured_media":67571,"comment_status":"open","ping_status":"closed","sticky":false,"template":"","format":"standard","meta":{"footnotes":""},"categories":[1],"tags":[],"class_list":["post-83034","post","type-post","status-publish","format-standard","has-post-thumbnail","hentry","category-flamengo"],"yoast_head":"<!-- This site is optimized with the Yoast SEO Premium plugin v24.2 (Yoast SEO v26.9) - https:\/\/yoast.com\/product\/yoast-seo-premium-wordpress\/ -->\n<title>Arrascaeta retorna ao Flamengo no jogo contra o Cuiab\u00e1<\/title>\n<meta name=\"robots\" content=\"index, follow, max-snippet:-1, max-image-preview:large, max-video-preview:-1\" \/>\n<link rel=\"canonical\" href=\"https:\/\/www.gaveanews.com\/index.php\/2022\/06\/12\/arrascaeta-retorna-ao-flamengo-no-jogo-contra-o-cuiaba\/\" \/>\n<meta property=\"og:locale\" content=\"pt_BR\" \/>\n<meta property=\"og:type\" content=\"article\" \/>\n<meta property=\"og:title\" content=\"Arrascaeta retorna ao Flamengo no jogo contra o Cuiab\u00e1\" \/>\n<meta property=\"og:description\" content=\"De volta ao Rio neste domingo (12), depois de servir a sele\u00e7\u00e3o do Uruguai, Arrascaeta se apresenta no Ninho do Urubu na manh\u00e3 desta segunda-feira (13), e ter\u00e1 seu primeiro contato com o t\u00e9cnico Dorival J\u00fanior. Com isso, o meio-campista deve estar \u00e0 disposi\u00e7\u00e3o para a partida contra o Cuiab\u00e1, na pr\u00f3xima quarta-feira (15), no [&hellip;]\" \/>\n<meta property=\"og:url\" content=\"https:\/\/www.gaveanews.com\/index.php\/2022\/06\/12\/arrascaeta-retorna-ao-flamengo-no-jogo-contra-o-cuiaba\/\" \/>\n<meta property=\"og:site_name\" content=\"G\u00e1vea News\" \/>\n<meta property=\"article:publisher\" content=\"https:\/\/facebook.com\/gaveaNews\/\" \/>\n<meta property=\"article:published_time\" content=\"2022-06-13T00:38:22+00:00\" \/>\n<meta property=\"article:modified_time\" content=\"2022-06-13T00:38:23+00:00\" \/>\n<meta property=\"og:image\" content=\"https:\/\/www.gaveanews.com\/wp-content\/uploads\/Arrascaeta-comemorando-gol-marcado-pela-Selecao-Uruguaia.webp\" \/>\n\t<meta property=\"og:image:width\" content=\"1080\" \/>\n\t<meta property=\"og:image:height\" content=\"969\" \/>\n\t<meta property=\"og:image:type\" content=\"image\/jpeg\" \/>\n<meta name=\"author\" content=\"Equipe G\u00e1vea News\" \/>\n<meta name=\"twitter:card\" content=\"summary_large_image\" \/>\n<meta name=\"twitter:label1\" content=\"Escrito por\" \/>\n\t<meta name=\"twitter:data1\" content=\"Equipe G\u00e1vea News\" \/>\n\t<meta name=\"twitter:label2\" content=\"Est. tempo de leitura\" \/>\n\t<meta name=\"twitter:data2\" content=\"1 minuto\" \/>\n<script type=\"application\/ld+json\" class=\"yoast-schema-graph\">{\"@context\":\"https:\/\/schema.org\",\"@graph\":[{\"@type\":\"NewsArticle\",\"@id\":\"https:\/\/www.gaveanews.com\/index.php\/2022\/06\/12\/arrascaeta-retorna-ao-flamengo-no-jogo-contra-o-cuiaba\/#article\",\"isPartOf\":{\"@id\":\"https:\/\/www.gaveanews.com\/index.php\/2022\/06\/12\/arrascaeta-retorna-ao-flamengo-no-jogo-contra-o-cuiaba\/\"},\"author\":{\"name\":\"Equipe G\u00e1vea News\",\"@id\":\"https:\/\/www.gaveanews.com\/#\/schema\/person\/2ec14f73fb96be2caf28f91afb14749d\"},\"headline\":\"Arrascaeta retorna ao Flamengo no jogo contra o Cuiab\u00e1\",\"datePublished\":\"2022-06-13T00:38:22+00:00\",\"dateModified\":\"2022-06-13T00:38:23+00:00\",\"mainEntityOfPage\":{\"@id\":\"https:\/\/www.gaveanews.com\/index.php\/2022\/06\/12\/arrascaeta-retorna-ao-flamengo-no-jogo-contra-o-cuiaba\/\"},\"wordCount\":179,\"commentCount\":0,\"image\":{\"@id\":\"https:\/\/www.gaveanews.com\/index.php\/2022\/06\/12\/arrascaeta-retorna-ao-flamengo-no-jogo-contra-o-cuiaba\/#primaryimage\"},\"thumbnailUrl\":\"https:\/\/www.gaveanews.com\/wp-content\/uploads\/Arrascaeta-comemorando-gol-marcado-pela-Selecao-Uruguaia.webp\",\"articleSection\":[\"Flamengo\"],\"inLanguage\":\"pt-BR\",\"potentialAction\":[{\"@type\":\"CommentAction\",\"name\":\"Comment\",\"target\":[\"https:\/\/www.gaveanews.com\/index.php\/2022\/06\/12\/arrascaeta-retorna-ao-flamengo-no-jogo-contra-o-cuiaba\/#respond\"]}],\"copyrightYear\":\"2022\",\"copyrightHolder\":{\"@id\":\"https:\/\/www.gaveanews.com\/#organization\"}},{\"@type\":\"WebPage\",\"@id\":\"https:\/\/www.gaveanews.com\/index.php\/2022\/06\/12\/arrascaeta-retorna-ao-flamengo-no-jogo-contra-o-cuiaba\/\",\"url\":\"https:\/\/www.gaveanews.com\/index.php\/2022\/06\/12\/arrascaeta-retorna-ao-flamengo-no-jogo-contra-o-cuiaba\/\",\"name\":\"Arrascaeta retorna ao Flamengo no jogo contra o Cuiab\u00e1\",\"isPartOf\":{\"@id\":\"https:\/\/www.gaveanews.com\/#website\"},\"primaryImageOfPage\":{\"@id\":\"https:\/\/www.gaveanews.com\/index.php\/2022\/06\/12\/arrascaeta-retorna-ao-flamengo-no-jogo-contra-o-cuiaba\/#primaryimage\"},\"image\":{\"@id\":\"https:\/\/www.gaveanews.com\/index.php\/2022\/06\/12\/arrascaeta-retorna-ao-flamengo-no-jogo-contra-o-cuiaba\/#primaryimage\"},\"thumbnailUrl\":\"https:\/\/www.gaveanews.com\/wp-content\/uploads\/Arrascaeta-comemorando-gol-marcado-pela-Selecao-Uruguaia.webp\",\"datePublished\":\"2022-06-13T00:38:22+00:00\",\"dateModified\":\"2022-06-13T00:38:23+00:00\",\"author\":{\"@id\":\"https:\/\/www.gaveanews.com\/#\/schema\/person\/2ec14f73fb96be2caf28f91afb14749d\"},\"breadcrumb\":{\"@id\":\"https:\/\/www.gaveanews.com\/index.php\/2022\/06\/12\/arrascaeta-retorna-ao-flamengo-no-jogo-contra-o-cuiaba\/#breadcrumb\"},\"inLanguage\":\"pt-BR\",\"potentialAction\":[{\"@type\":\"ReadAction\",\"target\":[\"https:\/\/www.gaveanews.com\/index.php\/2022\/06\/12\/arrascaeta-retorna-ao-flamengo-no-jogo-contra-o-cuiaba\/\"]}]},{\"@type\":\"ImageObject\",\"inLanguage\":\"pt-BR\",\"@id\":\"https:\/\/www.gaveanews.com\/index.php\/2022\/06\/12\/arrascaeta-retorna-ao-flamengo-no-jogo-contra-o-cuiaba\/#primaryimage\",\"url\":\"https:\/\/www.gaveanews.com\/wp-content\/uploads\/Arrascaeta-comemorando-gol-marcado-pela-Selecao-Uruguaia.webp\",\"contentUrl\":\"https:\/\/www.gaveanews.com\/wp-content\/uploads\/Arrascaeta-comemorando-gol-marcado-pela-Selecao-Uruguaia.webp\",\"width\":1080,\"height\":969,\"caption\":\"Arrascaeta comemorando gol marcado pela Sele\u00e7\u00e3o Uruguaia (Foto: Reprodu\u00e7\u00e3o\/Instagram@GiorgianDeArrascaeta)\"},{\"@type\":\"BreadcrumbList\",\"@id\":\"https:\/\/www.gaveanews.com\/index.php\/2022\/06\/12\/arrascaeta-retorna-ao-flamengo-no-jogo-contra-o-cuiaba\/#breadcrumb\",\"itemListElement\":[{\"@type\":\"ListItem\",\"position\":1,\"name\":\"Home\",\"item\":\"https:\/\/www.gaveanews.com\/\"},{\"@type\":\"ListItem\",\"position\":2,\"name\":\"Arrascaeta retorna ao Flamengo no jogo contra o Cuiab\u00e1\"}]},{\"@type\":\"WebSite\",\"@id\":\"https:\/\/www.gaveanews.com\/#website\",\"url\":\"https:\/\/www.gaveanews.com\/\",\"name\":\"G\u00e1vea News\",\"description\":\"Veja todas as not\u00edcias sobre o Flamengo: Contrata\u00e7\u00f5es, categorias de base, resultados das partidas, tabela de classifica\u00e7\u00e3o, pr\u00f3ximos jogos!\",\"potentialAction\":[{\"@type\":\"SearchAction\",\"target\":{\"@type\":\"EntryPoint\",\"urlTemplate\":\"https:\/\/www.gaveanews.com\/?s={search_term_string}\"},\"query-input\":{\"@type\":\"PropertyValueSpecification\",\"valueRequired\":true,\"valueName\":\"search_term_string\"}}],\"inLanguage\":\"pt-BR\"},{\"@type\":\"Person\",\"@id\":\"https:\/\/www.gaveanews.com\/#\/schema\/person\/2ec14f73fb96be2caf28f91afb14749d\",\"name\":\"Equipe G\u00e1vea News\",\"image\":{\"@type\":\"ImageObject\",\"inLanguage\":\"pt-BR\",\"@id\":\"https:\/\/www.gaveanews.com\/#\/schema\/person\/image\/\",\"url\":\"https:\/\/secure.gravatar.com\/avatar\/1e1956f1facbffd3f8fa53a326721950116b3b9dc9bd44939c01180fd4a745a9?s=96&d=mm&r=g\",\"contentUrl\":\"https:\/\/secure.gravatar.com\/avatar\/1e1956f1facbffd3f8fa53a326721950116b3b9dc9bd44939c01180fd4a745a9?s=96&d=mm&r=g\",\"caption\":\"Equipe G\u00e1vea News\"}}]}<\/script>\n<!-- \/ Yoast SEO Premium plugin. -->","yoast_head_json":{"title":"Arrascaeta retorna ao Flamengo no jogo contra o Cuiab\u00e1","robots":{"index":"index","follow":"follow","max-snippet":"max-snippet:-1","max-image-preview":"max-image-preview:large","max-video-preview":"max-video-preview:-1"},"canonical":"https:\/\/www.gaveanews.com\/index.php\/2022\/06\/12\/arrascaeta-retorna-ao-flamengo-no-jogo-contra-o-cuiaba\/","og_locale":"pt_BR","og_type":"article","og_title":"Arrascaeta retorna ao Flamengo no jogo contra o Cuiab\u00e1","og_description":"De volta ao Rio neste domingo (12), depois de servir a sele\u00e7\u00e3o do Uruguai, Arrascaeta se apresenta no Ninho do Urubu na manh\u00e3 desta segunda-feira (13), e ter\u00e1 seu primeiro contato com o t\u00e9cnico Dorival J\u00fanior. Com isso, o meio-campista deve estar \u00e0 disposi\u00e7\u00e3o para a partida contra o Cuiab\u00e1, na pr\u00f3xima quarta-feira (15), no [&hellip;]","og_url":"https:\/\/www.gaveanews.com\/index.php\/2022\/06\/12\/arrascaeta-retorna-ao-flamengo-no-jogo-contra-o-cuiaba\/","og_site_name":"G\u00e1vea News","article_publisher":"https:\/\/facebook.com\/gaveaNews\/","article_published_time":"2022-06-13T00:38:22+00:00","article_modified_time":"2022-06-13T00:38:23+00:00","og_image":[{"width":1080,"height":969,"url":"https:\/\/www.gaveanews.com\/wp-content\/uploads\/Arrascaeta-comemorando-gol-marcado-pela-Selecao-Uruguaia.webp","type":"image\/jpeg"}],"author":"Equipe G\u00e1vea News","twitter_card":"summary_large_image","twitter_misc":{"Escrito por":"Equipe G\u00e1vea News","Est. tempo de leitura":"1 minuto"},"schema":{"@context":"https:\/\/schema.org","@graph":[{"@type":"NewsArticle","@id":"https:\/\/www.gaveanews.com\/index.php\/2022\/06\/12\/arrascaeta-retorna-ao-flamengo-no-jogo-contra-o-cuiaba\/#article","isPartOf":{"@id":"https:\/\/www.gaveanews.com\/index.php\/2022\/06\/12\/arrascaeta-retorna-ao-flamengo-no-jogo-contra-o-cuiaba\/"},"author":{"name":"Equipe G\u00e1vea News","@id":"https:\/\/www.gaveanews.com\/#\/schema\/person\/2ec14f73fb96be2caf28f91afb14749d"},"headline":"Arrascaeta retorna ao Flamengo no jogo contra o Cuiab\u00e1","datePublished":"2022-06-13T00:38:22+00:00","dateModified":"2022-06-13T00:38:23+00:00","mainEntityOfPage":{"@id":"https:\/\/www.gaveanews.com\/index.php\/2022\/06\/12\/arrascaeta-retorna-ao-flamengo-no-jogo-contra-o-cuiaba\/"},"wordCount":179,"commentCount":0,"image":{"@id":"https:\/\/www.gaveanews.com\/index.php\/2022\/06\/12\/arrascaeta-retorna-ao-flamengo-no-jogo-contra-o-cuiaba\/#primaryimage"},"thumbnailUrl":"https:\/\/www.gaveanews.com\/wp-content\/uploads\/Arrascaeta-comemorando-gol-marcado-pela-Selecao-Uruguaia.webp","articleSection":["Flamengo"],"inLanguage":"pt-BR","potentialAction":[{"@type":"CommentAction","name":"Comment","target":["https:\/\/www.gaveanews.com\/index.php\/2022\/06\/12\/arrascaeta-retorna-ao-flamengo-no-jogo-contra-o-cuiaba\/#respond"]}],"copyrightYear":"2022","copyrightHolder":{"@id":"https:\/\/www.gaveanews.com\/#organization"}},{"@type":"WebPage","@id":"https:\/\/www.gaveanews.com\/index.php\/2022\/06\/12\/arrascaeta-retorna-ao-flamengo-no-jogo-contra-o-cuiaba\/","url":"https:\/\/www.gaveanews.com\/index.php\/2022\/06\/12\/arrascaeta-retorna-ao-flamengo-no-jogo-contra-o-cuiaba\/","name":"Arrascaeta retorna ao Flamengo no jogo contra o Cuiab\u00e1","isPartOf":{"@id":"https:\/\/www.gaveanews.com\/#website"},"primaryImageOfPage":{"@id":"https:\/\/www.gaveanews.com\/index.php\/2022\/06\/12\/arrascaeta-retorna-ao-flamengo-no-jogo-contra-o-cuiaba\/#primaryimage"},"image":{"@id":"https:\/\/www.gaveanews.com\/index.php\/2022\/06\/12\/arrascaeta-retorna-ao-flamengo-no-jogo-contra-o-cuiaba\/#primaryimage"},"thumbnailUrl":"https:\/\/www.gaveanews.com\/wp-content\/uploads\/Arrascaeta-comemorando-gol-marcado-pela-Selecao-Uruguaia.webp","datePublished":"2022-06-13T00:38:22+00:00","dateModified":"2022-06-13T00:38:23+00:00","author":{"@id":"https:\/\/www.gaveanews.com\/#\/schema\/person\/2ec14f73fb96be2caf28f91afb14749d"},"breadcrumb":{"@id":"https:\/\/www.gaveanews.com\/index.php\/2022\/06\/12\/arrascaeta-retorna-ao-flamengo-no-jogo-contra-o-cuiaba\/#breadcrumb"},"inLanguage":"pt-BR","potentialAction":[{"@type":"ReadAction","target":["https:\/\/www.gaveanews.com\/index.php\/2022\/06\/12\/arrascaeta-retorna-ao-flamengo-no-jogo-contra-o-cuiaba\/"]}]},{"@type":"ImageObject","inLanguage":"pt-BR","@id":"https:\/\/www.gaveanews.com\/index.php\/2022\/06\/12\/arrascaeta-retorna-ao-flamengo-no-jogo-contra-o-cuiaba\/#primaryimage","url":"https:\/\/www.gaveanews.com\/wp-content\/uploads\/Arrascaeta-comemorando-gol-marcado-pela-Selecao-Uruguaia.webp","contentUrl":"https:\/\/www.gaveanews.com\/wp-content\/uploads\/Arrascaeta-comemorando-gol-marcado-pela-Selecao-Uruguaia.webp","width":1080,"height":969,"caption":"Arrascaeta comemorando gol marcado pela Sele\u00e7\u00e3o Uruguaia (Foto: Reprodu\u00e7\u00e3o\/Instagram@GiorgianDeArrascaeta)"},{"@type":"BreadcrumbList","@id":"https:\/\/www.gaveanews.com\/index.php\/2022\/06\/12\/arrascaeta-retorna-ao-flamengo-no-jogo-contra-o-cuiaba\/#breadcrumb","itemListElement":[{"@type":"ListItem","position":1,"name":"Home","item":"https:\/\/www.gaveanews.com\/"},{"@type":"ListItem","position":2,"name":"Arrascaeta retorna ao Flamengo no jogo contra o Cuiab\u00e1"}]},{"@type":"WebSite","@id":"https:\/\/www.gaveanews.com\/#website","url":"https:\/\/www.gaveanews.com\/","name":"G\u00e1vea News","description":"Veja todas as not\u00edcias sobre o Flamengo: Contrata\u00e7\u00f5es, categorias de base, resultados das partidas, tabela de classifica\u00e7\u00e3o, pr\u00f3ximos jogos!","potentialAction":[{"@type":"SearchAction","target":{"@type":"EntryPoint","urlTemplate":"https:\/\/www.gaveanews.com\/?s={search_term_string}"},"query-input":{"@type":"PropertyValueSpecification","valueRequired":true,"valueName":"search_term_string"}}],"inLanguage":"pt-BR"},{"@type":"Person","@id":"https:\/\/www.gaveanews.com\/#\/schema\/person\/2ec14f73fb96be2caf28f91afb14749d","name":"Equipe G\u00e1vea News","image":{"@type":"ImageObject","inLanguage":"pt-BR","@id":"https:\/\/www.gaveanews.com\/#\/schema\/person\/image\/","url":"https:\/\/secure.gravatar.com\/avatar\/1e1956f1facbffd3f8fa53a326721950116b3b9dc9bd44939c01180fd4a745a9?s=96&d=mm&r=g","contentUrl":"https:\/\/secure.gravatar.com\/avatar\/1e1956f1facbffd3f8fa53a326721950116b3b9dc9bd44939c01180fd4a745a9?s=96&d=mm&r=g","caption":"Equipe G\u00e1vea News"}}]}},"_links":{"self":[{"href":"https:\/\/www.gaveanews.com\/index.php\/wp-json\/wp\/v2\/posts\/83034","targetHints":{"allow":["GET"]}}],"collection":[{"href":"https:\/\/www.gaveanews.com\/index.php\/wp-json\/wp\/v2\/posts"}],"about":[{"href":"https:\/\/www.gaveanews.com\/index.php\/wp-json\/wp\/v2\/types\/post"}],"author":[{"embeddable":true,"href":"https:\/\/www.gaveanews.com\/index.php\/wp-json\/wp\/v2\/users\/1"}],"replies":[{"embeddable":true,"href":"https:\/\/www.gaveanews.com\/index.php\/wp-json\/wp\/v2\/comments?post=83034"}],"version-history":[{"count":0,"href":"https:\/\/www.gaveanews.com\/index.php\/wp-json\/wp\/v2\/posts\/83034\/revisions"}],"wp:featuredmedia":[{"embeddable":true,"href":"https:\/\/www.gaveanews.com\/index.php\/wp-json\/wp\/v2\/media\/67571"}],"wp:attachment":[{"href":"https:\/\/www.gaveanews.com\/index.php\/wp-json\/wp\/v2\/media?parent=83034"}],"wp:term":[{"taxonomy":"category","embeddable":true,"href":"https:\/\/www.gaveanews.com\/index.php\/wp-json\/wp\/v2\/categories?post=83034"},{"taxonomy":"post_tag","embeddable":true,"href":"https:\/\/www.gaveanews.com\/index.php\/wp-json\/wp\/v2\/tags?post=83034"}],"curies":[{"name":"wp","href":"https:\/\/api.w.org\/{rel}","templated":true}]}}