{"id":83041,"date":"2022-06-13T00:02:27","date_gmt":"2022-06-13T03:02:27","guid":{"rendered":"https:\/\/www.gaveanews.com\/?p=83041"},"modified":"2024-04-06T23:05:49","modified_gmt":"2024-04-07T02:05:49","slug":"mauro-cezar-pereira-diz-que-diego-alves-diego-ribas-filipe-luis-isla-rodinei-gustavo-henrique-leo-pereira-devem-deixar-o-flamengo","status":"publish","type":"post","link":"https:\/\/www.gaveanews.com\/index.php\/2022\/06\/13\/mauro-cezar-pereira-diz-que-diego-alves-diego-ribas-filipe-luis-isla-rodinei-gustavo-henrique-leo-pereira-devem-deixar-o-flamengo\/","title":{"rendered":"Mauro Cezar Pereira diz que Diego Alves, Diego Ribas, Filipe Lu\u00eds, Isla, Rodinei, Gustavo Henrique, L\u00e9o Pereira devem deixar o Flamengo"},"content":{"rendered":"\n<p>Durante o programa Canelada, da Jovem Pan, Mauro Cezar Pereira analisou o elenco do Flamengo. Diante do Internacional, Dorival J\u00fanior escalou Diego Alves e Filipe Lu\u00eds entre os titulares, acionando Diego Ribas no decorrer da partida. Sendo assim, o comentarista acredita que o trio, que forma a \u201cgera\u00e7\u00e3o 85\u201d, n\u00e3o possui mais capacidade de gerar bons frutos para o Rubro-Negro, motivo pelo qual a diretoria poderia analisar um desligamento antecipado dos atletas.<\/p>\n\n\n\n<p><em>\u2014 Cabe a diretoria ter coragem de chamar os jogadores veteranos que renovaram e come\u00e7ar a rescindir o contrato. Vai custar caro? Vai ser muito mais se n\u00e3o ganhar nada, n\u00e3o se classificar para a Libertadores e correr risco de rebaixamento. Vai perder arrecada\u00e7\u00e3o, premia\u00e7\u00e3o e deixar de ganhar premia\u00e7\u00e3o na Copa do Brasil e Libertadores. Alguns jogadores n\u00e3o tem mais o que fazer no Flamengo. Diego Alves, Diego Ribas e Filipe Lu\u00eds. O David Luiz, que eu achei uma boa contrata\u00e7\u00e3o, ele n\u00e3o fez um jogo de zagueiro de sele\u00e7\u00e3o e futebol europeu. Mas esses tr\u00eas n\u00e3o tem nada a acrescentar no Flamengo<\/em>, disse.<\/p>\n\n\n\n<p>Seguindo com seu discurso, Mauro Cezar indicou que o elenco do Flamengo precisa de oxigena\u00e7\u00e3o. Dessa forma, nomes como Isla, Rodinei, Gustavo Henrique e L\u00e9o Pereira, que possuem mercado no Brasil e exterior, tamb\u00e9m podem fazer parte da \u201cbarca\u201d de sa\u00eddas, algo que abriria espa\u00e7o para que o elenco ganhe refor\u00e7os.<\/p>\n\n\n\n<p><em>\u2014 O Flamengo tem que oxigenar o elenco. Isla, Rodinei\u2026 o que eles fazem no elenco? Ah, mas vai pagar multa? Tenta negociar. Gustavo Henrique, L\u00e9o Pereira\u2026 tem v\u00e1rios que n\u00e3o acrescentam nada no Flamengo<\/em>, completou.<\/p>\n\n\n\n<h2 class=\"wp-block-heading\" id=\"h-diego-alves-como-titular-do-flamengo\">Diego Alves como titular do Flamengo<\/h2>\n\n\n\n<p>Ainda com Santos se recuperando de les\u00e3o, a tend\u00eancia \u00e9 que Diego Alves seja mantido como titular no duelo com o Cuiab\u00e1. Em coletiva de imprensa, Dorival J\u00fanior, que j\u00e1 teve um forte atrito com o goleiro, relatou que o camisa 1 det\u00e9m sua confian\u00e7a.<\/p>\n\n\n\n<p><em>\u2014 Ele (Diego Alves) est\u00e1 em totais condi\u00e7\u00f5es. Vinha desenvolvendo um bom trabalho j\u00e1 h\u00e1 um tempo com bola, em condi\u00e7\u00f5es de poder atuar. L\u00f3gico que agora, at\u00e9 pela experi\u00eancia do Diego, \u00e9 quest\u00e3o de tempo para que ele possa encontrar o seu melhor caminho<\/em>, afirmou.<\/p>\n\n\n\n<p>Retirado de: Torcedores<\/p>\n","protected":false},"excerpt":{"rendered":"<p>Durante o programa Canelada, da Jovem Pan, Mauro Cezar Pereira analisou o elenco do Flamengo. Diante do Internacional, Dorival J\u00fanior escalou Diego Alves e Filipe Lu\u00eds entre os titulares, acionando Diego Ribas no decorrer da partida. Sendo assim, o comentarista acredita que o trio, que forma a \u201cgera\u00e7\u00e3o 85\u201d, n\u00e3o possui mais capacidade de gerar [&hellip;]<\/p>\n","protected":false},"author":1,"featured_media":56367,"comment_status":"open","ping_status":"closed","sticky":false,"template":"","format":"standard","meta":{"footnotes":""},"categories":[48],"tags":[170],"class_list":["post-83041","post","type-post","status-publish","format-standard","has-post-thumbnail","hentry","category-negociacoes","tag-mauro-cezar-pereira"],"yoast_head":"<!-- This site is optimized with the Yoast SEO Premium plugin v24.2 (Yoast SEO v26.9) - https:\/\/yoast.com\/product\/yoast-seo-premium-wordpress\/ -->\n<title>Mauro Cezar Pereira diz que Diego Alves, Diego Ribas, Filipe Lu\u00eds, Isla, Rodinei, Gustavo Henrique, L\u00e9o Pereira devem deixar o Flamengo<\/title>\n<meta name=\"robots\" content=\"index, follow, max-snippet:-1, max-image-preview:large, max-video-preview:-1\" \/>\n<link rel=\"canonical\" href=\"https:\/\/www.gaveanews.com\/index.php\/2022\/06\/13\/mauro-cezar-pereira-diz-que-diego-alves-diego-ribas-filipe-luis-isla-rodinei-gustavo-henrique-leo-pereira-devem-deixar-o-flamengo\/\" \/>\n<meta property=\"og:locale\" content=\"pt_BR\" \/>\n<meta property=\"og:type\" content=\"article\" \/>\n<meta property=\"og:title\" content=\"Mauro Cezar Pereira diz que Diego Alves, Diego Ribas, Filipe Lu\u00eds, Isla, Rodinei, Gustavo Henrique, L\u00e9o Pereira devem deixar o Flamengo\" \/>\n<meta property=\"og:description\" content=\"Durante o programa Canelada, da Jovem Pan, Mauro Cezar Pereira analisou o elenco do Flamengo. Diante do Internacional, Dorival J\u00fanior escalou Diego Alves e Filipe Lu\u00eds entre os titulares, acionando Diego Ribas no decorrer da partida. Sendo assim, o comentarista acredita que o trio, que forma a \u201cgera\u00e7\u00e3o 85\u201d, n\u00e3o possui mais capacidade de gerar [&hellip;]\" \/>\n<meta property=\"og:url\" content=\"https:\/\/www.gaveanews.com\/index.php\/2022\/06\/13\/mauro-cezar-pereira-diz-que-diego-alves-diego-ribas-filipe-luis-isla-rodinei-gustavo-henrique-leo-pereira-devem-deixar-o-flamengo\/\" \/>\n<meta property=\"og:site_name\" content=\"G\u00e1vea News\" \/>\n<meta property=\"article:publisher\" content=\"https:\/\/facebook.com\/gaveaNews\/\" \/>\n<meta property=\"article:published_time\" content=\"2022-06-13T03:02:27+00:00\" \/>\n<meta property=\"article:modified_time\" content=\"2024-04-07T02:05:49+00:00\" \/>\n<meta property=\"og:image\" content=\"https:\/\/www.gaveanews.com\/wp-content\/uploads\/Mauro-Cezar-em-participacao-na-Uol-Esporte.webp\" \/>\n\t<meta property=\"og:image:width\" content=\"900\" \/>\n\t<meta property=\"og:image:height\" content=\"506\" \/>\n\t<meta property=\"og:image:type\" content=\"image\/png\" \/>\n<meta name=\"author\" content=\"Equipe G\u00e1vea News\" \/>\n<meta name=\"twitter:card\" content=\"summary_large_image\" \/>\n<meta name=\"twitter:label1\" content=\"Escrito por\" \/>\n\t<meta name=\"twitter:data1\" content=\"Equipe G\u00e1vea News\" \/>\n\t<meta name=\"twitter:label2\" content=\"Est. tempo de leitura\" \/>\n\t<meta name=\"twitter:data2\" content=\"2 minutos\" \/>\n<script type=\"application\/ld+json\" class=\"yoast-schema-graph\">{\"@context\":\"https:\/\/schema.org\",\"@graph\":[{\"@type\":\"NewsArticle\",\"@id\":\"https:\/\/www.gaveanews.com\/index.php\/2022\/06\/13\/mauro-cezar-pereira-diz-que-diego-alves-diego-ribas-filipe-luis-isla-rodinei-gustavo-henrique-leo-pereira-devem-deixar-o-flamengo\/#article\",\"isPartOf\":{\"@id\":\"https:\/\/www.gaveanews.com\/index.php\/2022\/06\/13\/mauro-cezar-pereira-diz-que-diego-alves-diego-ribas-filipe-luis-isla-rodinei-gustavo-henrique-leo-pereira-devem-deixar-o-flamengo\/\"},\"author\":{\"name\":\"Equipe G\u00e1vea News\",\"@id\":\"https:\/\/www.gaveanews.com\/#\/schema\/person\/2ec14f73fb96be2caf28f91afb14749d\"},\"headline\":\"Mauro Cezar Pereira diz que Diego Alves, Diego Ribas, Filipe Lu\u00eds, Isla, Rodinei, Gustavo Henrique, L\u00e9o Pereira devem deixar o Flamengo\",\"datePublished\":\"2022-06-13T03:02:27+00:00\",\"dateModified\":\"2024-04-07T02:05:49+00:00\",\"mainEntityOfPage\":{\"@id\":\"https:\/\/www.gaveanews.com\/index.php\/2022\/06\/13\/mauro-cezar-pereira-diz-que-diego-alves-diego-ribas-filipe-luis-isla-rodinei-gustavo-henrique-leo-pereira-devem-deixar-o-flamengo\/\"},\"wordCount\":416,\"commentCount\":0,\"image\":{\"@id\":\"https:\/\/www.gaveanews.com\/index.php\/2022\/06\/13\/mauro-cezar-pereira-diz-que-diego-alves-diego-ribas-filipe-luis-isla-rodinei-gustavo-henrique-leo-pereira-devem-deixar-o-flamengo\/#primaryimage\"},\"thumbnailUrl\":\"https:\/\/www.gaveanews.com\/wp-content\/uploads\/Mauro-Cezar-em-participacao-na-Uol-Esporte.webp\",\"keywords\":[\"Mauro Cezar Pereira\"],\"articleSection\":[\"Negocia\u00e7\u00f5es\"],\"inLanguage\":\"pt-BR\",\"potentialAction\":[{\"@type\":\"CommentAction\",\"name\":\"Comment\",\"target\":[\"https:\/\/www.gaveanews.com\/index.php\/2022\/06\/13\/mauro-cezar-pereira-diz-que-diego-alves-diego-ribas-filipe-luis-isla-rodinei-gustavo-henrique-leo-pereira-devem-deixar-o-flamengo\/#respond\"]}],\"copyrightYear\":\"2022\",\"copyrightHolder\":{\"@id\":\"https:\/\/www.gaveanews.com\/#organization\"}},{\"@type\":\"WebPage\",\"@id\":\"https:\/\/www.gaveanews.com\/index.php\/2022\/06\/13\/mauro-cezar-pereira-diz-que-diego-alves-diego-ribas-filipe-luis-isla-rodinei-gustavo-henrique-leo-pereira-devem-deixar-o-flamengo\/\",\"url\":\"https:\/\/www.gaveanews.com\/index.php\/2022\/06\/13\/mauro-cezar-pereira-diz-que-diego-alves-diego-ribas-filipe-luis-isla-rodinei-gustavo-henrique-leo-pereira-devem-deixar-o-flamengo\/\",\"name\":\"Mauro Cezar Pereira diz que Diego Alves, Diego Ribas, Filipe Lu\u00eds, Isla, Rodinei, Gustavo Henrique, L\u00e9o Pereira devem deixar o Flamengo\",\"isPartOf\":{\"@id\":\"https:\/\/www.gaveanews.com\/#website\"},\"primaryImageOfPage\":{\"@id\":\"https:\/\/www.gaveanews.com\/index.php\/2022\/06\/13\/mauro-cezar-pereira-diz-que-diego-alves-diego-ribas-filipe-luis-isla-rodinei-gustavo-henrique-leo-pereira-devem-deixar-o-flamengo\/#primaryimage\"},\"image\":{\"@id\":\"https:\/\/www.gaveanews.com\/index.php\/2022\/06\/13\/mauro-cezar-pereira-diz-que-diego-alves-diego-ribas-filipe-luis-isla-rodinei-gustavo-henrique-leo-pereira-devem-deixar-o-flamengo\/#primaryimage\"},\"thumbnailUrl\":\"https:\/\/www.gaveanews.com\/wp-content\/uploads\/Mauro-Cezar-em-participacao-na-Uol-Esporte.webp\",\"datePublished\":\"2022-06-13T03:02:27+00:00\",\"dateModified\":\"2024-04-07T02:05:49+00:00\",\"author\":{\"@id\":\"https:\/\/www.gaveanews.com\/#\/schema\/person\/2ec14f73fb96be2caf28f91afb14749d\"},\"breadcrumb\":{\"@id\":\"https:\/\/www.gaveanews.com\/index.php\/2022\/06\/13\/mauro-cezar-pereira-diz-que-diego-alves-diego-ribas-filipe-luis-isla-rodinei-gustavo-henrique-leo-pereira-devem-deixar-o-flamengo\/#breadcrumb\"},\"inLanguage\":\"pt-BR\",\"potentialAction\":[{\"@type\":\"ReadAction\",\"target\":[\"https:\/\/www.gaveanews.com\/index.php\/2022\/06\/13\/mauro-cezar-pereira-diz-que-diego-alves-diego-ribas-filipe-luis-isla-rodinei-gustavo-henrique-leo-pereira-devem-deixar-o-flamengo\/\"]}]},{\"@type\":\"ImageObject\",\"inLanguage\":\"pt-BR\",\"@id\":\"https:\/\/www.gaveanews.com\/index.php\/2022\/06\/13\/mauro-cezar-pereira-diz-que-diego-alves-diego-ribas-filipe-luis-isla-rodinei-gustavo-henrique-leo-pereira-devem-deixar-o-flamengo\/#primaryimage\",\"url\":\"https:\/\/www.gaveanews.com\/wp-content\/uploads\/Mauro-Cezar-em-participacao-na-Uol-Esporte.webp\",\"contentUrl\":\"https:\/\/www.gaveanews.com\/wp-content\/uploads\/Mauro-Cezar-em-participacao-na-Uol-Esporte.webp\",\"width\":900,\"height\":506,\"caption\":\"Mauro Cezar, comentarista da UOL Esporte (Foto: Reprodu\u00e7\u00e3o\/UOL Esporte)\"},{\"@type\":\"BreadcrumbList\",\"@id\":\"https:\/\/www.gaveanews.com\/index.php\/2022\/06\/13\/mauro-cezar-pereira-diz-que-diego-alves-diego-ribas-filipe-luis-isla-rodinei-gustavo-henrique-leo-pereira-devem-deixar-o-flamengo\/#breadcrumb\",\"itemListElement\":[{\"@type\":\"ListItem\",\"position\":1,\"name\":\"Home\",\"item\":\"https:\/\/www.gaveanews.com\/\"},{\"@type\":\"ListItem\",\"position\":2,\"name\":\"Mauro Cezar Pereira diz que Diego Alves, Diego Ribas, Filipe Lu\u00eds, Isla, Rodinei, Gustavo Henrique, L\u00e9o Pereira devem deixar o Flamengo\"}]},{\"@type\":\"WebSite\",\"@id\":\"https:\/\/www.gaveanews.com\/#website\",\"url\":\"https:\/\/www.gaveanews.com\/\",\"name\":\"G\u00e1vea News\",\"description\":\"Veja todas as not\u00edcias sobre o Flamengo: Contrata\u00e7\u00f5es, categorias de base, resultados das partidas, tabela de classifica\u00e7\u00e3o, pr\u00f3ximos jogos!\",\"potentialAction\":[{\"@type\":\"SearchAction\",\"target\":{\"@type\":\"EntryPoint\",\"urlTemplate\":\"https:\/\/www.gaveanews.com\/?s={search_term_string}\"},\"query-input\":{\"@type\":\"PropertyValueSpecification\",\"valueRequired\":true,\"valueName\":\"search_term_string\"}}],\"inLanguage\":\"pt-BR\"},{\"@type\":\"Person\",\"@id\":\"https:\/\/www.gaveanews.com\/#\/schema\/person\/2ec14f73fb96be2caf28f91afb14749d\",\"name\":\"Equipe G\u00e1vea News\",\"image\":{\"@type\":\"ImageObject\",\"inLanguage\":\"pt-BR\",\"@id\":\"https:\/\/www.gaveanews.com\/#\/schema\/person\/image\/\",\"url\":\"https:\/\/secure.gravatar.com\/avatar\/1e1956f1facbffd3f8fa53a326721950116b3b9dc9bd44939c01180fd4a745a9?s=96&d=mm&r=g\",\"contentUrl\":\"https:\/\/secure.gravatar.com\/avatar\/1e1956f1facbffd3f8fa53a326721950116b3b9dc9bd44939c01180fd4a745a9?s=96&d=mm&r=g\",\"caption\":\"Equipe G\u00e1vea News\"}}]}<\/script>\n<!-- \/ Yoast SEO Premium plugin. -->","yoast_head_json":{"title":"Mauro Cezar Pereira diz que Diego Alves, Diego Ribas, Filipe Lu\u00eds, Isla, Rodinei, Gustavo Henrique, L\u00e9o Pereira devem deixar o Flamengo","robots":{"index":"index","follow":"follow","max-snippet":"max-snippet:-1","max-image-preview":"max-image-preview:large","max-video-preview":"max-video-preview:-1"},"canonical":"https:\/\/www.gaveanews.com\/index.php\/2022\/06\/13\/mauro-cezar-pereira-diz-que-diego-alves-diego-ribas-filipe-luis-isla-rodinei-gustavo-henrique-leo-pereira-devem-deixar-o-flamengo\/","og_locale":"pt_BR","og_type":"article","og_title":"Mauro Cezar Pereira diz que Diego Alves, Diego Ribas, Filipe Lu\u00eds, Isla, Rodinei, Gustavo Henrique, L\u00e9o Pereira devem deixar o Flamengo","og_description":"Durante o programa Canelada, da Jovem Pan, Mauro Cezar Pereira analisou o elenco do Flamengo. Diante do Internacional, Dorival J\u00fanior escalou Diego Alves e Filipe Lu\u00eds entre os titulares, acionando Diego Ribas no decorrer da partida. Sendo assim, o comentarista acredita que o trio, que forma a \u201cgera\u00e7\u00e3o 85\u201d, n\u00e3o possui mais capacidade de gerar [&hellip;]","og_url":"https:\/\/www.gaveanews.com\/index.php\/2022\/06\/13\/mauro-cezar-pereira-diz-que-diego-alves-diego-ribas-filipe-luis-isla-rodinei-gustavo-henrique-leo-pereira-devem-deixar-o-flamengo\/","og_site_name":"G\u00e1vea News","article_publisher":"https:\/\/facebook.com\/gaveaNews\/","article_published_time":"2022-06-13T03:02:27+00:00","article_modified_time":"2024-04-07T02:05:49+00:00","og_image":[{"width":900,"height":506,"url":"https:\/\/www.gaveanews.com\/wp-content\/uploads\/Mauro-Cezar-em-participacao-na-Uol-Esporte.webp","type":"image\/png"}],"author":"Equipe G\u00e1vea News","twitter_card":"summary_large_image","twitter_misc":{"Escrito por":"Equipe G\u00e1vea News","Est. tempo de leitura":"2 minutos"},"schema":{"@context":"https:\/\/schema.org","@graph":[{"@type":"NewsArticle","@id":"https:\/\/www.gaveanews.com\/index.php\/2022\/06\/13\/mauro-cezar-pereira-diz-que-diego-alves-diego-ribas-filipe-luis-isla-rodinei-gustavo-henrique-leo-pereira-devem-deixar-o-flamengo\/#article","isPartOf":{"@id":"https:\/\/www.gaveanews.com\/index.php\/2022\/06\/13\/mauro-cezar-pereira-diz-que-diego-alves-diego-ribas-filipe-luis-isla-rodinei-gustavo-henrique-leo-pereira-devem-deixar-o-flamengo\/"},"author":{"name":"Equipe G\u00e1vea News","@id":"https:\/\/www.gaveanews.com\/#\/schema\/person\/2ec14f73fb96be2caf28f91afb14749d"},"headline":"Mauro Cezar Pereira diz que Diego Alves, Diego Ribas, Filipe Lu\u00eds, Isla, Rodinei, Gustavo Henrique, L\u00e9o Pereira devem deixar o Flamengo","datePublished":"2022-06-13T03:02:27+00:00","dateModified":"2024-04-07T02:05:49+00:00","mainEntityOfPage":{"@id":"https:\/\/www.gaveanews.com\/index.php\/2022\/06\/13\/mauro-cezar-pereira-diz-que-diego-alves-diego-ribas-filipe-luis-isla-rodinei-gustavo-henrique-leo-pereira-devem-deixar-o-flamengo\/"},"wordCount":416,"commentCount":0,"image":{"@id":"https:\/\/www.gaveanews.com\/index.php\/2022\/06\/13\/mauro-cezar-pereira-diz-que-diego-alves-diego-ribas-filipe-luis-isla-rodinei-gustavo-henrique-leo-pereira-devem-deixar-o-flamengo\/#primaryimage"},"thumbnailUrl":"https:\/\/www.gaveanews.com\/wp-content\/uploads\/Mauro-Cezar-em-participacao-na-Uol-Esporte.webp","keywords":["Mauro Cezar Pereira"],"articleSection":["Negocia\u00e7\u00f5es"],"inLanguage":"pt-BR","potentialAction":[{"@type":"CommentAction","name":"Comment","target":["https:\/\/www.gaveanews.com\/index.php\/2022\/06\/13\/mauro-cezar-pereira-diz-que-diego-alves-diego-ribas-filipe-luis-isla-rodinei-gustavo-henrique-leo-pereira-devem-deixar-o-flamengo\/#respond"]}],"copyrightYear":"2022","copyrightHolder":{"@id":"https:\/\/www.gaveanews.com\/#organization"}},{"@type":"WebPage","@id":"https:\/\/www.gaveanews.com\/index.php\/2022\/06\/13\/mauro-cezar-pereira-diz-que-diego-alves-diego-ribas-filipe-luis-isla-rodinei-gustavo-henrique-leo-pereira-devem-deixar-o-flamengo\/","url":"https:\/\/www.gaveanews.com\/index.php\/2022\/06\/13\/mauro-cezar-pereira-diz-que-diego-alves-diego-ribas-filipe-luis-isla-rodinei-gustavo-henrique-leo-pereira-devem-deixar-o-flamengo\/","name":"Mauro Cezar Pereira diz que Diego Alves, Diego Ribas, Filipe Lu\u00eds, Isla, Rodinei, Gustavo Henrique, L\u00e9o Pereira devem deixar o Flamengo","isPartOf":{"@id":"https:\/\/www.gaveanews.com\/#website"},"primaryImageOfPage":{"@id":"https:\/\/www.gaveanews.com\/index.php\/2022\/06\/13\/mauro-cezar-pereira-diz-que-diego-alves-diego-ribas-filipe-luis-isla-rodinei-gustavo-henrique-leo-pereira-devem-deixar-o-flamengo\/#primaryimage"},"image":{"@id":"https:\/\/www.gaveanews.com\/index.php\/2022\/06\/13\/mauro-cezar-pereira-diz-que-diego-alves-diego-ribas-filipe-luis-isla-rodinei-gustavo-henrique-leo-pereira-devem-deixar-o-flamengo\/#primaryimage"},"thumbnailUrl":"https:\/\/www.gaveanews.com\/wp-content\/uploads\/Mauro-Cezar-em-participacao-na-Uol-Esporte.webp","datePublished":"2022-06-13T03:02:27+00:00","dateModified":"2024-04-07T02:05:49+00:00","author":{"@id":"https:\/\/www.gaveanews.com\/#\/schema\/person\/2ec14f73fb96be2caf28f91afb14749d"},"breadcrumb":{"@id":"https:\/\/www.gaveanews.com\/index.php\/2022\/06\/13\/mauro-cezar-pereira-diz-que-diego-alves-diego-ribas-filipe-luis-isla-rodinei-gustavo-henrique-leo-pereira-devem-deixar-o-flamengo\/#breadcrumb"},"inLanguage":"pt-BR","potentialAction":[{"@type":"ReadAction","target":["https:\/\/www.gaveanews.com\/index.php\/2022\/06\/13\/mauro-cezar-pereira-diz-que-diego-alves-diego-ribas-filipe-luis-isla-rodinei-gustavo-henrique-leo-pereira-devem-deixar-o-flamengo\/"]}]},{"@type":"ImageObject","inLanguage":"pt-BR","@id":"https:\/\/www.gaveanews.com\/index.php\/2022\/06\/13\/mauro-cezar-pereira-diz-que-diego-alves-diego-ribas-filipe-luis-isla-rodinei-gustavo-henrique-leo-pereira-devem-deixar-o-flamengo\/#primaryimage","url":"https:\/\/www.gaveanews.com\/wp-content\/uploads\/Mauro-Cezar-em-participacao-na-Uol-Esporte.webp","contentUrl":"https:\/\/www.gaveanews.com\/wp-content\/uploads\/Mauro-Cezar-em-participacao-na-Uol-Esporte.webp","width":900,"height":506,"caption":"Mauro Cezar, comentarista da UOL Esporte (Foto: Reprodu\u00e7\u00e3o\/UOL Esporte)"},{"@type":"BreadcrumbList","@id":"https:\/\/www.gaveanews.com\/index.php\/2022\/06\/13\/mauro-cezar-pereira-diz-que-diego-alves-diego-ribas-filipe-luis-isla-rodinei-gustavo-henrique-leo-pereira-devem-deixar-o-flamengo\/#breadcrumb","itemListElement":[{"@type":"ListItem","position":1,"name":"Home","item":"https:\/\/www.gaveanews.com\/"},{"@type":"ListItem","position":2,"name":"Mauro Cezar Pereira diz que Diego Alves, Diego Ribas, Filipe Lu\u00eds, Isla, Rodinei, Gustavo Henrique, L\u00e9o Pereira devem deixar o Flamengo"}]},{"@type":"WebSite","@id":"https:\/\/www.gaveanews.com\/#website","url":"https:\/\/www.gaveanews.com\/","name":"G\u00e1vea News","description":"Veja todas as not\u00edcias sobre o Flamengo: Contrata\u00e7\u00f5es, categorias de base, resultados das partidas, tabela de classifica\u00e7\u00e3o, pr\u00f3ximos jogos!","potentialAction":[{"@type":"SearchAction","target":{"@type":"EntryPoint","urlTemplate":"https:\/\/www.gaveanews.com\/?s={search_term_string}"},"query-input":{"@type":"PropertyValueSpecification","valueRequired":true,"valueName":"search_term_string"}}],"inLanguage":"pt-BR"},{"@type":"Person","@id":"https:\/\/www.gaveanews.com\/#\/schema\/person\/2ec14f73fb96be2caf28f91afb14749d","name":"Equipe G\u00e1vea News","image":{"@type":"ImageObject","inLanguage":"pt-BR","@id":"https:\/\/www.gaveanews.com\/#\/schema\/person\/image\/","url":"https:\/\/secure.gravatar.com\/avatar\/1e1956f1facbffd3f8fa53a326721950116b3b9dc9bd44939c01180fd4a745a9?s=96&d=mm&r=g","contentUrl":"https:\/\/secure.gravatar.com\/avatar\/1e1956f1facbffd3f8fa53a326721950116b3b9dc9bd44939c01180fd4a745a9?s=96&d=mm&r=g","caption":"Equipe G\u00e1vea News"}}]}},"_links":{"self":[{"href":"https:\/\/www.gaveanews.com\/index.php\/wp-json\/wp\/v2\/posts\/83041","targetHints":{"allow":["GET"]}}],"collection":[{"href":"https:\/\/www.gaveanews.com\/index.php\/wp-json\/wp\/v2\/posts"}],"about":[{"href":"https:\/\/www.gaveanews.com\/index.php\/wp-json\/wp\/v2\/types\/post"}],"author":[{"embeddable":true,"href":"https:\/\/www.gaveanews.com\/index.php\/wp-json\/wp\/v2\/users\/1"}],"replies":[{"embeddable":true,"href":"https:\/\/www.gaveanews.com\/index.php\/wp-json\/wp\/v2\/comments?post=83041"}],"version-history":[{"count":1,"href":"https:\/\/www.gaveanews.com\/index.php\/wp-json\/wp\/v2\/posts\/83041\/revisions"}],"predecessor-version":[{"id":134646,"href":"https:\/\/www.gaveanews.com\/index.php\/wp-json\/wp\/v2\/posts\/83041\/revisions\/134646"}],"wp:featuredmedia":[{"embeddable":true,"href":"https:\/\/www.gaveanews.com\/index.php\/wp-json\/wp\/v2\/media\/56367"}],"wp:attachment":[{"href":"https:\/\/www.gaveanews.com\/index.php\/wp-json\/wp\/v2\/media?parent=83041"}],"wp:term":[{"taxonomy":"category","embeddable":true,"href":"https:\/\/www.gaveanews.com\/index.php\/wp-json\/wp\/v2\/categories?post=83041"},{"taxonomy":"post_tag","embeddable":true,"href":"https:\/\/www.gaveanews.com\/index.php\/wp-json\/wp\/v2\/tags?post=83041"}],"curies":[{"name":"wp","href":"https:\/\/api.w.org\/{rel}","templated":true}]}}