{"id":83045,"date":"2022-06-13T01:00:40","date_gmt":"2022-06-13T04:00:40","guid":{"rendered":"https:\/\/www.gaveanews.com\/?p=83045"},"modified":"2022-06-13T01:16:43","modified_gmt":"2022-06-13T04:16:43","slug":"imprensa-da-europa-repercute-demissao-de-paulo-sousa-do-flamengo-e-ironiza","status":"publish","type":"post","link":"https:\/\/www.gaveanews.com\/index.php\/2022\/06\/13\/imprensa-da-europa-repercute-demissao-de-paulo-sousa-do-flamengo-e-ironiza\/","title":{"rendered":"Imprensa da Europa repercute demiss\u00e3o de Paulo Sousa do Flamengo e ironiza"},"content":{"rendered":"\n<p>A demiss\u00e3o de Paulo Sousa do cargo de t\u00e9cnico do Flamengo foi confirmada na \u00faltima quinta-feira. Bem longe do Rio de Janeiro, houve quem comemorasse a sa\u00edda do portugu\u00eas, que comandava o time desde o in\u00edcio deste ano. Na Pol\u00f4nia, pa\u00eds cuja sele\u00e7\u00e3o ele teve de entregar o cargo \u00e0s v\u00e9speras da repescagem europeia para a Copa do Mundo do Catar, no fim do ano passado, diversos ve\u00edculos locais repercutiram a breve passagem dele pelo Brasil.<\/p>\n\n\n\n<p>Um dos principais ve\u00edculos da cobertura esportiva do pa\u00eds, o Sport Fakt fez uma publica\u00e7\u00e3o cuja manchete afirmava que \u201celes [Flamengo] o conheceram mais r\u00e1pido do que qualquer um suspeitava\u201d. Segundo a publica\u00e7\u00e3o, \u201co portugu\u00eas n\u00e3o conseguiu dar conta, [\u2026] apenas um ponto \u00e0 frente da zona de rebaixamento\u201d.<\/p>\n\n\n\n<p>No Sport Wprost, a manchete destaca que o treinador \u201cest\u00e1 novamente desempregado\u201d, apontando que \u201csua aventura com o Flamengo durou apenas seis meses\u201d.<\/p>\n\n\n\n<p>\u201cRecorde-se que o portugu\u00eas, no final de dezembro de 2021, renunciou inesperadamente ao cargo de treinador da sele\u00e7\u00e3o polaca, que viria a liderar nos play-offs para a Copa do Mundo, e passados alguns dias assinou contrato com o clube brasileiro\u201d, destacou o ve\u00edculo.<\/p>\n\n\n\n<p>Em outra publica\u00e7\u00e3o, do peri\u00f3dico Wyborcza, a manchete fala em \u201cretorno do karma\u201d (rela\u00e7\u00e3o de causa e efeito em religi\u00f5es orientais), destacando a breve estadia de Paulo Sousa no Rio de Janeiro.<\/p>\n\n\n\n<p>J\u00e1 no Rzeczpospolita, o notici\u00e1rio destaca que ele \u201cj\u00e1 foi demitido do Flamengo\u201d, mesmo com o contrato de dois anos de dura\u00e7\u00e3o. No Niezalezna, h\u00e1 destaque para o \u201cfraco desempenho da equipe\u201d. Nos coment\u00e1rios da publica\u00e7\u00e3o, torcedores comemoraram o fato de ele ter optado por sair da sele\u00e7\u00e3o da Pol\u00f4nia:<\/p>\n\n\n\n<p>\u201cE gra\u00e7as a ele somos promovidos ao campeonato [Copa do Mundo]. Se n\u00e3o fosse por sua decis\u00e3o de nos deixar, n\u00e3o ter\u00edamos vencido, com certeza\u201d, afirmou um torcedor.<\/p>\n\n\n\n<p>Com a sa\u00edda de Paulo Sousa, a Federa\u00e7\u00e3o Polonesa acertou com o t\u00e9cnico Czes\u0142aw Michniewicz, que esteve \u00e0 frente da sele\u00e7\u00e3o local nas vit\u00f3rias sobre a R\u00fassia (3 a 0, por meio do W.O., decorrente da exclus\u00e3o da sele\u00e7\u00e3o local de torneios organizados pela FIFA) e sobre a Su\u00e9cia, por 2 a 0, jogando em casa. A Pol\u00f4nia entrou no grupo C da Copa, junto com Argentina, Ar\u00e1bia Saudita e M\u00e9xico.<\/p>\n\n\n\n<p>Retirado de: Extra<\/p>\n","protected":false},"excerpt":{"rendered":"<p>A demiss\u00e3o de Paulo Sousa do cargo de t\u00e9cnico do Flamengo foi confirmada na \u00faltima quinta-feira. Bem longe do Rio de Janeiro, houve quem comemorasse a sa\u00edda do portugu\u00eas, que comandava o time desde o in\u00edcio deste ano. Na Pol\u00f4nia, pa\u00eds cuja sele\u00e7\u00e3o ele teve de entregar o cargo \u00e0s v\u00e9speras da repescagem europeia para [&hellip;]<\/p>\n","protected":false},"author":1,"featured_media":78507,"comment_status":"open","ping_status":"closed","sticky":false,"template":"","format":"standard","meta":{"footnotes":""},"categories":[1],"tags":[],"class_list":["post-83045","post","type-post","status-publish","format-standard","has-post-thumbnail","hentry","category-flamengo"],"yoast_head":"<!-- This site is optimized with the Yoast SEO Premium plugin v24.2 (Yoast SEO v26.9) - https:\/\/yoast.com\/product\/yoast-seo-premium-wordpress\/ -->\n<title>Imprensa da Europa repercute demiss\u00e3o de Paulo Sousa do Flamengo e ironiza<\/title>\n<meta name=\"robots\" content=\"index, follow, max-snippet:-1, max-image-preview:large, max-video-preview:-1\" \/>\n<link rel=\"canonical\" href=\"https:\/\/www.gaveanews.com\/index.php\/2022\/06\/13\/imprensa-da-europa-repercute-demissao-de-paulo-sousa-do-flamengo-e-ironiza\/\" \/>\n<meta property=\"og:locale\" content=\"pt_BR\" \/>\n<meta property=\"og:type\" content=\"article\" \/>\n<meta property=\"og:title\" content=\"Imprensa da Europa repercute demiss\u00e3o de Paulo Sousa do Flamengo e ironiza\" \/>\n<meta property=\"og:description\" content=\"A demiss\u00e3o de Paulo Sousa do cargo de t\u00e9cnico do Flamengo foi confirmada na \u00faltima quinta-feira. Bem longe do Rio de Janeiro, houve quem comemorasse a sa\u00edda do portugu\u00eas, que comandava o time desde o in\u00edcio deste ano. Na Pol\u00f4nia, pa\u00eds cuja sele\u00e7\u00e3o ele teve de entregar o cargo \u00e0s v\u00e9speras da repescagem europeia para [&hellip;]\" \/>\n<meta property=\"og:url\" content=\"https:\/\/www.gaveanews.com\/index.php\/2022\/06\/13\/imprensa-da-europa-repercute-demissao-de-paulo-sousa-do-flamengo-e-ironiza\/\" \/>\n<meta property=\"og:site_name\" content=\"G\u00e1vea News\" \/>\n<meta property=\"article:publisher\" content=\"https:\/\/facebook.com\/gaveaNews\/\" \/>\n<meta property=\"article:published_time\" content=\"2022-06-13T04:00:40+00:00\" \/>\n<meta property=\"article:modified_time\" content=\"2022-06-13T04:16:43+00:00\" \/>\n<meta property=\"og:image\" content=\"https:\/\/www.gaveanews.com\/wp-content\/uploads\/Paulo-Sousa-comanda-o-time-do-Flamengo-em-classico-contra-o-Vasco-pela-semifinal-do-Cariocao.webp\" \/>\n\t<meta property=\"og:image:width\" content=\"799\" \/>\n\t<meta property=\"og:image:height\" content=\"533\" \/>\n\t<meta property=\"og:image:type\" content=\"image\/jpeg\" \/>\n<meta name=\"author\" content=\"Equipe G\u00e1vea News\" \/>\n<meta name=\"twitter:card\" content=\"summary_large_image\" \/>\n<meta name=\"twitter:label1\" content=\"Escrito por\" \/>\n\t<meta name=\"twitter:data1\" content=\"Equipe G\u00e1vea News\" \/>\n\t<meta name=\"twitter:label2\" content=\"Est. tempo de leitura\" \/>\n\t<meta name=\"twitter:data2\" content=\"3 minutos\" \/>\n<script type=\"application\/ld+json\" class=\"yoast-schema-graph\">{\"@context\":\"https:\/\/schema.org\",\"@graph\":[{\"@type\":\"NewsArticle\",\"@id\":\"https:\/\/www.gaveanews.com\/index.php\/2022\/06\/13\/imprensa-da-europa-repercute-demissao-de-paulo-sousa-do-flamengo-e-ironiza\/#article\",\"isPartOf\":{\"@id\":\"https:\/\/www.gaveanews.com\/index.php\/2022\/06\/13\/imprensa-da-europa-repercute-demissao-de-paulo-sousa-do-flamengo-e-ironiza\/\"},\"author\":{\"name\":\"Equipe G\u00e1vea News\",\"@id\":\"https:\/\/www.gaveanews.com\/#\/schema\/person\/2ec14f73fb96be2caf28f91afb14749d\"},\"headline\":\"Imprensa da Europa repercute demiss\u00e3o de Paulo Sousa do Flamengo e ironiza\",\"datePublished\":\"2022-06-13T04:00:40+00:00\",\"dateModified\":\"2022-06-13T04:16:43+00:00\",\"mainEntityOfPage\":{\"@id\":\"https:\/\/www.gaveanews.com\/index.php\/2022\/06\/13\/imprensa-da-europa-repercute-demissao-de-paulo-sousa-do-flamengo-e-ironiza\/\"},\"wordCount\":429,\"commentCount\":0,\"image\":{\"@id\":\"https:\/\/www.gaveanews.com\/index.php\/2022\/06\/13\/imprensa-da-europa-repercute-demissao-de-paulo-sousa-do-flamengo-e-ironiza\/#primaryimage\"},\"thumbnailUrl\":\"https:\/\/www.gaveanews.com\/wp-content\/uploads\/Paulo-Sousa-comanda-o-time-do-Flamengo-em-classico-contra-o-Vasco-pela-semifinal-do-Cariocao.webp\",\"articleSection\":[\"Flamengo\"],\"inLanguage\":\"pt-BR\",\"potentialAction\":[{\"@type\":\"CommentAction\",\"name\":\"Comment\",\"target\":[\"https:\/\/www.gaveanews.com\/index.php\/2022\/06\/13\/imprensa-da-europa-repercute-demissao-de-paulo-sousa-do-flamengo-e-ironiza\/#respond\"]}],\"copyrightYear\":\"2022\",\"copyrightHolder\":{\"@id\":\"https:\/\/www.gaveanews.com\/#organization\"}},{\"@type\":\"WebPage\",\"@id\":\"https:\/\/www.gaveanews.com\/index.php\/2022\/06\/13\/imprensa-da-europa-repercute-demissao-de-paulo-sousa-do-flamengo-e-ironiza\/\",\"url\":\"https:\/\/www.gaveanews.com\/index.php\/2022\/06\/13\/imprensa-da-europa-repercute-demissao-de-paulo-sousa-do-flamengo-e-ironiza\/\",\"name\":\"Imprensa da Europa repercute demiss\u00e3o de Paulo Sousa do Flamengo e ironiza\",\"isPartOf\":{\"@id\":\"https:\/\/www.gaveanews.com\/#website\"},\"primaryImageOfPage\":{\"@id\":\"https:\/\/www.gaveanews.com\/index.php\/2022\/06\/13\/imprensa-da-europa-repercute-demissao-de-paulo-sousa-do-flamengo-e-ironiza\/#primaryimage\"},\"image\":{\"@id\":\"https:\/\/www.gaveanews.com\/index.php\/2022\/06\/13\/imprensa-da-europa-repercute-demissao-de-paulo-sousa-do-flamengo-e-ironiza\/#primaryimage\"},\"thumbnailUrl\":\"https:\/\/www.gaveanews.com\/wp-content\/uploads\/Paulo-Sousa-comanda-o-time-do-Flamengo-em-classico-contra-o-Vasco-pela-semifinal-do-Cariocao.webp\",\"datePublished\":\"2022-06-13T04:00:40+00:00\",\"dateModified\":\"2022-06-13T04:16:43+00:00\",\"author\":{\"@id\":\"https:\/\/www.gaveanews.com\/#\/schema\/person\/2ec14f73fb96be2caf28f91afb14749d\"},\"breadcrumb\":{\"@id\":\"https:\/\/www.gaveanews.com\/index.php\/2022\/06\/13\/imprensa-da-europa-repercute-demissao-de-paulo-sousa-do-flamengo-e-ironiza\/#breadcrumb\"},\"inLanguage\":\"pt-BR\",\"potentialAction\":[{\"@type\":\"ReadAction\",\"target\":[\"https:\/\/www.gaveanews.com\/index.php\/2022\/06\/13\/imprensa-da-europa-repercute-demissao-de-paulo-sousa-do-flamengo-e-ironiza\/\"]}]},{\"@type\":\"ImageObject\",\"inLanguage\":\"pt-BR\",\"@id\":\"https:\/\/www.gaveanews.com\/index.php\/2022\/06\/13\/imprensa-da-europa-repercute-demissao-de-paulo-sousa-do-flamengo-e-ironiza\/#primaryimage\",\"url\":\"https:\/\/www.gaveanews.com\/wp-content\/uploads\/Paulo-Sousa-comanda-o-time-do-Flamengo-em-classico-contra-o-Vasco-pela-semifinal-do-Cariocao.webp\",\"contentUrl\":\"https:\/\/www.gaveanews.com\/wp-content\/uploads\/Paulo-Sousa-comanda-o-time-do-Flamengo-em-classico-contra-o-Vasco-pela-semifinal-do-Cariocao.webp\",\"width\":799,\"height\":533,\"caption\":\"Paulo Sousa comanda o time do Flamengo em cl\u00e1ssico contra o Vasco pela semifinal do Carioc\u00e3o (Foto: Marcelo Cortes\/Flamengo)\"},{\"@type\":\"BreadcrumbList\",\"@id\":\"https:\/\/www.gaveanews.com\/index.php\/2022\/06\/13\/imprensa-da-europa-repercute-demissao-de-paulo-sousa-do-flamengo-e-ironiza\/#breadcrumb\",\"itemListElement\":[{\"@type\":\"ListItem\",\"position\":1,\"name\":\"Home\",\"item\":\"https:\/\/www.gaveanews.com\/\"},{\"@type\":\"ListItem\",\"position\":2,\"name\":\"Imprensa da Europa repercute demiss\u00e3o de Paulo Sousa do Flamengo e ironiza\"}]},{\"@type\":\"WebSite\",\"@id\":\"https:\/\/www.gaveanews.com\/#website\",\"url\":\"https:\/\/www.gaveanews.com\/\",\"name\":\"G\u00e1vea News\",\"description\":\"Veja todas as not\u00edcias sobre o Flamengo: Contrata\u00e7\u00f5es, categorias de base, resultados das partidas, tabela de classifica\u00e7\u00e3o, pr\u00f3ximos jogos!\",\"potentialAction\":[{\"@type\":\"SearchAction\",\"target\":{\"@type\":\"EntryPoint\",\"urlTemplate\":\"https:\/\/www.gaveanews.com\/?s={search_term_string}\"},\"query-input\":{\"@type\":\"PropertyValueSpecification\",\"valueRequired\":true,\"valueName\":\"search_term_string\"}}],\"inLanguage\":\"pt-BR\"},{\"@type\":\"Person\",\"@id\":\"https:\/\/www.gaveanews.com\/#\/schema\/person\/2ec14f73fb96be2caf28f91afb14749d\",\"name\":\"Equipe G\u00e1vea News\",\"image\":{\"@type\":\"ImageObject\",\"inLanguage\":\"pt-BR\",\"@id\":\"https:\/\/www.gaveanews.com\/#\/schema\/person\/image\/\",\"url\":\"https:\/\/secure.gravatar.com\/avatar\/1e1956f1facbffd3f8fa53a326721950116b3b9dc9bd44939c01180fd4a745a9?s=96&d=mm&r=g\",\"contentUrl\":\"https:\/\/secure.gravatar.com\/avatar\/1e1956f1facbffd3f8fa53a326721950116b3b9dc9bd44939c01180fd4a745a9?s=96&d=mm&r=g\",\"caption\":\"Equipe G\u00e1vea News\"}}]}<\/script>\n<!-- \/ Yoast SEO Premium plugin. -->","yoast_head_json":{"title":"Imprensa da Europa repercute demiss\u00e3o de Paulo Sousa do Flamengo e ironiza","robots":{"index":"index","follow":"follow","max-snippet":"max-snippet:-1","max-image-preview":"max-image-preview:large","max-video-preview":"max-video-preview:-1"},"canonical":"https:\/\/www.gaveanews.com\/index.php\/2022\/06\/13\/imprensa-da-europa-repercute-demissao-de-paulo-sousa-do-flamengo-e-ironiza\/","og_locale":"pt_BR","og_type":"article","og_title":"Imprensa da Europa repercute demiss\u00e3o de Paulo Sousa do Flamengo e ironiza","og_description":"A demiss\u00e3o de Paulo Sousa do cargo de t\u00e9cnico do Flamengo foi confirmada na \u00faltima quinta-feira. Bem longe do Rio de Janeiro, houve quem comemorasse a sa\u00edda do portugu\u00eas, que comandava o time desde o in\u00edcio deste ano. Na Pol\u00f4nia, pa\u00eds cuja sele\u00e7\u00e3o ele teve de entregar o cargo \u00e0s v\u00e9speras da repescagem europeia para [&hellip;]","og_url":"https:\/\/www.gaveanews.com\/index.php\/2022\/06\/13\/imprensa-da-europa-repercute-demissao-de-paulo-sousa-do-flamengo-e-ironiza\/","og_site_name":"G\u00e1vea News","article_publisher":"https:\/\/facebook.com\/gaveaNews\/","article_published_time":"2022-06-13T04:00:40+00:00","article_modified_time":"2022-06-13T04:16:43+00:00","og_image":[{"width":799,"height":533,"url":"https:\/\/www.gaveanews.com\/wp-content\/uploads\/Paulo-Sousa-comanda-o-time-do-Flamengo-em-classico-contra-o-Vasco-pela-semifinal-do-Cariocao.webp","type":"image\/jpeg"}],"author":"Equipe G\u00e1vea News","twitter_card":"summary_large_image","twitter_misc":{"Escrito por":"Equipe G\u00e1vea News","Est. tempo de leitura":"3 minutos"},"schema":{"@context":"https:\/\/schema.org","@graph":[{"@type":"NewsArticle","@id":"https:\/\/www.gaveanews.com\/index.php\/2022\/06\/13\/imprensa-da-europa-repercute-demissao-de-paulo-sousa-do-flamengo-e-ironiza\/#article","isPartOf":{"@id":"https:\/\/www.gaveanews.com\/index.php\/2022\/06\/13\/imprensa-da-europa-repercute-demissao-de-paulo-sousa-do-flamengo-e-ironiza\/"},"author":{"name":"Equipe G\u00e1vea News","@id":"https:\/\/www.gaveanews.com\/#\/schema\/person\/2ec14f73fb96be2caf28f91afb14749d"},"headline":"Imprensa da Europa repercute demiss\u00e3o de Paulo Sousa do Flamengo e ironiza","datePublished":"2022-06-13T04:00:40+00:00","dateModified":"2022-06-13T04:16:43+00:00","mainEntityOfPage":{"@id":"https:\/\/www.gaveanews.com\/index.php\/2022\/06\/13\/imprensa-da-europa-repercute-demissao-de-paulo-sousa-do-flamengo-e-ironiza\/"},"wordCount":429,"commentCount":0,"image":{"@id":"https:\/\/www.gaveanews.com\/index.php\/2022\/06\/13\/imprensa-da-europa-repercute-demissao-de-paulo-sousa-do-flamengo-e-ironiza\/#primaryimage"},"thumbnailUrl":"https:\/\/www.gaveanews.com\/wp-content\/uploads\/Paulo-Sousa-comanda-o-time-do-Flamengo-em-classico-contra-o-Vasco-pela-semifinal-do-Cariocao.webp","articleSection":["Flamengo"],"inLanguage":"pt-BR","potentialAction":[{"@type":"CommentAction","name":"Comment","target":["https:\/\/www.gaveanews.com\/index.php\/2022\/06\/13\/imprensa-da-europa-repercute-demissao-de-paulo-sousa-do-flamengo-e-ironiza\/#respond"]}],"copyrightYear":"2022","copyrightHolder":{"@id":"https:\/\/www.gaveanews.com\/#organization"}},{"@type":"WebPage","@id":"https:\/\/www.gaveanews.com\/index.php\/2022\/06\/13\/imprensa-da-europa-repercute-demissao-de-paulo-sousa-do-flamengo-e-ironiza\/","url":"https:\/\/www.gaveanews.com\/index.php\/2022\/06\/13\/imprensa-da-europa-repercute-demissao-de-paulo-sousa-do-flamengo-e-ironiza\/","name":"Imprensa da Europa repercute demiss\u00e3o de Paulo Sousa do Flamengo e ironiza","isPartOf":{"@id":"https:\/\/www.gaveanews.com\/#website"},"primaryImageOfPage":{"@id":"https:\/\/www.gaveanews.com\/index.php\/2022\/06\/13\/imprensa-da-europa-repercute-demissao-de-paulo-sousa-do-flamengo-e-ironiza\/#primaryimage"},"image":{"@id":"https:\/\/www.gaveanews.com\/index.php\/2022\/06\/13\/imprensa-da-europa-repercute-demissao-de-paulo-sousa-do-flamengo-e-ironiza\/#primaryimage"},"thumbnailUrl":"https:\/\/www.gaveanews.com\/wp-content\/uploads\/Paulo-Sousa-comanda-o-time-do-Flamengo-em-classico-contra-o-Vasco-pela-semifinal-do-Cariocao.webp","datePublished":"2022-06-13T04:00:40+00:00","dateModified":"2022-06-13T04:16:43+00:00","author":{"@id":"https:\/\/www.gaveanews.com\/#\/schema\/person\/2ec14f73fb96be2caf28f91afb14749d"},"breadcrumb":{"@id":"https:\/\/www.gaveanews.com\/index.php\/2022\/06\/13\/imprensa-da-europa-repercute-demissao-de-paulo-sousa-do-flamengo-e-ironiza\/#breadcrumb"},"inLanguage":"pt-BR","potentialAction":[{"@type":"ReadAction","target":["https:\/\/www.gaveanews.com\/index.php\/2022\/06\/13\/imprensa-da-europa-repercute-demissao-de-paulo-sousa-do-flamengo-e-ironiza\/"]}]},{"@type":"ImageObject","inLanguage":"pt-BR","@id":"https:\/\/www.gaveanews.com\/index.php\/2022\/06\/13\/imprensa-da-europa-repercute-demissao-de-paulo-sousa-do-flamengo-e-ironiza\/#primaryimage","url":"https:\/\/www.gaveanews.com\/wp-content\/uploads\/Paulo-Sousa-comanda-o-time-do-Flamengo-em-classico-contra-o-Vasco-pela-semifinal-do-Cariocao.webp","contentUrl":"https:\/\/www.gaveanews.com\/wp-content\/uploads\/Paulo-Sousa-comanda-o-time-do-Flamengo-em-classico-contra-o-Vasco-pela-semifinal-do-Cariocao.webp","width":799,"height":533,"caption":"Paulo Sousa comanda o time do Flamengo em cl\u00e1ssico contra o Vasco pela semifinal do Carioc\u00e3o (Foto: Marcelo Cortes\/Flamengo)"},{"@type":"BreadcrumbList","@id":"https:\/\/www.gaveanews.com\/index.php\/2022\/06\/13\/imprensa-da-europa-repercute-demissao-de-paulo-sousa-do-flamengo-e-ironiza\/#breadcrumb","itemListElement":[{"@type":"ListItem","position":1,"name":"Home","item":"https:\/\/www.gaveanews.com\/"},{"@type":"ListItem","position":2,"name":"Imprensa da Europa repercute demiss\u00e3o de Paulo Sousa do Flamengo e ironiza"}]},{"@type":"WebSite","@id":"https:\/\/www.gaveanews.com\/#website","url":"https:\/\/www.gaveanews.com\/","name":"G\u00e1vea News","description":"Veja todas as not\u00edcias sobre o Flamengo: Contrata\u00e7\u00f5es, categorias de base, resultados das partidas, tabela de classifica\u00e7\u00e3o, pr\u00f3ximos jogos!","potentialAction":[{"@type":"SearchAction","target":{"@type":"EntryPoint","urlTemplate":"https:\/\/www.gaveanews.com\/?s={search_term_string}"},"query-input":{"@type":"PropertyValueSpecification","valueRequired":true,"valueName":"search_term_string"}}],"inLanguage":"pt-BR"},{"@type":"Person","@id":"https:\/\/www.gaveanews.com\/#\/schema\/person\/2ec14f73fb96be2caf28f91afb14749d","name":"Equipe G\u00e1vea News","image":{"@type":"ImageObject","inLanguage":"pt-BR","@id":"https:\/\/www.gaveanews.com\/#\/schema\/person\/image\/","url":"https:\/\/secure.gravatar.com\/avatar\/1e1956f1facbffd3f8fa53a326721950116b3b9dc9bd44939c01180fd4a745a9?s=96&d=mm&r=g","contentUrl":"https:\/\/secure.gravatar.com\/avatar\/1e1956f1facbffd3f8fa53a326721950116b3b9dc9bd44939c01180fd4a745a9?s=96&d=mm&r=g","caption":"Equipe G\u00e1vea News"}}]}},"_links":{"self":[{"href":"https:\/\/www.gaveanews.com\/index.php\/wp-json\/wp\/v2\/posts\/83045","targetHints":{"allow":["GET"]}}],"collection":[{"href":"https:\/\/www.gaveanews.com\/index.php\/wp-json\/wp\/v2\/posts"}],"about":[{"href":"https:\/\/www.gaveanews.com\/index.php\/wp-json\/wp\/v2\/types\/post"}],"author":[{"embeddable":true,"href":"https:\/\/www.gaveanews.com\/index.php\/wp-json\/wp\/v2\/users\/1"}],"replies":[{"embeddable":true,"href":"https:\/\/www.gaveanews.com\/index.php\/wp-json\/wp\/v2\/comments?post=83045"}],"version-history":[{"count":0,"href":"https:\/\/www.gaveanews.com\/index.php\/wp-json\/wp\/v2\/posts\/83045\/revisions"}],"wp:featuredmedia":[{"embeddable":true,"href":"https:\/\/www.gaveanews.com\/index.php\/wp-json\/wp\/v2\/media\/78507"}],"wp:attachment":[{"href":"https:\/\/www.gaveanews.com\/index.php\/wp-json\/wp\/v2\/media?parent=83045"}],"wp:term":[{"taxonomy":"category","embeddable":true,"href":"https:\/\/www.gaveanews.com\/index.php\/wp-json\/wp\/v2\/categories?post=83045"},{"taxonomy":"post_tag","embeddable":true,"href":"https:\/\/www.gaveanews.com\/index.php\/wp-json\/wp\/v2\/tags?post=83045"}],"curies":[{"name":"wp","href":"https:\/\/api.w.org\/{rel}","templated":true}]}}