{"id":83057,"date":"2022-06-13T10:49:15","date_gmt":"2022-06-13T13:49:15","guid":{"rendered":"https:\/\/www.gaveanews.com\/?p=83057"},"modified":"2022-06-13T10:49:17","modified_gmt":"2022-06-13T13:49:17","slug":"rafinha-faz-revelacao-sobre-vidal-e-corneta-atleta-do-flamengo","status":"publish","type":"post","link":"https:\/\/www.gaveanews.com\/index.php\/2022\/06\/13\/rafinha-faz-revelacao-sobre-vidal-e-corneta-atleta-do-flamengo\/","title":{"rendered":"Rafinha faz revela\u00e7\u00e3o sobre Vidal e \u201ccorneta\u201d atleta do Flamengo"},"content":{"rendered":"\n<p>Atualmente no S\u00e3o Paulo, Rafinha teve uma passagem gloriosa pelo Flamengo. Dessa forma, al\u00e9m de t\u00edtulos, o atleta construiu uma rela\u00e7\u00e3o de amizade com os jogadores que seguem no Rubro-Negro. Por conta disso, em entrevista ao Esporte Espetacular, o lateral-direito citou nomes como Rodinei, Willian Ar\u00e3o e Diego Alves como companheiros de time que marcaram sua carreira.<\/p>\n\n\n\n<p>Em rela\u00e7\u00e3o a Ar\u00e3o, Rafinha contou que o volante \u00e9 o atleta mais ranzinza que j\u00e1 teve como colega em campo. Enquanto isso, o ex-camisa 13 do Flamengo elegeu Rodinei como o mais engra\u00e7ado, al\u00e9m de ter colocado Diego Alves abaixo apenas de Manuel Neuer.<\/p>\n\n\n\n<p><em>\u2014 Tem muito cara engra\u00e7ado, meu Deus. Aqui no Brasil, cara\u2026 p\u00f4, o Rodinei eu acho que ganha de todo mundo, velho. Rodinei acho que \u00e9. N\u00e3o tem jeito, o Rodinei \u00e9 muito engra\u00e7ado. Ele \u00e9 demais (\u2026) O Ar\u00e3o, \u00e9 o Ar\u00e3o. Ar\u00e3o \u00e9 muito ranzinza, meu Deus, o Ar\u00e3o \u00e9 o jogador mais ranzinza que eu j\u00e1 joguei na minha vida. Ar\u00e3o era terr\u00edvel, nossa senhora, Ar\u00e3o era terr\u00edvel (\u2026) Eu joguei com umas feras, joguei com umas feras a\u00ed\u2026 Mas, Manuel Neuer, Manuel Neuer e depois Diego Alves. Manuel Neuer fen\u00f4meno, melhor de todos<\/em>, afirmou.<\/p>\n\n\n\n<p>Al\u00e9m disso, Rafinha recordou os momentos que viveu ao lado de Arturo Vidal, cotado para refor\u00e7ar o Flamengo em breve. Sem facilitar para os companheiros nos treinos, o chileno, ao lado de Dante, foi citado como o \u201cque mais mordia\u201d.<\/p>\n\n\n\n<p><em>\u2014 Eu peguei um per\u00edodo ali no Bayern do\u00eddo, tinha ali, tinha dois c\u00e3es de ra\u00e7a. Tinha o Vidal e tamb\u00e9m tinha o Dante, o Dante pegava do\u00eddo. O Dante no Bayern era o nosso xerif\u00e3o. Dante e Vidal, esses dois ai pegavam do\u00eddo nos treinamentos. O Vidal mordia mais, o Vidal estava em todo lado. O Vidal era o que beliscava mais<\/em>, afirmou.<\/p>\n\n\n\n<p>Agora, Rafinha pode reencontrar Vidal, mas desta vez como advers\u00e1rio. Caso o meia, de fato, feche com o Flamengo para a sequ\u00eancia da temporada, o lateral ir\u00e1 reencontrar o antigo companheiro e reviver os embates que teve no Bayern de Munique.<\/p>\n\n\n\n<p>Retirado de: Torcedores<\/p>\n","protected":false},"excerpt":{"rendered":"<p>Atualmente no S\u00e3o Paulo, Rafinha teve uma passagem gloriosa pelo Flamengo. Dessa forma, al\u00e9m de t\u00edtulos, o atleta construiu uma rela\u00e7\u00e3o de amizade com os jogadores que seguem no Rubro-Negro. Por conta disso, em entrevista ao Esporte Espetacular, o lateral-direito citou nomes como Rodinei, Willian Ar\u00e3o e Diego Alves como companheiros de time que marcaram [&hellip;]<\/p>\n","protected":false},"author":1,"featured_media":28891,"comment_status":"open","ping_status":"closed","sticky":false,"template":"","format":"standard","meta":{"footnotes":""},"categories":[47],"tags":[],"class_list":["post-83057","post","type-post","status-publish","format-standard","has-post-thumbnail","hentry","category-destaques"],"yoast_head":"<!-- This site is optimized with the Yoast SEO Premium plugin v24.2 (Yoast SEO v26.9) - https:\/\/yoast.com\/product\/yoast-seo-premium-wordpress\/ -->\n<title>Rafinha faz revela\u00e7\u00e3o sobre Vidal e \u201ccorneta\u201d atleta do Flamengo<\/title>\n<meta name=\"robots\" content=\"index, follow, max-snippet:-1, max-image-preview:large, max-video-preview:-1\" \/>\n<link rel=\"canonical\" href=\"https:\/\/www.gaveanews.com\/index.php\/2022\/06\/13\/rafinha-faz-revelacao-sobre-vidal-e-corneta-atleta-do-flamengo\/\" \/>\n<meta property=\"og:locale\" content=\"pt_BR\" \/>\n<meta property=\"og:type\" content=\"article\" \/>\n<meta property=\"og:title\" content=\"Rafinha faz revela\u00e7\u00e3o sobre Vidal e \u201ccorneta\u201d atleta do Flamengo\" \/>\n<meta property=\"og:description\" content=\"Atualmente no S\u00e3o Paulo, Rafinha teve uma passagem gloriosa pelo Flamengo. Dessa forma, al\u00e9m de t\u00edtulos, o atleta construiu uma rela\u00e7\u00e3o de amizade com os jogadores que seguem no Rubro-Negro. Por conta disso, em entrevista ao Esporte Espetacular, o lateral-direito citou nomes como Rodinei, Willian Ar\u00e3o e Diego Alves como companheiros de time que marcaram [&hellip;]\" \/>\n<meta property=\"og:url\" content=\"https:\/\/www.gaveanews.com\/index.php\/2022\/06\/13\/rafinha-faz-revelacao-sobre-vidal-e-corneta-atleta-do-flamengo\/\" \/>\n<meta property=\"og:site_name\" content=\"G\u00e1vea News\" \/>\n<meta property=\"article:publisher\" content=\"https:\/\/facebook.com\/gaveaNews\/\" \/>\n<meta property=\"article:published_time\" content=\"2022-06-13T13:49:15+00:00\" \/>\n<meta property=\"article:modified_time\" content=\"2022-06-13T13:49:17+00:00\" \/>\n<meta property=\"og:image\" content=\"https:\/\/www.gaveanews.com\/wp-content\/uploads\/Lateral-Rafinha-durante-uma-partida-do-Flamengo.webp\" \/>\n\t<meta property=\"og:image:width\" content=\"900\" \/>\n\t<meta property=\"og:image:height\" content=\"600\" \/>\n\t<meta property=\"og:image:type\" content=\"image\/jpeg\" \/>\n<meta name=\"author\" content=\"Equipe G\u00e1vea News\" \/>\n<meta name=\"twitter:card\" content=\"summary_large_image\" \/>\n<meta name=\"twitter:label1\" content=\"Escrito por\" \/>\n\t<meta name=\"twitter:data1\" content=\"Equipe G\u00e1vea News\" \/>\n\t<meta name=\"twitter:label2\" content=\"Est. tempo de leitura\" \/>\n\t<meta name=\"twitter:data2\" content=\"2 minutos\" \/>\n<script type=\"application\/ld+json\" class=\"yoast-schema-graph\">{\"@context\":\"https:\/\/schema.org\",\"@graph\":[{\"@type\":\"NewsArticle\",\"@id\":\"https:\/\/www.gaveanews.com\/index.php\/2022\/06\/13\/rafinha-faz-revelacao-sobre-vidal-e-corneta-atleta-do-flamengo\/#article\",\"isPartOf\":{\"@id\":\"https:\/\/www.gaveanews.com\/index.php\/2022\/06\/13\/rafinha-faz-revelacao-sobre-vidal-e-corneta-atleta-do-flamengo\/\"},\"author\":{\"name\":\"Equipe G\u00e1vea News\",\"@id\":\"https:\/\/www.gaveanews.com\/#\/schema\/person\/2ec14f73fb96be2caf28f91afb14749d\"},\"headline\":\"Rafinha faz revela\u00e7\u00e3o sobre Vidal e \u201ccorneta\u201d atleta do Flamengo\",\"datePublished\":\"2022-06-13T13:49:15+00:00\",\"dateModified\":\"2022-06-13T13:49:17+00:00\",\"mainEntityOfPage\":{\"@id\":\"https:\/\/www.gaveanews.com\/index.php\/2022\/06\/13\/rafinha-faz-revelacao-sobre-vidal-e-corneta-atleta-do-flamengo\/\"},\"wordCount\":380,\"commentCount\":0,\"image\":{\"@id\":\"https:\/\/www.gaveanews.com\/index.php\/2022\/06\/13\/rafinha-faz-revelacao-sobre-vidal-e-corneta-atleta-do-flamengo\/#primaryimage\"},\"thumbnailUrl\":\"https:\/\/www.gaveanews.com\/wp-content\/uploads\/Lateral-Rafinha-durante-uma-partida-do-Flamengo.webp\",\"articleSection\":[\"Destaques\"],\"inLanguage\":\"pt-BR\",\"potentialAction\":[{\"@type\":\"CommentAction\",\"name\":\"Comment\",\"target\":[\"https:\/\/www.gaveanews.com\/index.php\/2022\/06\/13\/rafinha-faz-revelacao-sobre-vidal-e-corneta-atleta-do-flamengo\/#respond\"]}],\"copyrightYear\":\"2022\",\"copyrightHolder\":{\"@id\":\"https:\/\/www.gaveanews.com\/#organization\"}},{\"@type\":\"WebPage\",\"@id\":\"https:\/\/www.gaveanews.com\/index.php\/2022\/06\/13\/rafinha-faz-revelacao-sobre-vidal-e-corneta-atleta-do-flamengo\/\",\"url\":\"https:\/\/www.gaveanews.com\/index.php\/2022\/06\/13\/rafinha-faz-revelacao-sobre-vidal-e-corneta-atleta-do-flamengo\/\",\"name\":\"Rafinha faz revela\u00e7\u00e3o sobre Vidal e \u201ccorneta\u201d atleta do Flamengo\",\"isPartOf\":{\"@id\":\"https:\/\/www.gaveanews.com\/#website\"},\"primaryImageOfPage\":{\"@id\":\"https:\/\/www.gaveanews.com\/index.php\/2022\/06\/13\/rafinha-faz-revelacao-sobre-vidal-e-corneta-atleta-do-flamengo\/#primaryimage\"},\"image\":{\"@id\":\"https:\/\/www.gaveanews.com\/index.php\/2022\/06\/13\/rafinha-faz-revelacao-sobre-vidal-e-corneta-atleta-do-flamengo\/#primaryimage\"},\"thumbnailUrl\":\"https:\/\/www.gaveanews.com\/wp-content\/uploads\/Lateral-Rafinha-durante-uma-partida-do-Flamengo.webp\",\"datePublished\":\"2022-06-13T13:49:15+00:00\",\"dateModified\":\"2022-06-13T13:49:17+00:00\",\"author\":{\"@id\":\"https:\/\/www.gaveanews.com\/#\/schema\/person\/2ec14f73fb96be2caf28f91afb14749d\"},\"breadcrumb\":{\"@id\":\"https:\/\/www.gaveanews.com\/index.php\/2022\/06\/13\/rafinha-faz-revelacao-sobre-vidal-e-corneta-atleta-do-flamengo\/#breadcrumb\"},\"inLanguage\":\"pt-BR\",\"potentialAction\":[{\"@type\":\"ReadAction\",\"target\":[\"https:\/\/www.gaveanews.com\/index.php\/2022\/06\/13\/rafinha-faz-revelacao-sobre-vidal-e-corneta-atleta-do-flamengo\/\"]}]},{\"@type\":\"ImageObject\",\"inLanguage\":\"pt-BR\",\"@id\":\"https:\/\/www.gaveanews.com\/index.php\/2022\/06\/13\/rafinha-faz-revelacao-sobre-vidal-e-corneta-atleta-do-flamengo\/#primaryimage\",\"url\":\"https:\/\/www.gaveanews.com\/wp-content\/uploads\/Lateral-Rafinha-durante-uma-partida-do-Flamengo.webp\",\"contentUrl\":\"https:\/\/www.gaveanews.com\/wp-content\/uploads\/Lateral-Rafinha-durante-uma-partida-do-Flamengo.webp\",\"width\":900,\"height\":600,\"caption\":\"Lateral Rafinha durante uma partida do Flamengo (Foto: Alexandre Vidal\/Flamengo)\"},{\"@type\":\"BreadcrumbList\",\"@id\":\"https:\/\/www.gaveanews.com\/index.php\/2022\/06\/13\/rafinha-faz-revelacao-sobre-vidal-e-corneta-atleta-do-flamengo\/#breadcrumb\",\"itemListElement\":[{\"@type\":\"ListItem\",\"position\":1,\"name\":\"Home\",\"item\":\"https:\/\/www.gaveanews.com\/\"},{\"@type\":\"ListItem\",\"position\":2,\"name\":\"Rafinha faz revela\u00e7\u00e3o sobre Vidal e \u201ccorneta\u201d atleta do Flamengo\"}]},{\"@type\":\"WebSite\",\"@id\":\"https:\/\/www.gaveanews.com\/#website\",\"url\":\"https:\/\/www.gaveanews.com\/\",\"name\":\"G\u00e1vea News\",\"description\":\"Veja todas as not\u00edcias sobre o Flamengo: Contrata\u00e7\u00f5es, categorias de base, resultados das partidas, tabela de classifica\u00e7\u00e3o, pr\u00f3ximos jogos!\",\"potentialAction\":[{\"@type\":\"SearchAction\",\"target\":{\"@type\":\"EntryPoint\",\"urlTemplate\":\"https:\/\/www.gaveanews.com\/?s={search_term_string}\"},\"query-input\":{\"@type\":\"PropertyValueSpecification\",\"valueRequired\":true,\"valueName\":\"search_term_string\"}}],\"inLanguage\":\"pt-BR\"},{\"@type\":\"Person\",\"@id\":\"https:\/\/www.gaveanews.com\/#\/schema\/person\/2ec14f73fb96be2caf28f91afb14749d\",\"name\":\"Equipe G\u00e1vea News\",\"image\":{\"@type\":\"ImageObject\",\"inLanguage\":\"pt-BR\",\"@id\":\"https:\/\/www.gaveanews.com\/#\/schema\/person\/image\/\",\"url\":\"https:\/\/secure.gravatar.com\/avatar\/1e1956f1facbffd3f8fa53a326721950116b3b9dc9bd44939c01180fd4a745a9?s=96&d=mm&r=g\",\"contentUrl\":\"https:\/\/secure.gravatar.com\/avatar\/1e1956f1facbffd3f8fa53a326721950116b3b9dc9bd44939c01180fd4a745a9?s=96&d=mm&r=g\",\"caption\":\"Equipe G\u00e1vea News\"}}]}<\/script>\n<!-- \/ Yoast SEO Premium plugin. -->","yoast_head_json":{"title":"Rafinha faz revela\u00e7\u00e3o sobre Vidal e \u201ccorneta\u201d atleta do Flamengo","robots":{"index":"index","follow":"follow","max-snippet":"max-snippet:-1","max-image-preview":"max-image-preview:large","max-video-preview":"max-video-preview:-1"},"canonical":"https:\/\/www.gaveanews.com\/index.php\/2022\/06\/13\/rafinha-faz-revelacao-sobre-vidal-e-corneta-atleta-do-flamengo\/","og_locale":"pt_BR","og_type":"article","og_title":"Rafinha faz revela\u00e7\u00e3o sobre Vidal e \u201ccorneta\u201d atleta do Flamengo","og_description":"Atualmente no S\u00e3o Paulo, Rafinha teve uma passagem gloriosa pelo Flamengo. Dessa forma, al\u00e9m de t\u00edtulos, o atleta construiu uma rela\u00e7\u00e3o de amizade com os jogadores que seguem no Rubro-Negro. Por conta disso, em entrevista ao Esporte Espetacular, o lateral-direito citou nomes como Rodinei, Willian Ar\u00e3o e Diego Alves como companheiros de time que marcaram [&hellip;]","og_url":"https:\/\/www.gaveanews.com\/index.php\/2022\/06\/13\/rafinha-faz-revelacao-sobre-vidal-e-corneta-atleta-do-flamengo\/","og_site_name":"G\u00e1vea News","article_publisher":"https:\/\/facebook.com\/gaveaNews\/","article_published_time":"2022-06-13T13:49:15+00:00","article_modified_time":"2022-06-13T13:49:17+00:00","og_image":[{"width":900,"height":600,"url":"https:\/\/www.gaveanews.com\/wp-content\/uploads\/Lateral-Rafinha-durante-uma-partida-do-Flamengo.webp","type":"image\/jpeg"}],"author":"Equipe G\u00e1vea News","twitter_card":"summary_large_image","twitter_misc":{"Escrito por":"Equipe G\u00e1vea News","Est. tempo de leitura":"2 minutos"},"schema":{"@context":"https:\/\/schema.org","@graph":[{"@type":"NewsArticle","@id":"https:\/\/www.gaveanews.com\/index.php\/2022\/06\/13\/rafinha-faz-revelacao-sobre-vidal-e-corneta-atleta-do-flamengo\/#article","isPartOf":{"@id":"https:\/\/www.gaveanews.com\/index.php\/2022\/06\/13\/rafinha-faz-revelacao-sobre-vidal-e-corneta-atleta-do-flamengo\/"},"author":{"name":"Equipe G\u00e1vea News","@id":"https:\/\/www.gaveanews.com\/#\/schema\/person\/2ec14f73fb96be2caf28f91afb14749d"},"headline":"Rafinha faz revela\u00e7\u00e3o sobre Vidal e \u201ccorneta\u201d atleta do Flamengo","datePublished":"2022-06-13T13:49:15+00:00","dateModified":"2022-06-13T13:49:17+00:00","mainEntityOfPage":{"@id":"https:\/\/www.gaveanews.com\/index.php\/2022\/06\/13\/rafinha-faz-revelacao-sobre-vidal-e-corneta-atleta-do-flamengo\/"},"wordCount":380,"commentCount":0,"image":{"@id":"https:\/\/www.gaveanews.com\/index.php\/2022\/06\/13\/rafinha-faz-revelacao-sobre-vidal-e-corneta-atleta-do-flamengo\/#primaryimage"},"thumbnailUrl":"https:\/\/www.gaveanews.com\/wp-content\/uploads\/Lateral-Rafinha-durante-uma-partida-do-Flamengo.webp","articleSection":["Destaques"],"inLanguage":"pt-BR","potentialAction":[{"@type":"CommentAction","name":"Comment","target":["https:\/\/www.gaveanews.com\/index.php\/2022\/06\/13\/rafinha-faz-revelacao-sobre-vidal-e-corneta-atleta-do-flamengo\/#respond"]}],"copyrightYear":"2022","copyrightHolder":{"@id":"https:\/\/www.gaveanews.com\/#organization"}},{"@type":"WebPage","@id":"https:\/\/www.gaveanews.com\/index.php\/2022\/06\/13\/rafinha-faz-revelacao-sobre-vidal-e-corneta-atleta-do-flamengo\/","url":"https:\/\/www.gaveanews.com\/index.php\/2022\/06\/13\/rafinha-faz-revelacao-sobre-vidal-e-corneta-atleta-do-flamengo\/","name":"Rafinha faz revela\u00e7\u00e3o sobre Vidal e \u201ccorneta\u201d atleta do Flamengo","isPartOf":{"@id":"https:\/\/www.gaveanews.com\/#website"},"primaryImageOfPage":{"@id":"https:\/\/www.gaveanews.com\/index.php\/2022\/06\/13\/rafinha-faz-revelacao-sobre-vidal-e-corneta-atleta-do-flamengo\/#primaryimage"},"image":{"@id":"https:\/\/www.gaveanews.com\/index.php\/2022\/06\/13\/rafinha-faz-revelacao-sobre-vidal-e-corneta-atleta-do-flamengo\/#primaryimage"},"thumbnailUrl":"https:\/\/www.gaveanews.com\/wp-content\/uploads\/Lateral-Rafinha-durante-uma-partida-do-Flamengo.webp","datePublished":"2022-06-13T13:49:15+00:00","dateModified":"2022-06-13T13:49:17+00:00","author":{"@id":"https:\/\/www.gaveanews.com\/#\/schema\/person\/2ec14f73fb96be2caf28f91afb14749d"},"breadcrumb":{"@id":"https:\/\/www.gaveanews.com\/index.php\/2022\/06\/13\/rafinha-faz-revelacao-sobre-vidal-e-corneta-atleta-do-flamengo\/#breadcrumb"},"inLanguage":"pt-BR","potentialAction":[{"@type":"ReadAction","target":["https:\/\/www.gaveanews.com\/index.php\/2022\/06\/13\/rafinha-faz-revelacao-sobre-vidal-e-corneta-atleta-do-flamengo\/"]}]},{"@type":"ImageObject","inLanguage":"pt-BR","@id":"https:\/\/www.gaveanews.com\/index.php\/2022\/06\/13\/rafinha-faz-revelacao-sobre-vidal-e-corneta-atleta-do-flamengo\/#primaryimage","url":"https:\/\/www.gaveanews.com\/wp-content\/uploads\/Lateral-Rafinha-durante-uma-partida-do-Flamengo.webp","contentUrl":"https:\/\/www.gaveanews.com\/wp-content\/uploads\/Lateral-Rafinha-durante-uma-partida-do-Flamengo.webp","width":900,"height":600,"caption":"Lateral Rafinha durante uma partida do Flamengo (Foto: Alexandre Vidal\/Flamengo)"},{"@type":"BreadcrumbList","@id":"https:\/\/www.gaveanews.com\/index.php\/2022\/06\/13\/rafinha-faz-revelacao-sobre-vidal-e-corneta-atleta-do-flamengo\/#breadcrumb","itemListElement":[{"@type":"ListItem","position":1,"name":"Home","item":"https:\/\/www.gaveanews.com\/"},{"@type":"ListItem","position":2,"name":"Rafinha faz revela\u00e7\u00e3o sobre Vidal e \u201ccorneta\u201d atleta do Flamengo"}]},{"@type":"WebSite","@id":"https:\/\/www.gaveanews.com\/#website","url":"https:\/\/www.gaveanews.com\/","name":"G\u00e1vea News","description":"Veja todas as not\u00edcias sobre o Flamengo: Contrata\u00e7\u00f5es, categorias de base, resultados das partidas, tabela de classifica\u00e7\u00e3o, pr\u00f3ximos jogos!","potentialAction":[{"@type":"SearchAction","target":{"@type":"EntryPoint","urlTemplate":"https:\/\/www.gaveanews.com\/?s={search_term_string}"},"query-input":{"@type":"PropertyValueSpecification","valueRequired":true,"valueName":"search_term_string"}}],"inLanguage":"pt-BR"},{"@type":"Person","@id":"https:\/\/www.gaveanews.com\/#\/schema\/person\/2ec14f73fb96be2caf28f91afb14749d","name":"Equipe G\u00e1vea News","image":{"@type":"ImageObject","inLanguage":"pt-BR","@id":"https:\/\/www.gaveanews.com\/#\/schema\/person\/image\/","url":"https:\/\/secure.gravatar.com\/avatar\/1e1956f1facbffd3f8fa53a326721950116b3b9dc9bd44939c01180fd4a745a9?s=96&d=mm&r=g","contentUrl":"https:\/\/secure.gravatar.com\/avatar\/1e1956f1facbffd3f8fa53a326721950116b3b9dc9bd44939c01180fd4a745a9?s=96&d=mm&r=g","caption":"Equipe G\u00e1vea News"}}]}},"_links":{"self":[{"href":"https:\/\/www.gaveanews.com\/index.php\/wp-json\/wp\/v2\/posts\/83057","targetHints":{"allow":["GET"]}}],"collection":[{"href":"https:\/\/www.gaveanews.com\/index.php\/wp-json\/wp\/v2\/posts"}],"about":[{"href":"https:\/\/www.gaveanews.com\/index.php\/wp-json\/wp\/v2\/types\/post"}],"author":[{"embeddable":true,"href":"https:\/\/www.gaveanews.com\/index.php\/wp-json\/wp\/v2\/users\/1"}],"replies":[{"embeddable":true,"href":"https:\/\/www.gaveanews.com\/index.php\/wp-json\/wp\/v2\/comments?post=83057"}],"version-history":[{"count":0,"href":"https:\/\/www.gaveanews.com\/index.php\/wp-json\/wp\/v2\/posts\/83057\/revisions"}],"wp:featuredmedia":[{"embeddable":true,"href":"https:\/\/www.gaveanews.com\/index.php\/wp-json\/wp\/v2\/media\/28891"}],"wp:attachment":[{"href":"https:\/\/www.gaveanews.com\/index.php\/wp-json\/wp\/v2\/media?parent=83057"}],"wp:term":[{"taxonomy":"category","embeddable":true,"href":"https:\/\/www.gaveanews.com\/index.php\/wp-json\/wp\/v2\/categories?post=83057"},{"taxonomy":"post_tag","embeddable":true,"href":"https:\/\/www.gaveanews.com\/index.php\/wp-json\/wp\/v2\/tags?post=83057"}],"curies":[{"name":"wp","href":"https:\/\/api.w.org\/{rel}","templated":true}]}}