{"id":83077,"date":"2022-06-13T14:48:40","date_gmt":"2022-06-13T17:48:40","guid":{"rendered":"https:\/\/www.gaveanews.com\/?p=83077"},"modified":"2022-06-13T14:48:41","modified_gmt":"2022-06-13T17:48:41","slug":"flamengo-ira-fazer-proposta-milionaria-para-contratar-everton-cebolinha-ex-gremio-veja-valores","status":"publish","type":"post","link":"https:\/\/www.gaveanews.com\/index.php\/2022\/06\/13\/flamengo-ira-fazer-proposta-milionaria-para-contratar-everton-cebolinha-ex-gremio-veja-valores\/","title":{"rendered":"Flamengo ir\u00e1 fazer proposta milion\u00e1ria para contratar Everton Cebolinha, ex-Gr\u00eamio; veja valores"},"content":{"rendered":"\n<p>O Flamengo prepara para oferecer ainda nesta semana uma proposta de 14 milh\u00f5es de euros (cerca de R$ 75 milh\u00f5es) por Everton Cebolinha. O Benfica v\u00ea com bons olhos a transfer\u00eancia do jogador brasileiro, mas deve tentar subir um pouco o valor da negocia\u00e7\u00e3o.<\/p>\n\n\n\n<p>Apesar de ter multa rescis\u00f3ria de 150 milh\u00f5es de euros (R$ 800 milh\u00f5es), o atacante de 26 anos est\u00e1 avaliado pelo clube portugu\u00eas em pelo menos 15 milh\u00f5es de euros (R$ 80 milh\u00f5es) &#8211; a ideia \u00e9 tentar segurar parte dos direitos econ\u00f4micos ou incluir b\u00f4nus por metas atingidas numa eventual venda.<\/p>\n\n\n\n<p>Inicialmente, Everton, cujo contrato \u00e9 v\u00e1lido at\u00e9 junho de 2025, n\u00e3o estava disposto a voltar agora ao Brasil, mas, nos \u00faltimos dias, passou a encarar a possibilidade de refor\u00e7ar o Rubro-Negro com uma vis\u00e3o mais positiva.<\/p>\n\n\n\n<p>N\u00e3o \u00e9 de hoje que o Flamengo tem interesse na contrata\u00e7\u00e3o do ex-jogador de Fortaleza e <a href=\"https:\/\/portaldogremista.com.br\/\">Gr\u00eamio<\/a>. No come\u00e7o de 2022, o clube carioca chegou a abrir conversas com o Benfica. O neg\u00f3cio, no entanto, n\u00e3o avan\u00e7ou.<\/p>\n\n\n\n<h2 class=\"wp-block-heading\" id=\"h-sem-impacto-na-europa\"><strong>Sem impacto na Europa<\/strong><\/h2>\n\n\n\n<p>Comprado do Gr\u00eamio por 20 milh\u00f5es de euros (R$ 127 milh\u00f5es, na ocasi\u00e3o) em agosto de 2020, Everton Cebolinha viveu de altos e baixos no Benfica. Nunca foi titular absoluto. Fez 95 jogos oficiais, marcou 15 gols e deu 17 assist\u00eancias. Em duas temporadas, n\u00e3o conquistou nem sequer um t\u00edtulo.<\/p>\n\n\n\n<p>Retirado de: UOL<\/p>\n","protected":false},"excerpt":{"rendered":"<p>O Flamengo prepara para oferecer ainda nesta semana uma proposta de 14 milh\u00f5es de euros (cerca de R$ 75 milh\u00f5es) por Everton Cebolinha. O Benfica v\u00ea com bons olhos a transfer\u00eancia do jogador brasileiro, mas deve tentar subir um pouco o valor da negocia\u00e7\u00e3o. Apesar de ter multa rescis\u00f3ria de 150 milh\u00f5es de euros (R$ [&hellip;]<\/p>\n","protected":false},"author":1,"featured_media":75097,"comment_status":"open","ping_status":"closed","sticky":false,"template":"","format":"standard","meta":{"footnotes":""},"categories":[48],"tags":[],"class_list":["post-83077","post","type-post","status-publish","format-standard","has-post-thumbnail","hentry","category-negociacoes"],"yoast_head":"<!-- This site is optimized with the Yoast SEO Premium plugin v24.2 (Yoast SEO v26.9) - https:\/\/yoast.com\/product\/yoast-seo-premium-wordpress\/ -->\n<title>Flamengo ir\u00e1 fazer proposta milion\u00e1ria para contratar Everton Cebolinha, ex-Gr\u00eamio; veja valores<\/title>\n<meta name=\"robots\" content=\"index, follow, max-snippet:-1, max-image-preview:large, max-video-preview:-1\" \/>\n<link rel=\"canonical\" href=\"https:\/\/www.gaveanews.com\/index.php\/2022\/06\/13\/flamengo-ira-fazer-proposta-milionaria-para-contratar-everton-cebolinha-ex-gremio-veja-valores\/\" \/>\n<meta property=\"og:locale\" content=\"pt_BR\" \/>\n<meta property=\"og:type\" content=\"article\" \/>\n<meta property=\"og:title\" content=\"Flamengo ir\u00e1 fazer proposta milion\u00e1ria para contratar Everton Cebolinha, ex-Gr\u00eamio; veja valores\" \/>\n<meta property=\"og:description\" content=\"O Flamengo prepara para oferecer ainda nesta semana uma proposta de 14 milh\u00f5es de euros (cerca de R$ 75 milh\u00f5es) por Everton Cebolinha. O Benfica v\u00ea com bons olhos a transfer\u00eancia do jogador brasileiro, mas deve tentar subir um pouco o valor da negocia\u00e7\u00e3o. Apesar de ter multa rescis\u00f3ria de 150 milh\u00f5es de euros (R$ [&hellip;]\" \/>\n<meta property=\"og:url\" content=\"https:\/\/www.gaveanews.com\/index.php\/2022\/06\/13\/flamengo-ira-fazer-proposta-milionaria-para-contratar-everton-cebolinha-ex-gremio-veja-valores\/\" \/>\n<meta property=\"og:site_name\" content=\"G\u00e1vea News\" \/>\n<meta property=\"article:publisher\" content=\"https:\/\/facebook.com\/gaveaNews\/\" \/>\n<meta property=\"article:published_time\" content=\"2022-06-13T17:48:40+00:00\" \/>\n<meta property=\"article:modified_time\" content=\"2022-06-13T17:48:41+00:00\" \/>\n<meta property=\"og:image\" content=\"https:\/\/www.gaveanews.com\/wp-content\/uploads\/Everton-Cebolinha-em-acao-pelo-Benfica.webp\" \/>\n\t<meta property=\"og:image:width\" content=\"1280\" \/>\n\t<meta property=\"og:image:height\" content=\"720\" \/>\n\t<meta property=\"og:image:type\" content=\"image\/jpeg\" \/>\n<meta name=\"author\" content=\"Equipe G\u00e1vea News\" \/>\n<meta name=\"twitter:card\" content=\"summary_large_image\" \/>\n<meta name=\"twitter:label1\" content=\"Escrito por\" \/>\n\t<meta name=\"twitter:data1\" content=\"Equipe G\u00e1vea News\" \/>\n\t<meta name=\"twitter:label2\" content=\"Est. tempo de leitura\" \/>\n\t<meta name=\"twitter:data2\" content=\"2 minutos\" \/>\n<script type=\"application\/ld+json\" class=\"yoast-schema-graph\">{\"@context\":\"https:\/\/schema.org\",\"@graph\":[{\"@type\":\"NewsArticle\",\"@id\":\"https:\/\/www.gaveanews.com\/index.php\/2022\/06\/13\/flamengo-ira-fazer-proposta-milionaria-para-contratar-everton-cebolinha-ex-gremio-veja-valores\/#article\",\"isPartOf\":{\"@id\":\"https:\/\/www.gaveanews.com\/index.php\/2022\/06\/13\/flamengo-ira-fazer-proposta-milionaria-para-contratar-everton-cebolinha-ex-gremio-veja-valores\/\"},\"author\":{\"name\":\"Equipe G\u00e1vea News\",\"@id\":\"https:\/\/www.gaveanews.com\/#\/schema\/person\/2ec14f73fb96be2caf28f91afb14749d\"},\"headline\":\"Flamengo ir\u00e1 fazer proposta milion\u00e1ria para contratar Everton Cebolinha, ex-Gr\u00eamio; veja valores\",\"datePublished\":\"2022-06-13T17:48:40+00:00\",\"dateModified\":\"2022-06-13T17:48:41+00:00\",\"mainEntityOfPage\":{\"@id\":\"https:\/\/www.gaveanews.com\/index.php\/2022\/06\/13\/flamengo-ira-fazer-proposta-milionaria-para-contratar-everton-cebolinha-ex-gremio-veja-valores\/\"},\"wordCount\":252,\"commentCount\":0,\"image\":{\"@id\":\"https:\/\/www.gaveanews.com\/index.php\/2022\/06\/13\/flamengo-ira-fazer-proposta-milionaria-para-contratar-everton-cebolinha-ex-gremio-veja-valores\/#primaryimage\"},\"thumbnailUrl\":\"https:\/\/www.gaveanews.com\/wp-content\/uploads\/Everton-Cebolinha-em-acao-pelo-Benfica.webp\",\"articleSection\":[\"Negocia\u00e7\u00f5es\"],\"inLanguage\":\"pt-BR\",\"potentialAction\":[{\"@type\":\"CommentAction\",\"name\":\"Comment\",\"target\":[\"https:\/\/www.gaveanews.com\/index.php\/2022\/06\/13\/flamengo-ira-fazer-proposta-milionaria-para-contratar-everton-cebolinha-ex-gremio-veja-valores\/#respond\"]}],\"copyrightYear\":\"2022\",\"copyrightHolder\":{\"@id\":\"https:\/\/www.gaveanews.com\/#organization\"}},{\"@type\":\"WebPage\",\"@id\":\"https:\/\/www.gaveanews.com\/index.php\/2022\/06\/13\/flamengo-ira-fazer-proposta-milionaria-para-contratar-everton-cebolinha-ex-gremio-veja-valores\/\",\"url\":\"https:\/\/www.gaveanews.com\/index.php\/2022\/06\/13\/flamengo-ira-fazer-proposta-milionaria-para-contratar-everton-cebolinha-ex-gremio-veja-valores\/\",\"name\":\"Flamengo ir\u00e1 fazer proposta milion\u00e1ria para contratar Everton Cebolinha, ex-Gr\u00eamio; veja valores\",\"isPartOf\":{\"@id\":\"https:\/\/www.gaveanews.com\/#website\"},\"primaryImageOfPage\":{\"@id\":\"https:\/\/www.gaveanews.com\/index.php\/2022\/06\/13\/flamengo-ira-fazer-proposta-milionaria-para-contratar-everton-cebolinha-ex-gremio-veja-valores\/#primaryimage\"},\"image\":{\"@id\":\"https:\/\/www.gaveanews.com\/index.php\/2022\/06\/13\/flamengo-ira-fazer-proposta-milionaria-para-contratar-everton-cebolinha-ex-gremio-veja-valores\/#primaryimage\"},\"thumbnailUrl\":\"https:\/\/www.gaveanews.com\/wp-content\/uploads\/Everton-Cebolinha-em-acao-pelo-Benfica.webp\",\"datePublished\":\"2022-06-13T17:48:40+00:00\",\"dateModified\":\"2022-06-13T17:48:41+00:00\",\"author\":{\"@id\":\"https:\/\/www.gaveanews.com\/#\/schema\/person\/2ec14f73fb96be2caf28f91afb14749d\"},\"breadcrumb\":{\"@id\":\"https:\/\/www.gaveanews.com\/index.php\/2022\/06\/13\/flamengo-ira-fazer-proposta-milionaria-para-contratar-everton-cebolinha-ex-gremio-veja-valores\/#breadcrumb\"},\"inLanguage\":\"pt-BR\",\"potentialAction\":[{\"@type\":\"ReadAction\",\"target\":[\"https:\/\/www.gaveanews.com\/index.php\/2022\/06\/13\/flamengo-ira-fazer-proposta-milionaria-para-contratar-everton-cebolinha-ex-gremio-veja-valores\/\"]}]},{\"@type\":\"ImageObject\",\"inLanguage\":\"pt-BR\",\"@id\":\"https:\/\/www.gaveanews.com\/index.php\/2022\/06\/13\/flamengo-ira-fazer-proposta-milionaria-para-contratar-everton-cebolinha-ex-gremio-veja-valores\/#primaryimage\",\"url\":\"https:\/\/www.gaveanews.com\/wp-content\/uploads\/Everton-Cebolinha-em-acao-pelo-Benfica.webp\",\"contentUrl\":\"https:\/\/www.gaveanews.com\/wp-content\/uploads\/Everton-Cebolinha-em-acao-pelo-Benfica.webp\",\"width\":1280,\"height\":720,\"caption\":\"Everton Cebolinha em a\u00e7\u00e3o pelo Benfica (Foto: Divulga\u00e7\u00e3o\/Benfica)\"},{\"@type\":\"BreadcrumbList\",\"@id\":\"https:\/\/www.gaveanews.com\/index.php\/2022\/06\/13\/flamengo-ira-fazer-proposta-milionaria-para-contratar-everton-cebolinha-ex-gremio-veja-valores\/#breadcrumb\",\"itemListElement\":[{\"@type\":\"ListItem\",\"position\":1,\"name\":\"Home\",\"item\":\"https:\/\/www.gaveanews.com\/\"},{\"@type\":\"ListItem\",\"position\":2,\"name\":\"Flamengo ir\u00e1 fazer proposta milion\u00e1ria para contratar Everton Cebolinha, ex-Gr\u00eamio; veja valores\"}]},{\"@type\":\"WebSite\",\"@id\":\"https:\/\/www.gaveanews.com\/#website\",\"url\":\"https:\/\/www.gaveanews.com\/\",\"name\":\"G\u00e1vea News\",\"description\":\"Veja todas as not\u00edcias sobre o Flamengo: Contrata\u00e7\u00f5es, categorias de base, resultados das partidas, tabela de classifica\u00e7\u00e3o, pr\u00f3ximos jogos!\",\"potentialAction\":[{\"@type\":\"SearchAction\",\"target\":{\"@type\":\"EntryPoint\",\"urlTemplate\":\"https:\/\/www.gaveanews.com\/?s={search_term_string}\"},\"query-input\":{\"@type\":\"PropertyValueSpecification\",\"valueRequired\":true,\"valueName\":\"search_term_string\"}}],\"inLanguage\":\"pt-BR\"},{\"@type\":\"Person\",\"@id\":\"https:\/\/www.gaveanews.com\/#\/schema\/person\/2ec14f73fb96be2caf28f91afb14749d\",\"name\":\"Equipe G\u00e1vea News\",\"image\":{\"@type\":\"ImageObject\",\"inLanguage\":\"pt-BR\",\"@id\":\"https:\/\/www.gaveanews.com\/#\/schema\/person\/image\/\",\"url\":\"https:\/\/secure.gravatar.com\/avatar\/1e1956f1facbffd3f8fa53a326721950116b3b9dc9bd44939c01180fd4a745a9?s=96&d=mm&r=g\",\"contentUrl\":\"https:\/\/secure.gravatar.com\/avatar\/1e1956f1facbffd3f8fa53a326721950116b3b9dc9bd44939c01180fd4a745a9?s=96&d=mm&r=g\",\"caption\":\"Equipe G\u00e1vea News\"}}]}<\/script>\n<!-- \/ Yoast SEO Premium plugin. -->","yoast_head_json":{"title":"Flamengo ir\u00e1 fazer proposta milion\u00e1ria para contratar Everton Cebolinha, ex-Gr\u00eamio; veja valores","robots":{"index":"index","follow":"follow","max-snippet":"max-snippet:-1","max-image-preview":"max-image-preview:large","max-video-preview":"max-video-preview:-1"},"canonical":"https:\/\/www.gaveanews.com\/index.php\/2022\/06\/13\/flamengo-ira-fazer-proposta-milionaria-para-contratar-everton-cebolinha-ex-gremio-veja-valores\/","og_locale":"pt_BR","og_type":"article","og_title":"Flamengo ir\u00e1 fazer proposta milion\u00e1ria para contratar Everton Cebolinha, ex-Gr\u00eamio; veja valores","og_description":"O Flamengo prepara para oferecer ainda nesta semana uma proposta de 14 milh\u00f5es de euros (cerca de R$ 75 milh\u00f5es) por Everton Cebolinha. O Benfica v\u00ea com bons olhos a transfer\u00eancia do jogador brasileiro, mas deve tentar subir um pouco o valor da negocia\u00e7\u00e3o. Apesar de ter multa rescis\u00f3ria de 150 milh\u00f5es de euros (R$ [&hellip;]","og_url":"https:\/\/www.gaveanews.com\/index.php\/2022\/06\/13\/flamengo-ira-fazer-proposta-milionaria-para-contratar-everton-cebolinha-ex-gremio-veja-valores\/","og_site_name":"G\u00e1vea News","article_publisher":"https:\/\/facebook.com\/gaveaNews\/","article_published_time":"2022-06-13T17:48:40+00:00","article_modified_time":"2022-06-13T17:48:41+00:00","og_image":[{"width":1280,"height":720,"url":"https:\/\/www.gaveanews.com\/wp-content\/uploads\/Everton-Cebolinha-em-acao-pelo-Benfica.webp","type":"image\/jpeg"}],"author":"Equipe G\u00e1vea News","twitter_card":"summary_large_image","twitter_misc":{"Escrito por":"Equipe G\u00e1vea News","Est. tempo de leitura":"2 minutos"},"schema":{"@context":"https:\/\/schema.org","@graph":[{"@type":"NewsArticle","@id":"https:\/\/www.gaveanews.com\/index.php\/2022\/06\/13\/flamengo-ira-fazer-proposta-milionaria-para-contratar-everton-cebolinha-ex-gremio-veja-valores\/#article","isPartOf":{"@id":"https:\/\/www.gaveanews.com\/index.php\/2022\/06\/13\/flamengo-ira-fazer-proposta-milionaria-para-contratar-everton-cebolinha-ex-gremio-veja-valores\/"},"author":{"name":"Equipe G\u00e1vea News","@id":"https:\/\/www.gaveanews.com\/#\/schema\/person\/2ec14f73fb96be2caf28f91afb14749d"},"headline":"Flamengo ir\u00e1 fazer proposta milion\u00e1ria para contratar Everton Cebolinha, ex-Gr\u00eamio; veja valores","datePublished":"2022-06-13T17:48:40+00:00","dateModified":"2022-06-13T17:48:41+00:00","mainEntityOfPage":{"@id":"https:\/\/www.gaveanews.com\/index.php\/2022\/06\/13\/flamengo-ira-fazer-proposta-milionaria-para-contratar-everton-cebolinha-ex-gremio-veja-valores\/"},"wordCount":252,"commentCount":0,"image":{"@id":"https:\/\/www.gaveanews.com\/index.php\/2022\/06\/13\/flamengo-ira-fazer-proposta-milionaria-para-contratar-everton-cebolinha-ex-gremio-veja-valores\/#primaryimage"},"thumbnailUrl":"https:\/\/www.gaveanews.com\/wp-content\/uploads\/Everton-Cebolinha-em-acao-pelo-Benfica.webp","articleSection":["Negocia\u00e7\u00f5es"],"inLanguage":"pt-BR","potentialAction":[{"@type":"CommentAction","name":"Comment","target":["https:\/\/www.gaveanews.com\/index.php\/2022\/06\/13\/flamengo-ira-fazer-proposta-milionaria-para-contratar-everton-cebolinha-ex-gremio-veja-valores\/#respond"]}],"copyrightYear":"2022","copyrightHolder":{"@id":"https:\/\/www.gaveanews.com\/#organization"}},{"@type":"WebPage","@id":"https:\/\/www.gaveanews.com\/index.php\/2022\/06\/13\/flamengo-ira-fazer-proposta-milionaria-para-contratar-everton-cebolinha-ex-gremio-veja-valores\/","url":"https:\/\/www.gaveanews.com\/index.php\/2022\/06\/13\/flamengo-ira-fazer-proposta-milionaria-para-contratar-everton-cebolinha-ex-gremio-veja-valores\/","name":"Flamengo ir\u00e1 fazer proposta milion\u00e1ria para contratar Everton Cebolinha, ex-Gr\u00eamio; veja valores","isPartOf":{"@id":"https:\/\/www.gaveanews.com\/#website"},"primaryImageOfPage":{"@id":"https:\/\/www.gaveanews.com\/index.php\/2022\/06\/13\/flamengo-ira-fazer-proposta-milionaria-para-contratar-everton-cebolinha-ex-gremio-veja-valores\/#primaryimage"},"image":{"@id":"https:\/\/www.gaveanews.com\/index.php\/2022\/06\/13\/flamengo-ira-fazer-proposta-milionaria-para-contratar-everton-cebolinha-ex-gremio-veja-valores\/#primaryimage"},"thumbnailUrl":"https:\/\/www.gaveanews.com\/wp-content\/uploads\/Everton-Cebolinha-em-acao-pelo-Benfica.webp","datePublished":"2022-06-13T17:48:40+00:00","dateModified":"2022-06-13T17:48:41+00:00","author":{"@id":"https:\/\/www.gaveanews.com\/#\/schema\/person\/2ec14f73fb96be2caf28f91afb14749d"},"breadcrumb":{"@id":"https:\/\/www.gaveanews.com\/index.php\/2022\/06\/13\/flamengo-ira-fazer-proposta-milionaria-para-contratar-everton-cebolinha-ex-gremio-veja-valores\/#breadcrumb"},"inLanguage":"pt-BR","potentialAction":[{"@type":"ReadAction","target":["https:\/\/www.gaveanews.com\/index.php\/2022\/06\/13\/flamengo-ira-fazer-proposta-milionaria-para-contratar-everton-cebolinha-ex-gremio-veja-valores\/"]}]},{"@type":"ImageObject","inLanguage":"pt-BR","@id":"https:\/\/www.gaveanews.com\/index.php\/2022\/06\/13\/flamengo-ira-fazer-proposta-milionaria-para-contratar-everton-cebolinha-ex-gremio-veja-valores\/#primaryimage","url":"https:\/\/www.gaveanews.com\/wp-content\/uploads\/Everton-Cebolinha-em-acao-pelo-Benfica.webp","contentUrl":"https:\/\/www.gaveanews.com\/wp-content\/uploads\/Everton-Cebolinha-em-acao-pelo-Benfica.webp","width":1280,"height":720,"caption":"Everton Cebolinha em a\u00e7\u00e3o pelo Benfica (Foto: Divulga\u00e7\u00e3o\/Benfica)"},{"@type":"BreadcrumbList","@id":"https:\/\/www.gaveanews.com\/index.php\/2022\/06\/13\/flamengo-ira-fazer-proposta-milionaria-para-contratar-everton-cebolinha-ex-gremio-veja-valores\/#breadcrumb","itemListElement":[{"@type":"ListItem","position":1,"name":"Home","item":"https:\/\/www.gaveanews.com\/"},{"@type":"ListItem","position":2,"name":"Flamengo ir\u00e1 fazer proposta milion\u00e1ria para contratar Everton Cebolinha, ex-Gr\u00eamio; veja valores"}]},{"@type":"WebSite","@id":"https:\/\/www.gaveanews.com\/#website","url":"https:\/\/www.gaveanews.com\/","name":"G\u00e1vea News","description":"Veja todas as not\u00edcias sobre o Flamengo: Contrata\u00e7\u00f5es, categorias de base, resultados das partidas, tabela de classifica\u00e7\u00e3o, pr\u00f3ximos jogos!","potentialAction":[{"@type":"SearchAction","target":{"@type":"EntryPoint","urlTemplate":"https:\/\/www.gaveanews.com\/?s={search_term_string}"},"query-input":{"@type":"PropertyValueSpecification","valueRequired":true,"valueName":"search_term_string"}}],"inLanguage":"pt-BR"},{"@type":"Person","@id":"https:\/\/www.gaveanews.com\/#\/schema\/person\/2ec14f73fb96be2caf28f91afb14749d","name":"Equipe G\u00e1vea News","image":{"@type":"ImageObject","inLanguage":"pt-BR","@id":"https:\/\/www.gaveanews.com\/#\/schema\/person\/image\/","url":"https:\/\/secure.gravatar.com\/avatar\/1e1956f1facbffd3f8fa53a326721950116b3b9dc9bd44939c01180fd4a745a9?s=96&d=mm&r=g","contentUrl":"https:\/\/secure.gravatar.com\/avatar\/1e1956f1facbffd3f8fa53a326721950116b3b9dc9bd44939c01180fd4a745a9?s=96&d=mm&r=g","caption":"Equipe G\u00e1vea News"}}]}},"_links":{"self":[{"href":"https:\/\/www.gaveanews.com\/index.php\/wp-json\/wp\/v2\/posts\/83077","targetHints":{"allow":["GET"]}}],"collection":[{"href":"https:\/\/www.gaveanews.com\/index.php\/wp-json\/wp\/v2\/posts"}],"about":[{"href":"https:\/\/www.gaveanews.com\/index.php\/wp-json\/wp\/v2\/types\/post"}],"author":[{"embeddable":true,"href":"https:\/\/www.gaveanews.com\/index.php\/wp-json\/wp\/v2\/users\/1"}],"replies":[{"embeddable":true,"href":"https:\/\/www.gaveanews.com\/index.php\/wp-json\/wp\/v2\/comments?post=83077"}],"version-history":[{"count":0,"href":"https:\/\/www.gaveanews.com\/index.php\/wp-json\/wp\/v2\/posts\/83077\/revisions"}],"wp:featuredmedia":[{"embeddable":true,"href":"https:\/\/www.gaveanews.com\/index.php\/wp-json\/wp\/v2\/media\/75097"}],"wp:attachment":[{"href":"https:\/\/www.gaveanews.com\/index.php\/wp-json\/wp\/v2\/media?parent=83077"}],"wp:term":[{"taxonomy":"category","embeddable":true,"href":"https:\/\/www.gaveanews.com\/index.php\/wp-json\/wp\/v2\/categories?post=83077"},{"taxonomy":"post_tag","embeddable":true,"href":"https:\/\/www.gaveanews.com\/index.php\/wp-json\/wp\/v2\/tags?post=83077"}],"curies":[{"name":"wp","href":"https:\/\/api.w.org\/{rel}","templated":true}]}}