{"id":83082,"date":"2022-06-13T15:53:06","date_gmt":"2022-06-13T18:53:06","guid":{"rendered":"https:\/\/www.gaveanews.com\/?p=83082"},"modified":"2022-06-13T15:53:07","modified_gmt":"2022-06-13T18:53:07","slug":"torcida-organizada-do-flamengo-pede-a-saida-de-hugo-isla-leo-pereira-filipe-luis-everton-ribeiro-william-arao-e-vitinho","status":"publish","type":"post","link":"https:\/\/www.gaveanews.com\/index.php\/2022\/06\/13\/torcida-organizada-do-flamengo-pede-a-saida-de-hugo-isla-leo-pereira-filipe-luis-everton-ribeiro-william-arao-e-vitinho\/","title":{"rendered":"Torcida organizada do Flamengo pede a sa\u00edda de Hugo, Isla, L\u00e9o Pereira, Filipe Lu\u00eds, \u00c9verton Ribeiro, William Ar\u00e3o e Vitinho"},"content":{"rendered":"\n<p>Uma lista de dispensas foi elaborada para o Flamengo. Nela, constam 7 atletas divulgados por uma torcida organizada. Mais precisamente, pelo \u201cDudu\u201d, da Torcida Jovem do Fla. O torcedor gravou um v\u00eddeo na noite do \u00faltimo domingo (12) exigindo a sa\u00edda de 7 jogadores, em nome da organizada, e pedindo o respaldo da torcida para que a a\u00e7\u00e3o seja, de fato, concretizada. <\/p>\n\n\n\n<p>A torcida, inclusive, prometeu protestos contra o presidente Rodolfo Landim, Marcos Braz e Bruno Spindel, que s\u00e3o os homens do departamento de futebol. Citando o caso em seu canal, o jornalista Jorge Nicola revelou os nomes e se surpreendeu com um dos pedidos, o meio-campo \u00c9verton Ribeiro.<\/p>\n\n\n\n<p><em>\u2014 Os jogadores da lista que n\u00f3s n\u00e3o aceitamos e n\u00e3o queremos mais no Flamengo s\u00e3o o goleiro Hugo, Isla, Lateral-direito, L\u00e9o Pereira, zagueiro, Filipe Lu\u00eds, lateral-esquerdo, \u00c9verton Ribeiro, meia-atacante, William Ar\u00e3o, volante, al\u00e9m do Vitinho que \u00e9 atacante. J\u00e1 deu o que tinha que dar. Est\u00e1 na hora do basta<\/em>, afirmou Dudu, da Torcida Jovem do Fla, citado por Jorge Nicola.<\/p>\n\n\n\n<p>Os sete jogadores do Flamengo citados na lista vivem fases diferentes. Alguns deles eram, inclusive, titulares absolutos de Paulo Sousa no elenco.<\/p>\n\n\n\n<p><em>\u2014 Alguns destes atletas podem at\u00e9 ser negociados. Por exemplo, Isla tem contrato s\u00f3 at\u00e9 dezembro. Se pintar alguma negocia\u00e7\u00e3o por agora, n\u00e3o tenho d\u00favidas de que o Flamengo vai fazer neg\u00f3cio. L\u00e9o Pereira vai precisar de propostas. N\u00e3o d\u00e1 para dispensar um cara que custou bastante dinheiro. Ar\u00e3o j\u00e1 teve seus momentos mais importantes, embora que com qualquer mudan\u00e7a de t\u00e9cnico, ele sempre aparece<\/em>, afirmou Jorge Nicola. <\/p>\n\n\n\n<p><em>\u2014 O nome que mais me chama a aten\u00e7\u00e3o \u00e9 o de \u00c9verton Ribeiro, jogador que teve meses atr\u00e1s uma proposta de 7 milh\u00f5es de euros e o Flamengo nem quis abrir conversas. N\u00e3o vive, de fato, a melhor fase da carreira, mas ainda tem papel importante dentro dessa reconstru\u00e7\u00e3o rubro-negra que promete dias agitados<\/em>, concluiu o jornalista.<\/p>\n\n\n\n<p>Dentro desse cen\u00e1rio conturbado e com treinador novo, o Flamengo encara agora o Cuiab\u00e1, no Maracan\u00e3, nesta pr\u00f3xima quarta-feira pela 12\u00aa rodada do Brasileir\u00e3o. O jogo acontece \u00e0s 20h30 (de Bras\u00edlia) e o time rubro-negro precisa de uma vit\u00f3ria para ir al\u00e9m da 15\u00aa coloca\u00e7\u00e3o da tabela, onde se encontra, com apenas 12 pontos e a 2 coloca\u00e7\u00f5es da zona de rebaixamento.<\/p>\n\n\n\n<p>Retirado de: Torcedores<\/p>\n","protected":false},"excerpt":{"rendered":"<p>Uma lista de dispensas foi elaborada para o Flamengo. Nela, constam 7 atletas divulgados por uma torcida organizada. Mais precisamente, pelo \u201cDudu\u201d, da Torcida Jovem do Fla. O torcedor gravou um v\u00eddeo na noite do \u00faltimo domingo (12) exigindo a sa\u00edda de 7 jogadores, em nome da organizada, e pedindo o respaldo da torcida para [&hellip;]<\/p>\n","protected":false},"author":1,"featured_media":47297,"comment_status":"open","ping_status":"closed","sticky":false,"template":"","format":"standard","meta":{"footnotes":""},"categories":[47],"tags":[],"class_list":["post-83082","post","type-post","status-publish","format-standard","has-post-thumbnail","hentry","category-destaques"],"yoast_head":"<!-- This site is optimized with the Yoast SEO Premium plugin v24.2 (Yoast SEO v26.9) - https:\/\/yoast.com\/product\/yoast-seo-premium-wordpress\/ -->\n<title>Torcida organizada do Flamengo pede a sa\u00edda de Hugo, Isla, L\u00e9o Pereira, Filipe Lu\u00eds, \u00c9verton Ribeiro, William Ar\u00e3o e Vitinho<\/title>\n<meta name=\"robots\" content=\"index, follow, max-snippet:-1, max-image-preview:large, max-video-preview:-1\" \/>\n<link rel=\"canonical\" href=\"https:\/\/www.gaveanews.com\/index.php\/2022\/06\/13\/torcida-organizada-do-flamengo-pede-a-saida-de-hugo-isla-leo-pereira-filipe-luis-everton-ribeiro-william-arao-e-vitinho\/\" \/>\n<meta property=\"og:locale\" content=\"pt_BR\" \/>\n<meta property=\"og:type\" content=\"article\" \/>\n<meta property=\"og:title\" content=\"Torcida organizada do Flamengo pede a sa\u00edda de Hugo, Isla, L\u00e9o Pereira, Filipe Lu\u00eds, \u00c9verton Ribeiro, William Ar\u00e3o e Vitinho\" \/>\n<meta property=\"og:description\" content=\"Uma lista de dispensas foi elaborada para o Flamengo. Nela, constam 7 atletas divulgados por uma torcida organizada. Mais precisamente, pelo \u201cDudu\u201d, da Torcida Jovem do Fla. O torcedor gravou um v\u00eddeo na noite do \u00faltimo domingo (12) exigindo a sa\u00edda de 7 jogadores, em nome da organizada, e pedindo o respaldo da torcida para [&hellip;]\" \/>\n<meta property=\"og:url\" content=\"https:\/\/www.gaveanews.com\/index.php\/2022\/06\/13\/torcida-organizada-do-flamengo-pede-a-saida-de-hugo-isla-leo-pereira-filipe-luis-everton-ribeiro-william-arao-e-vitinho\/\" \/>\n<meta property=\"og:site_name\" content=\"G\u00e1vea News\" \/>\n<meta property=\"article:publisher\" content=\"https:\/\/facebook.com\/gaveaNews\/\" \/>\n<meta property=\"article:published_time\" content=\"2022-06-13T18:53:06+00:00\" \/>\n<meta property=\"article:modified_time\" content=\"2022-06-13T18:53:07+00:00\" \/>\n<meta property=\"og:image\" content=\"https:\/\/www.gaveanews.com\/wp-content\/uploads\/Vitinho-em-acao-na-partida-contra-o-Ceara.webp\" \/>\n\t<meta property=\"og:image:width\" content=\"799\" \/>\n\t<meta property=\"og:image:height\" content=\"532\" \/>\n\t<meta property=\"og:image:type\" content=\"image\/jpeg\" \/>\n<meta name=\"author\" content=\"Equipe G\u00e1vea News\" \/>\n<meta name=\"twitter:card\" content=\"summary_large_image\" \/>\n<meta name=\"twitter:label1\" content=\"Escrito por\" \/>\n\t<meta name=\"twitter:data1\" content=\"Equipe G\u00e1vea News\" \/>\n\t<meta name=\"twitter:label2\" content=\"Est. tempo de leitura\" \/>\n\t<meta name=\"twitter:data2\" content=\"3 minutos\" \/>\n<script type=\"application\/ld+json\" class=\"yoast-schema-graph\">{\"@context\":\"https:\/\/schema.org\",\"@graph\":[{\"@type\":\"NewsArticle\",\"@id\":\"https:\/\/www.gaveanews.com\/index.php\/2022\/06\/13\/torcida-organizada-do-flamengo-pede-a-saida-de-hugo-isla-leo-pereira-filipe-luis-everton-ribeiro-william-arao-e-vitinho\/#article\",\"isPartOf\":{\"@id\":\"https:\/\/www.gaveanews.com\/index.php\/2022\/06\/13\/torcida-organizada-do-flamengo-pede-a-saida-de-hugo-isla-leo-pereira-filipe-luis-everton-ribeiro-william-arao-e-vitinho\/\"},\"author\":{\"name\":\"Equipe G\u00e1vea News\",\"@id\":\"https:\/\/www.gaveanews.com\/#\/schema\/person\/2ec14f73fb96be2caf28f91afb14749d\"},\"headline\":\"Torcida organizada do Flamengo pede a sa\u00edda de Hugo, Isla, L\u00e9o Pereira, Filipe Lu\u00eds, \u00c9verton Ribeiro, William Ar\u00e3o e Vitinho\",\"datePublished\":\"2022-06-13T18:53:06+00:00\",\"dateModified\":\"2022-06-13T18:53:07+00:00\",\"mainEntityOfPage\":{\"@id\":\"https:\/\/www.gaveanews.com\/index.php\/2022\/06\/13\/torcida-organizada-do-flamengo-pede-a-saida-de-hugo-isla-leo-pereira-filipe-luis-everton-ribeiro-william-arao-e-vitinho\/\"},\"wordCount\":429,\"commentCount\":0,\"image\":{\"@id\":\"https:\/\/www.gaveanews.com\/index.php\/2022\/06\/13\/torcida-organizada-do-flamengo-pede-a-saida-de-hugo-isla-leo-pereira-filipe-luis-everton-ribeiro-william-arao-e-vitinho\/#primaryimage\"},\"thumbnailUrl\":\"https:\/\/www.gaveanews.com\/wp-content\/uploads\/Vitinho-em-acao-na-partida-contra-o-Ceara.webp\",\"articleSection\":[\"Destaques\"],\"inLanguage\":\"pt-BR\",\"potentialAction\":[{\"@type\":\"CommentAction\",\"name\":\"Comment\",\"target\":[\"https:\/\/www.gaveanews.com\/index.php\/2022\/06\/13\/torcida-organizada-do-flamengo-pede-a-saida-de-hugo-isla-leo-pereira-filipe-luis-everton-ribeiro-william-arao-e-vitinho\/#respond\"]}],\"copyrightYear\":\"2022\",\"copyrightHolder\":{\"@id\":\"https:\/\/www.gaveanews.com\/#organization\"}},{\"@type\":\"WebPage\",\"@id\":\"https:\/\/www.gaveanews.com\/index.php\/2022\/06\/13\/torcida-organizada-do-flamengo-pede-a-saida-de-hugo-isla-leo-pereira-filipe-luis-everton-ribeiro-william-arao-e-vitinho\/\",\"url\":\"https:\/\/www.gaveanews.com\/index.php\/2022\/06\/13\/torcida-organizada-do-flamengo-pede-a-saida-de-hugo-isla-leo-pereira-filipe-luis-everton-ribeiro-william-arao-e-vitinho\/\",\"name\":\"Torcida organizada do Flamengo pede a sa\u00edda de Hugo, Isla, L\u00e9o Pereira, Filipe Lu\u00eds, \u00c9verton Ribeiro, William Ar\u00e3o e Vitinho\",\"isPartOf\":{\"@id\":\"https:\/\/www.gaveanews.com\/#website\"},\"primaryImageOfPage\":{\"@id\":\"https:\/\/www.gaveanews.com\/index.php\/2022\/06\/13\/torcida-organizada-do-flamengo-pede-a-saida-de-hugo-isla-leo-pereira-filipe-luis-everton-ribeiro-william-arao-e-vitinho\/#primaryimage\"},\"image\":{\"@id\":\"https:\/\/www.gaveanews.com\/index.php\/2022\/06\/13\/torcida-organizada-do-flamengo-pede-a-saida-de-hugo-isla-leo-pereira-filipe-luis-everton-ribeiro-william-arao-e-vitinho\/#primaryimage\"},\"thumbnailUrl\":\"https:\/\/www.gaveanews.com\/wp-content\/uploads\/Vitinho-em-acao-na-partida-contra-o-Ceara.webp\",\"datePublished\":\"2022-06-13T18:53:06+00:00\",\"dateModified\":\"2022-06-13T18:53:07+00:00\",\"author\":{\"@id\":\"https:\/\/www.gaveanews.com\/#\/schema\/person\/2ec14f73fb96be2caf28f91afb14749d\"},\"breadcrumb\":{\"@id\":\"https:\/\/www.gaveanews.com\/index.php\/2022\/06\/13\/torcida-organizada-do-flamengo-pede-a-saida-de-hugo-isla-leo-pereira-filipe-luis-everton-ribeiro-william-arao-e-vitinho\/#breadcrumb\"},\"inLanguage\":\"pt-BR\",\"potentialAction\":[{\"@type\":\"ReadAction\",\"target\":[\"https:\/\/www.gaveanews.com\/index.php\/2022\/06\/13\/torcida-organizada-do-flamengo-pede-a-saida-de-hugo-isla-leo-pereira-filipe-luis-everton-ribeiro-william-arao-e-vitinho\/\"]}]},{\"@type\":\"ImageObject\",\"inLanguage\":\"pt-BR\",\"@id\":\"https:\/\/www.gaveanews.com\/index.php\/2022\/06\/13\/torcida-organizada-do-flamengo-pede-a-saida-de-hugo-isla-leo-pereira-filipe-luis-everton-ribeiro-william-arao-e-vitinho\/#primaryimage\",\"url\":\"https:\/\/www.gaveanews.com\/wp-content\/uploads\/Vitinho-em-acao-na-partida-contra-o-Ceara.webp\",\"contentUrl\":\"https:\/\/www.gaveanews.com\/wp-content\/uploads\/Vitinho-em-acao-na-partida-contra-o-Ceara.webp\",\"width\":799,\"height\":532,\"caption\":\"Vitinho em a\u00e7\u00e3o na partida contra o Cear\u00e1 (Foto: Alexandre Vidal\/Flamengo)\"},{\"@type\":\"BreadcrumbList\",\"@id\":\"https:\/\/www.gaveanews.com\/index.php\/2022\/06\/13\/torcida-organizada-do-flamengo-pede-a-saida-de-hugo-isla-leo-pereira-filipe-luis-everton-ribeiro-william-arao-e-vitinho\/#breadcrumb\",\"itemListElement\":[{\"@type\":\"ListItem\",\"position\":1,\"name\":\"Home\",\"item\":\"https:\/\/www.gaveanews.com\/\"},{\"@type\":\"ListItem\",\"position\":2,\"name\":\"Torcida organizada do Flamengo pede a sa\u00edda de Hugo, Isla, L\u00e9o Pereira, Filipe Lu\u00eds, \u00c9verton Ribeiro, William Ar\u00e3o e Vitinho\"}]},{\"@type\":\"WebSite\",\"@id\":\"https:\/\/www.gaveanews.com\/#website\",\"url\":\"https:\/\/www.gaveanews.com\/\",\"name\":\"G\u00e1vea News\",\"description\":\"Veja todas as not\u00edcias sobre o Flamengo: Contrata\u00e7\u00f5es, categorias de base, resultados das partidas, tabela de classifica\u00e7\u00e3o, pr\u00f3ximos jogos!\",\"potentialAction\":[{\"@type\":\"SearchAction\",\"target\":{\"@type\":\"EntryPoint\",\"urlTemplate\":\"https:\/\/www.gaveanews.com\/?s={search_term_string}\"},\"query-input\":{\"@type\":\"PropertyValueSpecification\",\"valueRequired\":true,\"valueName\":\"search_term_string\"}}],\"inLanguage\":\"pt-BR\"},{\"@type\":\"Person\",\"@id\":\"https:\/\/www.gaveanews.com\/#\/schema\/person\/2ec14f73fb96be2caf28f91afb14749d\",\"name\":\"Equipe G\u00e1vea News\",\"image\":{\"@type\":\"ImageObject\",\"inLanguage\":\"pt-BR\",\"@id\":\"https:\/\/www.gaveanews.com\/#\/schema\/person\/image\/\",\"url\":\"https:\/\/secure.gravatar.com\/avatar\/1e1956f1facbffd3f8fa53a326721950116b3b9dc9bd44939c01180fd4a745a9?s=96&d=mm&r=g\",\"contentUrl\":\"https:\/\/secure.gravatar.com\/avatar\/1e1956f1facbffd3f8fa53a326721950116b3b9dc9bd44939c01180fd4a745a9?s=96&d=mm&r=g\",\"caption\":\"Equipe G\u00e1vea News\"}}]}<\/script>\n<!-- \/ Yoast SEO Premium plugin. -->","yoast_head_json":{"title":"Torcida organizada do Flamengo pede a sa\u00edda de Hugo, Isla, L\u00e9o Pereira, Filipe Lu\u00eds, \u00c9verton Ribeiro, William Ar\u00e3o e Vitinho","robots":{"index":"index","follow":"follow","max-snippet":"max-snippet:-1","max-image-preview":"max-image-preview:large","max-video-preview":"max-video-preview:-1"},"canonical":"https:\/\/www.gaveanews.com\/index.php\/2022\/06\/13\/torcida-organizada-do-flamengo-pede-a-saida-de-hugo-isla-leo-pereira-filipe-luis-everton-ribeiro-william-arao-e-vitinho\/","og_locale":"pt_BR","og_type":"article","og_title":"Torcida organizada do Flamengo pede a sa\u00edda de Hugo, Isla, L\u00e9o Pereira, Filipe Lu\u00eds, \u00c9verton Ribeiro, William Ar\u00e3o e Vitinho","og_description":"Uma lista de dispensas foi elaborada para o Flamengo. Nela, constam 7 atletas divulgados por uma torcida organizada. Mais precisamente, pelo \u201cDudu\u201d, da Torcida Jovem do Fla. O torcedor gravou um v\u00eddeo na noite do \u00faltimo domingo (12) exigindo a sa\u00edda de 7 jogadores, em nome da organizada, e pedindo o respaldo da torcida para [&hellip;]","og_url":"https:\/\/www.gaveanews.com\/index.php\/2022\/06\/13\/torcida-organizada-do-flamengo-pede-a-saida-de-hugo-isla-leo-pereira-filipe-luis-everton-ribeiro-william-arao-e-vitinho\/","og_site_name":"G\u00e1vea News","article_publisher":"https:\/\/facebook.com\/gaveaNews\/","article_published_time":"2022-06-13T18:53:06+00:00","article_modified_time":"2022-06-13T18:53:07+00:00","og_image":[{"width":799,"height":532,"url":"https:\/\/www.gaveanews.com\/wp-content\/uploads\/Vitinho-em-acao-na-partida-contra-o-Ceara.webp","type":"image\/jpeg"}],"author":"Equipe G\u00e1vea News","twitter_card":"summary_large_image","twitter_misc":{"Escrito por":"Equipe G\u00e1vea News","Est. tempo de leitura":"3 minutos"},"schema":{"@context":"https:\/\/schema.org","@graph":[{"@type":"NewsArticle","@id":"https:\/\/www.gaveanews.com\/index.php\/2022\/06\/13\/torcida-organizada-do-flamengo-pede-a-saida-de-hugo-isla-leo-pereira-filipe-luis-everton-ribeiro-william-arao-e-vitinho\/#article","isPartOf":{"@id":"https:\/\/www.gaveanews.com\/index.php\/2022\/06\/13\/torcida-organizada-do-flamengo-pede-a-saida-de-hugo-isla-leo-pereira-filipe-luis-everton-ribeiro-william-arao-e-vitinho\/"},"author":{"name":"Equipe G\u00e1vea News","@id":"https:\/\/www.gaveanews.com\/#\/schema\/person\/2ec14f73fb96be2caf28f91afb14749d"},"headline":"Torcida organizada do Flamengo pede a sa\u00edda de Hugo, Isla, L\u00e9o Pereira, Filipe Lu\u00eds, \u00c9verton Ribeiro, William Ar\u00e3o e Vitinho","datePublished":"2022-06-13T18:53:06+00:00","dateModified":"2022-06-13T18:53:07+00:00","mainEntityOfPage":{"@id":"https:\/\/www.gaveanews.com\/index.php\/2022\/06\/13\/torcida-organizada-do-flamengo-pede-a-saida-de-hugo-isla-leo-pereira-filipe-luis-everton-ribeiro-william-arao-e-vitinho\/"},"wordCount":429,"commentCount":0,"image":{"@id":"https:\/\/www.gaveanews.com\/index.php\/2022\/06\/13\/torcida-organizada-do-flamengo-pede-a-saida-de-hugo-isla-leo-pereira-filipe-luis-everton-ribeiro-william-arao-e-vitinho\/#primaryimage"},"thumbnailUrl":"https:\/\/www.gaveanews.com\/wp-content\/uploads\/Vitinho-em-acao-na-partida-contra-o-Ceara.webp","articleSection":["Destaques"],"inLanguage":"pt-BR","potentialAction":[{"@type":"CommentAction","name":"Comment","target":["https:\/\/www.gaveanews.com\/index.php\/2022\/06\/13\/torcida-organizada-do-flamengo-pede-a-saida-de-hugo-isla-leo-pereira-filipe-luis-everton-ribeiro-william-arao-e-vitinho\/#respond"]}],"copyrightYear":"2022","copyrightHolder":{"@id":"https:\/\/www.gaveanews.com\/#organization"}},{"@type":"WebPage","@id":"https:\/\/www.gaveanews.com\/index.php\/2022\/06\/13\/torcida-organizada-do-flamengo-pede-a-saida-de-hugo-isla-leo-pereira-filipe-luis-everton-ribeiro-william-arao-e-vitinho\/","url":"https:\/\/www.gaveanews.com\/index.php\/2022\/06\/13\/torcida-organizada-do-flamengo-pede-a-saida-de-hugo-isla-leo-pereira-filipe-luis-everton-ribeiro-william-arao-e-vitinho\/","name":"Torcida organizada do Flamengo pede a sa\u00edda de Hugo, Isla, L\u00e9o Pereira, Filipe Lu\u00eds, \u00c9verton Ribeiro, William Ar\u00e3o e Vitinho","isPartOf":{"@id":"https:\/\/www.gaveanews.com\/#website"},"primaryImageOfPage":{"@id":"https:\/\/www.gaveanews.com\/index.php\/2022\/06\/13\/torcida-organizada-do-flamengo-pede-a-saida-de-hugo-isla-leo-pereira-filipe-luis-everton-ribeiro-william-arao-e-vitinho\/#primaryimage"},"image":{"@id":"https:\/\/www.gaveanews.com\/index.php\/2022\/06\/13\/torcida-organizada-do-flamengo-pede-a-saida-de-hugo-isla-leo-pereira-filipe-luis-everton-ribeiro-william-arao-e-vitinho\/#primaryimage"},"thumbnailUrl":"https:\/\/www.gaveanews.com\/wp-content\/uploads\/Vitinho-em-acao-na-partida-contra-o-Ceara.webp","datePublished":"2022-06-13T18:53:06+00:00","dateModified":"2022-06-13T18:53:07+00:00","author":{"@id":"https:\/\/www.gaveanews.com\/#\/schema\/person\/2ec14f73fb96be2caf28f91afb14749d"},"breadcrumb":{"@id":"https:\/\/www.gaveanews.com\/index.php\/2022\/06\/13\/torcida-organizada-do-flamengo-pede-a-saida-de-hugo-isla-leo-pereira-filipe-luis-everton-ribeiro-william-arao-e-vitinho\/#breadcrumb"},"inLanguage":"pt-BR","potentialAction":[{"@type":"ReadAction","target":["https:\/\/www.gaveanews.com\/index.php\/2022\/06\/13\/torcida-organizada-do-flamengo-pede-a-saida-de-hugo-isla-leo-pereira-filipe-luis-everton-ribeiro-william-arao-e-vitinho\/"]}]},{"@type":"ImageObject","inLanguage":"pt-BR","@id":"https:\/\/www.gaveanews.com\/index.php\/2022\/06\/13\/torcida-organizada-do-flamengo-pede-a-saida-de-hugo-isla-leo-pereira-filipe-luis-everton-ribeiro-william-arao-e-vitinho\/#primaryimage","url":"https:\/\/www.gaveanews.com\/wp-content\/uploads\/Vitinho-em-acao-na-partida-contra-o-Ceara.webp","contentUrl":"https:\/\/www.gaveanews.com\/wp-content\/uploads\/Vitinho-em-acao-na-partida-contra-o-Ceara.webp","width":799,"height":532,"caption":"Vitinho em a\u00e7\u00e3o na partida contra o Cear\u00e1 (Foto: Alexandre Vidal\/Flamengo)"},{"@type":"BreadcrumbList","@id":"https:\/\/www.gaveanews.com\/index.php\/2022\/06\/13\/torcida-organizada-do-flamengo-pede-a-saida-de-hugo-isla-leo-pereira-filipe-luis-everton-ribeiro-william-arao-e-vitinho\/#breadcrumb","itemListElement":[{"@type":"ListItem","position":1,"name":"Home","item":"https:\/\/www.gaveanews.com\/"},{"@type":"ListItem","position":2,"name":"Torcida organizada do Flamengo pede a sa\u00edda de Hugo, Isla, L\u00e9o Pereira, Filipe Lu\u00eds, \u00c9verton Ribeiro, William Ar\u00e3o e Vitinho"}]},{"@type":"WebSite","@id":"https:\/\/www.gaveanews.com\/#website","url":"https:\/\/www.gaveanews.com\/","name":"G\u00e1vea News","description":"Veja todas as not\u00edcias sobre o Flamengo: Contrata\u00e7\u00f5es, categorias de base, resultados das partidas, tabela de classifica\u00e7\u00e3o, pr\u00f3ximos jogos!","potentialAction":[{"@type":"SearchAction","target":{"@type":"EntryPoint","urlTemplate":"https:\/\/www.gaveanews.com\/?s={search_term_string}"},"query-input":{"@type":"PropertyValueSpecification","valueRequired":true,"valueName":"search_term_string"}}],"inLanguage":"pt-BR"},{"@type":"Person","@id":"https:\/\/www.gaveanews.com\/#\/schema\/person\/2ec14f73fb96be2caf28f91afb14749d","name":"Equipe G\u00e1vea News","image":{"@type":"ImageObject","inLanguage":"pt-BR","@id":"https:\/\/www.gaveanews.com\/#\/schema\/person\/image\/","url":"https:\/\/secure.gravatar.com\/avatar\/1e1956f1facbffd3f8fa53a326721950116b3b9dc9bd44939c01180fd4a745a9?s=96&d=mm&r=g","contentUrl":"https:\/\/secure.gravatar.com\/avatar\/1e1956f1facbffd3f8fa53a326721950116b3b9dc9bd44939c01180fd4a745a9?s=96&d=mm&r=g","caption":"Equipe G\u00e1vea News"}}]}},"_links":{"self":[{"href":"https:\/\/www.gaveanews.com\/index.php\/wp-json\/wp\/v2\/posts\/83082","targetHints":{"allow":["GET"]}}],"collection":[{"href":"https:\/\/www.gaveanews.com\/index.php\/wp-json\/wp\/v2\/posts"}],"about":[{"href":"https:\/\/www.gaveanews.com\/index.php\/wp-json\/wp\/v2\/types\/post"}],"author":[{"embeddable":true,"href":"https:\/\/www.gaveanews.com\/index.php\/wp-json\/wp\/v2\/users\/1"}],"replies":[{"embeddable":true,"href":"https:\/\/www.gaveanews.com\/index.php\/wp-json\/wp\/v2\/comments?post=83082"}],"version-history":[{"count":0,"href":"https:\/\/www.gaveanews.com\/index.php\/wp-json\/wp\/v2\/posts\/83082\/revisions"}],"wp:featuredmedia":[{"embeddable":true,"href":"https:\/\/www.gaveanews.com\/index.php\/wp-json\/wp\/v2\/media\/47297"}],"wp:attachment":[{"href":"https:\/\/www.gaveanews.com\/index.php\/wp-json\/wp\/v2\/media?parent=83082"}],"wp:term":[{"taxonomy":"category","embeddable":true,"href":"https:\/\/www.gaveanews.com\/index.php\/wp-json\/wp\/v2\/categories?post=83082"},{"taxonomy":"post_tag","embeddable":true,"href":"https:\/\/www.gaveanews.com\/index.php\/wp-json\/wp\/v2\/tags?post=83082"}],"curies":[{"name":"wp","href":"https:\/\/api.w.org\/{rel}","templated":true}]}}