{"id":83084,"date":"2022-06-13T16:18:45","date_gmt":"2022-06-13T19:18:45","guid":{"rendered":"https:\/\/www.gaveanews.com\/?p=83084"},"modified":"2022-06-13T16:20:34","modified_gmt":"2022-06-13T19:20:34","slug":"de-arrascaeta-volta-ao-flamengo-e-se-manifesta-nas-redes-sociais","status":"publish","type":"post","link":"https:\/\/www.gaveanews.com\/index.php\/2022\/06\/13\/de-arrascaeta-volta-ao-flamengo-e-se-manifesta-nas-redes-sociais\/","title":{"rendered":"De Arrascaeta volta ao Flamengo e se manifesta nas redes sociais"},"content":{"rendered":"\n<p>Nos \u00faltimos jogos, o time do Flamengo n\u00e3o pode contar com um dos seus principais jogadores: Giorgian De Arrascaeta. O meia foi acionado por Diego Alonso (t\u00e9cnico do Uruguai) para os jogos contra o M\u00e9xico, Estados Unidos e Panam\u00e1. Entretanto, o jogador do Flamengo ficou de fora dos primeiros dois amistosos. O departamento m\u00e9dico flamenguista, inclusive, solicitou que ele n\u00e3o jogasse por conta do desgaste f\u00edsico devido a sequ\u00eancia de jogos do rubro-negro.<\/p>\n\n\n\n<p>Em rela\u00e7\u00e3o ao duelo contra o Panam\u00e1, Arrascaeta foi titular. Mas jogou apenas no primeiro tempo. No intervalo, De la Cruz, do River Plate, entrou em seu lugar. Apesar de ter jogado apenas 45 minuntos, Arrascaeta, ainda assim, conseguiu mostrar o seu talento. Aos 39 minutos, ele deu uma assist\u00eancia para Cavani tirar o 0 do placar. <\/p>\n\n\n\n<p>O jogo entre Uruguai contra o Panam\u00e1 ocorreu no \u00faltimo s\u00e1bado (11 de junho). J\u00e1 nesta segunda-feira (13), Arrascaeta retornou ao Flamengo e participou do primeiro treino comandado por Dorival Junior. Ali\u00e1s, o pr\u00f3prio jogador fez quest\u00e3o de compartilhar este momento nas redes sociais.<\/p>\n\n\n\n<ul class=\"wp-block-list\"><li><a href=\"https:\/\/www.gaveanews.com\/index.php\/2022\/06\/13\/com-novidade-dorival-junior-comanda-o-seu-primeiro-treino-no-flamengo\/\">Com novidade, Dorival J\u00fanior comanda o seu primeiro treino no Flamengo<\/a><\/li><\/ul>\n\n\n\n<p>Atrav\u00e9s de seu perfil oficial no <em>Twitter<\/em>, Arrascaeta compartilhou duas fotos, juntamente com a seguinte legenda: &#8220;De volta em casa&#8221;. <strong>Confira abaixo a publica\u00e7\u00e3o:<\/strong> <\/p>\n\n\n\n<figure class=\"wp-block-embed is-type-rich is-provider-twitter wp-block-embed-twitter\"><div class=\"wp-block-embed__wrapper\">\n<blockquote class=\"twitter-tweet\" data-width=\"550\" data-dnt=\"true\"><p lang=\"pt\" dir=\"ltr\">De volta em Casa \u2665\ufe0f\ud83d\udda4\ud83e\udee1 <a href=\"https:\/\/t.co\/wmlEiCfdF4\">pic.twitter.com\/wmlEiCfdF4<\/a><\/p>&mdash; GiorgiandeArrascaeta (@GiorgiandeA) <a href=\"https:\/\/twitter.com\/GiorgiandeA\/status\/1536411228129660932?ref_src=twsrc%5Etfw\">June 13, 2022<\/a><\/blockquote><script async src=\"https:\/\/platform.twitter.com\/widgets.js\" charset=\"utf-8\"><\/script>\n<\/div><\/figure>\n","protected":false},"excerpt":{"rendered":"<p>Nos \u00faltimos jogos, o time do Flamengo n\u00e3o pode contar com um dos seus principais jogadores: Giorgian De Arrascaeta. O meia foi acionado por Diego Alonso (t\u00e9cnico do Uruguai) para os jogos contra o M\u00e9xico, Estados Unidos e Panam\u00e1. Entretanto, o jogador do Flamengo ficou de fora dos primeiros dois amistosos. O departamento m\u00e9dico flamenguista, [&hellip;]<\/p>\n","protected":false},"author":2,"featured_media":78759,"comment_status":"open","ping_status":"closed","sticky":false,"template":"","format":"standard","meta":{"footnotes":""},"categories":[47],"tags":[],"class_list":["post-83084","post","type-post","status-publish","format-standard","has-post-thumbnail","hentry","category-destaques"],"yoast_head":"<!-- This site is optimized with the Yoast SEO Premium plugin v24.2 (Yoast SEO v26.9) - https:\/\/yoast.com\/product\/yoast-seo-premium-wordpress\/ -->\n<title>De Arrascaeta volta ao Flamengo e se manifesta nas redes sociais<\/title>\n<meta name=\"robots\" content=\"index, follow, max-snippet:-1, max-image-preview:large, max-video-preview:-1\" \/>\n<link rel=\"canonical\" href=\"https:\/\/www.gaveanews.com\/index.php\/2022\/06\/13\/de-arrascaeta-volta-ao-flamengo-e-se-manifesta-nas-redes-sociais\/\" \/>\n<meta property=\"og:locale\" content=\"pt_BR\" \/>\n<meta property=\"og:type\" content=\"article\" \/>\n<meta property=\"og:title\" content=\"De Arrascaeta volta ao Flamengo e se manifesta nas redes sociais\" \/>\n<meta property=\"og:description\" content=\"Nos \u00faltimos jogos, o time do Flamengo n\u00e3o pode contar com um dos seus principais jogadores: Giorgian De Arrascaeta. O meia foi acionado por Diego Alonso (t\u00e9cnico do Uruguai) para os jogos contra o M\u00e9xico, Estados Unidos e Panam\u00e1. Entretanto, o jogador do Flamengo ficou de fora dos primeiros dois amistosos. O departamento m\u00e9dico flamenguista, [&hellip;]\" \/>\n<meta property=\"og:url\" content=\"https:\/\/www.gaveanews.com\/index.php\/2022\/06\/13\/de-arrascaeta-volta-ao-flamengo-e-se-manifesta-nas-redes-sociais\/\" \/>\n<meta property=\"og:site_name\" content=\"G\u00e1vea News\" \/>\n<meta property=\"article:publisher\" content=\"https:\/\/facebook.com\/gaveaNews\/\" \/>\n<meta property=\"article:published_time\" content=\"2022-06-13T19:18:45+00:00\" \/>\n<meta property=\"article:modified_time\" content=\"2022-06-13T19:20:34+00:00\" \/>\n<meta property=\"og:image\" content=\"https:\/\/www.gaveanews.com\/wp-content\/uploads\/Arrascaeta-em-acao-pelo-Flamengo.webp\" \/>\n\t<meta property=\"og:image:width\" content=\"800\" \/>\n\t<meta property=\"og:image:height\" content=\"533\" \/>\n\t<meta property=\"og:image:type\" content=\"image\/jpeg\" \/>\n<meta name=\"author\" content=\"Hugo Nogueira\" \/>\n<meta name=\"twitter:card\" content=\"summary_large_image\" \/>\n<meta name=\"twitter:label1\" content=\"Escrito por\" \/>\n\t<meta name=\"twitter:data1\" content=\"Hugo Nogueira\" \/>\n\t<meta name=\"twitter:label2\" content=\"Est. tempo de leitura\" \/>\n\t<meta name=\"twitter:data2\" content=\"2 minutos\" \/>\n<script type=\"application\/ld+json\" class=\"yoast-schema-graph\">{\"@context\":\"https:\/\/schema.org\",\"@graph\":[{\"@type\":\"NewsArticle\",\"@id\":\"https:\/\/www.gaveanews.com\/index.php\/2022\/06\/13\/de-arrascaeta-volta-ao-flamengo-e-se-manifesta-nas-redes-sociais\/#article\",\"isPartOf\":{\"@id\":\"https:\/\/www.gaveanews.com\/index.php\/2022\/06\/13\/de-arrascaeta-volta-ao-flamengo-e-se-manifesta-nas-redes-sociais\/\"},\"author\":{\"name\":\"Hugo Nogueira\",\"@id\":\"https:\/\/www.gaveanews.com\/#\/schema\/person\/3a0372021fabaeec4e7e4242cfa27841\"},\"headline\":\"De Arrascaeta volta ao Flamengo e se manifesta nas redes sociais\",\"datePublished\":\"2022-06-13T19:18:45+00:00\",\"dateModified\":\"2022-06-13T19:20:34+00:00\",\"mainEntityOfPage\":{\"@id\":\"https:\/\/www.gaveanews.com\/index.php\/2022\/06\/13\/de-arrascaeta-volta-ao-flamengo-e-se-manifesta-nas-redes-sociais\/\"},\"wordCount\":236,\"commentCount\":0,\"image\":{\"@id\":\"https:\/\/www.gaveanews.com\/index.php\/2022\/06\/13\/de-arrascaeta-volta-ao-flamengo-e-se-manifesta-nas-redes-sociais\/#primaryimage\"},\"thumbnailUrl\":\"https:\/\/www.gaveanews.com\/wp-content\/uploads\/Arrascaeta-em-acao-pelo-Flamengo.webp\",\"articleSection\":[\"Destaques\"],\"inLanguage\":\"pt-BR\",\"potentialAction\":[{\"@type\":\"CommentAction\",\"name\":\"Comment\",\"target\":[\"https:\/\/www.gaveanews.com\/index.php\/2022\/06\/13\/de-arrascaeta-volta-ao-flamengo-e-se-manifesta-nas-redes-sociais\/#respond\"]}],\"copyrightYear\":\"2022\",\"copyrightHolder\":{\"@id\":\"https:\/\/www.gaveanews.com\/#organization\"}},{\"@type\":\"WebPage\",\"@id\":\"https:\/\/www.gaveanews.com\/index.php\/2022\/06\/13\/de-arrascaeta-volta-ao-flamengo-e-se-manifesta-nas-redes-sociais\/\",\"url\":\"https:\/\/www.gaveanews.com\/index.php\/2022\/06\/13\/de-arrascaeta-volta-ao-flamengo-e-se-manifesta-nas-redes-sociais\/\",\"name\":\"De Arrascaeta volta ao Flamengo e se manifesta nas redes sociais\",\"isPartOf\":{\"@id\":\"https:\/\/www.gaveanews.com\/#website\"},\"primaryImageOfPage\":{\"@id\":\"https:\/\/www.gaveanews.com\/index.php\/2022\/06\/13\/de-arrascaeta-volta-ao-flamengo-e-se-manifesta-nas-redes-sociais\/#primaryimage\"},\"image\":{\"@id\":\"https:\/\/www.gaveanews.com\/index.php\/2022\/06\/13\/de-arrascaeta-volta-ao-flamengo-e-se-manifesta-nas-redes-sociais\/#primaryimage\"},\"thumbnailUrl\":\"https:\/\/www.gaveanews.com\/wp-content\/uploads\/Arrascaeta-em-acao-pelo-Flamengo.webp\",\"datePublished\":\"2022-06-13T19:18:45+00:00\",\"dateModified\":\"2022-06-13T19:20:34+00:00\",\"author\":{\"@id\":\"https:\/\/www.gaveanews.com\/#\/schema\/person\/3a0372021fabaeec4e7e4242cfa27841\"},\"breadcrumb\":{\"@id\":\"https:\/\/www.gaveanews.com\/index.php\/2022\/06\/13\/de-arrascaeta-volta-ao-flamengo-e-se-manifesta-nas-redes-sociais\/#breadcrumb\"},\"inLanguage\":\"pt-BR\",\"potentialAction\":[{\"@type\":\"ReadAction\",\"target\":[\"https:\/\/www.gaveanews.com\/index.php\/2022\/06\/13\/de-arrascaeta-volta-ao-flamengo-e-se-manifesta-nas-redes-sociais\/\"]}]},{\"@type\":\"ImageObject\",\"inLanguage\":\"pt-BR\",\"@id\":\"https:\/\/www.gaveanews.com\/index.php\/2022\/06\/13\/de-arrascaeta-volta-ao-flamengo-e-se-manifesta-nas-redes-sociais\/#primaryimage\",\"url\":\"https:\/\/www.gaveanews.com\/wp-content\/uploads\/Arrascaeta-em-acao-pelo-Flamengo.webp\",\"contentUrl\":\"https:\/\/www.gaveanews.com\/wp-content\/uploads\/Arrascaeta-em-acao-pelo-Flamengo.webp\",\"width\":800,\"height\":533,\"caption\":\"Arrascaeta em a\u00e7\u00e3o pelo Flamengo (Foto: Marcelo Cortes\/Flamengo)\"},{\"@type\":\"BreadcrumbList\",\"@id\":\"https:\/\/www.gaveanews.com\/index.php\/2022\/06\/13\/de-arrascaeta-volta-ao-flamengo-e-se-manifesta-nas-redes-sociais\/#breadcrumb\",\"itemListElement\":[{\"@type\":\"ListItem\",\"position\":1,\"name\":\"Home\",\"item\":\"https:\/\/www.gaveanews.com\/\"},{\"@type\":\"ListItem\",\"position\":2,\"name\":\"De Arrascaeta volta ao Flamengo e se manifesta nas redes sociais\"}]},{\"@type\":\"WebSite\",\"@id\":\"https:\/\/www.gaveanews.com\/#website\",\"url\":\"https:\/\/www.gaveanews.com\/\",\"name\":\"G\u00e1vea News\",\"description\":\"Veja todas as not\u00edcias sobre o Flamengo: Contrata\u00e7\u00f5es, categorias de base, resultados das partidas, tabela de classifica\u00e7\u00e3o, pr\u00f3ximos jogos!\",\"potentialAction\":[{\"@type\":\"SearchAction\",\"target\":{\"@type\":\"EntryPoint\",\"urlTemplate\":\"https:\/\/www.gaveanews.com\/?s={search_term_string}\"},\"query-input\":{\"@type\":\"PropertyValueSpecification\",\"valueRequired\":true,\"valueName\":\"search_term_string\"}}],\"inLanguage\":\"pt-BR\"},{\"@type\":\"Person\",\"@id\":\"https:\/\/www.gaveanews.com\/#\/schema\/person\/3a0372021fabaeec4e7e4242cfa27841\",\"name\":\"Hugo Nogueira\",\"image\":{\"@type\":\"ImageObject\",\"inLanguage\":\"pt-BR\",\"@id\":\"https:\/\/www.gaveanews.com\/#\/schema\/person\/image\/\",\"url\":\"https:\/\/secure.gravatar.com\/avatar\/0cdd89f3b47bb55926c08eee2db992845cfdd53f84c9fdd47a49d89b3cd40c0a?s=96&d=mm&r=g\",\"contentUrl\":\"https:\/\/secure.gravatar.com\/avatar\/0cdd89f3b47bb55926c08eee2db992845cfdd53f84c9fdd47a49d89b3cd40c0a?s=96&d=mm&r=g\",\"caption\":\"Hugo Nogueira\"}}]}<\/script>\n<!-- \/ Yoast SEO Premium plugin. -->","yoast_head_json":{"title":"De Arrascaeta volta ao Flamengo e se manifesta nas redes sociais","robots":{"index":"index","follow":"follow","max-snippet":"max-snippet:-1","max-image-preview":"max-image-preview:large","max-video-preview":"max-video-preview:-1"},"canonical":"https:\/\/www.gaveanews.com\/index.php\/2022\/06\/13\/de-arrascaeta-volta-ao-flamengo-e-se-manifesta-nas-redes-sociais\/","og_locale":"pt_BR","og_type":"article","og_title":"De Arrascaeta volta ao Flamengo e se manifesta nas redes sociais","og_description":"Nos \u00faltimos jogos, o time do Flamengo n\u00e3o pode contar com um dos seus principais jogadores: Giorgian De Arrascaeta. O meia foi acionado por Diego Alonso (t\u00e9cnico do Uruguai) para os jogos contra o M\u00e9xico, Estados Unidos e Panam\u00e1. Entretanto, o jogador do Flamengo ficou de fora dos primeiros dois amistosos. O departamento m\u00e9dico flamenguista, [&hellip;]","og_url":"https:\/\/www.gaveanews.com\/index.php\/2022\/06\/13\/de-arrascaeta-volta-ao-flamengo-e-se-manifesta-nas-redes-sociais\/","og_site_name":"G\u00e1vea News","article_publisher":"https:\/\/facebook.com\/gaveaNews\/","article_published_time":"2022-06-13T19:18:45+00:00","article_modified_time":"2022-06-13T19:20:34+00:00","og_image":[{"width":800,"height":533,"url":"https:\/\/www.gaveanews.com\/wp-content\/uploads\/Arrascaeta-em-acao-pelo-Flamengo.webp","type":"image\/jpeg"}],"author":"Hugo Nogueira","twitter_card":"summary_large_image","twitter_misc":{"Escrito por":"Hugo Nogueira","Est. tempo de leitura":"2 minutos"},"schema":{"@context":"https:\/\/schema.org","@graph":[{"@type":"NewsArticle","@id":"https:\/\/www.gaveanews.com\/index.php\/2022\/06\/13\/de-arrascaeta-volta-ao-flamengo-e-se-manifesta-nas-redes-sociais\/#article","isPartOf":{"@id":"https:\/\/www.gaveanews.com\/index.php\/2022\/06\/13\/de-arrascaeta-volta-ao-flamengo-e-se-manifesta-nas-redes-sociais\/"},"author":{"name":"Hugo Nogueira","@id":"https:\/\/www.gaveanews.com\/#\/schema\/person\/3a0372021fabaeec4e7e4242cfa27841"},"headline":"De Arrascaeta volta ao Flamengo e se manifesta nas redes sociais","datePublished":"2022-06-13T19:18:45+00:00","dateModified":"2022-06-13T19:20:34+00:00","mainEntityOfPage":{"@id":"https:\/\/www.gaveanews.com\/index.php\/2022\/06\/13\/de-arrascaeta-volta-ao-flamengo-e-se-manifesta-nas-redes-sociais\/"},"wordCount":236,"commentCount":0,"image":{"@id":"https:\/\/www.gaveanews.com\/index.php\/2022\/06\/13\/de-arrascaeta-volta-ao-flamengo-e-se-manifesta-nas-redes-sociais\/#primaryimage"},"thumbnailUrl":"https:\/\/www.gaveanews.com\/wp-content\/uploads\/Arrascaeta-em-acao-pelo-Flamengo.webp","articleSection":["Destaques"],"inLanguage":"pt-BR","potentialAction":[{"@type":"CommentAction","name":"Comment","target":["https:\/\/www.gaveanews.com\/index.php\/2022\/06\/13\/de-arrascaeta-volta-ao-flamengo-e-se-manifesta-nas-redes-sociais\/#respond"]}],"copyrightYear":"2022","copyrightHolder":{"@id":"https:\/\/www.gaveanews.com\/#organization"}},{"@type":"WebPage","@id":"https:\/\/www.gaveanews.com\/index.php\/2022\/06\/13\/de-arrascaeta-volta-ao-flamengo-e-se-manifesta-nas-redes-sociais\/","url":"https:\/\/www.gaveanews.com\/index.php\/2022\/06\/13\/de-arrascaeta-volta-ao-flamengo-e-se-manifesta-nas-redes-sociais\/","name":"De Arrascaeta volta ao Flamengo e se manifesta nas redes sociais","isPartOf":{"@id":"https:\/\/www.gaveanews.com\/#website"},"primaryImageOfPage":{"@id":"https:\/\/www.gaveanews.com\/index.php\/2022\/06\/13\/de-arrascaeta-volta-ao-flamengo-e-se-manifesta-nas-redes-sociais\/#primaryimage"},"image":{"@id":"https:\/\/www.gaveanews.com\/index.php\/2022\/06\/13\/de-arrascaeta-volta-ao-flamengo-e-se-manifesta-nas-redes-sociais\/#primaryimage"},"thumbnailUrl":"https:\/\/www.gaveanews.com\/wp-content\/uploads\/Arrascaeta-em-acao-pelo-Flamengo.webp","datePublished":"2022-06-13T19:18:45+00:00","dateModified":"2022-06-13T19:20:34+00:00","author":{"@id":"https:\/\/www.gaveanews.com\/#\/schema\/person\/3a0372021fabaeec4e7e4242cfa27841"},"breadcrumb":{"@id":"https:\/\/www.gaveanews.com\/index.php\/2022\/06\/13\/de-arrascaeta-volta-ao-flamengo-e-se-manifesta-nas-redes-sociais\/#breadcrumb"},"inLanguage":"pt-BR","potentialAction":[{"@type":"ReadAction","target":["https:\/\/www.gaveanews.com\/index.php\/2022\/06\/13\/de-arrascaeta-volta-ao-flamengo-e-se-manifesta-nas-redes-sociais\/"]}]},{"@type":"ImageObject","inLanguage":"pt-BR","@id":"https:\/\/www.gaveanews.com\/index.php\/2022\/06\/13\/de-arrascaeta-volta-ao-flamengo-e-se-manifesta-nas-redes-sociais\/#primaryimage","url":"https:\/\/www.gaveanews.com\/wp-content\/uploads\/Arrascaeta-em-acao-pelo-Flamengo.webp","contentUrl":"https:\/\/www.gaveanews.com\/wp-content\/uploads\/Arrascaeta-em-acao-pelo-Flamengo.webp","width":800,"height":533,"caption":"Arrascaeta em a\u00e7\u00e3o pelo Flamengo (Foto: Marcelo Cortes\/Flamengo)"},{"@type":"BreadcrumbList","@id":"https:\/\/www.gaveanews.com\/index.php\/2022\/06\/13\/de-arrascaeta-volta-ao-flamengo-e-se-manifesta-nas-redes-sociais\/#breadcrumb","itemListElement":[{"@type":"ListItem","position":1,"name":"Home","item":"https:\/\/www.gaveanews.com\/"},{"@type":"ListItem","position":2,"name":"De Arrascaeta volta ao Flamengo e se manifesta nas redes sociais"}]},{"@type":"WebSite","@id":"https:\/\/www.gaveanews.com\/#website","url":"https:\/\/www.gaveanews.com\/","name":"G\u00e1vea News","description":"Veja todas as not\u00edcias sobre o Flamengo: Contrata\u00e7\u00f5es, categorias de base, resultados das partidas, tabela de classifica\u00e7\u00e3o, pr\u00f3ximos jogos!","potentialAction":[{"@type":"SearchAction","target":{"@type":"EntryPoint","urlTemplate":"https:\/\/www.gaveanews.com\/?s={search_term_string}"},"query-input":{"@type":"PropertyValueSpecification","valueRequired":true,"valueName":"search_term_string"}}],"inLanguage":"pt-BR"},{"@type":"Person","@id":"https:\/\/www.gaveanews.com\/#\/schema\/person\/3a0372021fabaeec4e7e4242cfa27841","name":"Hugo Nogueira","image":{"@type":"ImageObject","inLanguage":"pt-BR","@id":"https:\/\/www.gaveanews.com\/#\/schema\/person\/image\/","url":"https:\/\/secure.gravatar.com\/avatar\/0cdd89f3b47bb55926c08eee2db992845cfdd53f84c9fdd47a49d89b3cd40c0a?s=96&d=mm&r=g","contentUrl":"https:\/\/secure.gravatar.com\/avatar\/0cdd89f3b47bb55926c08eee2db992845cfdd53f84c9fdd47a49d89b3cd40c0a?s=96&d=mm&r=g","caption":"Hugo Nogueira"}}]}},"_links":{"self":[{"href":"https:\/\/www.gaveanews.com\/index.php\/wp-json\/wp\/v2\/posts\/83084","targetHints":{"allow":["GET"]}}],"collection":[{"href":"https:\/\/www.gaveanews.com\/index.php\/wp-json\/wp\/v2\/posts"}],"about":[{"href":"https:\/\/www.gaveanews.com\/index.php\/wp-json\/wp\/v2\/types\/post"}],"author":[{"embeddable":true,"href":"https:\/\/www.gaveanews.com\/index.php\/wp-json\/wp\/v2\/users\/2"}],"replies":[{"embeddable":true,"href":"https:\/\/www.gaveanews.com\/index.php\/wp-json\/wp\/v2\/comments?post=83084"}],"version-history":[{"count":0,"href":"https:\/\/www.gaveanews.com\/index.php\/wp-json\/wp\/v2\/posts\/83084\/revisions"}],"wp:featuredmedia":[{"embeddable":true,"href":"https:\/\/www.gaveanews.com\/index.php\/wp-json\/wp\/v2\/media\/78759"}],"wp:attachment":[{"href":"https:\/\/www.gaveanews.com\/index.php\/wp-json\/wp\/v2\/media?parent=83084"}],"wp:term":[{"taxonomy":"category","embeddable":true,"href":"https:\/\/www.gaveanews.com\/index.php\/wp-json\/wp\/v2\/categories?post=83084"},{"taxonomy":"post_tag","embeddable":true,"href":"https:\/\/www.gaveanews.com\/index.php\/wp-json\/wp\/v2\/tags?post=83084"}],"curies":[{"name":"wp","href":"https:\/\/api.w.org\/{rel}","templated":true}]}}