{"id":83112,"date":"2022-06-14T11:29:00","date_gmt":"2022-06-14T14:29:00","guid":{"rendered":"https:\/\/www.gaveanews.com\/?p=83112"},"modified":"2022-06-14T11:29:03","modified_gmt":"2022-06-14T14:29:03","slug":"diretoria-do-flamengo-quer-vender-pedro","status":"publish","type":"post","link":"https:\/\/www.gaveanews.com\/index.php\/2022\/06\/14\/diretoria-do-flamengo-quer-vender-pedro\/","title":{"rendered":"Diretoria do Flamengo quer vender Pedro"},"content":{"rendered":"\n<p>A diretoria do Flamengo mudou de opini\u00e3o em rela\u00e7\u00e3o a Pedro. O atacante, que antes era tido como inegoci\u00e1vel agora passar a ser uma oportunidade para fazer caixa. Tais informa\u00e7\u00f5es foram divulgadas pela jornalista Raisa Simplicio. <\/p>\n\n\n\n<p>Segundo Raisa, internamente, j\u00e1 h\u00e1 uma discuss\u00e3o se o valor pago a Fiorentina (14 milh\u00f5es de euros), foi um bom investimento. Vale relembrar que recentemente o Palmeiras ofertou 20 milh\u00f5es de euros pelo atleta, mas, tal proposta foi recusada. <\/p>\n\n\n\n<p>A situa\u00e7\u00e3o entre Pedro e o Flamengo n\u00e3o cumpriu com todas as suas expectativas. Inclusive, o pr\u00f3prio jogador j\u00e1 destacou que n\u00e3o est\u00e1 contente com a sua atual situa\u00e7\u00e3o. Ap\u00f3s o jogo contra o Altos, pela Copa do Brasil, ele n\u00e3o descartou uma poss\u00edvel sa\u00edda na pr\u00f3xima janela de transfer\u00eancias:<\/p>\n\n\n\n<p><em>\u2014 Jogar poucos minutos n\u00e3o \u00e9 o que eu quero, l\u00f3gico, mas o Paulo tem conversado comigo para ditar o que devo fazer em campo, as instru\u00e7\u00f5es. O que devo fazer est\u00e1 no meu alcance: trabalhar, performar, dar o meu melhor no meu dia a dia. \u00c9 o que venho fazendo, focando em mim, no meu trabalho. No meio do ano a gente conversa, ver o que \u00e9 melhor para n\u00f3s todos<\/em>, disse Pedro.<\/p>\n\n\n\n<p>Al\u00e9m da pouca minutagem, outra situa\u00e7\u00e3o n\u00e3o foi bem vista pelo staff do jogador: o veto para disputar as Ol\u00edmpiadas. Na ocasi\u00e3o ele foi convocado por Jardine, mas o Flamengo vetou que ele jogasse a competi\u00e7\u00e3o. Sem Pedro, Richarlison foi acionado. <\/p>\n\n\n\n<p>Apesar de todo esse contexto, a diretoria do Flamengo dar\u00e1 prioridade para negociar Pedro com o exterior. No entendimento dos mandat\u00e1rios flamenguista vender o centroavante para o mercado nacional n\u00e3o \u00e9 uma boa op\u00e7\u00e3o. <\/p>\n\n\n\n<p>Atualmente com 24 anos de idade Pedro quer encontrar um clube no qual ele possa ser titular e ter protagonismo. No Flamengo desde 2020, ele disputou 128 jogos e marcou 49 gols. O seu atual contrato \u00e9 v\u00e1lido at\u00e9 o dia 31 de dezembro de 2025.<\/p>\n\n\n\n<p> <\/p>\n","protected":false},"excerpt":{"rendered":"<p>A diretoria do Flamengo mudou de opini\u00e3o em rela\u00e7\u00e3o a Pedro. O atacante, que antes era tido como inegoci\u00e1vel agora passar a ser uma oportunidade para fazer caixa. Tais informa\u00e7\u00f5es foram divulgadas pela jornalista Raisa Simplicio. Segundo Raisa, internamente, j\u00e1 h\u00e1 uma discuss\u00e3o se o valor pago a Fiorentina (14 milh\u00f5es de euros), foi um [&hellip;]<\/p>\n","protected":false},"author":2,"featured_media":82090,"comment_status":"open","ping_status":"closed","sticky":false,"template":"","format":"standard","meta":{"footnotes":""},"categories":[48],"tags":[],"class_list":["post-83112","post","type-post","status-publish","format-standard","has-post-thumbnail","hentry","category-negociacoes"],"yoast_head":"<!-- This site is optimized with the Yoast SEO Premium plugin v24.2 (Yoast SEO v26.9) - https:\/\/yoast.com\/product\/yoast-seo-premium-wordpress\/ -->\n<title>Diretoria do Flamengo quer vender Pedro<\/title>\n<meta name=\"robots\" content=\"index, follow, max-snippet:-1, max-image-preview:large, max-video-preview:-1\" \/>\n<link rel=\"canonical\" href=\"https:\/\/www.gaveanews.com\/index.php\/2022\/06\/14\/diretoria-do-flamengo-quer-vender-pedro\/\" \/>\n<meta property=\"og:locale\" content=\"pt_BR\" \/>\n<meta property=\"og:type\" content=\"article\" \/>\n<meta property=\"og:title\" content=\"Diretoria do Flamengo quer vender Pedro\" \/>\n<meta property=\"og:description\" content=\"A diretoria do Flamengo mudou de opini\u00e3o em rela\u00e7\u00e3o a Pedro. O atacante, que antes era tido como inegoci\u00e1vel agora passar a ser uma oportunidade para fazer caixa. Tais informa\u00e7\u00f5es foram divulgadas pela jornalista Raisa Simplicio. Segundo Raisa, internamente, j\u00e1 h\u00e1 uma discuss\u00e3o se o valor pago a Fiorentina (14 milh\u00f5es de euros), foi um [&hellip;]\" \/>\n<meta property=\"og:url\" content=\"https:\/\/www.gaveanews.com\/index.php\/2022\/06\/14\/diretoria-do-flamengo-quer-vender-pedro\/\" \/>\n<meta property=\"og:site_name\" content=\"G\u00e1vea News\" \/>\n<meta property=\"article:publisher\" content=\"https:\/\/facebook.com\/gaveaNews\/\" \/>\n<meta property=\"article:published_time\" content=\"2022-06-14T14:29:00+00:00\" \/>\n<meta property=\"article:modified_time\" content=\"2022-06-14T14:29:03+00:00\" \/>\n<meta property=\"og:image\" content=\"https:\/\/www.gaveanews.com\/wp-content\/uploads\/Pedro-comemora-gol-marcado-pelo-Flamengo-contra-o-Sporting-Cristal.webp\" \/>\n\t<meta property=\"og:image:width\" content=\"799\" \/>\n\t<meta property=\"og:image:height\" content=\"533\" \/>\n\t<meta property=\"og:image:type\" content=\"image\/jpeg\" \/>\n<meta name=\"author\" content=\"Hugo Nogueira\" \/>\n<meta name=\"twitter:card\" content=\"summary_large_image\" \/>\n<meta name=\"twitter:label1\" content=\"Escrito por\" \/>\n\t<meta name=\"twitter:data1\" content=\"Hugo Nogueira\" \/>\n\t<meta name=\"twitter:label2\" content=\"Est. tempo de leitura\" \/>\n\t<meta name=\"twitter:data2\" content=\"2 minutos\" \/>\n<script type=\"application\/ld+json\" class=\"yoast-schema-graph\">{\"@context\":\"https:\/\/schema.org\",\"@graph\":[{\"@type\":\"NewsArticle\",\"@id\":\"https:\/\/www.gaveanews.com\/index.php\/2022\/06\/14\/diretoria-do-flamengo-quer-vender-pedro\/#article\",\"isPartOf\":{\"@id\":\"https:\/\/www.gaveanews.com\/index.php\/2022\/06\/14\/diretoria-do-flamengo-quer-vender-pedro\/\"},\"author\":{\"name\":\"Hugo Nogueira\",\"@id\":\"https:\/\/www.gaveanews.com\/#\/schema\/person\/3a0372021fabaeec4e7e4242cfa27841\"},\"headline\":\"Diretoria do Flamengo quer vender Pedro\",\"datePublished\":\"2022-06-14T14:29:00+00:00\",\"dateModified\":\"2022-06-14T14:29:03+00:00\",\"mainEntityOfPage\":{\"@id\":\"https:\/\/www.gaveanews.com\/index.php\/2022\/06\/14\/diretoria-do-flamengo-quer-vender-pedro\/\"},\"wordCount\":344,\"commentCount\":0,\"image\":{\"@id\":\"https:\/\/www.gaveanews.com\/index.php\/2022\/06\/14\/diretoria-do-flamengo-quer-vender-pedro\/#primaryimage\"},\"thumbnailUrl\":\"https:\/\/www.gaveanews.com\/wp-content\/uploads\/Pedro-comemora-gol-marcado-pelo-Flamengo-contra-o-Sporting-Cristal.webp\",\"articleSection\":[\"Negocia\u00e7\u00f5es\"],\"inLanguage\":\"pt-BR\",\"potentialAction\":[{\"@type\":\"CommentAction\",\"name\":\"Comment\",\"target\":[\"https:\/\/www.gaveanews.com\/index.php\/2022\/06\/14\/diretoria-do-flamengo-quer-vender-pedro\/#respond\"]}],\"copyrightYear\":\"2022\",\"copyrightHolder\":{\"@id\":\"https:\/\/www.gaveanews.com\/#organization\"}},{\"@type\":\"WebPage\",\"@id\":\"https:\/\/www.gaveanews.com\/index.php\/2022\/06\/14\/diretoria-do-flamengo-quer-vender-pedro\/\",\"url\":\"https:\/\/www.gaveanews.com\/index.php\/2022\/06\/14\/diretoria-do-flamengo-quer-vender-pedro\/\",\"name\":\"Diretoria do Flamengo quer vender Pedro\",\"isPartOf\":{\"@id\":\"https:\/\/www.gaveanews.com\/#website\"},\"primaryImageOfPage\":{\"@id\":\"https:\/\/www.gaveanews.com\/index.php\/2022\/06\/14\/diretoria-do-flamengo-quer-vender-pedro\/#primaryimage\"},\"image\":{\"@id\":\"https:\/\/www.gaveanews.com\/index.php\/2022\/06\/14\/diretoria-do-flamengo-quer-vender-pedro\/#primaryimage\"},\"thumbnailUrl\":\"https:\/\/www.gaveanews.com\/wp-content\/uploads\/Pedro-comemora-gol-marcado-pelo-Flamengo-contra-o-Sporting-Cristal.webp\",\"datePublished\":\"2022-06-14T14:29:00+00:00\",\"dateModified\":\"2022-06-14T14:29:03+00:00\",\"author\":{\"@id\":\"https:\/\/www.gaveanews.com\/#\/schema\/person\/3a0372021fabaeec4e7e4242cfa27841\"},\"breadcrumb\":{\"@id\":\"https:\/\/www.gaveanews.com\/index.php\/2022\/06\/14\/diretoria-do-flamengo-quer-vender-pedro\/#breadcrumb\"},\"inLanguage\":\"pt-BR\",\"potentialAction\":[{\"@type\":\"ReadAction\",\"target\":[\"https:\/\/www.gaveanews.com\/index.php\/2022\/06\/14\/diretoria-do-flamengo-quer-vender-pedro\/\"]}]},{\"@type\":\"ImageObject\",\"inLanguage\":\"pt-BR\",\"@id\":\"https:\/\/www.gaveanews.com\/index.php\/2022\/06\/14\/diretoria-do-flamengo-quer-vender-pedro\/#primaryimage\",\"url\":\"https:\/\/www.gaveanews.com\/wp-content\/uploads\/Pedro-comemora-gol-marcado-pelo-Flamengo-contra-o-Sporting-Cristal.webp\",\"contentUrl\":\"https:\/\/www.gaveanews.com\/wp-content\/uploads\/Pedro-comemora-gol-marcado-pelo-Flamengo-contra-o-Sporting-Cristal.webp\",\"width\":799,\"height\":533,\"caption\":\"Pedro comemora gol marcado pelo Flamengo contra o Sporting Cristal (Foto: Alexandre Vidal\/Flamengo)\"},{\"@type\":\"BreadcrumbList\",\"@id\":\"https:\/\/www.gaveanews.com\/index.php\/2022\/06\/14\/diretoria-do-flamengo-quer-vender-pedro\/#breadcrumb\",\"itemListElement\":[{\"@type\":\"ListItem\",\"position\":1,\"name\":\"Home\",\"item\":\"https:\/\/www.gaveanews.com\/\"},{\"@type\":\"ListItem\",\"position\":2,\"name\":\"Diretoria do Flamengo quer vender Pedro\"}]},{\"@type\":\"WebSite\",\"@id\":\"https:\/\/www.gaveanews.com\/#website\",\"url\":\"https:\/\/www.gaveanews.com\/\",\"name\":\"G\u00e1vea News\",\"description\":\"Veja todas as not\u00edcias sobre o Flamengo: Contrata\u00e7\u00f5es, categorias de base, resultados das partidas, tabela de classifica\u00e7\u00e3o, pr\u00f3ximos jogos!\",\"potentialAction\":[{\"@type\":\"SearchAction\",\"target\":{\"@type\":\"EntryPoint\",\"urlTemplate\":\"https:\/\/www.gaveanews.com\/?s={search_term_string}\"},\"query-input\":{\"@type\":\"PropertyValueSpecification\",\"valueRequired\":true,\"valueName\":\"search_term_string\"}}],\"inLanguage\":\"pt-BR\"},{\"@type\":\"Person\",\"@id\":\"https:\/\/www.gaveanews.com\/#\/schema\/person\/3a0372021fabaeec4e7e4242cfa27841\",\"name\":\"Hugo Nogueira\",\"image\":{\"@type\":\"ImageObject\",\"inLanguage\":\"pt-BR\",\"@id\":\"https:\/\/www.gaveanews.com\/#\/schema\/person\/image\/\",\"url\":\"https:\/\/secure.gravatar.com\/avatar\/0cdd89f3b47bb55926c08eee2db992845cfdd53f84c9fdd47a49d89b3cd40c0a?s=96&d=mm&r=g\",\"contentUrl\":\"https:\/\/secure.gravatar.com\/avatar\/0cdd89f3b47bb55926c08eee2db992845cfdd53f84c9fdd47a49d89b3cd40c0a?s=96&d=mm&r=g\",\"caption\":\"Hugo Nogueira\"}}]}<\/script>\n<!-- \/ Yoast SEO Premium plugin. -->","yoast_head_json":{"title":"Diretoria do Flamengo quer vender Pedro","robots":{"index":"index","follow":"follow","max-snippet":"max-snippet:-1","max-image-preview":"max-image-preview:large","max-video-preview":"max-video-preview:-1"},"canonical":"https:\/\/www.gaveanews.com\/index.php\/2022\/06\/14\/diretoria-do-flamengo-quer-vender-pedro\/","og_locale":"pt_BR","og_type":"article","og_title":"Diretoria do Flamengo quer vender Pedro","og_description":"A diretoria do Flamengo mudou de opini\u00e3o em rela\u00e7\u00e3o a Pedro. O atacante, que antes era tido como inegoci\u00e1vel agora passar a ser uma oportunidade para fazer caixa. Tais informa\u00e7\u00f5es foram divulgadas pela jornalista Raisa Simplicio. Segundo Raisa, internamente, j\u00e1 h\u00e1 uma discuss\u00e3o se o valor pago a Fiorentina (14 milh\u00f5es de euros), foi um [&hellip;]","og_url":"https:\/\/www.gaveanews.com\/index.php\/2022\/06\/14\/diretoria-do-flamengo-quer-vender-pedro\/","og_site_name":"G\u00e1vea News","article_publisher":"https:\/\/facebook.com\/gaveaNews\/","article_published_time":"2022-06-14T14:29:00+00:00","article_modified_time":"2022-06-14T14:29:03+00:00","og_image":[{"width":799,"height":533,"url":"https:\/\/www.gaveanews.com\/wp-content\/uploads\/Pedro-comemora-gol-marcado-pelo-Flamengo-contra-o-Sporting-Cristal.webp","type":"image\/jpeg"}],"author":"Hugo Nogueira","twitter_card":"summary_large_image","twitter_misc":{"Escrito por":"Hugo Nogueira","Est. tempo de leitura":"2 minutos"},"schema":{"@context":"https:\/\/schema.org","@graph":[{"@type":"NewsArticle","@id":"https:\/\/www.gaveanews.com\/index.php\/2022\/06\/14\/diretoria-do-flamengo-quer-vender-pedro\/#article","isPartOf":{"@id":"https:\/\/www.gaveanews.com\/index.php\/2022\/06\/14\/diretoria-do-flamengo-quer-vender-pedro\/"},"author":{"name":"Hugo Nogueira","@id":"https:\/\/www.gaveanews.com\/#\/schema\/person\/3a0372021fabaeec4e7e4242cfa27841"},"headline":"Diretoria do Flamengo quer vender Pedro","datePublished":"2022-06-14T14:29:00+00:00","dateModified":"2022-06-14T14:29:03+00:00","mainEntityOfPage":{"@id":"https:\/\/www.gaveanews.com\/index.php\/2022\/06\/14\/diretoria-do-flamengo-quer-vender-pedro\/"},"wordCount":344,"commentCount":0,"image":{"@id":"https:\/\/www.gaveanews.com\/index.php\/2022\/06\/14\/diretoria-do-flamengo-quer-vender-pedro\/#primaryimage"},"thumbnailUrl":"https:\/\/www.gaveanews.com\/wp-content\/uploads\/Pedro-comemora-gol-marcado-pelo-Flamengo-contra-o-Sporting-Cristal.webp","articleSection":["Negocia\u00e7\u00f5es"],"inLanguage":"pt-BR","potentialAction":[{"@type":"CommentAction","name":"Comment","target":["https:\/\/www.gaveanews.com\/index.php\/2022\/06\/14\/diretoria-do-flamengo-quer-vender-pedro\/#respond"]}],"copyrightYear":"2022","copyrightHolder":{"@id":"https:\/\/www.gaveanews.com\/#organization"}},{"@type":"WebPage","@id":"https:\/\/www.gaveanews.com\/index.php\/2022\/06\/14\/diretoria-do-flamengo-quer-vender-pedro\/","url":"https:\/\/www.gaveanews.com\/index.php\/2022\/06\/14\/diretoria-do-flamengo-quer-vender-pedro\/","name":"Diretoria do Flamengo quer vender Pedro","isPartOf":{"@id":"https:\/\/www.gaveanews.com\/#website"},"primaryImageOfPage":{"@id":"https:\/\/www.gaveanews.com\/index.php\/2022\/06\/14\/diretoria-do-flamengo-quer-vender-pedro\/#primaryimage"},"image":{"@id":"https:\/\/www.gaveanews.com\/index.php\/2022\/06\/14\/diretoria-do-flamengo-quer-vender-pedro\/#primaryimage"},"thumbnailUrl":"https:\/\/www.gaveanews.com\/wp-content\/uploads\/Pedro-comemora-gol-marcado-pelo-Flamengo-contra-o-Sporting-Cristal.webp","datePublished":"2022-06-14T14:29:00+00:00","dateModified":"2022-06-14T14:29:03+00:00","author":{"@id":"https:\/\/www.gaveanews.com\/#\/schema\/person\/3a0372021fabaeec4e7e4242cfa27841"},"breadcrumb":{"@id":"https:\/\/www.gaveanews.com\/index.php\/2022\/06\/14\/diretoria-do-flamengo-quer-vender-pedro\/#breadcrumb"},"inLanguage":"pt-BR","potentialAction":[{"@type":"ReadAction","target":["https:\/\/www.gaveanews.com\/index.php\/2022\/06\/14\/diretoria-do-flamengo-quer-vender-pedro\/"]}]},{"@type":"ImageObject","inLanguage":"pt-BR","@id":"https:\/\/www.gaveanews.com\/index.php\/2022\/06\/14\/diretoria-do-flamengo-quer-vender-pedro\/#primaryimage","url":"https:\/\/www.gaveanews.com\/wp-content\/uploads\/Pedro-comemora-gol-marcado-pelo-Flamengo-contra-o-Sporting-Cristal.webp","contentUrl":"https:\/\/www.gaveanews.com\/wp-content\/uploads\/Pedro-comemora-gol-marcado-pelo-Flamengo-contra-o-Sporting-Cristal.webp","width":799,"height":533,"caption":"Pedro comemora gol marcado pelo Flamengo contra o Sporting Cristal (Foto: Alexandre Vidal\/Flamengo)"},{"@type":"BreadcrumbList","@id":"https:\/\/www.gaveanews.com\/index.php\/2022\/06\/14\/diretoria-do-flamengo-quer-vender-pedro\/#breadcrumb","itemListElement":[{"@type":"ListItem","position":1,"name":"Home","item":"https:\/\/www.gaveanews.com\/"},{"@type":"ListItem","position":2,"name":"Diretoria do Flamengo quer vender Pedro"}]},{"@type":"WebSite","@id":"https:\/\/www.gaveanews.com\/#website","url":"https:\/\/www.gaveanews.com\/","name":"G\u00e1vea News","description":"Veja todas as not\u00edcias sobre o Flamengo: Contrata\u00e7\u00f5es, categorias de base, resultados das partidas, tabela de classifica\u00e7\u00e3o, pr\u00f3ximos jogos!","potentialAction":[{"@type":"SearchAction","target":{"@type":"EntryPoint","urlTemplate":"https:\/\/www.gaveanews.com\/?s={search_term_string}"},"query-input":{"@type":"PropertyValueSpecification","valueRequired":true,"valueName":"search_term_string"}}],"inLanguage":"pt-BR"},{"@type":"Person","@id":"https:\/\/www.gaveanews.com\/#\/schema\/person\/3a0372021fabaeec4e7e4242cfa27841","name":"Hugo Nogueira","image":{"@type":"ImageObject","inLanguage":"pt-BR","@id":"https:\/\/www.gaveanews.com\/#\/schema\/person\/image\/","url":"https:\/\/secure.gravatar.com\/avatar\/0cdd89f3b47bb55926c08eee2db992845cfdd53f84c9fdd47a49d89b3cd40c0a?s=96&d=mm&r=g","contentUrl":"https:\/\/secure.gravatar.com\/avatar\/0cdd89f3b47bb55926c08eee2db992845cfdd53f84c9fdd47a49d89b3cd40c0a?s=96&d=mm&r=g","caption":"Hugo Nogueira"}}]}},"_links":{"self":[{"href":"https:\/\/www.gaveanews.com\/index.php\/wp-json\/wp\/v2\/posts\/83112","targetHints":{"allow":["GET"]}}],"collection":[{"href":"https:\/\/www.gaveanews.com\/index.php\/wp-json\/wp\/v2\/posts"}],"about":[{"href":"https:\/\/www.gaveanews.com\/index.php\/wp-json\/wp\/v2\/types\/post"}],"author":[{"embeddable":true,"href":"https:\/\/www.gaveanews.com\/index.php\/wp-json\/wp\/v2\/users\/2"}],"replies":[{"embeddable":true,"href":"https:\/\/www.gaveanews.com\/index.php\/wp-json\/wp\/v2\/comments?post=83112"}],"version-history":[{"count":0,"href":"https:\/\/www.gaveanews.com\/index.php\/wp-json\/wp\/v2\/posts\/83112\/revisions"}],"wp:featuredmedia":[{"embeddable":true,"href":"https:\/\/www.gaveanews.com\/index.php\/wp-json\/wp\/v2\/media\/82090"}],"wp:attachment":[{"href":"https:\/\/www.gaveanews.com\/index.php\/wp-json\/wp\/v2\/media?parent=83112"}],"wp:term":[{"taxonomy":"category","embeddable":true,"href":"https:\/\/www.gaveanews.com\/index.php\/wp-json\/wp\/v2\/categories?post=83112"},{"taxonomy":"post_tag","embeddable":true,"href":"https:\/\/www.gaveanews.com\/index.php\/wp-json\/wp\/v2\/tags?post=83112"}],"curies":[{"name":"wp","href":"https:\/\/api.w.org\/{rel}","templated":true}]}}