{"id":83155,"date":"2022-06-15T00:13:56","date_gmt":"2022-06-15T03:13:56","guid":{"rendered":"https:\/\/www.gaveanews.com\/?p=83155"},"modified":"2022-06-15T00:13:57","modified_gmt":"2022-06-15T03:13:57","slug":"lembra-dele-rafael-vaz-ex-flamengo-retorna-ao-brasil-para-jogar-a-serie-a","status":"publish","type":"post","link":"https:\/\/www.gaveanews.com\/index.php\/2022\/06\/15\/lembra-dele-rafael-vaz-ex-flamengo-retorna-ao-brasil-para-jogar-a-serie-a\/","title":{"rendered":"Lembra dele? Rafael Vaz, ex-Flamengo, retorna ao Brasil para jogar a s\u00e9rie A"},"content":{"rendered":"\n<p>Com passagens por Flamengo e Vasco da Gama, o zagueiro Rafael Vaz, de 33 anos, foi anunciado como novo refor\u00e7o do Ava\u00ed para a sequ\u00eancia da temporada 2022, na noite desta ter\u00e7a-feira (14). O defensor estava sem clube desde janeiro, quando acertou a rescis\u00e3o contratual com o Al Khor, do Catar.<\/p>\n\n\n\n<p>Rafael Vaz assinou contrato com o Ava\u00ed at\u00e9 novembro de 2022. O jogador j\u00e1 vinha treinando com a equipe catarinense e agora aguarda a abertura da janela de transfer\u00eancias, que ocorre no dia 18 de julho, para poder estrear com a camisa do novo clube.<\/p>\n\n\n\n<p>O zagueiro atuava no Catar desde setembro de 2020, deixou o Goi\u00e1s e se transferiu para oAl Khor. Em cerca de uma temporada e meia no clube \u00e1rabe, Rafael Vaz fez 33 partidas e marcou seis gols.<\/p>\n\n\n\n<h2 class=\"wp-block-heading\" id=\"h-carreira-de-rafael-vaz\">Carreira de Rafael Vaz<\/h2>\n\n\n\n<p>Revelados nas categorias de base de\u00a0Palmeiras\u00a0e\u00a0Corinthians, Rafael Vaz ganhou proje\u00e7\u00e3o nacional vestindo a camisa do\u00a0Vasco\u00a0da Gama, clube que ele defendeu entre 2013 e 2016. Pelo Gigante da Colina, o defensor disputou um total de 47 jogos e balan\u00e7ou as redes 10 vezes.<\/p>\n\n\n\n<p>Na sequ\u00eancia da carreira, o zagueiro saiu do\u00a0Vasco\u00a0para jogar no maior rival, o\u00a0Flamengo. Em quase duas temporadas, Rafael Vaz esteve em campo em 79 oportunidades e fez dois gols.<\/p>\n\n\n\n<p>Rafael Vaz se transferiu para o Universidad Cat\u00f3lica, do Chile, em 2018, tendo disputado 29 partidas e feito tr\u00eas gols. Em seguida ele foi para o Goi\u00e1s, onde atuou at\u00e9 ir jogar no futebol do Catar.<\/p>\n\n\n\n<p>Durante a carreira, Rafael Vaz ainda teve passagens por tradicionais clubes como Gama, Oeste, Bahia, Paran\u00e1, Vila Nova e Paran\u00e1.<\/p>\n\n\n\n<p>Retirado de: Torcedores<\/p>\n","protected":false},"excerpt":{"rendered":"<p>Com passagens por Flamengo e Vasco da Gama, o zagueiro Rafael Vaz, de 33 anos, foi anunciado como novo refor\u00e7o do Ava\u00ed para a sequ\u00eancia da temporada 2022, na noite desta ter\u00e7a-feira (14). O defensor estava sem clube desde janeiro, quando acertou a rescis\u00e3o contratual com o Al Khor, do Catar. Rafael Vaz assinou contrato [&hellip;]<\/p>\n","protected":false},"author":1,"featured_media":20211,"comment_status":"open","ping_status":"closed","sticky":false,"template":"","format":"standard","meta":{"footnotes":""},"categories":[1],"tags":[],"class_list":["post-83155","post","type-post","status-publish","format-standard","has-post-thumbnail","hentry","category-flamengo"],"yoast_head":"<!-- This site is optimized with the Yoast SEO Premium plugin v24.2 (Yoast SEO v26.9) - https:\/\/yoast.com\/product\/yoast-seo-premium-wordpress\/ -->\n<title>Lembra dele? Rafael Vaz, ex-Flamengo, retorna ao Brasil para jogar a s\u00e9rie A<\/title>\n<meta name=\"robots\" content=\"index, follow, max-snippet:-1, max-image-preview:large, max-video-preview:-1\" \/>\n<link rel=\"canonical\" href=\"https:\/\/www.gaveanews.com\/index.php\/2022\/06\/15\/lembra-dele-rafael-vaz-ex-flamengo-retorna-ao-brasil-para-jogar-a-serie-a\/\" \/>\n<meta property=\"og:locale\" content=\"pt_BR\" \/>\n<meta property=\"og:type\" content=\"article\" \/>\n<meta property=\"og:title\" content=\"Lembra dele? Rafael Vaz, ex-Flamengo, retorna ao Brasil para jogar a s\u00e9rie A\" \/>\n<meta property=\"og:description\" content=\"Com passagens por Flamengo e Vasco da Gama, o zagueiro Rafael Vaz, de 33 anos, foi anunciado como novo refor\u00e7o do Ava\u00ed para a sequ\u00eancia da temporada 2022, na noite desta ter\u00e7a-feira (14). O defensor estava sem clube desde janeiro, quando acertou a rescis\u00e3o contratual com o Al Khor, do Catar. Rafael Vaz assinou contrato [&hellip;]\" \/>\n<meta property=\"og:url\" content=\"https:\/\/www.gaveanews.com\/index.php\/2022\/06\/15\/lembra-dele-rafael-vaz-ex-flamengo-retorna-ao-brasil-para-jogar-a-serie-a\/\" \/>\n<meta property=\"og:site_name\" content=\"G\u00e1vea News\" \/>\n<meta property=\"article:publisher\" content=\"https:\/\/facebook.com\/gaveaNews\/\" \/>\n<meta property=\"article:published_time\" content=\"2022-06-15T03:13:56+00:00\" \/>\n<meta property=\"article:modified_time\" content=\"2022-06-15T03:13:57+00:00\" \/>\n<meta property=\"og:image\" content=\"https:\/\/www.gaveanews.com\/wp-content\/uploads\/2019\/05\/Rafael-Vaz-Rever-Leandro-Damiao-e-Ederson-sorriem-para-foto-apos-treinamento-no-Ninho-do-Urubu.webp\" \/>\n\t<meta property=\"og:image:width\" content=\"1\" \/>\n\t<meta property=\"og:image:height\" content=\"1\" \/>\n\t<meta property=\"og:image:type\" content=\"image\/jpeg\" \/>\n<meta name=\"author\" content=\"Equipe G\u00e1vea News\" \/>\n<meta name=\"twitter:card\" content=\"summary_large_image\" \/>\n<meta name=\"twitter:label1\" content=\"Escrito por\" \/>\n\t<meta name=\"twitter:data1\" content=\"Equipe G\u00e1vea News\" \/>\n\t<meta name=\"twitter:label2\" content=\"Est. tempo de leitura\" \/>\n\t<meta name=\"twitter:data2\" content=\"2 minutos\" \/>\n<script type=\"application\/ld+json\" class=\"yoast-schema-graph\">{\"@context\":\"https:\/\/schema.org\",\"@graph\":[{\"@type\":\"NewsArticle\",\"@id\":\"https:\/\/www.gaveanews.com\/index.php\/2022\/06\/15\/lembra-dele-rafael-vaz-ex-flamengo-retorna-ao-brasil-para-jogar-a-serie-a\/#article\",\"isPartOf\":{\"@id\":\"https:\/\/www.gaveanews.com\/index.php\/2022\/06\/15\/lembra-dele-rafael-vaz-ex-flamengo-retorna-ao-brasil-para-jogar-a-serie-a\/\"},\"author\":{\"name\":\"Equipe G\u00e1vea News\",\"@id\":\"https:\/\/www.gaveanews.com\/#\/schema\/person\/2ec14f73fb96be2caf28f91afb14749d\"},\"headline\":\"Lembra dele? Rafael Vaz, ex-Flamengo, retorna ao Brasil para jogar a s\u00e9rie A\",\"datePublished\":\"2022-06-15T03:13:56+00:00\",\"dateModified\":\"2022-06-15T03:13:57+00:00\",\"mainEntityOfPage\":{\"@id\":\"https:\/\/www.gaveanews.com\/index.php\/2022\/06\/15\/lembra-dele-rafael-vaz-ex-flamengo-retorna-ao-brasil-para-jogar-a-serie-a\/\"},\"wordCount\":287,\"commentCount\":0,\"image\":{\"@id\":\"https:\/\/www.gaveanews.com\/index.php\/2022\/06\/15\/lembra-dele-rafael-vaz-ex-flamengo-retorna-ao-brasil-para-jogar-a-serie-a\/#primaryimage\"},\"thumbnailUrl\":\"https:\/\/www.gaveanews.com\/wp-content\/uploads\/2019\/05\/Rafael-Vaz-Rever-Leandro-Damiao-e-Ederson-sorriem-para-foto-apos-treinamento-no-Ninho-do-Urubu.webp\",\"articleSection\":[\"Flamengo\"],\"inLanguage\":\"pt-BR\",\"potentialAction\":[{\"@type\":\"CommentAction\",\"name\":\"Comment\",\"target\":[\"https:\/\/www.gaveanews.com\/index.php\/2022\/06\/15\/lembra-dele-rafael-vaz-ex-flamengo-retorna-ao-brasil-para-jogar-a-serie-a\/#respond\"]}],\"copyrightYear\":\"2022\",\"copyrightHolder\":{\"@id\":\"https:\/\/www.gaveanews.com\/#organization\"}},{\"@type\":\"WebPage\",\"@id\":\"https:\/\/www.gaveanews.com\/index.php\/2022\/06\/15\/lembra-dele-rafael-vaz-ex-flamengo-retorna-ao-brasil-para-jogar-a-serie-a\/\",\"url\":\"https:\/\/www.gaveanews.com\/index.php\/2022\/06\/15\/lembra-dele-rafael-vaz-ex-flamengo-retorna-ao-brasil-para-jogar-a-serie-a\/\",\"name\":\"Lembra dele? Rafael Vaz, ex-Flamengo, retorna ao Brasil para jogar a s\u00e9rie A\",\"isPartOf\":{\"@id\":\"https:\/\/www.gaveanews.com\/#website\"},\"primaryImageOfPage\":{\"@id\":\"https:\/\/www.gaveanews.com\/index.php\/2022\/06\/15\/lembra-dele-rafael-vaz-ex-flamengo-retorna-ao-brasil-para-jogar-a-serie-a\/#primaryimage\"},\"image\":{\"@id\":\"https:\/\/www.gaveanews.com\/index.php\/2022\/06\/15\/lembra-dele-rafael-vaz-ex-flamengo-retorna-ao-brasil-para-jogar-a-serie-a\/#primaryimage\"},\"thumbnailUrl\":\"https:\/\/www.gaveanews.com\/wp-content\/uploads\/2019\/05\/Rafael-Vaz-Rever-Leandro-Damiao-e-Ederson-sorriem-para-foto-apos-treinamento-no-Ninho-do-Urubu.webp\",\"datePublished\":\"2022-06-15T03:13:56+00:00\",\"dateModified\":\"2022-06-15T03:13:57+00:00\",\"author\":{\"@id\":\"https:\/\/www.gaveanews.com\/#\/schema\/person\/2ec14f73fb96be2caf28f91afb14749d\"},\"breadcrumb\":{\"@id\":\"https:\/\/www.gaveanews.com\/index.php\/2022\/06\/15\/lembra-dele-rafael-vaz-ex-flamengo-retorna-ao-brasil-para-jogar-a-serie-a\/#breadcrumb\"},\"inLanguage\":\"pt-BR\",\"potentialAction\":[{\"@type\":\"ReadAction\",\"target\":[\"https:\/\/www.gaveanews.com\/index.php\/2022\/06\/15\/lembra-dele-rafael-vaz-ex-flamengo-retorna-ao-brasil-para-jogar-a-serie-a\/\"]}]},{\"@type\":\"ImageObject\",\"inLanguage\":\"pt-BR\",\"@id\":\"https:\/\/www.gaveanews.com\/index.php\/2022\/06\/15\/lembra-dele-rafael-vaz-ex-flamengo-retorna-ao-brasil-para-jogar-a-serie-a\/#primaryimage\",\"url\":\"https:\/\/www.gaveanews.com\/wp-content\/uploads\/2019\/05\/Rafael-Vaz-Rever-Leandro-Damiao-e-Ederson-sorriem-para-foto-apos-treinamento-no-Ninho-do-Urubu.webp\",\"contentUrl\":\"https:\/\/www.gaveanews.com\/wp-content\/uploads\/2019\/05\/Rafael-Vaz-Rever-Leandro-Damiao-e-Ederson-sorriem-para-foto-apos-treinamento-no-Ninho-do-Urubu.webp\",\"caption\":\"Rafael Vaz, R\u00e9ver, Leandro Damiao e Ederson sorriem para foto, ap\u00f3s treinamento no Ninho do Urubu (Foto: Gilvan de Sousa\/Flamengo)\"},{\"@type\":\"BreadcrumbList\",\"@id\":\"https:\/\/www.gaveanews.com\/index.php\/2022\/06\/15\/lembra-dele-rafael-vaz-ex-flamengo-retorna-ao-brasil-para-jogar-a-serie-a\/#breadcrumb\",\"itemListElement\":[{\"@type\":\"ListItem\",\"position\":1,\"name\":\"Home\",\"item\":\"https:\/\/www.gaveanews.com\/\"},{\"@type\":\"ListItem\",\"position\":2,\"name\":\"Lembra dele? Rafael Vaz, ex-Flamengo, retorna ao Brasil para jogar a s\u00e9rie A\"}]},{\"@type\":\"WebSite\",\"@id\":\"https:\/\/www.gaveanews.com\/#website\",\"url\":\"https:\/\/www.gaveanews.com\/\",\"name\":\"G\u00e1vea News\",\"description\":\"Veja todas as not\u00edcias sobre o Flamengo: Contrata\u00e7\u00f5es, categorias de base, resultados das partidas, tabela de classifica\u00e7\u00e3o, pr\u00f3ximos jogos!\",\"potentialAction\":[{\"@type\":\"SearchAction\",\"target\":{\"@type\":\"EntryPoint\",\"urlTemplate\":\"https:\/\/www.gaveanews.com\/?s={search_term_string}\"},\"query-input\":{\"@type\":\"PropertyValueSpecification\",\"valueRequired\":true,\"valueName\":\"search_term_string\"}}],\"inLanguage\":\"pt-BR\"},{\"@type\":\"Person\",\"@id\":\"https:\/\/www.gaveanews.com\/#\/schema\/person\/2ec14f73fb96be2caf28f91afb14749d\",\"name\":\"Equipe G\u00e1vea News\",\"image\":{\"@type\":\"ImageObject\",\"inLanguage\":\"pt-BR\",\"@id\":\"https:\/\/www.gaveanews.com\/#\/schema\/person\/image\/\",\"url\":\"https:\/\/secure.gravatar.com\/avatar\/1e1956f1facbffd3f8fa53a326721950116b3b9dc9bd44939c01180fd4a745a9?s=96&d=mm&r=g\",\"contentUrl\":\"https:\/\/secure.gravatar.com\/avatar\/1e1956f1facbffd3f8fa53a326721950116b3b9dc9bd44939c01180fd4a745a9?s=96&d=mm&r=g\",\"caption\":\"Equipe G\u00e1vea News\"}}]}<\/script>\n<!-- \/ Yoast SEO Premium plugin. -->","yoast_head_json":{"title":"Lembra dele? Rafael Vaz, ex-Flamengo, retorna ao Brasil para jogar a s\u00e9rie A","robots":{"index":"index","follow":"follow","max-snippet":"max-snippet:-1","max-image-preview":"max-image-preview:large","max-video-preview":"max-video-preview:-1"},"canonical":"https:\/\/www.gaveanews.com\/index.php\/2022\/06\/15\/lembra-dele-rafael-vaz-ex-flamengo-retorna-ao-brasil-para-jogar-a-serie-a\/","og_locale":"pt_BR","og_type":"article","og_title":"Lembra dele? Rafael Vaz, ex-Flamengo, retorna ao Brasil para jogar a s\u00e9rie A","og_description":"Com passagens por Flamengo e Vasco da Gama, o zagueiro Rafael Vaz, de 33 anos, foi anunciado como novo refor\u00e7o do Ava\u00ed para a sequ\u00eancia da temporada 2022, na noite desta ter\u00e7a-feira (14). O defensor estava sem clube desde janeiro, quando acertou a rescis\u00e3o contratual com o Al Khor, do Catar. Rafael Vaz assinou contrato [&hellip;]","og_url":"https:\/\/www.gaveanews.com\/index.php\/2022\/06\/15\/lembra-dele-rafael-vaz-ex-flamengo-retorna-ao-brasil-para-jogar-a-serie-a\/","og_site_name":"G\u00e1vea News","article_publisher":"https:\/\/facebook.com\/gaveaNews\/","article_published_time":"2022-06-15T03:13:56+00:00","article_modified_time":"2022-06-15T03:13:57+00:00","og_image":[{"url":"https:\/\/www.gaveanews.com\/wp-content\/uploads\/2019\/05\/Rafael-Vaz-Rever-Leandro-Damiao-e-Ederson-sorriem-para-foto-apos-treinamento-no-Ninho-do-Urubu.webp","width":1,"height":1,"type":"image\/jpeg"}],"author":"Equipe G\u00e1vea News","twitter_card":"summary_large_image","twitter_misc":{"Escrito por":"Equipe G\u00e1vea News","Est. tempo de leitura":"2 minutos"},"schema":{"@context":"https:\/\/schema.org","@graph":[{"@type":"NewsArticle","@id":"https:\/\/www.gaveanews.com\/index.php\/2022\/06\/15\/lembra-dele-rafael-vaz-ex-flamengo-retorna-ao-brasil-para-jogar-a-serie-a\/#article","isPartOf":{"@id":"https:\/\/www.gaveanews.com\/index.php\/2022\/06\/15\/lembra-dele-rafael-vaz-ex-flamengo-retorna-ao-brasil-para-jogar-a-serie-a\/"},"author":{"name":"Equipe G\u00e1vea News","@id":"https:\/\/www.gaveanews.com\/#\/schema\/person\/2ec14f73fb96be2caf28f91afb14749d"},"headline":"Lembra dele? Rafael Vaz, ex-Flamengo, retorna ao Brasil para jogar a s\u00e9rie A","datePublished":"2022-06-15T03:13:56+00:00","dateModified":"2022-06-15T03:13:57+00:00","mainEntityOfPage":{"@id":"https:\/\/www.gaveanews.com\/index.php\/2022\/06\/15\/lembra-dele-rafael-vaz-ex-flamengo-retorna-ao-brasil-para-jogar-a-serie-a\/"},"wordCount":287,"commentCount":0,"image":{"@id":"https:\/\/www.gaveanews.com\/index.php\/2022\/06\/15\/lembra-dele-rafael-vaz-ex-flamengo-retorna-ao-brasil-para-jogar-a-serie-a\/#primaryimage"},"thumbnailUrl":"https:\/\/www.gaveanews.com\/wp-content\/uploads\/2019\/05\/Rafael-Vaz-Rever-Leandro-Damiao-e-Ederson-sorriem-para-foto-apos-treinamento-no-Ninho-do-Urubu.webp","articleSection":["Flamengo"],"inLanguage":"pt-BR","potentialAction":[{"@type":"CommentAction","name":"Comment","target":["https:\/\/www.gaveanews.com\/index.php\/2022\/06\/15\/lembra-dele-rafael-vaz-ex-flamengo-retorna-ao-brasil-para-jogar-a-serie-a\/#respond"]}],"copyrightYear":"2022","copyrightHolder":{"@id":"https:\/\/www.gaveanews.com\/#organization"}},{"@type":"WebPage","@id":"https:\/\/www.gaveanews.com\/index.php\/2022\/06\/15\/lembra-dele-rafael-vaz-ex-flamengo-retorna-ao-brasil-para-jogar-a-serie-a\/","url":"https:\/\/www.gaveanews.com\/index.php\/2022\/06\/15\/lembra-dele-rafael-vaz-ex-flamengo-retorna-ao-brasil-para-jogar-a-serie-a\/","name":"Lembra dele? Rafael Vaz, ex-Flamengo, retorna ao Brasil para jogar a s\u00e9rie A","isPartOf":{"@id":"https:\/\/www.gaveanews.com\/#website"},"primaryImageOfPage":{"@id":"https:\/\/www.gaveanews.com\/index.php\/2022\/06\/15\/lembra-dele-rafael-vaz-ex-flamengo-retorna-ao-brasil-para-jogar-a-serie-a\/#primaryimage"},"image":{"@id":"https:\/\/www.gaveanews.com\/index.php\/2022\/06\/15\/lembra-dele-rafael-vaz-ex-flamengo-retorna-ao-brasil-para-jogar-a-serie-a\/#primaryimage"},"thumbnailUrl":"https:\/\/www.gaveanews.com\/wp-content\/uploads\/2019\/05\/Rafael-Vaz-Rever-Leandro-Damiao-e-Ederson-sorriem-para-foto-apos-treinamento-no-Ninho-do-Urubu.webp","datePublished":"2022-06-15T03:13:56+00:00","dateModified":"2022-06-15T03:13:57+00:00","author":{"@id":"https:\/\/www.gaveanews.com\/#\/schema\/person\/2ec14f73fb96be2caf28f91afb14749d"},"breadcrumb":{"@id":"https:\/\/www.gaveanews.com\/index.php\/2022\/06\/15\/lembra-dele-rafael-vaz-ex-flamengo-retorna-ao-brasil-para-jogar-a-serie-a\/#breadcrumb"},"inLanguage":"pt-BR","potentialAction":[{"@type":"ReadAction","target":["https:\/\/www.gaveanews.com\/index.php\/2022\/06\/15\/lembra-dele-rafael-vaz-ex-flamengo-retorna-ao-brasil-para-jogar-a-serie-a\/"]}]},{"@type":"ImageObject","inLanguage":"pt-BR","@id":"https:\/\/www.gaveanews.com\/index.php\/2022\/06\/15\/lembra-dele-rafael-vaz-ex-flamengo-retorna-ao-brasil-para-jogar-a-serie-a\/#primaryimage","url":"https:\/\/www.gaveanews.com\/wp-content\/uploads\/2019\/05\/Rafael-Vaz-Rever-Leandro-Damiao-e-Ederson-sorriem-para-foto-apos-treinamento-no-Ninho-do-Urubu.webp","contentUrl":"https:\/\/www.gaveanews.com\/wp-content\/uploads\/2019\/05\/Rafael-Vaz-Rever-Leandro-Damiao-e-Ederson-sorriem-para-foto-apos-treinamento-no-Ninho-do-Urubu.webp","caption":"Rafael Vaz, R\u00e9ver, Leandro Damiao e Ederson sorriem para foto, ap\u00f3s treinamento no Ninho do Urubu (Foto: Gilvan de Sousa\/Flamengo)"},{"@type":"BreadcrumbList","@id":"https:\/\/www.gaveanews.com\/index.php\/2022\/06\/15\/lembra-dele-rafael-vaz-ex-flamengo-retorna-ao-brasil-para-jogar-a-serie-a\/#breadcrumb","itemListElement":[{"@type":"ListItem","position":1,"name":"Home","item":"https:\/\/www.gaveanews.com\/"},{"@type":"ListItem","position":2,"name":"Lembra dele? Rafael Vaz, ex-Flamengo, retorna ao Brasil para jogar a s\u00e9rie A"}]},{"@type":"WebSite","@id":"https:\/\/www.gaveanews.com\/#website","url":"https:\/\/www.gaveanews.com\/","name":"G\u00e1vea News","description":"Veja todas as not\u00edcias sobre o Flamengo: Contrata\u00e7\u00f5es, categorias de base, resultados das partidas, tabela de classifica\u00e7\u00e3o, pr\u00f3ximos jogos!","potentialAction":[{"@type":"SearchAction","target":{"@type":"EntryPoint","urlTemplate":"https:\/\/www.gaveanews.com\/?s={search_term_string}"},"query-input":{"@type":"PropertyValueSpecification","valueRequired":true,"valueName":"search_term_string"}}],"inLanguage":"pt-BR"},{"@type":"Person","@id":"https:\/\/www.gaveanews.com\/#\/schema\/person\/2ec14f73fb96be2caf28f91afb14749d","name":"Equipe G\u00e1vea News","image":{"@type":"ImageObject","inLanguage":"pt-BR","@id":"https:\/\/www.gaveanews.com\/#\/schema\/person\/image\/","url":"https:\/\/secure.gravatar.com\/avatar\/1e1956f1facbffd3f8fa53a326721950116b3b9dc9bd44939c01180fd4a745a9?s=96&d=mm&r=g","contentUrl":"https:\/\/secure.gravatar.com\/avatar\/1e1956f1facbffd3f8fa53a326721950116b3b9dc9bd44939c01180fd4a745a9?s=96&d=mm&r=g","caption":"Equipe G\u00e1vea News"}}]}},"_links":{"self":[{"href":"https:\/\/www.gaveanews.com\/index.php\/wp-json\/wp\/v2\/posts\/83155","targetHints":{"allow":["GET"]}}],"collection":[{"href":"https:\/\/www.gaveanews.com\/index.php\/wp-json\/wp\/v2\/posts"}],"about":[{"href":"https:\/\/www.gaveanews.com\/index.php\/wp-json\/wp\/v2\/types\/post"}],"author":[{"embeddable":true,"href":"https:\/\/www.gaveanews.com\/index.php\/wp-json\/wp\/v2\/users\/1"}],"replies":[{"embeddable":true,"href":"https:\/\/www.gaveanews.com\/index.php\/wp-json\/wp\/v2\/comments?post=83155"}],"version-history":[{"count":0,"href":"https:\/\/www.gaveanews.com\/index.php\/wp-json\/wp\/v2\/posts\/83155\/revisions"}],"wp:featuredmedia":[{"embeddable":true,"href":"https:\/\/www.gaveanews.com\/index.php\/wp-json\/wp\/v2\/media\/20211"}],"wp:attachment":[{"href":"https:\/\/www.gaveanews.com\/index.php\/wp-json\/wp\/v2\/media?parent=83155"}],"wp:term":[{"taxonomy":"category","embeddable":true,"href":"https:\/\/www.gaveanews.com\/index.php\/wp-json\/wp\/v2\/categories?post=83155"},{"taxonomy":"post_tag","embeddable":true,"href":"https:\/\/www.gaveanews.com\/index.php\/wp-json\/wp\/v2\/tags?post=83155"}],"curies":[{"name":"wp","href":"https:\/\/api.w.org\/{rel}","templated":true}]}}