{"id":83191,"date":"2022-06-15T15:16:03","date_gmt":"2022-06-15T18:16:03","guid":{"rendered":"https:\/\/www.gaveanews.com\/?p=83191"},"modified":"2022-06-15T15:21:11","modified_gmt":"2022-06-15T18:21:11","slug":"flamengo-fecha-com-novo-patrocinador-para-o-futebol-profissional","status":"publish","type":"post","link":"https:\/\/www.gaveanews.com\/index.php\/2022\/06\/15\/flamengo-fecha-com-novo-patrocinador-para-o-futebol-profissional\/","title":{"rendered":"Flamengo fecha com novo patrocinador para o futebol profissional"},"content":{"rendered":"\n<p>No decorrer desta semana a diretoria do Flamengo acertou a chegada de um novo patrocinador. Trata-se da empresa CIMED. A nova parceira do clube ir\u00e1 adquirir o espa\u00e7o que fica logo abaixo dos n\u00fameros dos jogadores. Atualmente, tal espa\u00e7o est\u00e1 sem nenhum patrocinador e, portanto, est\u00e1 sendo utilizado pelo pr\u00f3prio clube para divulgar a FlaTV+ (confira na foto abaixo). A informa\u00e7\u00e3o sobre a chegada da CIMED foi inicialmente divulgada pelo jornalista Renan Moura. <\/p>\n\n\n\n<figure class=\"wp-block-image size-large\"><img decoding=\"async\" src=\"https:\/\/flamengorj.com.br\/arquivos\/noticia\/30022767-18f3-4343-ae74-eb5e641a53ab_maior.webp\" alt=\"\"\/><figcaption>FlaTv+ est\u00e1 utilizando espa\u00e7o abaixo da numera\u00e7\u00e3o <\/figcaption><\/figure>\n\n\n\n<p>Sobre os valores do contrato e a sua dura\u00e7\u00e3o, eles est\u00e3o sendo mantidos sob sigilo. Vale destacar que Jo\u00e3o Adibe (presidente da CIMED) teve uma reuni\u00e3o com Rodolfo Landim na \u00faltima segunda-feira para alinhar os \u00faltimos detalhes. <\/p>\n\n\n\n<p>Com base nos \u00faltimos contratos, estima-se que o Flamengo ir\u00e1 faturar entre 3 e 5 milh\u00f5es por temporada. Desta forma, o Conselho Deliberativo ter\u00e1 que votar, e aprovar o contrato. <\/p>\n\n\n\n<h2 class=\"wp-block-heading\" id=\"h-conheca-um-pouco-mais-sobre-a-cimed\">Conhe\u00e7a um pouco mais sobre a Cimed<\/h2>\n\n\n<div class=\"wp-block-image\">\n<figure class=\"aligncenter size-large\"><img decoding=\"async\" src=\"https:\/\/logodownload.org\/wp-content\/uploads\/2020\/02\/cimed-logo.webp\" alt=\"\"\/><figcaption>Logomarca da CIMED<\/figcaption><\/figure>\n<\/div>\n\n\n<p>Atrav\u00e9s de seu site oficial, a CIMED apresenta-se da seguinte maneira: <\/p>\n\n\n\n<p>\u2014 <em>Somos uma das maiores farmac\u00eauticas do pa\u00eds. Com mais de 40 anos de hist\u00f3ria, uma das poucas empresas do setor que permanece totalmente brasileira e independente at\u00e9 hoje. S\u00e3o mais de 600 produtos no cat\u00e1logo e uma distribui\u00e7\u00e3o nacional para mais de 60 mil pontos de vendas. Al\u00e9m disso, a CIMED<\/em> <em>\u00e9 l\u00edder em todos os setores em que atua. Temos nosso complexo fabril em Pouso Alegre (MG), o centro de distribui\u00e7\u00e3o central e a gr\u00e1fica em S\u00e3o Sebasti\u00e3o da Bela Vista (MG), al\u00e9m de contar com 25 centros de distribui\u00e7\u00e3o espalhados pelo pa\u00eds. Com sede administrativa em S\u00e3o Paulo, s\u00e3o cerca de 5 mil colaboradores em todo Brasil. Somos, tamb\u00e9m, apoiadores do esporte nacional, patrocinando a Confedera\u00e7\u00e3o Brasileira de Futebol<\/em>.<\/p>\n","protected":false},"excerpt":{"rendered":"<p>No decorrer desta semana a diretoria do Flamengo acertou a chegada de um novo patrocinador. Trata-se da empresa CIMED. A nova parceira do clube ir\u00e1 adquirir o espa\u00e7o que fica logo abaixo dos n\u00fameros dos jogadores. Atualmente, tal espa\u00e7o est\u00e1 sem nenhum patrocinador e, portanto, est\u00e1 sendo utilizado pelo pr\u00f3prio clube para divulgar a FlaTV+ [&hellip;]<\/p>\n","protected":false},"author":2,"featured_media":15077,"comment_status":"open","ping_status":"closed","sticky":false,"template":"","format":"standard","meta":{"footnotes":""},"categories":[1],"tags":[],"class_list":["post-83191","post","type-post","status-publish","format-standard","has-post-thumbnail","hentry","category-flamengo"],"yoast_head":"<!-- This site is optimized with the Yoast SEO Premium plugin v24.2 (Yoast SEO v26.9) - https:\/\/yoast.com\/product\/yoast-seo-premium-wordpress\/ -->\n<title>Flamengo fecha com novo patrocinador para o futebol profissional<\/title>\n<meta name=\"robots\" content=\"index, follow, max-snippet:-1, max-image-preview:large, max-video-preview:-1\" \/>\n<link rel=\"canonical\" href=\"https:\/\/www.gaveanews.com\/index.php\/2022\/06\/15\/flamengo-fecha-com-novo-patrocinador-para-o-futebol-profissional\/\" \/>\n<meta property=\"og:locale\" content=\"pt_BR\" \/>\n<meta property=\"og:type\" content=\"article\" \/>\n<meta property=\"og:title\" content=\"Flamengo fecha com novo patrocinador para o futebol profissional\" \/>\n<meta property=\"og:description\" content=\"No decorrer desta semana a diretoria do Flamengo acertou a chegada de um novo patrocinador. Trata-se da empresa CIMED. A nova parceira do clube ir\u00e1 adquirir o espa\u00e7o que fica logo abaixo dos n\u00fameros dos jogadores. Atualmente, tal espa\u00e7o est\u00e1 sem nenhum patrocinador e, portanto, est\u00e1 sendo utilizado pelo pr\u00f3prio clube para divulgar a FlaTV+ [&hellip;]\" \/>\n<meta property=\"og:url\" content=\"https:\/\/www.gaveanews.com\/index.php\/2022\/06\/15\/flamengo-fecha-com-novo-patrocinador-para-o-futebol-profissional\/\" \/>\n<meta property=\"og:site_name\" content=\"G\u00e1vea News\" \/>\n<meta property=\"article:publisher\" content=\"https:\/\/facebook.com\/gaveaNews\/\" \/>\n<meta property=\"article:published_time\" content=\"2022-06-15T18:16:03+00:00\" \/>\n<meta property=\"article:modified_time\" content=\"2022-06-15T18:21:11+00:00\" \/>\n<meta property=\"og:image\" content=\"https:\/\/www.gaveanews.com\/wp-content\/uploads\/2019\/03\/Rodolfo-Landim-durante-entrevista-coletiva-na-Gavea.webp\" \/>\n\t<meta property=\"og:image:width\" content=\"1\" \/>\n\t<meta property=\"og:image:height\" content=\"1\" \/>\n\t<meta property=\"og:image:type\" content=\"image\/jpeg\" \/>\n<meta name=\"author\" content=\"Hugo Nogueira\" \/>\n<meta name=\"twitter:card\" content=\"summary_large_image\" \/>\n<meta name=\"twitter:label1\" content=\"Escrito por\" \/>\n\t<meta name=\"twitter:data1\" content=\"Hugo Nogueira\" \/>\n\t<meta name=\"twitter:label2\" content=\"Est. tempo de leitura\" \/>\n\t<meta name=\"twitter:data2\" content=\"2 minutos\" \/>\n<script type=\"application\/ld+json\" class=\"yoast-schema-graph\">{\"@context\":\"https:\/\/schema.org\",\"@graph\":[{\"@type\":\"NewsArticle\",\"@id\":\"https:\/\/www.gaveanews.com\/index.php\/2022\/06\/15\/flamengo-fecha-com-novo-patrocinador-para-o-futebol-profissional\/#article\",\"isPartOf\":{\"@id\":\"https:\/\/www.gaveanews.com\/index.php\/2022\/06\/15\/flamengo-fecha-com-novo-patrocinador-para-o-futebol-profissional\/\"},\"author\":{\"name\":\"Hugo Nogueira\",\"@id\":\"https:\/\/www.gaveanews.com\/#\/schema\/person\/3a0372021fabaeec4e7e4242cfa27841\"},\"headline\":\"Flamengo fecha com novo patrocinador para o futebol profissional\",\"datePublished\":\"2022-06-15T18:16:03+00:00\",\"dateModified\":\"2022-06-15T18:21:11+00:00\",\"mainEntityOfPage\":{\"@id\":\"https:\/\/www.gaveanews.com\/index.php\/2022\/06\/15\/flamengo-fecha-com-novo-patrocinador-para-o-futebol-profissional\/\"},\"wordCount\":323,\"commentCount\":0,\"image\":{\"@id\":\"https:\/\/www.gaveanews.com\/index.php\/2022\/06\/15\/flamengo-fecha-com-novo-patrocinador-para-o-futebol-profissional\/#primaryimage\"},\"thumbnailUrl\":\"https:\/\/www.gaveanews.com\/wp-content\/uploads\/2019\/03\/Rodolfo-Landim-durante-entrevista-coletiva-na-Gavea.webp\",\"articleSection\":[\"Flamengo\"],\"inLanguage\":\"pt-BR\",\"potentialAction\":[{\"@type\":\"CommentAction\",\"name\":\"Comment\",\"target\":[\"https:\/\/www.gaveanews.com\/index.php\/2022\/06\/15\/flamengo-fecha-com-novo-patrocinador-para-o-futebol-profissional\/#respond\"]}],\"copyrightYear\":\"2022\",\"copyrightHolder\":{\"@id\":\"https:\/\/www.gaveanews.com\/#organization\"}},{\"@type\":\"WebPage\",\"@id\":\"https:\/\/www.gaveanews.com\/index.php\/2022\/06\/15\/flamengo-fecha-com-novo-patrocinador-para-o-futebol-profissional\/\",\"url\":\"https:\/\/www.gaveanews.com\/index.php\/2022\/06\/15\/flamengo-fecha-com-novo-patrocinador-para-o-futebol-profissional\/\",\"name\":\"Flamengo fecha com novo patrocinador para o futebol profissional\",\"isPartOf\":{\"@id\":\"https:\/\/www.gaveanews.com\/#website\"},\"primaryImageOfPage\":{\"@id\":\"https:\/\/www.gaveanews.com\/index.php\/2022\/06\/15\/flamengo-fecha-com-novo-patrocinador-para-o-futebol-profissional\/#primaryimage\"},\"image\":{\"@id\":\"https:\/\/www.gaveanews.com\/index.php\/2022\/06\/15\/flamengo-fecha-com-novo-patrocinador-para-o-futebol-profissional\/#primaryimage\"},\"thumbnailUrl\":\"https:\/\/www.gaveanews.com\/wp-content\/uploads\/2019\/03\/Rodolfo-Landim-durante-entrevista-coletiva-na-Gavea.webp\",\"datePublished\":\"2022-06-15T18:16:03+00:00\",\"dateModified\":\"2022-06-15T18:21:11+00:00\",\"author\":{\"@id\":\"https:\/\/www.gaveanews.com\/#\/schema\/person\/3a0372021fabaeec4e7e4242cfa27841\"},\"breadcrumb\":{\"@id\":\"https:\/\/www.gaveanews.com\/index.php\/2022\/06\/15\/flamengo-fecha-com-novo-patrocinador-para-o-futebol-profissional\/#breadcrumb\"},\"inLanguage\":\"pt-BR\",\"potentialAction\":[{\"@type\":\"ReadAction\",\"target\":[\"https:\/\/www.gaveanews.com\/index.php\/2022\/06\/15\/flamengo-fecha-com-novo-patrocinador-para-o-futebol-profissional\/\"]}]},{\"@type\":\"ImageObject\",\"inLanguage\":\"pt-BR\",\"@id\":\"https:\/\/www.gaveanews.com\/index.php\/2022\/06\/15\/flamengo-fecha-com-novo-patrocinador-para-o-futebol-profissional\/#primaryimage\",\"url\":\"https:\/\/www.gaveanews.com\/wp-content\/uploads\/2019\/03\/Rodolfo-Landim-durante-entrevista-coletiva-na-Gavea.webp\",\"contentUrl\":\"https:\/\/www.gaveanews.com\/wp-content\/uploads\/2019\/03\/Rodolfo-Landim-durante-entrevista-coletiva-na-Gavea.webp\",\"width\":900,\"height\":599,\"caption\":\"Rodolfo Landim durante entrevista coletiva na G\u00e1vea (Foto: Ag\u00eancia Foto BR)\"},{\"@type\":\"BreadcrumbList\",\"@id\":\"https:\/\/www.gaveanews.com\/index.php\/2022\/06\/15\/flamengo-fecha-com-novo-patrocinador-para-o-futebol-profissional\/#breadcrumb\",\"itemListElement\":[{\"@type\":\"ListItem\",\"position\":1,\"name\":\"Home\",\"item\":\"https:\/\/www.gaveanews.com\/\"},{\"@type\":\"ListItem\",\"position\":2,\"name\":\"Flamengo fecha com novo patrocinador para o futebol profissional\"}]},{\"@type\":\"WebSite\",\"@id\":\"https:\/\/www.gaveanews.com\/#website\",\"url\":\"https:\/\/www.gaveanews.com\/\",\"name\":\"G\u00e1vea News\",\"description\":\"Veja todas as not\u00edcias sobre o Flamengo: Contrata\u00e7\u00f5es, categorias de base, resultados das partidas, tabela de classifica\u00e7\u00e3o, pr\u00f3ximos jogos!\",\"potentialAction\":[{\"@type\":\"SearchAction\",\"target\":{\"@type\":\"EntryPoint\",\"urlTemplate\":\"https:\/\/www.gaveanews.com\/?s={search_term_string}\"},\"query-input\":{\"@type\":\"PropertyValueSpecification\",\"valueRequired\":true,\"valueName\":\"search_term_string\"}}],\"inLanguage\":\"pt-BR\"},{\"@type\":\"Person\",\"@id\":\"https:\/\/www.gaveanews.com\/#\/schema\/person\/3a0372021fabaeec4e7e4242cfa27841\",\"name\":\"Hugo Nogueira\",\"image\":{\"@type\":\"ImageObject\",\"inLanguage\":\"pt-BR\",\"@id\":\"https:\/\/www.gaveanews.com\/#\/schema\/person\/image\/\",\"url\":\"https:\/\/secure.gravatar.com\/avatar\/0cdd89f3b47bb55926c08eee2db992845cfdd53f84c9fdd47a49d89b3cd40c0a?s=96&d=mm&r=g\",\"contentUrl\":\"https:\/\/secure.gravatar.com\/avatar\/0cdd89f3b47bb55926c08eee2db992845cfdd53f84c9fdd47a49d89b3cd40c0a?s=96&d=mm&r=g\",\"caption\":\"Hugo Nogueira\"}}]}<\/script>\n<!-- \/ Yoast SEO Premium plugin. -->","yoast_head_json":{"title":"Flamengo fecha com novo patrocinador para o futebol profissional","robots":{"index":"index","follow":"follow","max-snippet":"max-snippet:-1","max-image-preview":"max-image-preview:large","max-video-preview":"max-video-preview:-1"},"canonical":"https:\/\/www.gaveanews.com\/index.php\/2022\/06\/15\/flamengo-fecha-com-novo-patrocinador-para-o-futebol-profissional\/","og_locale":"pt_BR","og_type":"article","og_title":"Flamengo fecha com novo patrocinador para o futebol profissional","og_description":"No decorrer desta semana a diretoria do Flamengo acertou a chegada de um novo patrocinador. Trata-se da empresa CIMED. A nova parceira do clube ir\u00e1 adquirir o espa\u00e7o que fica logo abaixo dos n\u00fameros dos jogadores. Atualmente, tal espa\u00e7o est\u00e1 sem nenhum patrocinador e, portanto, est\u00e1 sendo utilizado pelo pr\u00f3prio clube para divulgar a FlaTV+ [&hellip;]","og_url":"https:\/\/www.gaveanews.com\/index.php\/2022\/06\/15\/flamengo-fecha-com-novo-patrocinador-para-o-futebol-profissional\/","og_site_name":"G\u00e1vea News","article_publisher":"https:\/\/facebook.com\/gaveaNews\/","article_published_time":"2022-06-15T18:16:03+00:00","article_modified_time":"2022-06-15T18:21:11+00:00","og_image":[{"url":"https:\/\/www.gaveanews.com\/wp-content\/uploads\/2019\/03\/Rodolfo-Landim-durante-entrevista-coletiva-na-Gavea.webp","width":1,"height":1,"type":"image\/jpeg"}],"author":"Hugo Nogueira","twitter_card":"summary_large_image","twitter_misc":{"Escrito por":"Hugo Nogueira","Est. tempo de leitura":"2 minutos"},"schema":{"@context":"https:\/\/schema.org","@graph":[{"@type":"NewsArticle","@id":"https:\/\/www.gaveanews.com\/index.php\/2022\/06\/15\/flamengo-fecha-com-novo-patrocinador-para-o-futebol-profissional\/#article","isPartOf":{"@id":"https:\/\/www.gaveanews.com\/index.php\/2022\/06\/15\/flamengo-fecha-com-novo-patrocinador-para-o-futebol-profissional\/"},"author":{"name":"Hugo Nogueira","@id":"https:\/\/www.gaveanews.com\/#\/schema\/person\/3a0372021fabaeec4e7e4242cfa27841"},"headline":"Flamengo fecha com novo patrocinador para o futebol profissional","datePublished":"2022-06-15T18:16:03+00:00","dateModified":"2022-06-15T18:21:11+00:00","mainEntityOfPage":{"@id":"https:\/\/www.gaveanews.com\/index.php\/2022\/06\/15\/flamengo-fecha-com-novo-patrocinador-para-o-futebol-profissional\/"},"wordCount":323,"commentCount":0,"image":{"@id":"https:\/\/www.gaveanews.com\/index.php\/2022\/06\/15\/flamengo-fecha-com-novo-patrocinador-para-o-futebol-profissional\/#primaryimage"},"thumbnailUrl":"https:\/\/www.gaveanews.com\/wp-content\/uploads\/2019\/03\/Rodolfo-Landim-durante-entrevista-coletiva-na-Gavea.webp","articleSection":["Flamengo"],"inLanguage":"pt-BR","potentialAction":[{"@type":"CommentAction","name":"Comment","target":["https:\/\/www.gaveanews.com\/index.php\/2022\/06\/15\/flamengo-fecha-com-novo-patrocinador-para-o-futebol-profissional\/#respond"]}],"copyrightYear":"2022","copyrightHolder":{"@id":"https:\/\/www.gaveanews.com\/#organization"}},{"@type":"WebPage","@id":"https:\/\/www.gaveanews.com\/index.php\/2022\/06\/15\/flamengo-fecha-com-novo-patrocinador-para-o-futebol-profissional\/","url":"https:\/\/www.gaveanews.com\/index.php\/2022\/06\/15\/flamengo-fecha-com-novo-patrocinador-para-o-futebol-profissional\/","name":"Flamengo fecha com novo patrocinador para o futebol profissional","isPartOf":{"@id":"https:\/\/www.gaveanews.com\/#website"},"primaryImageOfPage":{"@id":"https:\/\/www.gaveanews.com\/index.php\/2022\/06\/15\/flamengo-fecha-com-novo-patrocinador-para-o-futebol-profissional\/#primaryimage"},"image":{"@id":"https:\/\/www.gaveanews.com\/index.php\/2022\/06\/15\/flamengo-fecha-com-novo-patrocinador-para-o-futebol-profissional\/#primaryimage"},"thumbnailUrl":"https:\/\/www.gaveanews.com\/wp-content\/uploads\/2019\/03\/Rodolfo-Landim-durante-entrevista-coletiva-na-Gavea.webp","datePublished":"2022-06-15T18:16:03+00:00","dateModified":"2022-06-15T18:21:11+00:00","author":{"@id":"https:\/\/www.gaveanews.com\/#\/schema\/person\/3a0372021fabaeec4e7e4242cfa27841"},"breadcrumb":{"@id":"https:\/\/www.gaveanews.com\/index.php\/2022\/06\/15\/flamengo-fecha-com-novo-patrocinador-para-o-futebol-profissional\/#breadcrumb"},"inLanguage":"pt-BR","potentialAction":[{"@type":"ReadAction","target":["https:\/\/www.gaveanews.com\/index.php\/2022\/06\/15\/flamengo-fecha-com-novo-patrocinador-para-o-futebol-profissional\/"]}]},{"@type":"ImageObject","inLanguage":"pt-BR","@id":"https:\/\/www.gaveanews.com\/index.php\/2022\/06\/15\/flamengo-fecha-com-novo-patrocinador-para-o-futebol-profissional\/#primaryimage","url":"https:\/\/www.gaveanews.com\/wp-content\/uploads\/2019\/03\/Rodolfo-Landim-durante-entrevista-coletiva-na-Gavea.webp","contentUrl":"https:\/\/www.gaveanews.com\/wp-content\/uploads\/2019\/03\/Rodolfo-Landim-durante-entrevista-coletiva-na-Gavea.webp","width":900,"height":599,"caption":"Rodolfo Landim durante entrevista coletiva na G\u00e1vea (Foto: Ag\u00eancia Foto BR)"},{"@type":"BreadcrumbList","@id":"https:\/\/www.gaveanews.com\/index.php\/2022\/06\/15\/flamengo-fecha-com-novo-patrocinador-para-o-futebol-profissional\/#breadcrumb","itemListElement":[{"@type":"ListItem","position":1,"name":"Home","item":"https:\/\/www.gaveanews.com\/"},{"@type":"ListItem","position":2,"name":"Flamengo fecha com novo patrocinador para o futebol profissional"}]},{"@type":"WebSite","@id":"https:\/\/www.gaveanews.com\/#website","url":"https:\/\/www.gaveanews.com\/","name":"G\u00e1vea News","description":"Veja todas as not\u00edcias sobre o Flamengo: Contrata\u00e7\u00f5es, categorias de base, resultados das partidas, tabela de classifica\u00e7\u00e3o, pr\u00f3ximos jogos!","potentialAction":[{"@type":"SearchAction","target":{"@type":"EntryPoint","urlTemplate":"https:\/\/www.gaveanews.com\/?s={search_term_string}"},"query-input":{"@type":"PropertyValueSpecification","valueRequired":true,"valueName":"search_term_string"}}],"inLanguage":"pt-BR"},{"@type":"Person","@id":"https:\/\/www.gaveanews.com\/#\/schema\/person\/3a0372021fabaeec4e7e4242cfa27841","name":"Hugo Nogueira","image":{"@type":"ImageObject","inLanguage":"pt-BR","@id":"https:\/\/www.gaveanews.com\/#\/schema\/person\/image\/","url":"https:\/\/secure.gravatar.com\/avatar\/0cdd89f3b47bb55926c08eee2db992845cfdd53f84c9fdd47a49d89b3cd40c0a?s=96&d=mm&r=g","contentUrl":"https:\/\/secure.gravatar.com\/avatar\/0cdd89f3b47bb55926c08eee2db992845cfdd53f84c9fdd47a49d89b3cd40c0a?s=96&d=mm&r=g","caption":"Hugo Nogueira"}}]}},"_links":{"self":[{"href":"https:\/\/www.gaveanews.com\/index.php\/wp-json\/wp\/v2\/posts\/83191","targetHints":{"allow":["GET"]}}],"collection":[{"href":"https:\/\/www.gaveanews.com\/index.php\/wp-json\/wp\/v2\/posts"}],"about":[{"href":"https:\/\/www.gaveanews.com\/index.php\/wp-json\/wp\/v2\/types\/post"}],"author":[{"embeddable":true,"href":"https:\/\/www.gaveanews.com\/index.php\/wp-json\/wp\/v2\/users\/2"}],"replies":[{"embeddable":true,"href":"https:\/\/www.gaveanews.com\/index.php\/wp-json\/wp\/v2\/comments?post=83191"}],"version-history":[{"count":0,"href":"https:\/\/www.gaveanews.com\/index.php\/wp-json\/wp\/v2\/posts\/83191\/revisions"}],"wp:featuredmedia":[{"embeddable":true,"href":"https:\/\/www.gaveanews.com\/index.php\/wp-json\/wp\/v2\/media\/15077"}],"wp:attachment":[{"href":"https:\/\/www.gaveanews.com\/index.php\/wp-json\/wp\/v2\/media?parent=83191"}],"wp:term":[{"taxonomy":"category","embeddable":true,"href":"https:\/\/www.gaveanews.com\/index.php\/wp-json\/wp\/v2\/categories?post=83191"},{"taxonomy":"post_tag","embeddable":true,"href":"https:\/\/www.gaveanews.com\/index.php\/wp-json\/wp\/v2\/tags?post=83191"}],"curies":[{"name":"wp","href":"https:\/\/api.w.org\/{rel}","templated":true}]}}