{"id":83216,"date":"2022-06-15T18:49:49","date_gmt":"2022-06-15T21:49:49","guid":{"rendered":"https:\/\/www.gaveanews.com\/?p=83216"},"modified":"2022-06-15T20:26:27","modified_gmt":"2022-06-15T23:26:27","slug":"everton-cebolinha-rebate-torcedor-do-gremio-devido-ao-flamengo-veja-print","status":"publish","type":"post","link":"https:\/\/www.gaveanews.com\/index.php\/2022\/06\/15\/everton-cebolinha-rebate-torcedor-do-gremio-devido-ao-flamengo-veja-print\/","title":{"rendered":"Everton Cebolinha rebate torcedor do Gr\u00eamio devido ao Flamengo; veja print"},"content":{"rendered":"\n<p>O Flamengo j\u00e1 tem bem encaminhada a negocia\u00e7\u00e3o de Everton Cebolinha com o Benfica. Nesse sentindo, torcedores do <a href=\"https:\/\/portaldogremista.com.br\/\">Gr\u00eamio<\/a>, clube o qual ajudou a revelar o jogador, se manifestaram contra a transa\u00e7\u00e3o do atleta para o Rubro-Negro. Sendo assim, o atacante chegou a ser xingado nas redes sociais.<\/p>\n\n\n\n<p>Em esp\u00edrito n\u00e3o muito amig\u00e1vel, Everton inclusive a responder as ofensas no perfil do Instagram. Em argumenta\u00e7\u00e3o, o jogador deu a entender que n\u00e3o \u00e9 obrigado a jogar em um time s\u00f3. No meio desse cen\u00e1rio hostil, o atacante est\u00e1 prestes a fechar com o Meng\u00e3o de maneira oficial, e assim, receber todo o carinho da Na\u00e7\u00e3o Rubro-Negra.<\/p>\n\n\n\n<p>Por fim, a transa\u00e7\u00e3o do jogador poder\u00e1 chegar a 16 milh\u00f5es de euros incluindo bonifica\u00e7\u00f5es no contrato. Com o alvo praticamente acertado, o Flamengo busca encaminhar outra negocia\u00e7\u00e3o.<\/p>\n\n\n<div class=\"wp-block-image\">\n<figure class=\"aligncenter size-large\"><img decoding=\"async\" src=\"https:\/\/pbs.twimg.com\/media\/FVUnVtvWYAE0d6-?format=jpg\" alt=\"\"\/><\/figure>\n<\/div>\n\n\n<p>Retirado de: Di\u00e1rio do Fla<\/p>\n","protected":false},"excerpt":{"rendered":"<p>O Flamengo j\u00e1 tem bem encaminhada a negocia\u00e7\u00e3o de Everton Cebolinha com o Benfica. Nesse sentindo, torcedores do Gr\u00eamio, clube o qual ajudou a revelar o jogador, se manifestaram contra a transa\u00e7\u00e3o do atleta para o Rubro-Negro. Sendo assim, o atacante chegou a ser xingado nas redes sociais. Em esp\u00edrito n\u00e3o muito amig\u00e1vel, Everton inclusive [&hellip;]<\/p>\n","protected":false},"author":1,"featured_media":75363,"comment_status":"open","ping_status":"closed","sticky":false,"template":"","format":"standard","meta":{"footnotes":""},"categories":[48],"tags":[],"class_list":["post-83216","post","type-post","status-publish","format-standard","has-post-thumbnail","hentry","category-negociacoes"],"yoast_head":"<!-- This site is optimized with the Yoast SEO Premium plugin v24.2 (Yoast SEO v26.9) - https:\/\/yoast.com\/product\/yoast-seo-premium-wordpress\/ -->\n<title>Everton Cebolinha rebate torcedor do Gr\u00eamio devido ao Flamengo; veja print<\/title>\n<meta name=\"robots\" content=\"index, follow, max-snippet:-1, max-image-preview:large, max-video-preview:-1\" \/>\n<link rel=\"canonical\" href=\"https:\/\/www.gaveanews.com\/index.php\/2022\/06\/15\/everton-cebolinha-rebate-torcedor-do-gremio-devido-ao-flamengo-veja-print\/\" \/>\n<meta property=\"og:locale\" content=\"pt_BR\" \/>\n<meta property=\"og:type\" content=\"article\" \/>\n<meta property=\"og:title\" content=\"Everton Cebolinha rebate torcedor do Gr\u00eamio devido ao Flamengo; veja print\" \/>\n<meta property=\"og:description\" content=\"O Flamengo j\u00e1 tem bem encaminhada a negocia\u00e7\u00e3o de Everton Cebolinha com o Benfica. Nesse sentindo, torcedores do Gr\u00eamio, clube o qual ajudou a revelar o jogador, se manifestaram contra a transa\u00e7\u00e3o do atleta para o Rubro-Negro. Sendo assim, o atacante chegou a ser xingado nas redes sociais. Em esp\u00edrito n\u00e3o muito amig\u00e1vel, Everton inclusive [&hellip;]\" \/>\n<meta property=\"og:url\" content=\"https:\/\/www.gaveanews.com\/index.php\/2022\/06\/15\/everton-cebolinha-rebate-torcedor-do-gremio-devido-ao-flamengo-veja-print\/\" \/>\n<meta property=\"og:site_name\" content=\"G\u00e1vea News\" \/>\n<meta property=\"article:publisher\" content=\"https:\/\/facebook.com\/gaveaNews\/\" \/>\n<meta property=\"article:published_time\" content=\"2022-06-15T21:49:49+00:00\" \/>\n<meta property=\"article:modified_time\" content=\"2022-06-15T23:26:27+00:00\" \/>\n<meta property=\"og:image\" content=\"https:\/\/www.gaveanews.com\/wp-content\/uploads\/Everton-Cebolinha-em-acao-pela-Selecao-Brasileira.webp\" \/>\n\t<meta property=\"og:image:width\" content=\"634\" \/>\n\t<meta property=\"og:image:height\" content=\"422\" \/>\n\t<meta property=\"og:image:type\" content=\"image\/png\" \/>\n<meta name=\"author\" content=\"Equipe G\u00e1vea News\" \/>\n<meta name=\"twitter:card\" content=\"summary_large_image\" \/>\n<meta name=\"twitter:label1\" content=\"Escrito por\" \/>\n\t<meta name=\"twitter:data1\" content=\"Equipe G\u00e1vea News\" \/>\n\t<meta name=\"twitter:label2\" content=\"Est. tempo de leitura\" \/>\n\t<meta name=\"twitter:data2\" content=\"1 minuto\" \/>\n<script type=\"application\/ld+json\" class=\"yoast-schema-graph\">{\"@context\":\"https:\/\/schema.org\",\"@graph\":[{\"@type\":\"NewsArticle\",\"@id\":\"https:\/\/www.gaveanews.com\/index.php\/2022\/06\/15\/everton-cebolinha-rebate-torcedor-do-gremio-devido-ao-flamengo-veja-print\/#article\",\"isPartOf\":{\"@id\":\"https:\/\/www.gaveanews.com\/index.php\/2022\/06\/15\/everton-cebolinha-rebate-torcedor-do-gremio-devido-ao-flamengo-veja-print\/\"},\"author\":{\"name\":\"Equipe G\u00e1vea News\",\"@id\":\"https:\/\/www.gaveanews.com\/#\/schema\/person\/2ec14f73fb96be2caf28f91afb14749d\"},\"headline\":\"Everton Cebolinha rebate torcedor do Gr\u00eamio devido ao Flamengo; veja print\",\"datePublished\":\"2022-06-15T21:49:49+00:00\",\"dateModified\":\"2022-06-15T23:26:27+00:00\",\"mainEntityOfPage\":{\"@id\":\"https:\/\/www.gaveanews.com\/index.php\/2022\/06\/15\/everton-cebolinha-rebate-torcedor-do-gremio-devido-ao-flamengo-veja-print\/\"},\"wordCount\":165,\"commentCount\":0,\"image\":{\"@id\":\"https:\/\/www.gaveanews.com\/index.php\/2022\/06\/15\/everton-cebolinha-rebate-torcedor-do-gremio-devido-ao-flamengo-veja-print\/#primaryimage\"},\"thumbnailUrl\":\"https:\/\/www.gaveanews.com\/wp-content\/uploads\/Everton-Cebolinha-em-acao-pela-Selecao-Brasileira.webp\",\"articleSection\":[\"Negocia\u00e7\u00f5es\"],\"inLanguage\":\"pt-BR\",\"potentialAction\":[{\"@type\":\"CommentAction\",\"name\":\"Comment\",\"target\":[\"https:\/\/www.gaveanews.com\/index.php\/2022\/06\/15\/everton-cebolinha-rebate-torcedor-do-gremio-devido-ao-flamengo-veja-print\/#respond\"]}],\"copyrightYear\":\"2022\",\"copyrightHolder\":{\"@id\":\"https:\/\/www.gaveanews.com\/#organization\"}},{\"@type\":\"WebPage\",\"@id\":\"https:\/\/www.gaveanews.com\/index.php\/2022\/06\/15\/everton-cebolinha-rebate-torcedor-do-gremio-devido-ao-flamengo-veja-print\/\",\"url\":\"https:\/\/www.gaveanews.com\/index.php\/2022\/06\/15\/everton-cebolinha-rebate-torcedor-do-gremio-devido-ao-flamengo-veja-print\/\",\"name\":\"Everton Cebolinha rebate torcedor do Gr\u00eamio devido ao Flamengo; veja print\",\"isPartOf\":{\"@id\":\"https:\/\/www.gaveanews.com\/#website\"},\"primaryImageOfPage\":{\"@id\":\"https:\/\/www.gaveanews.com\/index.php\/2022\/06\/15\/everton-cebolinha-rebate-torcedor-do-gremio-devido-ao-flamengo-veja-print\/#primaryimage\"},\"image\":{\"@id\":\"https:\/\/www.gaveanews.com\/index.php\/2022\/06\/15\/everton-cebolinha-rebate-torcedor-do-gremio-devido-ao-flamengo-veja-print\/#primaryimage\"},\"thumbnailUrl\":\"https:\/\/www.gaveanews.com\/wp-content\/uploads\/Everton-Cebolinha-em-acao-pela-Selecao-Brasileira.webp\",\"datePublished\":\"2022-06-15T21:49:49+00:00\",\"dateModified\":\"2022-06-15T23:26:27+00:00\",\"author\":{\"@id\":\"https:\/\/www.gaveanews.com\/#\/schema\/person\/2ec14f73fb96be2caf28f91afb14749d\"},\"breadcrumb\":{\"@id\":\"https:\/\/www.gaveanews.com\/index.php\/2022\/06\/15\/everton-cebolinha-rebate-torcedor-do-gremio-devido-ao-flamengo-veja-print\/#breadcrumb\"},\"inLanguage\":\"pt-BR\",\"potentialAction\":[{\"@type\":\"ReadAction\",\"target\":[\"https:\/\/www.gaveanews.com\/index.php\/2022\/06\/15\/everton-cebolinha-rebate-torcedor-do-gremio-devido-ao-flamengo-veja-print\/\"]}]},{\"@type\":\"ImageObject\",\"inLanguage\":\"pt-BR\",\"@id\":\"https:\/\/www.gaveanews.com\/index.php\/2022\/06\/15\/everton-cebolinha-rebate-torcedor-do-gremio-devido-ao-flamengo-veja-print\/#primaryimage\",\"url\":\"https:\/\/www.gaveanews.com\/wp-content\/uploads\/Everton-Cebolinha-em-acao-pela-Selecao-Brasileira.webp\",\"contentUrl\":\"https:\/\/www.gaveanews.com\/wp-content\/uploads\/Everton-Cebolinha-em-acao-pela-Selecao-Brasileira.webp\",\"width\":634,\"height\":422,\"caption\":\"Everton Cebolinha em a\u00e7\u00e3o pela Sele\u00e7\u00e3o Brasileira (Foto: Lucas Figueiredo\/CBF)\"},{\"@type\":\"BreadcrumbList\",\"@id\":\"https:\/\/www.gaveanews.com\/index.php\/2022\/06\/15\/everton-cebolinha-rebate-torcedor-do-gremio-devido-ao-flamengo-veja-print\/#breadcrumb\",\"itemListElement\":[{\"@type\":\"ListItem\",\"position\":1,\"name\":\"Home\",\"item\":\"https:\/\/www.gaveanews.com\/\"},{\"@type\":\"ListItem\",\"position\":2,\"name\":\"Everton Cebolinha rebate torcedor do Gr\u00eamio devido ao Flamengo; veja print\"}]},{\"@type\":\"WebSite\",\"@id\":\"https:\/\/www.gaveanews.com\/#website\",\"url\":\"https:\/\/www.gaveanews.com\/\",\"name\":\"G\u00e1vea News\",\"description\":\"Veja todas as not\u00edcias sobre o Flamengo: Contrata\u00e7\u00f5es, categorias de base, resultados das partidas, tabela de classifica\u00e7\u00e3o, pr\u00f3ximos jogos!\",\"potentialAction\":[{\"@type\":\"SearchAction\",\"target\":{\"@type\":\"EntryPoint\",\"urlTemplate\":\"https:\/\/www.gaveanews.com\/?s={search_term_string}\"},\"query-input\":{\"@type\":\"PropertyValueSpecification\",\"valueRequired\":true,\"valueName\":\"search_term_string\"}}],\"inLanguage\":\"pt-BR\"},{\"@type\":\"Person\",\"@id\":\"https:\/\/www.gaveanews.com\/#\/schema\/person\/2ec14f73fb96be2caf28f91afb14749d\",\"name\":\"Equipe G\u00e1vea News\",\"image\":{\"@type\":\"ImageObject\",\"inLanguage\":\"pt-BR\",\"@id\":\"https:\/\/www.gaveanews.com\/#\/schema\/person\/image\/\",\"url\":\"https:\/\/secure.gravatar.com\/avatar\/1e1956f1facbffd3f8fa53a326721950116b3b9dc9bd44939c01180fd4a745a9?s=96&d=mm&r=g\",\"contentUrl\":\"https:\/\/secure.gravatar.com\/avatar\/1e1956f1facbffd3f8fa53a326721950116b3b9dc9bd44939c01180fd4a745a9?s=96&d=mm&r=g\",\"caption\":\"Equipe G\u00e1vea News\"}}]}<\/script>\n<!-- \/ Yoast SEO Premium plugin. -->","yoast_head_json":{"title":"Everton Cebolinha rebate torcedor do Gr\u00eamio devido ao Flamengo; veja print","robots":{"index":"index","follow":"follow","max-snippet":"max-snippet:-1","max-image-preview":"max-image-preview:large","max-video-preview":"max-video-preview:-1"},"canonical":"https:\/\/www.gaveanews.com\/index.php\/2022\/06\/15\/everton-cebolinha-rebate-torcedor-do-gremio-devido-ao-flamengo-veja-print\/","og_locale":"pt_BR","og_type":"article","og_title":"Everton Cebolinha rebate torcedor do Gr\u00eamio devido ao Flamengo; veja print","og_description":"O Flamengo j\u00e1 tem bem encaminhada a negocia\u00e7\u00e3o de Everton Cebolinha com o Benfica. Nesse sentindo, torcedores do Gr\u00eamio, clube o qual ajudou a revelar o jogador, se manifestaram contra a transa\u00e7\u00e3o do atleta para o Rubro-Negro. Sendo assim, o atacante chegou a ser xingado nas redes sociais. Em esp\u00edrito n\u00e3o muito amig\u00e1vel, Everton inclusive [&hellip;]","og_url":"https:\/\/www.gaveanews.com\/index.php\/2022\/06\/15\/everton-cebolinha-rebate-torcedor-do-gremio-devido-ao-flamengo-veja-print\/","og_site_name":"G\u00e1vea News","article_publisher":"https:\/\/facebook.com\/gaveaNews\/","article_published_time":"2022-06-15T21:49:49+00:00","article_modified_time":"2022-06-15T23:26:27+00:00","og_image":[{"width":634,"height":422,"url":"https:\/\/www.gaveanews.com\/wp-content\/uploads\/Everton-Cebolinha-em-acao-pela-Selecao-Brasileira.webp","type":"image\/png"}],"author":"Equipe G\u00e1vea News","twitter_card":"summary_large_image","twitter_misc":{"Escrito por":"Equipe G\u00e1vea News","Est. tempo de leitura":"1 minuto"},"schema":{"@context":"https:\/\/schema.org","@graph":[{"@type":"NewsArticle","@id":"https:\/\/www.gaveanews.com\/index.php\/2022\/06\/15\/everton-cebolinha-rebate-torcedor-do-gremio-devido-ao-flamengo-veja-print\/#article","isPartOf":{"@id":"https:\/\/www.gaveanews.com\/index.php\/2022\/06\/15\/everton-cebolinha-rebate-torcedor-do-gremio-devido-ao-flamengo-veja-print\/"},"author":{"name":"Equipe G\u00e1vea News","@id":"https:\/\/www.gaveanews.com\/#\/schema\/person\/2ec14f73fb96be2caf28f91afb14749d"},"headline":"Everton Cebolinha rebate torcedor do Gr\u00eamio devido ao Flamengo; veja print","datePublished":"2022-06-15T21:49:49+00:00","dateModified":"2022-06-15T23:26:27+00:00","mainEntityOfPage":{"@id":"https:\/\/www.gaveanews.com\/index.php\/2022\/06\/15\/everton-cebolinha-rebate-torcedor-do-gremio-devido-ao-flamengo-veja-print\/"},"wordCount":165,"commentCount":0,"image":{"@id":"https:\/\/www.gaveanews.com\/index.php\/2022\/06\/15\/everton-cebolinha-rebate-torcedor-do-gremio-devido-ao-flamengo-veja-print\/#primaryimage"},"thumbnailUrl":"https:\/\/www.gaveanews.com\/wp-content\/uploads\/Everton-Cebolinha-em-acao-pela-Selecao-Brasileira.webp","articleSection":["Negocia\u00e7\u00f5es"],"inLanguage":"pt-BR","potentialAction":[{"@type":"CommentAction","name":"Comment","target":["https:\/\/www.gaveanews.com\/index.php\/2022\/06\/15\/everton-cebolinha-rebate-torcedor-do-gremio-devido-ao-flamengo-veja-print\/#respond"]}],"copyrightYear":"2022","copyrightHolder":{"@id":"https:\/\/www.gaveanews.com\/#organization"}},{"@type":"WebPage","@id":"https:\/\/www.gaveanews.com\/index.php\/2022\/06\/15\/everton-cebolinha-rebate-torcedor-do-gremio-devido-ao-flamengo-veja-print\/","url":"https:\/\/www.gaveanews.com\/index.php\/2022\/06\/15\/everton-cebolinha-rebate-torcedor-do-gremio-devido-ao-flamengo-veja-print\/","name":"Everton Cebolinha rebate torcedor do Gr\u00eamio devido ao Flamengo; veja print","isPartOf":{"@id":"https:\/\/www.gaveanews.com\/#website"},"primaryImageOfPage":{"@id":"https:\/\/www.gaveanews.com\/index.php\/2022\/06\/15\/everton-cebolinha-rebate-torcedor-do-gremio-devido-ao-flamengo-veja-print\/#primaryimage"},"image":{"@id":"https:\/\/www.gaveanews.com\/index.php\/2022\/06\/15\/everton-cebolinha-rebate-torcedor-do-gremio-devido-ao-flamengo-veja-print\/#primaryimage"},"thumbnailUrl":"https:\/\/www.gaveanews.com\/wp-content\/uploads\/Everton-Cebolinha-em-acao-pela-Selecao-Brasileira.webp","datePublished":"2022-06-15T21:49:49+00:00","dateModified":"2022-06-15T23:26:27+00:00","author":{"@id":"https:\/\/www.gaveanews.com\/#\/schema\/person\/2ec14f73fb96be2caf28f91afb14749d"},"breadcrumb":{"@id":"https:\/\/www.gaveanews.com\/index.php\/2022\/06\/15\/everton-cebolinha-rebate-torcedor-do-gremio-devido-ao-flamengo-veja-print\/#breadcrumb"},"inLanguage":"pt-BR","potentialAction":[{"@type":"ReadAction","target":["https:\/\/www.gaveanews.com\/index.php\/2022\/06\/15\/everton-cebolinha-rebate-torcedor-do-gremio-devido-ao-flamengo-veja-print\/"]}]},{"@type":"ImageObject","inLanguage":"pt-BR","@id":"https:\/\/www.gaveanews.com\/index.php\/2022\/06\/15\/everton-cebolinha-rebate-torcedor-do-gremio-devido-ao-flamengo-veja-print\/#primaryimage","url":"https:\/\/www.gaveanews.com\/wp-content\/uploads\/Everton-Cebolinha-em-acao-pela-Selecao-Brasileira.webp","contentUrl":"https:\/\/www.gaveanews.com\/wp-content\/uploads\/Everton-Cebolinha-em-acao-pela-Selecao-Brasileira.webp","width":634,"height":422,"caption":"Everton Cebolinha em a\u00e7\u00e3o pela Sele\u00e7\u00e3o Brasileira (Foto: Lucas Figueiredo\/CBF)"},{"@type":"BreadcrumbList","@id":"https:\/\/www.gaveanews.com\/index.php\/2022\/06\/15\/everton-cebolinha-rebate-torcedor-do-gremio-devido-ao-flamengo-veja-print\/#breadcrumb","itemListElement":[{"@type":"ListItem","position":1,"name":"Home","item":"https:\/\/www.gaveanews.com\/"},{"@type":"ListItem","position":2,"name":"Everton Cebolinha rebate torcedor do Gr\u00eamio devido ao Flamengo; veja print"}]},{"@type":"WebSite","@id":"https:\/\/www.gaveanews.com\/#website","url":"https:\/\/www.gaveanews.com\/","name":"G\u00e1vea News","description":"Veja todas as not\u00edcias sobre o Flamengo: Contrata\u00e7\u00f5es, categorias de base, resultados das partidas, tabela de classifica\u00e7\u00e3o, pr\u00f3ximos jogos!","potentialAction":[{"@type":"SearchAction","target":{"@type":"EntryPoint","urlTemplate":"https:\/\/www.gaveanews.com\/?s={search_term_string}"},"query-input":{"@type":"PropertyValueSpecification","valueRequired":true,"valueName":"search_term_string"}}],"inLanguage":"pt-BR"},{"@type":"Person","@id":"https:\/\/www.gaveanews.com\/#\/schema\/person\/2ec14f73fb96be2caf28f91afb14749d","name":"Equipe G\u00e1vea News","image":{"@type":"ImageObject","inLanguage":"pt-BR","@id":"https:\/\/www.gaveanews.com\/#\/schema\/person\/image\/","url":"https:\/\/secure.gravatar.com\/avatar\/1e1956f1facbffd3f8fa53a326721950116b3b9dc9bd44939c01180fd4a745a9?s=96&d=mm&r=g","contentUrl":"https:\/\/secure.gravatar.com\/avatar\/1e1956f1facbffd3f8fa53a326721950116b3b9dc9bd44939c01180fd4a745a9?s=96&d=mm&r=g","caption":"Equipe G\u00e1vea News"}}]}},"_links":{"self":[{"href":"https:\/\/www.gaveanews.com\/index.php\/wp-json\/wp\/v2\/posts\/83216","targetHints":{"allow":["GET"]}}],"collection":[{"href":"https:\/\/www.gaveanews.com\/index.php\/wp-json\/wp\/v2\/posts"}],"about":[{"href":"https:\/\/www.gaveanews.com\/index.php\/wp-json\/wp\/v2\/types\/post"}],"author":[{"embeddable":true,"href":"https:\/\/www.gaveanews.com\/index.php\/wp-json\/wp\/v2\/users\/1"}],"replies":[{"embeddable":true,"href":"https:\/\/www.gaveanews.com\/index.php\/wp-json\/wp\/v2\/comments?post=83216"}],"version-history":[{"count":0,"href":"https:\/\/www.gaveanews.com\/index.php\/wp-json\/wp\/v2\/posts\/83216\/revisions"}],"wp:featuredmedia":[{"embeddable":true,"href":"https:\/\/www.gaveanews.com\/index.php\/wp-json\/wp\/v2\/media\/75363"}],"wp:attachment":[{"href":"https:\/\/www.gaveanews.com\/index.php\/wp-json\/wp\/v2\/media?parent=83216"}],"wp:term":[{"taxonomy":"category","embeddable":true,"href":"https:\/\/www.gaveanews.com\/index.php\/wp-json\/wp\/v2\/categories?post=83216"},{"taxonomy":"post_tag","embeddable":true,"href":"https:\/\/www.gaveanews.com\/index.php\/wp-json\/wp\/v2\/tags?post=83216"}],"curies":[{"name":"wp","href":"https:\/\/api.w.org\/{rel}","templated":true}]}}