{"id":83283,"date":"2022-06-16T16:02:22","date_gmt":"2022-06-16T19:02:22","guid":{"rendered":"https:\/\/www.gaveanews.com\/?p=83283"},"modified":"2022-06-16T16:02:24","modified_gmt":"2022-06-16T19:02:24","slug":"apesar-da-vitoria-do-flamengo-atitude-de-marcos-braz-revolta-torcida-veja-repercussao","status":"publish","type":"post","link":"https:\/\/www.gaveanews.com\/index.php\/2022\/06\/16\/apesar-da-vitoria-do-flamengo-atitude-de-marcos-braz-revolta-torcida-veja-repercussao\/","title":{"rendered":"Apesar da vit\u00f3ria do Flamengo, atitude de Marcos Braz revolta torcida; veja repercuss\u00e3o"},"content":{"rendered":"\n<p>Ainda tentando se livrar da crise no departamento de futebol e voltar a render proporcionalmente ao potencial do elenco, o Flamengo conseguiu voltar a vencer na \u00faltima quarta-feira (15) e superou o Cuiab\u00e1 no Maracan\u00e3.<\/p>\n\n\n\n<p>O duelo contou com a presen\u00e7a da torcida rubro-negra, que compareceu em peso e fez bastante barulho. Mas al\u00e9m dos milhares de flamenguistas que estavam nas arquibancadas, o est\u00e1dio recebeu a visita de pol\u00edticos na \u00e1rea restrita ao elenco. O tour foi proporcionado por Marcos Braz, quem convidou os colegas para conhecerem o local onde a equipe rubro-negra se prepara no est\u00e1dio.<\/p>\n\n\n\n<p>Ao todo, o VP do departamento de futebol levou quatro pol\u00edticos ao vesti\u00e1rio: Raphael Thompson (secret\u00e1rio do Governo do Rio de Janeiro), Rodrigo Bacellar (Deputado Estadual), J\u00falio Bernardes (Subsecret\u00e1rio de Estado do Governo), e Rodrigo Castro (Assessor da Governadoria do Estado do RJ).<\/p>\n\n\n\n<p>A atitude de Braz n\u00e3o passou despercebida pela torcida. Nas redes sociais, diversos internautas detonaram o dirigente e cobraram uma postura mais profissional em rela\u00e7\u00e3o ao Flamengo.<\/p>\n\n\n\n<h2 class=\"wp-block-heading\" id=\"h-confira-as-reacoes\">Confira as rea\u00e7\u00f5es:<\/h2>\n\n\n\n<figure class=\"wp-block-embed is-type-rich is-provider-twitter wp-block-embed-twitter\"><div class=\"wp-block-embed__wrapper\">\nhttps:\/\/twitter.com\/fla_planeta\/status\/1537426908496859136\n<\/div><\/figure>\n\n\n\n<figure class=\"wp-block-embed is-type-rich is-provider-twitter wp-block-embed-twitter\"><div class=\"wp-block-embed__wrapper\">\n<blockquote class=\"twitter-tweet\" data-width=\"550\" data-dnt=\"true\"><p lang=\"pt\" dir=\"ltr\">Marcos Braz usando o vesti\u00e1rio do Flamengo para fazer palanque pol\u00edtico, j\u00e1 no embalo pra pr\u00e9 candidatura a deputado federal? <br><br>\u00c9 s\u00e9rio isso?<\/p>&mdash; Cesar\u2764\ufe0f\ud83d\udda4 (@CesarFe74258404) <a href=\"https:\/\/twitter.com\/CesarFe74258404\/status\/1537425976010760192?ref_src=twsrc%5Etfw\">June 16, 2022<\/a><\/blockquote><script async src=\"https:\/\/platform.twitter.com\/widgets.js\" charset=\"utf-8\"><\/script>\n<\/div><\/figure>\n\n\n\n<figure class=\"wp-block-embed is-type-rich is-provider-twitter wp-block-embed-twitter\"><div class=\"wp-block-embed__wrapper\">\n<blockquote class=\"twitter-tweet\" data-width=\"550\" data-dnt=\"true\"><p lang=\"pt\" dir=\"ltr\">S\u00e9rio, <a href=\"https:\/\/twitter.com\/Flamengo?ref_src=twsrc%5Etfw\">@Flamengo<\/a>? Uma vit\u00f3ria e j\u00e1 legalizou a sacanagem de novo? Vesti\u00e1rio n\u00e3o \u00e9 lugar pol\u00edtico e o Braz t\u00e1 fazendo hora extra no clube. Deixa ele se dedicar ao cargo de vereador e bota um profissional competente pra cuidar do futebol do clube! <a href=\"https:\/\/twitter.com\/hashtag\/ForaMarcosBraz?src=hash&amp;ref_src=twsrc%5Etfw\">#ForaMarcosBraz<\/a> <a href=\"https:\/\/t.co\/cd05EGe915\">https:\/\/t.co\/cd05EGe915<\/a><\/p>&mdash; Yuri Szirovicza (sziro no bsky) (@ysziro) <a href=\"https:\/\/twitter.com\/ysziro\/status\/1537416350850813954?ref_src=twsrc%5Etfw\">June 16, 2022<\/a><\/blockquote><script async src=\"https:\/\/platform.twitter.com\/widgets.js\" charset=\"utf-8\"><\/script>\n<\/div><\/figure>\n\n\n\n<figure class=\"wp-block-embed is-type-rich is-provider-twitter wp-block-embed-twitter\"><div class=\"wp-block-embed__wrapper\">\nhttps:\/\/twitter.com\/Flacampos_rj\/status\/1537466335097196544\n<\/div><\/figure>\n\n\n\n<figure class=\"wp-block-embed is-type-rich is-provider-twitter wp-block-embed-twitter\"><div class=\"wp-block-embed__wrapper\">\n<blockquote class=\"twitter-tweet\" data-width=\"550\" data-dnt=\"true\"><p lang=\"pt\" dir=\"ltr\">\u00c9 nojento a forma que o braz usa a pol\u00edtica no Flamengo ao seu favor<\/p>&mdash; eduarda (@jsmescrf) <a href=\"https:\/\/twitter.com\/jsmescrf\/status\/1537273084369059840?ref_src=twsrc%5Etfw\">June 16, 2022<\/a><\/blockquote><script async src=\"https:\/\/platform.twitter.com\/widgets.js\" charset=\"utf-8\"><\/script>\n<\/div><\/figure>\n\n\n\n<blockquote class=\"twitter-tweet\" data-conversation=\"none\"><p lang=\"pt\" dir=\"ltr\">Braz tem que sair do Flamengo ou ent\u00e3o sai dessa pol\u00edtica nojenta ! Pqp<\/p>\u2014 Rafael (@Rafaelo25506767) <a href=\"https:\/\/twitter.com\/Rafaelo25506767\/status\/1537413794024013825?ref_src=twsrc%5Etfw\">June 16, 2022<\/a><\/blockquote> <script async=\"\" src=\"https:\/\/platform.twitter.com\/widgets.js\" charset=\"utf-8\"><\/script>\n\n\n\n<figure class=\"wp-block-embed is-type-rich is-provider-twitter wp-block-embed-twitter\"><div class=\"wp-block-embed__wrapper\">\n<blockquote class=\"twitter-tweet\" data-width=\"550\" data-dnt=\"true\"><p lang=\"pt\" dir=\"ltr\">Braz usando o vesti\u00e1rio do Flamengo pra fazer campanha pol\u00edtica pra terceiros, a que ponto chegamos \ud83e\udd26\ud83c\udffb\u200d\u2642\ufe0f<\/p>&mdash; Rapha Marques \u1d9c\u02b3\u1da0 \u00b9\u2078\u2079\u2075 \ud83d\udd34\u26ab\ufe0f (@RaphaMarquesCRF) <a href=\"https:\/\/twitter.com\/RaphaMarquesCRF\/status\/1537432067956277249?ref_src=twsrc%5Etfw\">June 16, 2022<\/a><\/blockquote><script async src=\"https:\/\/platform.twitter.com\/widgets.js\" charset=\"utf-8\"><\/script>\n<\/div><\/figure>\n","protected":false},"excerpt":{"rendered":"<p>Ainda tentando se livrar da crise no departamento de futebol e voltar a render proporcionalmente ao potencial do elenco, o Flamengo conseguiu voltar a vencer na \u00faltima quarta-feira (15) e superou o Cuiab\u00e1 no Maracan\u00e3. O duelo contou com a presen\u00e7a da torcida rubro-negra, que compareceu em peso e fez bastante barulho. Mas al\u00e9m dos [&hellip;]<\/p>\n","protected":false},"author":4,"featured_media":75887,"comment_status":"open","ping_status":"closed","sticky":false,"template":"","format":"standard","meta":{"footnotes":""},"categories":[47],"tags":[],"class_list":["post-83283","post","type-post","status-publish","format-standard","has-post-thumbnail","hentry","category-destaques"],"yoast_head":"<!-- This site is optimized with the Yoast SEO Premium plugin v24.2 (Yoast SEO v26.9) - https:\/\/yoast.com\/product\/yoast-seo-premium-wordpress\/ -->\n<title>Apesar da vit\u00f3ria do Flamengo, atitude de Marcos Braz revolta torcida; veja repercuss\u00e3o<\/title>\n<meta name=\"robots\" content=\"index, follow, max-snippet:-1, max-image-preview:large, max-video-preview:-1\" \/>\n<link rel=\"canonical\" href=\"https:\/\/www.gaveanews.com\/index.php\/2022\/06\/16\/apesar-da-vitoria-do-flamengo-atitude-de-marcos-braz-revolta-torcida-veja-repercussao\/\" \/>\n<meta property=\"og:locale\" content=\"pt_BR\" \/>\n<meta property=\"og:type\" content=\"article\" \/>\n<meta property=\"og:title\" content=\"Apesar da vit\u00f3ria do Flamengo, atitude de Marcos Braz revolta torcida; veja repercuss\u00e3o\" \/>\n<meta property=\"og:description\" content=\"Ainda tentando se livrar da crise no departamento de futebol e voltar a render proporcionalmente ao potencial do elenco, o Flamengo conseguiu voltar a vencer na \u00faltima quarta-feira (15) e superou o Cuiab\u00e1 no Maracan\u00e3. O duelo contou com a presen\u00e7a da torcida rubro-negra, que compareceu em peso e fez bastante barulho. Mas al\u00e9m dos [&hellip;]\" \/>\n<meta property=\"og:url\" content=\"https:\/\/www.gaveanews.com\/index.php\/2022\/06\/16\/apesar-da-vitoria-do-flamengo-atitude-de-marcos-braz-revolta-torcida-veja-repercussao\/\" \/>\n<meta property=\"og:site_name\" content=\"G\u00e1vea News\" \/>\n<meta property=\"article:publisher\" content=\"https:\/\/facebook.com\/gaveaNews\/\" \/>\n<meta property=\"article:published_time\" content=\"2022-06-16T19:02:22+00:00\" \/>\n<meta property=\"article:modified_time\" content=\"2022-06-16T19:02:24+00:00\" \/>\n<meta property=\"og:image\" content=\"https:\/\/www.gaveanews.com\/wp-content\/uploads\/Marcos-Braz-em-entrevista-no-CT-do-Flamengo.webp\" \/>\n\t<meta property=\"og:image:width\" content=\"799\" \/>\n\t<meta property=\"og:image:height\" content=\"533\" \/>\n\t<meta property=\"og:image:type\" content=\"image\/jpeg\" \/>\n<meta name=\"author\" content=\"Let\u00edcia Gerheim\" \/>\n<meta name=\"twitter:card\" content=\"summary_large_image\" \/>\n<meta name=\"twitter:label1\" content=\"Escrito por\" \/>\n\t<meta name=\"twitter:data1\" content=\"Let\u00edcia Gerheim\" \/>\n\t<meta name=\"twitter:label2\" content=\"Est. tempo de leitura\" \/>\n\t<meta name=\"twitter:data2\" content=\"2 minutos\" \/>\n<script type=\"application\/ld+json\" class=\"yoast-schema-graph\">{\"@context\":\"https:\/\/schema.org\",\"@graph\":[{\"@type\":\"NewsArticle\",\"@id\":\"https:\/\/www.gaveanews.com\/index.php\/2022\/06\/16\/apesar-da-vitoria-do-flamengo-atitude-de-marcos-braz-revolta-torcida-veja-repercussao\/#article\",\"isPartOf\":{\"@id\":\"https:\/\/www.gaveanews.com\/index.php\/2022\/06\/16\/apesar-da-vitoria-do-flamengo-atitude-de-marcos-braz-revolta-torcida-veja-repercussao\/\"},\"author\":{\"name\":\"Let\u00edcia Gerheim\",\"@id\":\"https:\/\/www.gaveanews.com\/#\/schema\/person\/714c67050b836198af2450ba1c142a67\"},\"headline\":\"Apesar da vit\u00f3ria do Flamengo, atitude de Marcos Braz revolta torcida; veja repercuss\u00e3o\",\"datePublished\":\"2022-06-16T19:02:22+00:00\",\"dateModified\":\"2022-06-16T19:02:24+00:00\",\"mainEntityOfPage\":{\"@id\":\"https:\/\/www.gaveanews.com\/index.php\/2022\/06\/16\/apesar-da-vitoria-do-flamengo-atitude-de-marcos-braz-revolta-torcida-veja-repercussao\/\"},\"wordCount\":247,\"commentCount\":0,\"image\":{\"@id\":\"https:\/\/www.gaveanews.com\/index.php\/2022\/06\/16\/apesar-da-vitoria-do-flamengo-atitude-de-marcos-braz-revolta-torcida-veja-repercussao\/#primaryimage\"},\"thumbnailUrl\":\"https:\/\/www.gaveanews.com\/wp-content\/uploads\/Marcos-Braz-em-entrevista-no-CT-do-Flamengo.webp\",\"articleSection\":[\"Destaques\"],\"inLanguage\":\"pt-BR\",\"potentialAction\":[{\"@type\":\"CommentAction\",\"name\":\"Comment\",\"target\":[\"https:\/\/www.gaveanews.com\/index.php\/2022\/06\/16\/apesar-da-vitoria-do-flamengo-atitude-de-marcos-braz-revolta-torcida-veja-repercussao\/#respond\"]}],\"copyrightYear\":\"2022\",\"copyrightHolder\":{\"@id\":\"https:\/\/www.gaveanews.com\/#organization\"}},{\"@type\":\"WebPage\",\"@id\":\"https:\/\/www.gaveanews.com\/index.php\/2022\/06\/16\/apesar-da-vitoria-do-flamengo-atitude-de-marcos-braz-revolta-torcida-veja-repercussao\/\",\"url\":\"https:\/\/www.gaveanews.com\/index.php\/2022\/06\/16\/apesar-da-vitoria-do-flamengo-atitude-de-marcos-braz-revolta-torcida-veja-repercussao\/\",\"name\":\"Apesar da vit\u00f3ria do Flamengo, atitude de Marcos Braz revolta torcida; veja repercuss\u00e3o\",\"isPartOf\":{\"@id\":\"https:\/\/www.gaveanews.com\/#website\"},\"primaryImageOfPage\":{\"@id\":\"https:\/\/www.gaveanews.com\/index.php\/2022\/06\/16\/apesar-da-vitoria-do-flamengo-atitude-de-marcos-braz-revolta-torcida-veja-repercussao\/#primaryimage\"},\"image\":{\"@id\":\"https:\/\/www.gaveanews.com\/index.php\/2022\/06\/16\/apesar-da-vitoria-do-flamengo-atitude-de-marcos-braz-revolta-torcida-veja-repercussao\/#primaryimage\"},\"thumbnailUrl\":\"https:\/\/www.gaveanews.com\/wp-content\/uploads\/Marcos-Braz-em-entrevista-no-CT-do-Flamengo.webp\",\"datePublished\":\"2022-06-16T19:02:22+00:00\",\"dateModified\":\"2022-06-16T19:02:24+00:00\",\"author\":{\"@id\":\"https:\/\/www.gaveanews.com\/#\/schema\/person\/714c67050b836198af2450ba1c142a67\"},\"breadcrumb\":{\"@id\":\"https:\/\/www.gaveanews.com\/index.php\/2022\/06\/16\/apesar-da-vitoria-do-flamengo-atitude-de-marcos-braz-revolta-torcida-veja-repercussao\/#breadcrumb\"},\"inLanguage\":\"pt-BR\",\"potentialAction\":[{\"@type\":\"ReadAction\",\"target\":[\"https:\/\/www.gaveanews.com\/index.php\/2022\/06\/16\/apesar-da-vitoria-do-flamengo-atitude-de-marcos-braz-revolta-torcida-veja-repercussao\/\"]}]},{\"@type\":\"ImageObject\",\"inLanguage\":\"pt-BR\",\"@id\":\"https:\/\/www.gaveanews.com\/index.php\/2022\/06\/16\/apesar-da-vitoria-do-flamengo-atitude-de-marcos-braz-revolta-torcida-veja-repercussao\/#primaryimage\",\"url\":\"https:\/\/www.gaveanews.com\/wp-content\/uploads\/Marcos-Braz-em-entrevista-no-CT-do-Flamengo.webp\",\"contentUrl\":\"https:\/\/www.gaveanews.com\/wp-content\/uploads\/Marcos-Braz-em-entrevista-no-CT-do-Flamengo.webp\",\"width\":799,\"height\":533,\"caption\":\"Marcos Braz em entrevista no CT do Flamengo (Foto: Gilvan de Souza\/Flamengo)\"},{\"@type\":\"BreadcrumbList\",\"@id\":\"https:\/\/www.gaveanews.com\/index.php\/2022\/06\/16\/apesar-da-vitoria-do-flamengo-atitude-de-marcos-braz-revolta-torcida-veja-repercussao\/#breadcrumb\",\"itemListElement\":[{\"@type\":\"ListItem\",\"position\":1,\"name\":\"Home\",\"item\":\"https:\/\/www.gaveanews.com\/\"},{\"@type\":\"ListItem\",\"position\":2,\"name\":\"Apesar da vit\u00f3ria do Flamengo, atitude de Marcos Braz revolta torcida; veja repercuss\u00e3o\"}]},{\"@type\":\"WebSite\",\"@id\":\"https:\/\/www.gaveanews.com\/#website\",\"url\":\"https:\/\/www.gaveanews.com\/\",\"name\":\"G\u00e1vea News\",\"description\":\"Veja todas as not\u00edcias sobre o Flamengo: Contrata\u00e7\u00f5es, categorias de base, resultados das partidas, tabela de classifica\u00e7\u00e3o, pr\u00f3ximos jogos!\",\"potentialAction\":[{\"@type\":\"SearchAction\",\"target\":{\"@type\":\"EntryPoint\",\"urlTemplate\":\"https:\/\/www.gaveanews.com\/?s={search_term_string}\"},\"query-input\":{\"@type\":\"PropertyValueSpecification\",\"valueRequired\":true,\"valueName\":\"search_term_string\"}}],\"inLanguage\":\"pt-BR\"},{\"@type\":\"Person\",\"@id\":\"https:\/\/www.gaveanews.com\/#\/schema\/person\/714c67050b836198af2450ba1c142a67\",\"name\":\"Let\u00edcia Gerheim\",\"image\":{\"@type\":\"ImageObject\",\"inLanguage\":\"pt-BR\",\"@id\":\"https:\/\/www.gaveanews.com\/#\/schema\/person\/image\/\",\"url\":\"https:\/\/secure.gravatar.com\/avatar\/60734739c50fcebfbac509e2a826ccd0ff405c019bc73aab9354f19ecad1dcb4?s=96&d=mm&r=g\",\"contentUrl\":\"https:\/\/secure.gravatar.com\/avatar\/60734739c50fcebfbac509e2a826ccd0ff405c019bc73aab9354f19ecad1dcb4?s=96&d=mm&r=g\",\"caption\":\"Let\u00edcia Gerheim\"}}]}<\/script>\n<!-- \/ Yoast SEO Premium plugin. -->","yoast_head_json":{"title":"Apesar da vit\u00f3ria do Flamengo, atitude de Marcos Braz revolta torcida; veja repercuss\u00e3o","robots":{"index":"index","follow":"follow","max-snippet":"max-snippet:-1","max-image-preview":"max-image-preview:large","max-video-preview":"max-video-preview:-1"},"canonical":"https:\/\/www.gaveanews.com\/index.php\/2022\/06\/16\/apesar-da-vitoria-do-flamengo-atitude-de-marcos-braz-revolta-torcida-veja-repercussao\/","og_locale":"pt_BR","og_type":"article","og_title":"Apesar da vit\u00f3ria do Flamengo, atitude de Marcos Braz revolta torcida; veja repercuss\u00e3o","og_description":"Ainda tentando se livrar da crise no departamento de futebol e voltar a render proporcionalmente ao potencial do elenco, o Flamengo conseguiu voltar a vencer na \u00faltima quarta-feira (15) e superou o Cuiab\u00e1 no Maracan\u00e3. O duelo contou com a presen\u00e7a da torcida rubro-negra, que compareceu em peso e fez bastante barulho. Mas al\u00e9m dos [&hellip;]","og_url":"https:\/\/www.gaveanews.com\/index.php\/2022\/06\/16\/apesar-da-vitoria-do-flamengo-atitude-de-marcos-braz-revolta-torcida-veja-repercussao\/","og_site_name":"G\u00e1vea News","article_publisher":"https:\/\/facebook.com\/gaveaNews\/","article_published_time":"2022-06-16T19:02:22+00:00","article_modified_time":"2022-06-16T19:02:24+00:00","og_image":[{"width":799,"height":533,"url":"https:\/\/www.gaveanews.com\/wp-content\/uploads\/Marcos-Braz-em-entrevista-no-CT-do-Flamengo.webp","type":"image\/jpeg"}],"author":"Let\u00edcia Gerheim","twitter_card":"summary_large_image","twitter_misc":{"Escrito por":"Let\u00edcia Gerheim","Est. tempo de leitura":"2 minutos"},"schema":{"@context":"https:\/\/schema.org","@graph":[{"@type":"NewsArticle","@id":"https:\/\/www.gaveanews.com\/index.php\/2022\/06\/16\/apesar-da-vitoria-do-flamengo-atitude-de-marcos-braz-revolta-torcida-veja-repercussao\/#article","isPartOf":{"@id":"https:\/\/www.gaveanews.com\/index.php\/2022\/06\/16\/apesar-da-vitoria-do-flamengo-atitude-de-marcos-braz-revolta-torcida-veja-repercussao\/"},"author":{"name":"Let\u00edcia Gerheim","@id":"https:\/\/www.gaveanews.com\/#\/schema\/person\/714c67050b836198af2450ba1c142a67"},"headline":"Apesar da vit\u00f3ria do Flamengo, atitude de Marcos Braz revolta torcida; veja repercuss\u00e3o","datePublished":"2022-06-16T19:02:22+00:00","dateModified":"2022-06-16T19:02:24+00:00","mainEntityOfPage":{"@id":"https:\/\/www.gaveanews.com\/index.php\/2022\/06\/16\/apesar-da-vitoria-do-flamengo-atitude-de-marcos-braz-revolta-torcida-veja-repercussao\/"},"wordCount":247,"commentCount":0,"image":{"@id":"https:\/\/www.gaveanews.com\/index.php\/2022\/06\/16\/apesar-da-vitoria-do-flamengo-atitude-de-marcos-braz-revolta-torcida-veja-repercussao\/#primaryimage"},"thumbnailUrl":"https:\/\/www.gaveanews.com\/wp-content\/uploads\/Marcos-Braz-em-entrevista-no-CT-do-Flamengo.webp","articleSection":["Destaques"],"inLanguage":"pt-BR","potentialAction":[{"@type":"CommentAction","name":"Comment","target":["https:\/\/www.gaveanews.com\/index.php\/2022\/06\/16\/apesar-da-vitoria-do-flamengo-atitude-de-marcos-braz-revolta-torcida-veja-repercussao\/#respond"]}],"copyrightYear":"2022","copyrightHolder":{"@id":"https:\/\/www.gaveanews.com\/#organization"}},{"@type":"WebPage","@id":"https:\/\/www.gaveanews.com\/index.php\/2022\/06\/16\/apesar-da-vitoria-do-flamengo-atitude-de-marcos-braz-revolta-torcida-veja-repercussao\/","url":"https:\/\/www.gaveanews.com\/index.php\/2022\/06\/16\/apesar-da-vitoria-do-flamengo-atitude-de-marcos-braz-revolta-torcida-veja-repercussao\/","name":"Apesar da vit\u00f3ria do Flamengo, atitude de Marcos Braz revolta torcida; veja repercuss\u00e3o","isPartOf":{"@id":"https:\/\/www.gaveanews.com\/#website"},"primaryImageOfPage":{"@id":"https:\/\/www.gaveanews.com\/index.php\/2022\/06\/16\/apesar-da-vitoria-do-flamengo-atitude-de-marcos-braz-revolta-torcida-veja-repercussao\/#primaryimage"},"image":{"@id":"https:\/\/www.gaveanews.com\/index.php\/2022\/06\/16\/apesar-da-vitoria-do-flamengo-atitude-de-marcos-braz-revolta-torcida-veja-repercussao\/#primaryimage"},"thumbnailUrl":"https:\/\/www.gaveanews.com\/wp-content\/uploads\/Marcos-Braz-em-entrevista-no-CT-do-Flamengo.webp","datePublished":"2022-06-16T19:02:22+00:00","dateModified":"2022-06-16T19:02:24+00:00","author":{"@id":"https:\/\/www.gaveanews.com\/#\/schema\/person\/714c67050b836198af2450ba1c142a67"},"breadcrumb":{"@id":"https:\/\/www.gaveanews.com\/index.php\/2022\/06\/16\/apesar-da-vitoria-do-flamengo-atitude-de-marcos-braz-revolta-torcida-veja-repercussao\/#breadcrumb"},"inLanguage":"pt-BR","potentialAction":[{"@type":"ReadAction","target":["https:\/\/www.gaveanews.com\/index.php\/2022\/06\/16\/apesar-da-vitoria-do-flamengo-atitude-de-marcos-braz-revolta-torcida-veja-repercussao\/"]}]},{"@type":"ImageObject","inLanguage":"pt-BR","@id":"https:\/\/www.gaveanews.com\/index.php\/2022\/06\/16\/apesar-da-vitoria-do-flamengo-atitude-de-marcos-braz-revolta-torcida-veja-repercussao\/#primaryimage","url":"https:\/\/www.gaveanews.com\/wp-content\/uploads\/Marcos-Braz-em-entrevista-no-CT-do-Flamengo.webp","contentUrl":"https:\/\/www.gaveanews.com\/wp-content\/uploads\/Marcos-Braz-em-entrevista-no-CT-do-Flamengo.webp","width":799,"height":533,"caption":"Marcos Braz em entrevista no CT do Flamengo (Foto: Gilvan de Souza\/Flamengo)"},{"@type":"BreadcrumbList","@id":"https:\/\/www.gaveanews.com\/index.php\/2022\/06\/16\/apesar-da-vitoria-do-flamengo-atitude-de-marcos-braz-revolta-torcida-veja-repercussao\/#breadcrumb","itemListElement":[{"@type":"ListItem","position":1,"name":"Home","item":"https:\/\/www.gaveanews.com\/"},{"@type":"ListItem","position":2,"name":"Apesar da vit\u00f3ria do Flamengo, atitude de Marcos Braz revolta torcida; veja repercuss\u00e3o"}]},{"@type":"WebSite","@id":"https:\/\/www.gaveanews.com\/#website","url":"https:\/\/www.gaveanews.com\/","name":"G\u00e1vea News","description":"Veja todas as not\u00edcias sobre o Flamengo: Contrata\u00e7\u00f5es, categorias de base, resultados das partidas, tabela de classifica\u00e7\u00e3o, pr\u00f3ximos jogos!","potentialAction":[{"@type":"SearchAction","target":{"@type":"EntryPoint","urlTemplate":"https:\/\/www.gaveanews.com\/?s={search_term_string}"},"query-input":{"@type":"PropertyValueSpecification","valueRequired":true,"valueName":"search_term_string"}}],"inLanguage":"pt-BR"},{"@type":"Person","@id":"https:\/\/www.gaveanews.com\/#\/schema\/person\/714c67050b836198af2450ba1c142a67","name":"Let\u00edcia Gerheim","image":{"@type":"ImageObject","inLanguage":"pt-BR","@id":"https:\/\/www.gaveanews.com\/#\/schema\/person\/image\/","url":"https:\/\/secure.gravatar.com\/avatar\/60734739c50fcebfbac509e2a826ccd0ff405c019bc73aab9354f19ecad1dcb4?s=96&d=mm&r=g","contentUrl":"https:\/\/secure.gravatar.com\/avatar\/60734739c50fcebfbac509e2a826ccd0ff405c019bc73aab9354f19ecad1dcb4?s=96&d=mm&r=g","caption":"Let\u00edcia Gerheim"}}]}},"_links":{"self":[{"href":"https:\/\/www.gaveanews.com\/index.php\/wp-json\/wp\/v2\/posts\/83283","targetHints":{"allow":["GET"]}}],"collection":[{"href":"https:\/\/www.gaveanews.com\/index.php\/wp-json\/wp\/v2\/posts"}],"about":[{"href":"https:\/\/www.gaveanews.com\/index.php\/wp-json\/wp\/v2\/types\/post"}],"author":[{"embeddable":true,"href":"https:\/\/www.gaveanews.com\/index.php\/wp-json\/wp\/v2\/users\/4"}],"replies":[{"embeddable":true,"href":"https:\/\/www.gaveanews.com\/index.php\/wp-json\/wp\/v2\/comments?post=83283"}],"version-history":[{"count":0,"href":"https:\/\/www.gaveanews.com\/index.php\/wp-json\/wp\/v2\/posts\/83283\/revisions"}],"wp:featuredmedia":[{"embeddable":true,"href":"https:\/\/www.gaveanews.com\/index.php\/wp-json\/wp\/v2\/media\/75887"}],"wp:attachment":[{"href":"https:\/\/www.gaveanews.com\/index.php\/wp-json\/wp\/v2\/media?parent=83283"}],"wp:term":[{"taxonomy":"category","embeddable":true,"href":"https:\/\/www.gaveanews.com\/index.php\/wp-json\/wp\/v2\/categories?post=83283"},{"taxonomy":"post_tag","embeddable":true,"href":"https:\/\/www.gaveanews.com\/index.php\/wp-json\/wp\/v2\/tags?post=83283"}],"curies":[{"name":"wp","href":"https:\/\/api.w.org\/{rel}","templated":true}]}}