{"id":83333,"date":"2022-06-17T13:32:54","date_gmt":"2022-06-17T16:32:54","guid":{"rendered":"https:\/\/www.gaveanews.com\/?p=83333"},"modified":"2022-06-17T13:32:55","modified_gmt":"2022-06-17T16:32:55","slug":"veja-quando-everton-cebolinha-podera-jogar-pelo-flamengo","status":"publish","type":"post","link":"https:\/\/www.gaveanews.com\/index.php\/2022\/06\/17\/veja-quando-everton-cebolinha-podera-jogar-pelo-flamengo\/","title":{"rendered":"Veja quando Everton Cebolinha poder\u00e1 jogar pelo Flamengo"},"content":{"rendered":"\n<p>Com a les\u00e3o ligamentar de Bruno Henrique confirmada, o Flamengo j\u00e1 sabe que n\u00e3o ter\u00e1 o seu atacante pelo menos pelo pr\u00f3ximo m\u00eas. E um poss\u00edvel substituto, j\u00e1 contratado, \u00e9 Everton Cebolinha, que est\u00e1 por detalhes para ter a compra ao Benfica finalizada. No entanto, para que o clube possa utiliz\u00e1-lo na vaga de Bruno Henrique, ter\u00e1 que aguardar mais de um m\u00eas.<\/p>\n\n\n\n<p>O atacante s\u00f3 poder\u00e1 ser registrado ap\u00f3s abertura da janela de transfer\u00eancias, no dia 18 de julho. At\u00e9 l\u00e1, o t\u00e9cnico Dorival J\u00fanior ter\u00e1 que buscar outras alternativas no elenco. No momento, as principais s\u00e3o Vitinho, que entrou no lugar de Bruno Henrique contra o Cuiab\u00e1, e L\u00e1zaro, que atuou na fun\u00e7\u00e3o e tem caracter\u00edsticas mais parecidas. O jovem chegou a jogar com Paulo Sousa no come\u00e7o da temporada, quando Bruno Henrique teve outros problemas f\u00edsicos.<\/p>\n\n\n\n<p>No melhor dos cen\u00e1rios, o camisa 27 ser\u00e1 desfalque pelas pr\u00f3ximas rodadas do Brasileiro, na Copa do Brasil no meio de semana, e pode perder tamb\u00e9m o jogo contra o Tolima, pelas oitavas de final da Libertadores, no pr\u00f3ximo dia 29 de junho. No pior cen\u00e1rio, ficar meses fora dos gramados. O volante Thiago Maia teve les\u00e3o semelhante no joelho esquerdo, operou e voltou depois de seis meses.<\/p>\n\n\n\n<p>O atacante e 31 anos tem contrato at\u00e9 o fim de 2023, e o Flamengo previa t\u00ea-lo junto a Cebolinha enquanto n\u00e3o chegava nenhuma proposta oficial. Bruno Henrique, por sua vez, tinha a inten\u00e7\u00e3o de renovar o contrato antes de aceitar qualquer novo desafio no exterior. A contrata\u00e7\u00e3o de Everton j\u00e1 est\u00e1 acordada com o Benfica e o jogador, no aguardo de tr\u00e2mites burocr\u00e1ticos. <\/p>\n\n\n\n<p>O Flamengo pagar\u00e1 entre 13 e 14 milh\u00f5es de euros e com bonifica\u00e7\u00f5es chegar\u00e1 a 16 milh\u00f5es de euros por 100% dos direitos. O jogador assinar\u00e1 por cinco anos com o novo clube. A velocidade para o acordo se deu pois o Benfica queria abrir espa\u00e7o no elenco para trazer outras pe\u00e7as, como David Neres.<\/p>\n\n\n\n<p>Retirado de: O Globo<\/p>\n","protected":false},"excerpt":{"rendered":"<p>Com a les\u00e3o ligamentar de Bruno Henrique confirmada, o Flamengo j\u00e1 sabe que n\u00e3o ter\u00e1 o seu atacante pelo menos pelo pr\u00f3ximo m\u00eas. E um poss\u00edvel substituto, j\u00e1 contratado, \u00e9 Everton Cebolinha, que est\u00e1 por detalhes para ter a compra ao Benfica finalizada. No entanto, para que o clube possa utiliz\u00e1-lo na vaga de Bruno [&hellip;]<\/p>\n","protected":false},"author":1,"featured_media":75363,"comment_status":"open","ping_status":"closed","sticky":false,"template":"","format":"standard","meta":{"footnotes":""},"categories":[1],"tags":[],"class_list":["post-83333","post","type-post","status-publish","format-standard","has-post-thumbnail","hentry","category-flamengo"],"yoast_head":"<!-- This site is optimized with the Yoast SEO Premium plugin v24.2 (Yoast SEO v26.9) - https:\/\/yoast.com\/product\/yoast-seo-premium-wordpress\/ -->\n<title>Veja quando Everton Cebolinha poder\u00e1 jogar pelo Flamengo<\/title>\n<meta name=\"robots\" content=\"index, follow, max-snippet:-1, max-image-preview:large, max-video-preview:-1\" \/>\n<link rel=\"canonical\" href=\"https:\/\/www.gaveanews.com\/index.php\/2022\/06\/17\/veja-quando-everton-cebolinha-podera-jogar-pelo-flamengo\/\" \/>\n<meta property=\"og:locale\" content=\"pt_BR\" \/>\n<meta property=\"og:type\" content=\"article\" \/>\n<meta property=\"og:title\" content=\"Veja quando Everton Cebolinha poder\u00e1 jogar pelo Flamengo\" \/>\n<meta property=\"og:description\" content=\"Com a les\u00e3o ligamentar de Bruno Henrique confirmada, o Flamengo j\u00e1 sabe que n\u00e3o ter\u00e1 o seu atacante pelo menos pelo pr\u00f3ximo m\u00eas. E um poss\u00edvel substituto, j\u00e1 contratado, \u00e9 Everton Cebolinha, que est\u00e1 por detalhes para ter a compra ao Benfica finalizada. No entanto, para que o clube possa utiliz\u00e1-lo na vaga de Bruno [&hellip;]\" \/>\n<meta property=\"og:url\" content=\"https:\/\/www.gaveanews.com\/index.php\/2022\/06\/17\/veja-quando-everton-cebolinha-podera-jogar-pelo-flamengo\/\" \/>\n<meta property=\"og:site_name\" content=\"G\u00e1vea News\" \/>\n<meta property=\"article:publisher\" content=\"https:\/\/facebook.com\/gaveaNews\/\" \/>\n<meta property=\"article:published_time\" content=\"2022-06-17T16:32:54+00:00\" \/>\n<meta property=\"article:modified_time\" content=\"2022-06-17T16:32:55+00:00\" \/>\n<meta property=\"og:image\" content=\"https:\/\/www.gaveanews.com\/wp-content\/uploads\/Everton-Cebolinha-em-acao-pela-Selecao-Brasileira.webp\" \/>\n\t<meta property=\"og:image:width\" content=\"634\" \/>\n\t<meta property=\"og:image:height\" content=\"422\" \/>\n\t<meta property=\"og:image:type\" content=\"image\/png\" \/>\n<meta name=\"author\" content=\"Equipe G\u00e1vea News\" \/>\n<meta name=\"twitter:card\" content=\"summary_large_image\" \/>\n<meta name=\"twitter:label1\" content=\"Escrito por\" \/>\n\t<meta name=\"twitter:data1\" content=\"Equipe G\u00e1vea News\" \/>\n\t<meta name=\"twitter:label2\" content=\"Est. tempo de leitura\" \/>\n\t<meta name=\"twitter:data2\" content=\"2 minutos\" \/>\n<script type=\"application\/ld+json\" class=\"yoast-schema-graph\">{\"@context\":\"https:\/\/schema.org\",\"@graph\":[{\"@type\":\"NewsArticle\",\"@id\":\"https:\/\/www.gaveanews.com\/index.php\/2022\/06\/17\/veja-quando-everton-cebolinha-podera-jogar-pelo-flamengo\/#article\",\"isPartOf\":{\"@id\":\"https:\/\/www.gaveanews.com\/index.php\/2022\/06\/17\/veja-quando-everton-cebolinha-podera-jogar-pelo-flamengo\/\"},\"author\":{\"name\":\"Equipe G\u00e1vea News\",\"@id\":\"https:\/\/www.gaveanews.com\/#\/schema\/person\/2ec14f73fb96be2caf28f91afb14749d\"},\"headline\":\"Veja quando Everton Cebolinha poder\u00e1 jogar pelo Flamengo\",\"datePublished\":\"2022-06-17T16:32:54+00:00\",\"dateModified\":\"2022-06-17T16:32:55+00:00\",\"mainEntityOfPage\":{\"@id\":\"https:\/\/www.gaveanews.com\/index.php\/2022\/06\/17\/veja-quando-everton-cebolinha-podera-jogar-pelo-flamengo\/\"},\"wordCount\":362,\"commentCount\":0,\"image\":{\"@id\":\"https:\/\/www.gaveanews.com\/index.php\/2022\/06\/17\/veja-quando-everton-cebolinha-podera-jogar-pelo-flamengo\/#primaryimage\"},\"thumbnailUrl\":\"https:\/\/www.gaveanews.com\/wp-content\/uploads\/Everton-Cebolinha-em-acao-pela-Selecao-Brasileira.webp\",\"articleSection\":[\"Flamengo\"],\"inLanguage\":\"pt-BR\",\"potentialAction\":[{\"@type\":\"CommentAction\",\"name\":\"Comment\",\"target\":[\"https:\/\/www.gaveanews.com\/index.php\/2022\/06\/17\/veja-quando-everton-cebolinha-podera-jogar-pelo-flamengo\/#respond\"]}],\"copyrightYear\":\"2022\",\"copyrightHolder\":{\"@id\":\"https:\/\/www.gaveanews.com\/#organization\"}},{\"@type\":\"WebPage\",\"@id\":\"https:\/\/www.gaveanews.com\/index.php\/2022\/06\/17\/veja-quando-everton-cebolinha-podera-jogar-pelo-flamengo\/\",\"url\":\"https:\/\/www.gaveanews.com\/index.php\/2022\/06\/17\/veja-quando-everton-cebolinha-podera-jogar-pelo-flamengo\/\",\"name\":\"Veja quando Everton Cebolinha poder\u00e1 jogar pelo Flamengo\",\"isPartOf\":{\"@id\":\"https:\/\/www.gaveanews.com\/#website\"},\"primaryImageOfPage\":{\"@id\":\"https:\/\/www.gaveanews.com\/index.php\/2022\/06\/17\/veja-quando-everton-cebolinha-podera-jogar-pelo-flamengo\/#primaryimage\"},\"image\":{\"@id\":\"https:\/\/www.gaveanews.com\/index.php\/2022\/06\/17\/veja-quando-everton-cebolinha-podera-jogar-pelo-flamengo\/#primaryimage\"},\"thumbnailUrl\":\"https:\/\/www.gaveanews.com\/wp-content\/uploads\/Everton-Cebolinha-em-acao-pela-Selecao-Brasileira.webp\",\"datePublished\":\"2022-06-17T16:32:54+00:00\",\"dateModified\":\"2022-06-17T16:32:55+00:00\",\"author\":{\"@id\":\"https:\/\/www.gaveanews.com\/#\/schema\/person\/2ec14f73fb96be2caf28f91afb14749d\"},\"breadcrumb\":{\"@id\":\"https:\/\/www.gaveanews.com\/index.php\/2022\/06\/17\/veja-quando-everton-cebolinha-podera-jogar-pelo-flamengo\/#breadcrumb\"},\"inLanguage\":\"pt-BR\",\"potentialAction\":[{\"@type\":\"ReadAction\",\"target\":[\"https:\/\/www.gaveanews.com\/index.php\/2022\/06\/17\/veja-quando-everton-cebolinha-podera-jogar-pelo-flamengo\/\"]}]},{\"@type\":\"ImageObject\",\"inLanguage\":\"pt-BR\",\"@id\":\"https:\/\/www.gaveanews.com\/index.php\/2022\/06\/17\/veja-quando-everton-cebolinha-podera-jogar-pelo-flamengo\/#primaryimage\",\"url\":\"https:\/\/www.gaveanews.com\/wp-content\/uploads\/Everton-Cebolinha-em-acao-pela-Selecao-Brasileira.webp\",\"contentUrl\":\"https:\/\/www.gaveanews.com\/wp-content\/uploads\/Everton-Cebolinha-em-acao-pela-Selecao-Brasileira.webp\",\"width\":634,\"height\":422,\"caption\":\"Everton Cebolinha em a\u00e7\u00e3o pela Sele\u00e7\u00e3o Brasileira (Foto: Lucas Figueiredo\/CBF)\"},{\"@type\":\"BreadcrumbList\",\"@id\":\"https:\/\/www.gaveanews.com\/index.php\/2022\/06\/17\/veja-quando-everton-cebolinha-podera-jogar-pelo-flamengo\/#breadcrumb\",\"itemListElement\":[{\"@type\":\"ListItem\",\"position\":1,\"name\":\"Home\",\"item\":\"https:\/\/www.gaveanews.com\/\"},{\"@type\":\"ListItem\",\"position\":2,\"name\":\"Veja quando Everton Cebolinha poder\u00e1 jogar pelo Flamengo\"}]},{\"@type\":\"WebSite\",\"@id\":\"https:\/\/www.gaveanews.com\/#website\",\"url\":\"https:\/\/www.gaveanews.com\/\",\"name\":\"G\u00e1vea News\",\"description\":\"Veja todas as not\u00edcias sobre o Flamengo: Contrata\u00e7\u00f5es, categorias de base, resultados das partidas, tabela de classifica\u00e7\u00e3o, pr\u00f3ximos jogos!\",\"potentialAction\":[{\"@type\":\"SearchAction\",\"target\":{\"@type\":\"EntryPoint\",\"urlTemplate\":\"https:\/\/www.gaveanews.com\/?s={search_term_string}\"},\"query-input\":{\"@type\":\"PropertyValueSpecification\",\"valueRequired\":true,\"valueName\":\"search_term_string\"}}],\"inLanguage\":\"pt-BR\"},{\"@type\":\"Person\",\"@id\":\"https:\/\/www.gaveanews.com\/#\/schema\/person\/2ec14f73fb96be2caf28f91afb14749d\",\"name\":\"Equipe G\u00e1vea News\",\"image\":{\"@type\":\"ImageObject\",\"inLanguage\":\"pt-BR\",\"@id\":\"https:\/\/www.gaveanews.com\/#\/schema\/person\/image\/\",\"url\":\"https:\/\/secure.gravatar.com\/avatar\/1e1956f1facbffd3f8fa53a326721950116b3b9dc9bd44939c01180fd4a745a9?s=96&d=mm&r=g\",\"contentUrl\":\"https:\/\/secure.gravatar.com\/avatar\/1e1956f1facbffd3f8fa53a326721950116b3b9dc9bd44939c01180fd4a745a9?s=96&d=mm&r=g\",\"caption\":\"Equipe G\u00e1vea News\"}}]}<\/script>\n<!-- \/ Yoast SEO Premium plugin. -->","yoast_head_json":{"title":"Veja quando Everton Cebolinha poder\u00e1 jogar pelo Flamengo","robots":{"index":"index","follow":"follow","max-snippet":"max-snippet:-1","max-image-preview":"max-image-preview:large","max-video-preview":"max-video-preview:-1"},"canonical":"https:\/\/www.gaveanews.com\/index.php\/2022\/06\/17\/veja-quando-everton-cebolinha-podera-jogar-pelo-flamengo\/","og_locale":"pt_BR","og_type":"article","og_title":"Veja quando Everton Cebolinha poder\u00e1 jogar pelo Flamengo","og_description":"Com a les\u00e3o ligamentar de Bruno Henrique confirmada, o Flamengo j\u00e1 sabe que n\u00e3o ter\u00e1 o seu atacante pelo menos pelo pr\u00f3ximo m\u00eas. E um poss\u00edvel substituto, j\u00e1 contratado, \u00e9 Everton Cebolinha, que est\u00e1 por detalhes para ter a compra ao Benfica finalizada. No entanto, para que o clube possa utiliz\u00e1-lo na vaga de Bruno [&hellip;]","og_url":"https:\/\/www.gaveanews.com\/index.php\/2022\/06\/17\/veja-quando-everton-cebolinha-podera-jogar-pelo-flamengo\/","og_site_name":"G\u00e1vea News","article_publisher":"https:\/\/facebook.com\/gaveaNews\/","article_published_time":"2022-06-17T16:32:54+00:00","article_modified_time":"2022-06-17T16:32:55+00:00","og_image":[{"width":634,"height":422,"url":"https:\/\/www.gaveanews.com\/wp-content\/uploads\/Everton-Cebolinha-em-acao-pela-Selecao-Brasileira.webp","type":"image\/png"}],"author":"Equipe G\u00e1vea News","twitter_card":"summary_large_image","twitter_misc":{"Escrito por":"Equipe G\u00e1vea News","Est. tempo de leitura":"2 minutos"},"schema":{"@context":"https:\/\/schema.org","@graph":[{"@type":"NewsArticle","@id":"https:\/\/www.gaveanews.com\/index.php\/2022\/06\/17\/veja-quando-everton-cebolinha-podera-jogar-pelo-flamengo\/#article","isPartOf":{"@id":"https:\/\/www.gaveanews.com\/index.php\/2022\/06\/17\/veja-quando-everton-cebolinha-podera-jogar-pelo-flamengo\/"},"author":{"name":"Equipe G\u00e1vea News","@id":"https:\/\/www.gaveanews.com\/#\/schema\/person\/2ec14f73fb96be2caf28f91afb14749d"},"headline":"Veja quando Everton Cebolinha poder\u00e1 jogar pelo Flamengo","datePublished":"2022-06-17T16:32:54+00:00","dateModified":"2022-06-17T16:32:55+00:00","mainEntityOfPage":{"@id":"https:\/\/www.gaveanews.com\/index.php\/2022\/06\/17\/veja-quando-everton-cebolinha-podera-jogar-pelo-flamengo\/"},"wordCount":362,"commentCount":0,"image":{"@id":"https:\/\/www.gaveanews.com\/index.php\/2022\/06\/17\/veja-quando-everton-cebolinha-podera-jogar-pelo-flamengo\/#primaryimage"},"thumbnailUrl":"https:\/\/www.gaveanews.com\/wp-content\/uploads\/Everton-Cebolinha-em-acao-pela-Selecao-Brasileira.webp","articleSection":["Flamengo"],"inLanguage":"pt-BR","potentialAction":[{"@type":"CommentAction","name":"Comment","target":["https:\/\/www.gaveanews.com\/index.php\/2022\/06\/17\/veja-quando-everton-cebolinha-podera-jogar-pelo-flamengo\/#respond"]}],"copyrightYear":"2022","copyrightHolder":{"@id":"https:\/\/www.gaveanews.com\/#organization"}},{"@type":"WebPage","@id":"https:\/\/www.gaveanews.com\/index.php\/2022\/06\/17\/veja-quando-everton-cebolinha-podera-jogar-pelo-flamengo\/","url":"https:\/\/www.gaveanews.com\/index.php\/2022\/06\/17\/veja-quando-everton-cebolinha-podera-jogar-pelo-flamengo\/","name":"Veja quando Everton Cebolinha poder\u00e1 jogar pelo Flamengo","isPartOf":{"@id":"https:\/\/www.gaveanews.com\/#website"},"primaryImageOfPage":{"@id":"https:\/\/www.gaveanews.com\/index.php\/2022\/06\/17\/veja-quando-everton-cebolinha-podera-jogar-pelo-flamengo\/#primaryimage"},"image":{"@id":"https:\/\/www.gaveanews.com\/index.php\/2022\/06\/17\/veja-quando-everton-cebolinha-podera-jogar-pelo-flamengo\/#primaryimage"},"thumbnailUrl":"https:\/\/www.gaveanews.com\/wp-content\/uploads\/Everton-Cebolinha-em-acao-pela-Selecao-Brasileira.webp","datePublished":"2022-06-17T16:32:54+00:00","dateModified":"2022-06-17T16:32:55+00:00","author":{"@id":"https:\/\/www.gaveanews.com\/#\/schema\/person\/2ec14f73fb96be2caf28f91afb14749d"},"breadcrumb":{"@id":"https:\/\/www.gaveanews.com\/index.php\/2022\/06\/17\/veja-quando-everton-cebolinha-podera-jogar-pelo-flamengo\/#breadcrumb"},"inLanguage":"pt-BR","potentialAction":[{"@type":"ReadAction","target":["https:\/\/www.gaveanews.com\/index.php\/2022\/06\/17\/veja-quando-everton-cebolinha-podera-jogar-pelo-flamengo\/"]}]},{"@type":"ImageObject","inLanguage":"pt-BR","@id":"https:\/\/www.gaveanews.com\/index.php\/2022\/06\/17\/veja-quando-everton-cebolinha-podera-jogar-pelo-flamengo\/#primaryimage","url":"https:\/\/www.gaveanews.com\/wp-content\/uploads\/Everton-Cebolinha-em-acao-pela-Selecao-Brasileira.webp","contentUrl":"https:\/\/www.gaveanews.com\/wp-content\/uploads\/Everton-Cebolinha-em-acao-pela-Selecao-Brasileira.webp","width":634,"height":422,"caption":"Everton Cebolinha em a\u00e7\u00e3o pela Sele\u00e7\u00e3o Brasileira (Foto: Lucas Figueiredo\/CBF)"},{"@type":"BreadcrumbList","@id":"https:\/\/www.gaveanews.com\/index.php\/2022\/06\/17\/veja-quando-everton-cebolinha-podera-jogar-pelo-flamengo\/#breadcrumb","itemListElement":[{"@type":"ListItem","position":1,"name":"Home","item":"https:\/\/www.gaveanews.com\/"},{"@type":"ListItem","position":2,"name":"Veja quando Everton Cebolinha poder\u00e1 jogar pelo Flamengo"}]},{"@type":"WebSite","@id":"https:\/\/www.gaveanews.com\/#website","url":"https:\/\/www.gaveanews.com\/","name":"G\u00e1vea News","description":"Veja todas as not\u00edcias sobre o Flamengo: Contrata\u00e7\u00f5es, categorias de base, resultados das partidas, tabela de classifica\u00e7\u00e3o, pr\u00f3ximos jogos!","potentialAction":[{"@type":"SearchAction","target":{"@type":"EntryPoint","urlTemplate":"https:\/\/www.gaveanews.com\/?s={search_term_string}"},"query-input":{"@type":"PropertyValueSpecification","valueRequired":true,"valueName":"search_term_string"}}],"inLanguage":"pt-BR"},{"@type":"Person","@id":"https:\/\/www.gaveanews.com\/#\/schema\/person\/2ec14f73fb96be2caf28f91afb14749d","name":"Equipe G\u00e1vea News","image":{"@type":"ImageObject","inLanguage":"pt-BR","@id":"https:\/\/www.gaveanews.com\/#\/schema\/person\/image\/","url":"https:\/\/secure.gravatar.com\/avatar\/1e1956f1facbffd3f8fa53a326721950116b3b9dc9bd44939c01180fd4a745a9?s=96&d=mm&r=g","contentUrl":"https:\/\/secure.gravatar.com\/avatar\/1e1956f1facbffd3f8fa53a326721950116b3b9dc9bd44939c01180fd4a745a9?s=96&d=mm&r=g","caption":"Equipe G\u00e1vea News"}}]}},"_links":{"self":[{"href":"https:\/\/www.gaveanews.com\/index.php\/wp-json\/wp\/v2\/posts\/83333","targetHints":{"allow":["GET"]}}],"collection":[{"href":"https:\/\/www.gaveanews.com\/index.php\/wp-json\/wp\/v2\/posts"}],"about":[{"href":"https:\/\/www.gaveanews.com\/index.php\/wp-json\/wp\/v2\/types\/post"}],"author":[{"embeddable":true,"href":"https:\/\/www.gaveanews.com\/index.php\/wp-json\/wp\/v2\/users\/1"}],"replies":[{"embeddable":true,"href":"https:\/\/www.gaveanews.com\/index.php\/wp-json\/wp\/v2\/comments?post=83333"}],"version-history":[{"count":0,"href":"https:\/\/www.gaveanews.com\/index.php\/wp-json\/wp\/v2\/posts\/83333\/revisions"}],"wp:featuredmedia":[{"embeddable":true,"href":"https:\/\/www.gaveanews.com\/index.php\/wp-json\/wp\/v2\/media\/75363"}],"wp:attachment":[{"href":"https:\/\/www.gaveanews.com\/index.php\/wp-json\/wp\/v2\/media?parent=83333"}],"wp:term":[{"taxonomy":"category","embeddable":true,"href":"https:\/\/www.gaveanews.com\/index.php\/wp-json\/wp\/v2\/categories?post=83333"},{"taxonomy":"post_tag","embeddable":true,"href":"https:\/\/www.gaveanews.com\/index.php\/wp-json\/wp\/v2\/tags?post=83333"}],"curies":[{"name":"wp","href":"https:\/\/api.w.org\/{rel}","templated":true}]}}