{"id":83367,"date":"2022-06-18T19:32:35","date_gmt":"2022-06-18T22:32:35","guid":{"rendered":"https:\/\/www.gaveanews.com\/?p=83367"},"modified":"2022-06-18T19:34:27","modified_gmt":"2022-06-18T22:34:27","slug":"esposa-de-everton-cebolinha-faz-desabafo-nas-redes-sociais","status":"publish","type":"post","link":"https:\/\/www.gaveanews.com\/index.php\/2022\/06\/18\/esposa-de-everton-cebolinha-faz-desabafo-nas-redes-sociais\/","title":{"rendered":"Esposa de Everton Cebolinha faz desabafo nas redes sociais"},"content":{"rendered":"\n<p>Na tarde deste s\u00e1bado (18), Everton Cebolinha chegou ao Rio de Janeiro para assinar com o time do Flamengo. E ao que parece, o Benfica n\u00e3o deixou uma boa impress\u00e3o. Ao menos, para Isa Ranieri, esposa de Everton Cebolinha. <\/p>\n\n\n\n<p>Isa, atrav\u00e9s das redes sociais, fez um longo desabafo. Segundo ela, os l\u00edderes do Benfica n\u00e3o tiveram sabedoria para dar apoio a Everton. Isa tamb\u00e9m diz que faltou sensibilidade para que o jogador pudesse ter um melhor desempenho durante as duas temporadas que ele jogou em Portugal. <\/p>\n\n\n\n<p><strong>Confira abaixo o texto completo publicado por Isa Ranieri:<\/strong><\/p>\n\n\n\n<p><em>Portugal foi o primeiro pa\u00eds que conheci e me entreguei de corpo e alma a viver tudo que ele me proporcionaria. Foi dif\u00edcil. Confesso que muitas vezes eu me sentia afogada num po\u00e7o de saudade da minha fam\u00edlia, do meu pa\u00eds e do meu conforto. Portugal \u00e9 um pa\u00eds lindo, culturalmente rico e extremamente encantador. Vivi momentos lindos com a minha fam\u00edlia, conheci pessoas maravilhosas que levarei pra vida, me tornei dinda e presenciei o p\u00f4r do sol mais lindo dessa terra. Muitas coisas boas aconteceram, mas tamb\u00e9m MUITAS coisas ruins. Num misto de mudan\u00e7as, tive depress\u00e3o. E ainda presenciei de perto a pessoa que eu amo ir sentimentalmente, mentalmente e emocionalmente de um extremo a outro em raz\u00e3o das circunst\u00e2ncias, de pessoas que sequer souberam ter sabedoria para liderar, da falta de apoio e sensibilidade dentro de campo, e v\u00e1rios afins que n\u00e3o vale a pena expor. De qualquer forma, Deus n\u00e3o errou em nada, afinal, Ele nunca erra. Pois foi exatamente neste lugar que vi a gra\u00e7a sobrenatural do Pai e o cuidado com a minha vida e com os meus.<\/em><\/p>\n\n\n\n<p><em>Vir pra c\u00e1 n\u00e3o foi confort\u00e1vel, na realidade foi extremamente confrontador pra mim. Se eu era forte, precisei ser mais. Se eu era devota, precisei mergulhar. Vi o Senhor em cada momento. Vi Ele responder ora\u00e7\u00f5es, senti Ele o tempo inteiro do meu lado me estendendo a m\u00e3o e me fazendo entender que n\u00e3o s\u00e3o os nossos planos que prevalecem, s\u00e3o os DELE. N\u00e3o \u00e9 a minha vontade, \u00e9 a dEle. E a melhor forma de ensino e corre\u00e7\u00e3o, \u00e9 a dor, a dificuldade. <\/em><\/p>\n\n\n\n<p><em>No entanto, s\u00e3o nesses momentos que mais nos revestimos de confian\u00e7a e passamos pelos processos de uma forma que s\u00f3 o Esp\u00edrito Santo pode fazer: te enchendo da paz que excede todo entendimento. Enfim, que lugar! Que viv\u00eancia! Muita GRATID\u00c3O ao meu Deus por cada detalhe e por ensinar sempre a me posicionar em Cristo, que \u00e9 o meu ALICERCE. Ciclos necessitam se findar e novos recome\u00e7arem, essa \u00e9 a gra\u00e7a da vida. E que venha o novo! Que venha o recome\u00e7o! T\u00f4 pronta.<\/em><\/p>\n\n\n<div class=\"wp-block-image\">\n<figure class=\"aligncenter size-large\"><img decoding=\"async\" src=\"https:\/\/pbs.twimg.com\/media\/FVkY_kCXEAMp2sz?format=jpg\" alt=\"\"\/><figcaption>Isa posa para foto no est\u00e1dio do Benfica ao lado de seus filhos (Sofia e Pedro)<\/figcaption><\/figure>\n<\/div>","protected":false},"excerpt":{"rendered":"<p>Na tarde deste s\u00e1bado (18), Everton Cebolinha chegou ao Rio de Janeiro para assinar com o time do Flamengo. E ao que parece, o Benfica n\u00e3o deixou uma boa impress\u00e3o. Ao menos, para Isa Ranieri, esposa de Everton Cebolinha. Isa, atrav\u00e9s das redes sociais, fez um longo desabafo. Segundo ela, os l\u00edderes do Benfica n\u00e3o [&hellip;]<\/p>\n","protected":false},"author":2,"featured_media":75097,"comment_status":"open","ping_status":"closed","sticky":false,"template":"","format":"standard","meta":{"footnotes":""},"categories":[47],"tags":[],"class_list":["post-83367","post","type-post","status-publish","format-standard","has-post-thumbnail","hentry","category-destaques"],"yoast_head":"<!-- This site is optimized with the Yoast SEO Premium plugin v24.2 (Yoast SEO v26.9) - https:\/\/yoast.com\/product\/yoast-seo-premium-wordpress\/ -->\n<title>Esposa de Everton Cebolinha faz desabafo nas redes sociais<\/title>\n<meta name=\"robots\" content=\"index, follow, max-snippet:-1, max-image-preview:large, max-video-preview:-1\" \/>\n<link rel=\"canonical\" href=\"https:\/\/www.gaveanews.com\/index.php\/2022\/06\/18\/esposa-de-everton-cebolinha-faz-desabafo-nas-redes-sociais\/\" \/>\n<meta property=\"og:locale\" content=\"pt_BR\" \/>\n<meta property=\"og:type\" content=\"article\" \/>\n<meta property=\"og:title\" content=\"Esposa de Everton Cebolinha faz desabafo nas redes sociais\" \/>\n<meta property=\"og:description\" content=\"Na tarde deste s\u00e1bado (18), Everton Cebolinha chegou ao Rio de Janeiro para assinar com o time do Flamengo. E ao que parece, o Benfica n\u00e3o deixou uma boa impress\u00e3o. Ao menos, para Isa Ranieri, esposa de Everton Cebolinha. Isa, atrav\u00e9s das redes sociais, fez um longo desabafo. Segundo ela, os l\u00edderes do Benfica n\u00e3o [&hellip;]\" \/>\n<meta property=\"og:url\" content=\"https:\/\/www.gaveanews.com\/index.php\/2022\/06\/18\/esposa-de-everton-cebolinha-faz-desabafo-nas-redes-sociais\/\" \/>\n<meta property=\"og:site_name\" content=\"G\u00e1vea News\" \/>\n<meta property=\"article:publisher\" content=\"https:\/\/facebook.com\/gaveaNews\/\" \/>\n<meta property=\"article:published_time\" content=\"2022-06-18T22:32:35+00:00\" \/>\n<meta property=\"article:modified_time\" content=\"2022-06-18T22:34:27+00:00\" \/>\n<meta property=\"og:image\" content=\"https:\/\/www.gaveanews.com\/wp-content\/uploads\/Everton-Cebolinha-em-acao-pelo-Benfica.webp\" \/>\n\t<meta property=\"og:image:width\" content=\"1280\" \/>\n\t<meta property=\"og:image:height\" content=\"720\" \/>\n\t<meta property=\"og:image:type\" content=\"image\/jpeg\" \/>\n<meta name=\"author\" content=\"Hugo Nogueira\" \/>\n<meta name=\"twitter:card\" content=\"summary_large_image\" \/>\n<meta name=\"twitter:label1\" content=\"Escrito por\" \/>\n\t<meta name=\"twitter:data1\" content=\"Hugo Nogueira\" \/>\n\t<meta name=\"twitter:label2\" content=\"Est. tempo de leitura\" \/>\n\t<meta name=\"twitter:data2\" content=\"3 minutos\" \/>\n<script type=\"application\/ld+json\" class=\"yoast-schema-graph\">{\"@context\":\"https:\/\/schema.org\",\"@graph\":[{\"@type\":\"NewsArticle\",\"@id\":\"https:\/\/www.gaveanews.com\/index.php\/2022\/06\/18\/esposa-de-everton-cebolinha-faz-desabafo-nas-redes-sociais\/#article\",\"isPartOf\":{\"@id\":\"https:\/\/www.gaveanews.com\/index.php\/2022\/06\/18\/esposa-de-everton-cebolinha-faz-desabafo-nas-redes-sociais\/\"},\"author\":{\"name\":\"Hugo Nogueira\",\"@id\":\"https:\/\/www.gaveanews.com\/#\/schema\/person\/3a0372021fabaeec4e7e4242cfa27841\"},\"headline\":\"Esposa de Everton Cebolinha faz desabafo nas redes sociais\",\"datePublished\":\"2022-06-18T22:32:35+00:00\",\"dateModified\":\"2022-06-18T22:34:27+00:00\",\"mainEntityOfPage\":{\"@id\":\"https:\/\/www.gaveanews.com\/index.php\/2022\/06\/18\/esposa-de-everton-cebolinha-faz-desabafo-nas-redes-sociais\/\"},\"wordCount\":506,\"commentCount\":0,\"image\":{\"@id\":\"https:\/\/www.gaveanews.com\/index.php\/2022\/06\/18\/esposa-de-everton-cebolinha-faz-desabafo-nas-redes-sociais\/#primaryimage\"},\"thumbnailUrl\":\"https:\/\/www.gaveanews.com\/wp-content\/uploads\/Everton-Cebolinha-em-acao-pelo-Benfica.webp\",\"articleSection\":[\"Destaques\"],\"inLanguage\":\"pt-BR\",\"potentialAction\":[{\"@type\":\"CommentAction\",\"name\":\"Comment\",\"target\":[\"https:\/\/www.gaveanews.com\/index.php\/2022\/06\/18\/esposa-de-everton-cebolinha-faz-desabafo-nas-redes-sociais\/#respond\"]}],\"copyrightYear\":\"2022\",\"copyrightHolder\":{\"@id\":\"https:\/\/www.gaveanews.com\/#organization\"}},{\"@type\":\"WebPage\",\"@id\":\"https:\/\/www.gaveanews.com\/index.php\/2022\/06\/18\/esposa-de-everton-cebolinha-faz-desabafo-nas-redes-sociais\/\",\"url\":\"https:\/\/www.gaveanews.com\/index.php\/2022\/06\/18\/esposa-de-everton-cebolinha-faz-desabafo-nas-redes-sociais\/\",\"name\":\"Esposa de Everton Cebolinha faz desabafo nas redes sociais\",\"isPartOf\":{\"@id\":\"https:\/\/www.gaveanews.com\/#website\"},\"primaryImageOfPage\":{\"@id\":\"https:\/\/www.gaveanews.com\/index.php\/2022\/06\/18\/esposa-de-everton-cebolinha-faz-desabafo-nas-redes-sociais\/#primaryimage\"},\"image\":{\"@id\":\"https:\/\/www.gaveanews.com\/index.php\/2022\/06\/18\/esposa-de-everton-cebolinha-faz-desabafo-nas-redes-sociais\/#primaryimage\"},\"thumbnailUrl\":\"https:\/\/www.gaveanews.com\/wp-content\/uploads\/Everton-Cebolinha-em-acao-pelo-Benfica.webp\",\"datePublished\":\"2022-06-18T22:32:35+00:00\",\"dateModified\":\"2022-06-18T22:34:27+00:00\",\"author\":{\"@id\":\"https:\/\/www.gaveanews.com\/#\/schema\/person\/3a0372021fabaeec4e7e4242cfa27841\"},\"breadcrumb\":{\"@id\":\"https:\/\/www.gaveanews.com\/index.php\/2022\/06\/18\/esposa-de-everton-cebolinha-faz-desabafo-nas-redes-sociais\/#breadcrumb\"},\"inLanguage\":\"pt-BR\",\"potentialAction\":[{\"@type\":\"ReadAction\",\"target\":[\"https:\/\/www.gaveanews.com\/index.php\/2022\/06\/18\/esposa-de-everton-cebolinha-faz-desabafo-nas-redes-sociais\/\"]}]},{\"@type\":\"ImageObject\",\"inLanguage\":\"pt-BR\",\"@id\":\"https:\/\/www.gaveanews.com\/index.php\/2022\/06\/18\/esposa-de-everton-cebolinha-faz-desabafo-nas-redes-sociais\/#primaryimage\",\"url\":\"https:\/\/www.gaveanews.com\/wp-content\/uploads\/Everton-Cebolinha-em-acao-pelo-Benfica.webp\",\"contentUrl\":\"https:\/\/www.gaveanews.com\/wp-content\/uploads\/Everton-Cebolinha-em-acao-pelo-Benfica.webp\",\"width\":1280,\"height\":720,\"caption\":\"Everton Cebolinha em a\u00e7\u00e3o pelo Benfica (Foto: Divulga\u00e7\u00e3o\/Benfica)\"},{\"@type\":\"BreadcrumbList\",\"@id\":\"https:\/\/www.gaveanews.com\/index.php\/2022\/06\/18\/esposa-de-everton-cebolinha-faz-desabafo-nas-redes-sociais\/#breadcrumb\",\"itemListElement\":[{\"@type\":\"ListItem\",\"position\":1,\"name\":\"Home\",\"item\":\"https:\/\/www.gaveanews.com\/\"},{\"@type\":\"ListItem\",\"position\":2,\"name\":\"Esposa de Everton Cebolinha faz desabafo nas redes sociais\"}]},{\"@type\":\"WebSite\",\"@id\":\"https:\/\/www.gaveanews.com\/#website\",\"url\":\"https:\/\/www.gaveanews.com\/\",\"name\":\"G\u00e1vea News\",\"description\":\"Veja todas as not\u00edcias sobre o Flamengo: Contrata\u00e7\u00f5es, categorias de base, resultados das partidas, tabela de classifica\u00e7\u00e3o, pr\u00f3ximos jogos!\",\"potentialAction\":[{\"@type\":\"SearchAction\",\"target\":{\"@type\":\"EntryPoint\",\"urlTemplate\":\"https:\/\/www.gaveanews.com\/?s={search_term_string}\"},\"query-input\":{\"@type\":\"PropertyValueSpecification\",\"valueRequired\":true,\"valueName\":\"search_term_string\"}}],\"inLanguage\":\"pt-BR\"},{\"@type\":\"Person\",\"@id\":\"https:\/\/www.gaveanews.com\/#\/schema\/person\/3a0372021fabaeec4e7e4242cfa27841\",\"name\":\"Hugo Nogueira\",\"image\":{\"@type\":\"ImageObject\",\"inLanguage\":\"pt-BR\",\"@id\":\"https:\/\/www.gaveanews.com\/#\/schema\/person\/image\/\",\"url\":\"https:\/\/secure.gravatar.com\/avatar\/0cdd89f3b47bb55926c08eee2db992845cfdd53f84c9fdd47a49d89b3cd40c0a?s=96&d=mm&r=g\",\"contentUrl\":\"https:\/\/secure.gravatar.com\/avatar\/0cdd89f3b47bb55926c08eee2db992845cfdd53f84c9fdd47a49d89b3cd40c0a?s=96&d=mm&r=g\",\"caption\":\"Hugo Nogueira\"}}]}<\/script>\n<!-- \/ Yoast SEO Premium plugin. -->","yoast_head_json":{"title":"Esposa de Everton Cebolinha faz desabafo nas redes sociais","robots":{"index":"index","follow":"follow","max-snippet":"max-snippet:-1","max-image-preview":"max-image-preview:large","max-video-preview":"max-video-preview:-1"},"canonical":"https:\/\/www.gaveanews.com\/index.php\/2022\/06\/18\/esposa-de-everton-cebolinha-faz-desabafo-nas-redes-sociais\/","og_locale":"pt_BR","og_type":"article","og_title":"Esposa de Everton Cebolinha faz desabafo nas redes sociais","og_description":"Na tarde deste s\u00e1bado (18), Everton Cebolinha chegou ao Rio de Janeiro para assinar com o time do Flamengo. E ao que parece, o Benfica n\u00e3o deixou uma boa impress\u00e3o. Ao menos, para Isa Ranieri, esposa de Everton Cebolinha. Isa, atrav\u00e9s das redes sociais, fez um longo desabafo. Segundo ela, os l\u00edderes do Benfica n\u00e3o [&hellip;]","og_url":"https:\/\/www.gaveanews.com\/index.php\/2022\/06\/18\/esposa-de-everton-cebolinha-faz-desabafo-nas-redes-sociais\/","og_site_name":"G\u00e1vea News","article_publisher":"https:\/\/facebook.com\/gaveaNews\/","article_published_time":"2022-06-18T22:32:35+00:00","article_modified_time":"2022-06-18T22:34:27+00:00","og_image":[{"width":1280,"height":720,"url":"https:\/\/www.gaveanews.com\/wp-content\/uploads\/Everton-Cebolinha-em-acao-pelo-Benfica.webp","type":"image\/jpeg"}],"author":"Hugo Nogueira","twitter_card":"summary_large_image","twitter_misc":{"Escrito por":"Hugo Nogueira","Est. tempo de leitura":"3 minutos"},"schema":{"@context":"https:\/\/schema.org","@graph":[{"@type":"NewsArticle","@id":"https:\/\/www.gaveanews.com\/index.php\/2022\/06\/18\/esposa-de-everton-cebolinha-faz-desabafo-nas-redes-sociais\/#article","isPartOf":{"@id":"https:\/\/www.gaveanews.com\/index.php\/2022\/06\/18\/esposa-de-everton-cebolinha-faz-desabafo-nas-redes-sociais\/"},"author":{"name":"Hugo Nogueira","@id":"https:\/\/www.gaveanews.com\/#\/schema\/person\/3a0372021fabaeec4e7e4242cfa27841"},"headline":"Esposa de Everton Cebolinha faz desabafo nas redes sociais","datePublished":"2022-06-18T22:32:35+00:00","dateModified":"2022-06-18T22:34:27+00:00","mainEntityOfPage":{"@id":"https:\/\/www.gaveanews.com\/index.php\/2022\/06\/18\/esposa-de-everton-cebolinha-faz-desabafo-nas-redes-sociais\/"},"wordCount":506,"commentCount":0,"image":{"@id":"https:\/\/www.gaveanews.com\/index.php\/2022\/06\/18\/esposa-de-everton-cebolinha-faz-desabafo-nas-redes-sociais\/#primaryimage"},"thumbnailUrl":"https:\/\/www.gaveanews.com\/wp-content\/uploads\/Everton-Cebolinha-em-acao-pelo-Benfica.webp","articleSection":["Destaques"],"inLanguage":"pt-BR","potentialAction":[{"@type":"CommentAction","name":"Comment","target":["https:\/\/www.gaveanews.com\/index.php\/2022\/06\/18\/esposa-de-everton-cebolinha-faz-desabafo-nas-redes-sociais\/#respond"]}],"copyrightYear":"2022","copyrightHolder":{"@id":"https:\/\/www.gaveanews.com\/#organization"}},{"@type":"WebPage","@id":"https:\/\/www.gaveanews.com\/index.php\/2022\/06\/18\/esposa-de-everton-cebolinha-faz-desabafo-nas-redes-sociais\/","url":"https:\/\/www.gaveanews.com\/index.php\/2022\/06\/18\/esposa-de-everton-cebolinha-faz-desabafo-nas-redes-sociais\/","name":"Esposa de Everton Cebolinha faz desabafo nas redes sociais","isPartOf":{"@id":"https:\/\/www.gaveanews.com\/#website"},"primaryImageOfPage":{"@id":"https:\/\/www.gaveanews.com\/index.php\/2022\/06\/18\/esposa-de-everton-cebolinha-faz-desabafo-nas-redes-sociais\/#primaryimage"},"image":{"@id":"https:\/\/www.gaveanews.com\/index.php\/2022\/06\/18\/esposa-de-everton-cebolinha-faz-desabafo-nas-redes-sociais\/#primaryimage"},"thumbnailUrl":"https:\/\/www.gaveanews.com\/wp-content\/uploads\/Everton-Cebolinha-em-acao-pelo-Benfica.webp","datePublished":"2022-06-18T22:32:35+00:00","dateModified":"2022-06-18T22:34:27+00:00","author":{"@id":"https:\/\/www.gaveanews.com\/#\/schema\/person\/3a0372021fabaeec4e7e4242cfa27841"},"breadcrumb":{"@id":"https:\/\/www.gaveanews.com\/index.php\/2022\/06\/18\/esposa-de-everton-cebolinha-faz-desabafo-nas-redes-sociais\/#breadcrumb"},"inLanguage":"pt-BR","potentialAction":[{"@type":"ReadAction","target":["https:\/\/www.gaveanews.com\/index.php\/2022\/06\/18\/esposa-de-everton-cebolinha-faz-desabafo-nas-redes-sociais\/"]}]},{"@type":"ImageObject","inLanguage":"pt-BR","@id":"https:\/\/www.gaveanews.com\/index.php\/2022\/06\/18\/esposa-de-everton-cebolinha-faz-desabafo-nas-redes-sociais\/#primaryimage","url":"https:\/\/www.gaveanews.com\/wp-content\/uploads\/Everton-Cebolinha-em-acao-pelo-Benfica.webp","contentUrl":"https:\/\/www.gaveanews.com\/wp-content\/uploads\/Everton-Cebolinha-em-acao-pelo-Benfica.webp","width":1280,"height":720,"caption":"Everton Cebolinha em a\u00e7\u00e3o pelo Benfica (Foto: Divulga\u00e7\u00e3o\/Benfica)"},{"@type":"BreadcrumbList","@id":"https:\/\/www.gaveanews.com\/index.php\/2022\/06\/18\/esposa-de-everton-cebolinha-faz-desabafo-nas-redes-sociais\/#breadcrumb","itemListElement":[{"@type":"ListItem","position":1,"name":"Home","item":"https:\/\/www.gaveanews.com\/"},{"@type":"ListItem","position":2,"name":"Esposa de Everton Cebolinha faz desabafo nas redes sociais"}]},{"@type":"WebSite","@id":"https:\/\/www.gaveanews.com\/#website","url":"https:\/\/www.gaveanews.com\/","name":"G\u00e1vea News","description":"Veja todas as not\u00edcias sobre o Flamengo: Contrata\u00e7\u00f5es, categorias de base, resultados das partidas, tabela de classifica\u00e7\u00e3o, pr\u00f3ximos jogos!","potentialAction":[{"@type":"SearchAction","target":{"@type":"EntryPoint","urlTemplate":"https:\/\/www.gaveanews.com\/?s={search_term_string}"},"query-input":{"@type":"PropertyValueSpecification","valueRequired":true,"valueName":"search_term_string"}}],"inLanguage":"pt-BR"},{"@type":"Person","@id":"https:\/\/www.gaveanews.com\/#\/schema\/person\/3a0372021fabaeec4e7e4242cfa27841","name":"Hugo Nogueira","image":{"@type":"ImageObject","inLanguage":"pt-BR","@id":"https:\/\/www.gaveanews.com\/#\/schema\/person\/image\/","url":"https:\/\/secure.gravatar.com\/avatar\/0cdd89f3b47bb55926c08eee2db992845cfdd53f84c9fdd47a49d89b3cd40c0a?s=96&d=mm&r=g","contentUrl":"https:\/\/secure.gravatar.com\/avatar\/0cdd89f3b47bb55926c08eee2db992845cfdd53f84c9fdd47a49d89b3cd40c0a?s=96&d=mm&r=g","caption":"Hugo Nogueira"}}]}},"_links":{"self":[{"href":"https:\/\/www.gaveanews.com\/index.php\/wp-json\/wp\/v2\/posts\/83367","targetHints":{"allow":["GET"]}}],"collection":[{"href":"https:\/\/www.gaveanews.com\/index.php\/wp-json\/wp\/v2\/posts"}],"about":[{"href":"https:\/\/www.gaveanews.com\/index.php\/wp-json\/wp\/v2\/types\/post"}],"author":[{"embeddable":true,"href":"https:\/\/www.gaveanews.com\/index.php\/wp-json\/wp\/v2\/users\/2"}],"replies":[{"embeddable":true,"href":"https:\/\/www.gaveanews.com\/index.php\/wp-json\/wp\/v2\/comments?post=83367"}],"version-history":[{"count":0,"href":"https:\/\/www.gaveanews.com\/index.php\/wp-json\/wp\/v2\/posts\/83367\/revisions"}],"wp:featuredmedia":[{"embeddable":true,"href":"https:\/\/www.gaveanews.com\/index.php\/wp-json\/wp\/v2\/media\/75097"}],"wp:attachment":[{"href":"https:\/\/www.gaveanews.com\/index.php\/wp-json\/wp\/v2\/media?parent=83367"}],"wp:term":[{"taxonomy":"category","embeddable":true,"href":"https:\/\/www.gaveanews.com\/index.php\/wp-json\/wp\/v2\/categories?post=83367"},{"taxonomy":"post_tag","embeddable":true,"href":"https:\/\/www.gaveanews.com\/index.php\/wp-json\/wp\/v2\/tags?post=83367"}],"curies":[{"name":"wp","href":"https:\/\/api.w.org\/{rel}","templated":true}]}}