{"id":83390,"date":"2022-06-19T00:53:16","date_gmt":"2022-06-19T03:53:16","guid":{"rendered":"https:\/\/www.gaveanews.com\/?p=83390"},"modified":"2022-06-19T00:53:18","modified_gmt":"2022-06-19T03:53:18","slug":"everton-cebolinha-ja-e-fundamental-para-o-flamengo-antes-de-entrar-em-campo","status":"publish","type":"post","link":"https:\/\/www.gaveanews.com\/index.php\/2022\/06\/19\/everton-cebolinha-ja-e-fundamental-para-o-flamengo-antes-de-entrar-em-campo\/","title":{"rendered":"Everton Cebolinha j\u00e1 \u00e9 fundamental para o Flamengo antes de entrar em campo"},"content":{"rendered":"\n<p>Come\u00e7ou a janela &#8220;europeia&#8221; do Flamengo, com contrata\u00e7\u00f5es a partir de junho.<\/p>\n\n\n\n<p>Tamb\u00e9m a esperan\u00e7a de ser mais feliz do que na anterior, j\u00e1 que Kenedy voltou para o Chelsea sem grande contribui\u00e7\u00e3o, David Luiz n\u00e3o correspondeu at\u00e9 aqui as expectativas e Andreas Pereira voltar\u00e1 ao Manchester United com a maior falha da hist\u00f3ria do futebol do clube.<\/p>\n\n\n\n<p>Everton Cebolinha chega do Benfica por 13,5 milh\u00f5es de euros, com a negocia\u00e7\u00e3o podendo chegar a 16 milh\u00f5es se metas do contrato forem batidas. O an\u00fancio oficial deve acontecer ainda hoje, s\u00e1bado (18). No time portugu\u00eas fez 15 gols e serviu 17 assist\u00eancias em 95 partidas. Pouco. Objetivamente, o ex-atacante do Gr\u00eamio de 26 anos fracassou na Europa.<\/p>\n\n\n\n<p>Mas considerando o n\u00edvel do futebol jogado no Brasil \u00e9 contrata\u00e7\u00e3o de peso, para subir patamar de ataque. Em termos de caracter\u00edsticas, no elenco rubro-negro seria uma reposi\u00e7\u00e3o \u00e0 sa\u00edda de Michael. Velocidade e drible partindo da esquerda em diagonal e a participa\u00e7\u00e3o ativa sem bola que desenvolveu no Benfica.<\/p>\n\n\n\n<p>A grande quest\u00e3o \u00e9 que Cebolinha s\u00f3 poder\u00e1 entrar em campo a partir de 18 de julho, quando o per\u00edodo de transfer\u00eancias internacionais for aberto oficialmente.<\/p>\n\n\n\n<p>Muito tempo para quem perdeu Bruno Henrique, com les\u00e3o multiligamentar no joelho direito j\u00e1 fragilizado por desgaste e tendinite, provavelmente at\u00e9 o fim da temporada e ter\u00e1 jogos decisivos por Libertadores, Brasileiro e Copa do Brasil nesses 30 dias at\u00e9 a estreia de Everton.<\/p>\n\n\n\n<p>Dorival J\u00fanior ter\u00e1 que trabalhar consist\u00eancia e regularidade nos inconstantes Vitinho e Lazaro, as op\u00e7\u00f5es pela ponta no 4-3-2\/4-1-4-1 armado pelo sucessor de Paulo Sousa. Ou tentar mais uma adapta\u00e7\u00e3o da dupla Pedro-Gabigol, mas obviamente mudando o sistema t\u00e1tico para o 4-4-2, o que provavelmente sacrificaria De Arrascaeta aberto pela esquerda.<\/p>\n\n\n\n<p>O fato \u00e9 que o time perde a grande v\u00e1lvula de escape para acelerar as transi\u00e7\u00f5es ofensivas e ainda a presen\u00e7a de \u00e1rea e os recursos de finaliza\u00e7\u00e3o de Bruno Henrique, inclusive no jogo a\u00e9reo. Caracter\u00edsticas essenciais, por exemplo, para os dois duelos contra o ofensivo Atl\u00e9tico de &#8220;Turco&#8221; Mohamed no Mineir\u00e3o.<\/p>\n\n\n\n<p>Sem o craque da Libertadores de 2019 e autor dos quatro gols contra o Barcelona de Guaiaquil que colocaram o time na \u00faltima final do torneio continental, Everton Cebolinha j\u00e1 \u00e9 pe\u00e7a fundamental para Dorival antes mesmo de entrar em campo. Ter\u00e1 que compensar uma aus\u00eancia maior que o investimento do Flamengo no seu novo ponta esquerda.<\/p>\n\n\n\n<p>A grande quest\u00e3o \u00e9 se o time ainda ter\u00e1 algo grande a disputar quando o novo contratado estiver dispon\u00edvel. Se sobreviver nas competi\u00e7\u00f5es, as perspectivas na temporada ca\u00f3tica at\u00e9 aqui podem mudar radicalmente.<\/p>\n\n\n\n<p>Retirado de: UOL<\/p>\n","protected":false},"excerpt":{"rendered":"<p>Come\u00e7ou a janela &#8220;europeia&#8221; do Flamengo, com contrata\u00e7\u00f5es a partir de junho. Tamb\u00e9m a esperan\u00e7a de ser mais feliz do que na anterior, j\u00e1 que Kenedy voltou para o Chelsea sem grande contribui\u00e7\u00e3o, David Luiz n\u00e3o correspondeu at\u00e9 aqui as expectativas e Andreas Pereira voltar\u00e1 ao Manchester United com a maior falha da hist\u00f3ria do [&hellip;]<\/p>\n","protected":false},"author":1,"featured_media":75097,"comment_status":"open","ping_status":"closed","sticky":false,"template":"","format":"standard","meta":{"footnotes":""},"categories":[1],"tags":[],"class_list":["post-83390","post","type-post","status-publish","format-standard","has-post-thumbnail","hentry","category-flamengo"],"yoast_head":"<!-- This site is optimized with the Yoast SEO Premium plugin v24.2 (Yoast SEO v26.9) - https:\/\/yoast.com\/product\/yoast-seo-premium-wordpress\/ -->\n<title>Everton Cebolinha j\u00e1 \u00e9 fundamental para o Flamengo antes de entrar em campo<\/title>\n<meta name=\"robots\" content=\"index, follow, max-snippet:-1, max-image-preview:large, max-video-preview:-1\" \/>\n<link rel=\"canonical\" href=\"https:\/\/www.gaveanews.com\/index.php\/2022\/06\/19\/everton-cebolinha-ja-e-fundamental-para-o-flamengo-antes-de-entrar-em-campo\/\" \/>\n<meta property=\"og:locale\" content=\"pt_BR\" \/>\n<meta property=\"og:type\" content=\"article\" \/>\n<meta property=\"og:title\" content=\"Everton Cebolinha j\u00e1 \u00e9 fundamental para o Flamengo antes de entrar em campo\" \/>\n<meta property=\"og:description\" content=\"Come\u00e7ou a janela &#8220;europeia&#8221; do Flamengo, com contrata\u00e7\u00f5es a partir de junho. Tamb\u00e9m a esperan\u00e7a de ser mais feliz do que na anterior, j\u00e1 que Kenedy voltou para o Chelsea sem grande contribui\u00e7\u00e3o, David Luiz n\u00e3o correspondeu at\u00e9 aqui as expectativas e Andreas Pereira voltar\u00e1 ao Manchester United com a maior falha da hist\u00f3ria do [&hellip;]\" \/>\n<meta property=\"og:url\" content=\"https:\/\/www.gaveanews.com\/index.php\/2022\/06\/19\/everton-cebolinha-ja-e-fundamental-para-o-flamengo-antes-de-entrar-em-campo\/\" \/>\n<meta property=\"og:site_name\" content=\"G\u00e1vea News\" \/>\n<meta property=\"article:publisher\" content=\"https:\/\/facebook.com\/gaveaNews\/\" \/>\n<meta property=\"article:published_time\" content=\"2022-06-19T03:53:16+00:00\" \/>\n<meta property=\"article:modified_time\" content=\"2022-06-19T03:53:18+00:00\" \/>\n<meta property=\"og:image\" content=\"https:\/\/www.gaveanews.com\/wp-content\/uploads\/Everton-Cebolinha-em-acao-pelo-Benfica.webp\" \/>\n\t<meta property=\"og:image:width\" content=\"1280\" \/>\n\t<meta property=\"og:image:height\" content=\"720\" \/>\n\t<meta property=\"og:image:type\" content=\"image\/jpeg\" \/>\n<meta name=\"author\" content=\"Equipe G\u00e1vea News\" \/>\n<meta name=\"twitter:card\" content=\"summary_large_image\" \/>\n<meta name=\"twitter:label1\" content=\"Escrito por\" \/>\n\t<meta name=\"twitter:data1\" content=\"Equipe G\u00e1vea News\" \/>\n\t<meta name=\"twitter:label2\" content=\"Est. tempo de leitura\" \/>\n\t<meta name=\"twitter:data2\" content=\"3 minutos\" \/>\n<script type=\"application\/ld+json\" class=\"yoast-schema-graph\">{\"@context\":\"https:\/\/schema.org\",\"@graph\":[{\"@type\":\"NewsArticle\",\"@id\":\"https:\/\/www.gaveanews.com\/index.php\/2022\/06\/19\/everton-cebolinha-ja-e-fundamental-para-o-flamengo-antes-de-entrar-em-campo\/#article\",\"isPartOf\":{\"@id\":\"https:\/\/www.gaveanews.com\/index.php\/2022\/06\/19\/everton-cebolinha-ja-e-fundamental-para-o-flamengo-antes-de-entrar-em-campo\/\"},\"author\":{\"name\":\"Equipe G\u00e1vea News\",\"@id\":\"https:\/\/www.gaveanews.com\/#\/schema\/person\/2ec14f73fb96be2caf28f91afb14749d\"},\"headline\":\"Everton Cebolinha j\u00e1 \u00e9 fundamental para o Flamengo antes de entrar em campo\",\"datePublished\":\"2022-06-19T03:53:16+00:00\",\"dateModified\":\"2022-06-19T03:53:18+00:00\",\"mainEntityOfPage\":{\"@id\":\"https:\/\/www.gaveanews.com\/index.php\/2022\/06\/19\/everton-cebolinha-ja-e-fundamental-para-o-flamengo-antes-de-entrar-em-campo\/\"},\"wordCount\":477,\"commentCount\":0,\"image\":{\"@id\":\"https:\/\/www.gaveanews.com\/index.php\/2022\/06\/19\/everton-cebolinha-ja-e-fundamental-para-o-flamengo-antes-de-entrar-em-campo\/#primaryimage\"},\"thumbnailUrl\":\"https:\/\/www.gaveanews.com\/wp-content\/uploads\/Everton-Cebolinha-em-acao-pelo-Benfica.webp\",\"articleSection\":[\"Flamengo\"],\"inLanguage\":\"pt-BR\",\"potentialAction\":[{\"@type\":\"CommentAction\",\"name\":\"Comment\",\"target\":[\"https:\/\/www.gaveanews.com\/index.php\/2022\/06\/19\/everton-cebolinha-ja-e-fundamental-para-o-flamengo-antes-de-entrar-em-campo\/#respond\"]}],\"copyrightYear\":\"2022\",\"copyrightHolder\":{\"@id\":\"https:\/\/www.gaveanews.com\/#organization\"}},{\"@type\":\"WebPage\",\"@id\":\"https:\/\/www.gaveanews.com\/index.php\/2022\/06\/19\/everton-cebolinha-ja-e-fundamental-para-o-flamengo-antes-de-entrar-em-campo\/\",\"url\":\"https:\/\/www.gaveanews.com\/index.php\/2022\/06\/19\/everton-cebolinha-ja-e-fundamental-para-o-flamengo-antes-de-entrar-em-campo\/\",\"name\":\"Everton Cebolinha j\u00e1 \u00e9 fundamental para o Flamengo antes de entrar em campo\",\"isPartOf\":{\"@id\":\"https:\/\/www.gaveanews.com\/#website\"},\"primaryImageOfPage\":{\"@id\":\"https:\/\/www.gaveanews.com\/index.php\/2022\/06\/19\/everton-cebolinha-ja-e-fundamental-para-o-flamengo-antes-de-entrar-em-campo\/#primaryimage\"},\"image\":{\"@id\":\"https:\/\/www.gaveanews.com\/index.php\/2022\/06\/19\/everton-cebolinha-ja-e-fundamental-para-o-flamengo-antes-de-entrar-em-campo\/#primaryimage\"},\"thumbnailUrl\":\"https:\/\/www.gaveanews.com\/wp-content\/uploads\/Everton-Cebolinha-em-acao-pelo-Benfica.webp\",\"datePublished\":\"2022-06-19T03:53:16+00:00\",\"dateModified\":\"2022-06-19T03:53:18+00:00\",\"author\":{\"@id\":\"https:\/\/www.gaveanews.com\/#\/schema\/person\/2ec14f73fb96be2caf28f91afb14749d\"},\"breadcrumb\":{\"@id\":\"https:\/\/www.gaveanews.com\/index.php\/2022\/06\/19\/everton-cebolinha-ja-e-fundamental-para-o-flamengo-antes-de-entrar-em-campo\/#breadcrumb\"},\"inLanguage\":\"pt-BR\",\"potentialAction\":[{\"@type\":\"ReadAction\",\"target\":[\"https:\/\/www.gaveanews.com\/index.php\/2022\/06\/19\/everton-cebolinha-ja-e-fundamental-para-o-flamengo-antes-de-entrar-em-campo\/\"]}]},{\"@type\":\"ImageObject\",\"inLanguage\":\"pt-BR\",\"@id\":\"https:\/\/www.gaveanews.com\/index.php\/2022\/06\/19\/everton-cebolinha-ja-e-fundamental-para-o-flamengo-antes-de-entrar-em-campo\/#primaryimage\",\"url\":\"https:\/\/www.gaveanews.com\/wp-content\/uploads\/Everton-Cebolinha-em-acao-pelo-Benfica.webp\",\"contentUrl\":\"https:\/\/www.gaveanews.com\/wp-content\/uploads\/Everton-Cebolinha-em-acao-pelo-Benfica.webp\",\"width\":1280,\"height\":720,\"caption\":\"Everton Cebolinha em a\u00e7\u00e3o pelo Benfica (Foto: Divulga\u00e7\u00e3o\/Benfica)\"},{\"@type\":\"BreadcrumbList\",\"@id\":\"https:\/\/www.gaveanews.com\/index.php\/2022\/06\/19\/everton-cebolinha-ja-e-fundamental-para-o-flamengo-antes-de-entrar-em-campo\/#breadcrumb\",\"itemListElement\":[{\"@type\":\"ListItem\",\"position\":1,\"name\":\"Home\",\"item\":\"https:\/\/www.gaveanews.com\/\"},{\"@type\":\"ListItem\",\"position\":2,\"name\":\"Everton Cebolinha j\u00e1 \u00e9 fundamental para o Flamengo antes de entrar em campo\"}]},{\"@type\":\"WebSite\",\"@id\":\"https:\/\/www.gaveanews.com\/#website\",\"url\":\"https:\/\/www.gaveanews.com\/\",\"name\":\"G\u00e1vea News\",\"description\":\"Veja todas as not\u00edcias sobre o Flamengo: Contrata\u00e7\u00f5es, categorias de base, resultados das partidas, tabela de classifica\u00e7\u00e3o, pr\u00f3ximos jogos!\",\"potentialAction\":[{\"@type\":\"SearchAction\",\"target\":{\"@type\":\"EntryPoint\",\"urlTemplate\":\"https:\/\/www.gaveanews.com\/?s={search_term_string}\"},\"query-input\":{\"@type\":\"PropertyValueSpecification\",\"valueRequired\":true,\"valueName\":\"search_term_string\"}}],\"inLanguage\":\"pt-BR\"},{\"@type\":\"Person\",\"@id\":\"https:\/\/www.gaveanews.com\/#\/schema\/person\/2ec14f73fb96be2caf28f91afb14749d\",\"name\":\"Equipe G\u00e1vea News\",\"image\":{\"@type\":\"ImageObject\",\"inLanguage\":\"pt-BR\",\"@id\":\"https:\/\/www.gaveanews.com\/#\/schema\/person\/image\/\",\"url\":\"https:\/\/secure.gravatar.com\/avatar\/1e1956f1facbffd3f8fa53a326721950116b3b9dc9bd44939c01180fd4a745a9?s=96&d=mm&r=g\",\"contentUrl\":\"https:\/\/secure.gravatar.com\/avatar\/1e1956f1facbffd3f8fa53a326721950116b3b9dc9bd44939c01180fd4a745a9?s=96&d=mm&r=g\",\"caption\":\"Equipe G\u00e1vea News\"}}]}<\/script>\n<!-- \/ Yoast SEO Premium plugin. -->","yoast_head_json":{"title":"Everton Cebolinha j\u00e1 \u00e9 fundamental para o Flamengo antes de entrar em campo","robots":{"index":"index","follow":"follow","max-snippet":"max-snippet:-1","max-image-preview":"max-image-preview:large","max-video-preview":"max-video-preview:-1"},"canonical":"https:\/\/www.gaveanews.com\/index.php\/2022\/06\/19\/everton-cebolinha-ja-e-fundamental-para-o-flamengo-antes-de-entrar-em-campo\/","og_locale":"pt_BR","og_type":"article","og_title":"Everton Cebolinha j\u00e1 \u00e9 fundamental para o Flamengo antes de entrar em campo","og_description":"Come\u00e7ou a janela &#8220;europeia&#8221; do Flamengo, com contrata\u00e7\u00f5es a partir de junho. Tamb\u00e9m a esperan\u00e7a de ser mais feliz do que na anterior, j\u00e1 que Kenedy voltou para o Chelsea sem grande contribui\u00e7\u00e3o, David Luiz n\u00e3o correspondeu at\u00e9 aqui as expectativas e Andreas Pereira voltar\u00e1 ao Manchester United com a maior falha da hist\u00f3ria do [&hellip;]","og_url":"https:\/\/www.gaveanews.com\/index.php\/2022\/06\/19\/everton-cebolinha-ja-e-fundamental-para-o-flamengo-antes-de-entrar-em-campo\/","og_site_name":"G\u00e1vea News","article_publisher":"https:\/\/facebook.com\/gaveaNews\/","article_published_time":"2022-06-19T03:53:16+00:00","article_modified_time":"2022-06-19T03:53:18+00:00","og_image":[{"width":1280,"height":720,"url":"https:\/\/www.gaveanews.com\/wp-content\/uploads\/Everton-Cebolinha-em-acao-pelo-Benfica.webp","type":"image\/jpeg"}],"author":"Equipe G\u00e1vea News","twitter_card":"summary_large_image","twitter_misc":{"Escrito por":"Equipe G\u00e1vea News","Est. tempo de leitura":"3 minutos"},"schema":{"@context":"https:\/\/schema.org","@graph":[{"@type":"NewsArticle","@id":"https:\/\/www.gaveanews.com\/index.php\/2022\/06\/19\/everton-cebolinha-ja-e-fundamental-para-o-flamengo-antes-de-entrar-em-campo\/#article","isPartOf":{"@id":"https:\/\/www.gaveanews.com\/index.php\/2022\/06\/19\/everton-cebolinha-ja-e-fundamental-para-o-flamengo-antes-de-entrar-em-campo\/"},"author":{"name":"Equipe G\u00e1vea News","@id":"https:\/\/www.gaveanews.com\/#\/schema\/person\/2ec14f73fb96be2caf28f91afb14749d"},"headline":"Everton Cebolinha j\u00e1 \u00e9 fundamental para o Flamengo antes de entrar em campo","datePublished":"2022-06-19T03:53:16+00:00","dateModified":"2022-06-19T03:53:18+00:00","mainEntityOfPage":{"@id":"https:\/\/www.gaveanews.com\/index.php\/2022\/06\/19\/everton-cebolinha-ja-e-fundamental-para-o-flamengo-antes-de-entrar-em-campo\/"},"wordCount":477,"commentCount":0,"image":{"@id":"https:\/\/www.gaveanews.com\/index.php\/2022\/06\/19\/everton-cebolinha-ja-e-fundamental-para-o-flamengo-antes-de-entrar-em-campo\/#primaryimage"},"thumbnailUrl":"https:\/\/www.gaveanews.com\/wp-content\/uploads\/Everton-Cebolinha-em-acao-pelo-Benfica.webp","articleSection":["Flamengo"],"inLanguage":"pt-BR","potentialAction":[{"@type":"CommentAction","name":"Comment","target":["https:\/\/www.gaveanews.com\/index.php\/2022\/06\/19\/everton-cebolinha-ja-e-fundamental-para-o-flamengo-antes-de-entrar-em-campo\/#respond"]}],"copyrightYear":"2022","copyrightHolder":{"@id":"https:\/\/www.gaveanews.com\/#organization"}},{"@type":"WebPage","@id":"https:\/\/www.gaveanews.com\/index.php\/2022\/06\/19\/everton-cebolinha-ja-e-fundamental-para-o-flamengo-antes-de-entrar-em-campo\/","url":"https:\/\/www.gaveanews.com\/index.php\/2022\/06\/19\/everton-cebolinha-ja-e-fundamental-para-o-flamengo-antes-de-entrar-em-campo\/","name":"Everton Cebolinha j\u00e1 \u00e9 fundamental para o Flamengo antes de entrar em campo","isPartOf":{"@id":"https:\/\/www.gaveanews.com\/#website"},"primaryImageOfPage":{"@id":"https:\/\/www.gaveanews.com\/index.php\/2022\/06\/19\/everton-cebolinha-ja-e-fundamental-para-o-flamengo-antes-de-entrar-em-campo\/#primaryimage"},"image":{"@id":"https:\/\/www.gaveanews.com\/index.php\/2022\/06\/19\/everton-cebolinha-ja-e-fundamental-para-o-flamengo-antes-de-entrar-em-campo\/#primaryimage"},"thumbnailUrl":"https:\/\/www.gaveanews.com\/wp-content\/uploads\/Everton-Cebolinha-em-acao-pelo-Benfica.webp","datePublished":"2022-06-19T03:53:16+00:00","dateModified":"2022-06-19T03:53:18+00:00","author":{"@id":"https:\/\/www.gaveanews.com\/#\/schema\/person\/2ec14f73fb96be2caf28f91afb14749d"},"breadcrumb":{"@id":"https:\/\/www.gaveanews.com\/index.php\/2022\/06\/19\/everton-cebolinha-ja-e-fundamental-para-o-flamengo-antes-de-entrar-em-campo\/#breadcrumb"},"inLanguage":"pt-BR","potentialAction":[{"@type":"ReadAction","target":["https:\/\/www.gaveanews.com\/index.php\/2022\/06\/19\/everton-cebolinha-ja-e-fundamental-para-o-flamengo-antes-de-entrar-em-campo\/"]}]},{"@type":"ImageObject","inLanguage":"pt-BR","@id":"https:\/\/www.gaveanews.com\/index.php\/2022\/06\/19\/everton-cebolinha-ja-e-fundamental-para-o-flamengo-antes-de-entrar-em-campo\/#primaryimage","url":"https:\/\/www.gaveanews.com\/wp-content\/uploads\/Everton-Cebolinha-em-acao-pelo-Benfica.webp","contentUrl":"https:\/\/www.gaveanews.com\/wp-content\/uploads\/Everton-Cebolinha-em-acao-pelo-Benfica.webp","width":1280,"height":720,"caption":"Everton Cebolinha em a\u00e7\u00e3o pelo Benfica (Foto: Divulga\u00e7\u00e3o\/Benfica)"},{"@type":"BreadcrumbList","@id":"https:\/\/www.gaveanews.com\/index.php\/2022\/06\/19\/everton-cebolinha-ja-e-fundamental-para-o-flamengo-antes-de-entrar-em-campo\/#breadcrumb","itemListElement":[{"@type":"ListItem","position":1,"name":"Home","item":"https:\/\/www.gaveanews.com\/"},{"@type":"ListItem","position":2,"name":"Everton Cebolinha j\u00e1 \u00e9 fundamental para o Flamengo antes de entrar em campo"}]},{"@type":"WebSite","@id":"https:\/\/www.gaveanews.com\/#website","url":"https:\/\/www.gaveanews.com\/","name":"G\u00e1vea News","description":"Veja todas as not\u00edcias sobre o Flamengo: Contrata\u00e7\u00f5es, categorias de base, resultados das partidas, tabela de classifica\u00e7\u00e3o, pr\u00f3ximos jogos!","potentialAction":[{"@type":"SearchAction","target":{"@type":"EntryPoint","urlTemplate":"https:\/\/www.gaveanews.com\/?s={search_term_string}"},"query-input":{"@type":"PropertyValueSpecification","valueRequired":true,"valueName":"search_term_string"}}],"inLanguage":"pt-BR"},{"@type":"Person","@id":"https:\/\/www.gaveanews.com\/#\/schema\/person\/2ec14f73fb96be2caf28f91afb14749d","name":"Equipe G\u00e1vea News","image":{"@type":"ImageObject","inLanguage":"pt-BR","@id":"https:\/\/www.gaveanews.com\/#\/schema\/person\/image\/","url":"https:\/\/secure.gravatar.com\/avatar\/1e1956f1facbffd3f8fa53a326721950116b3b9dc9bd44939c01180fd4a745a9?s=96&d=mm&r=g","contentUrl":"https:\/\/secure.gravatar.com\/avatar\/1e1956f1facbffd3f8fa53a326721950116b3b9dc9bd44939c01180fd4a745a9?s=96&d=mm&r=g","caption":"Equipe G\u00e1vea News"}}]}},"_links":{"self":[{"href":"https:\/\/www.gaveanews.com\/index.php\/wp-json\/wp\/v2\/posts\/83390","targetHints":{"allow":["GET"]}}],"collection":[{"href":"https:\/\/www.gaveanews.com\/index.php\/wp-json\/wp\/v2\/posts"}],"about":[{"href":"https:\/\/www.gaveanews.com\/index.php\/wp-json\/wp\/v2\/types\/post"}],"author":[{"embeddable":true,"href":"https:\/\/www.gaveanews.com\/index.php\/wp-json\/wp\/v2\/users\/1"}],"replies":[{"embeddable":true,"href":"https:\/\/www.gaveanews.com\/index.php\/wp-json\/wp\/v2\/comments?post=83390"}],"version-history":[{"count":0,"href":"https:\/\/www.gaveanews.com\/index.php\/wp-json\/wp\/v2\/posts\/83390\/revisions"}],"wp:featuredmedia":[{"embeddable":true,"href":"https:\/\/www.gaveanews.com\/index.php\/wp-json\/wp\/v2\/media\/75097"}],"wp:attachment":[{"href":"https:\/\/www.gaveanews.com\/index.php\/wp-json\/wp\/v2\/media?parent=83390"}],"wp:term":[{"taxonomy":"category","embeddable":true,"href":"https:\/\/www.gaveanews.com\/index.php\/wp-json\/wp\/v2\/categories?post=83390"},{"taxonomy":"post_tag","embeddable":true,"href":"https:\/\/www.gaveanews.com\/index.php\/wp-json\/wp\/v2\/tags?post=83390"}],"curies":[{"name":"wp","href":"https:\/\/api.w.org\/{rel}","templated":true}]}}