{"id":83396,"date":"2022-06-19T12:12:47","date_gmt":"2022-06-19T15:12:47","guid":{"rendered":"https:\/\/www.gaveanews.com\/?p=83396"},"modified":"2022-06-19T12:12:48","modified_gmt":"2022-06-19T15:12:48","slug":"paulo-sousa-estuda-acionar-a-fifa-para-cobrar-o-flamengo-entenda","status":"publish","type":"post","link":"https:\/\/www.gaveanews.com\/index.php\/2022\/06\/19\/paulo-sousa-estuda-acionar-a-fifa-para-cobrar-o-flamengo-entenda\/","title":{"rendered":"Paulo Sousa estuda acionar a FIFA para cobrar o Flamengo; entenda"},"content":{"rendered":"\n<p>O Flamengo voltou atr\u00e1s no acordo com Paulo Sousa para o pagamento da multa rescis\u00f3ria ap\u00f3s demitir o t\u00e9cnico e toda sua comiss\u00e3o. Na \u00faltima sexta-feira, o departamento jur\u00eddico enviou documenta\u00e7\u00e3o com n\u00fameros diferentes aos que haviam sido ajustados, sugerindo desconto no pagamento devido. <\/p>\n\n\n\n<p>A atitude irritou o portugu\u00eas, que seguia no Rio para resolver as pend\u00eancias e agora v\u00ea a negocia\u00e7\u00e3o emperrar e aguardar\u00e1 o desenrolar dos fatos em Portugal, para onde viaja na ter\u00e7a-feira. A cobran\u00e7a na Fifa j\u00e1 \u00e9 estudada. O Flamengo deve os sal\u00e1rios do t\u00e9cnico at\u00e9 dezembro, quase R$ 6 milh\u00f5es a Paulo Sousa, sem contar o que precisa pagar aos membros da comiss\u00e3o.<\/p>\n\n\n\n<p>Representantes do t\u00e9cnico e do clube acordaram o pagamento parcelado do valor integral, mas o Flamengo em seguida voltou atr\u00e1s, sugeriu abatimento, e o tema voltou \u00e0 estaca zero, onde est\u00e1 agora. O clube sugeriu inclusive que os pagamentos fossem feitos nos domic\u00edlios dos ex-empregados, Portugal ou Espanha, por exemplo, em vez de pagar no Brasil. <\/p>\n\n\n\n<p>A condu\u00e7\u00e3o do tema no clube \u00e9 feito pelo advogado Antonio Panza, que n\u00e3o tem liga\u00e7\u00e3o direta com o departamento de futebol. O vice de futebol Marcos Braz e o diretor Bruno Spindel, que demitiram Paulo Sousa, sa\u00edram do circuito.<\/p>\n\n\n\n<p>A forma como o tema foi tratado, indo para frente e para tr\u00e1s, deixou Paulo Sousa e seus representantes temerosos de que o Flamengo quer adiar o pagamento o quanto puder. Depois de o acordo estar praticamente fechado, as minutas contratuais foram enviadas com a proposta inicial do Flamengo, de valor reduzido, como se o di\u00e1logo n\u00e3o houvesse existido, tentando tirar vantagem de algo que est\u00e1 expresso claramente no contrato. <\/p>\n\n\n\n<p>O treinador seguia no Brasil para que tudo fosse resolvido de forma pac\u00edfica e ele encerrasse a passagem no clube sem pend\u00eancias ou discuss\u00f5es, o que agora se torna mais dif\u00edcil de acontecer.<\/p>\n\n\n\n<p>Retirado de: O Globo<\/p>\n","protected":false},"excerpt":{"rendered":"<p>O Flamengo voltou atr\u00e1s no acordo com Paulo Sousa para o pagamento da multa rescis\u00f3ria ap\u00f3s demitir o t\u00e9cnico e toda sua comiss\u00e3o. Na \u00faltima sexta-feira, o departamento jur\u00eddico enviou documenta\u00e7\u00e3o com n\u00fameros diferentes aos que haviam sido ajustados, sugerindo desconto no pagamento devido. A atitude irritou o portugu\u00eas, que seguia no Rio para resolver [&hellip;]<\/p>\n","protected":false},"author":1,"featured_media":82684,"comment_status":"open","ping_status":"closed","sticky":false,"template":"","format":"standard","meta":{"footnotes":""},"categories":[47],"tags":[],"class_list":["post-83396","post","type-post","status-publish","format-standard","has-post-thumbnail","hentry","category-destaques"],"yoast_head":"<!-- This site is optimized with the Yoast SEO Premium plugin v24.2 (Yoast SEO v26.9) - https:\/\/yoast.com\/product\/yoast-seo-premium-wordpress\/ -->\n<title>Paulo Sousa estuda acionar a FIFA para cobrar o Flamengo; entenda<\/title>\n<meta name=\"robots\" content=\"index, follow, max-snippet:-1, max-image-preview:large, max-video-preview:-1\" \/>\n<link rel=\"canonical\" href=\"https:\/\/www.gaveanews.com\/index.php\/2022\/06\/19\/paulo-sousa-estuda-acionar-a-fifa-para-cobrar-o-flamengo-entenda\/\" \/>\n<meta property=\"og:locale\" content=\"pt_BR\" \/>\n<meta property=\"og:type\" content=\"article\" \/>\n<meta property=\"og:title\" content=\"Paulo Sousa estuda acionar a FIFA para cobrar o Flamengo; entenda\" \/>\n<meta property=\"og:description\" content=\"O Flamengo voltou atr\u00e1s no acordo com Paulo Sousa para o pagamento da multa rescis\u00f3ria ap\u00f3s demitir o t\u00e9cnico e toda sua comiss\u00e3o. Na \u00faltima sexta-feira, o departamento jur\u00eddico enviou documenta\u00e7\u00e3o com n\u00fameros diferentes aos que haviam sido ajustados, sugerindo desconto no pagamento devido. A atitude irritou o portugu\u00eas, que seguia no Rio para resolver [&hellip;]\" \/>\n<meta property=\"og:url\" content=\"https:\/\/www.gaveanews.com\/index.php\/2022\/06\/19\/paulo-sousa-estuda-acionar-a-fifa-para-cobrar-o-flamengo-entenda\/\" \/>\n<meta property=\"og:site_name\" content=\"G\u00e1vea News\" \/>\n<meta property=\"article:publisher\" content=\"https:\/\/facebook.com\/gaveaNews\/\" \/>\n<meta property=\"article:published_time\" content=\"2022-06-19T15:12:47+00:00\" \/>\n<meta property=\"article:modified_time\" content=\"2022-06-19T15:12:48+00:00\" \/>\n<meta property=\"og:image\" content=\"https:\/\/www.gaveanews.com\/wp-content\/uploads\/Paulo-Sousa-em-jogo-do-Flamengo-contra-o-Fortaleza.webp\" \/>\n\t<meta property=\"og:image:width\" content=\"1000\" \/>\n\t<meta property=\"og:image:height\" content=\"666\" \/>\n\t<meta property=\"og:image:type\" content=\"image\/webp\" \/>\n<meta name=\"author\" content=\"Equipe G\u00e1vea News\" \/>\n<meta name=\"twitter:card\" content=\"summary_large_image\" \/>\n<meta name=\"twitter:label1\" content=\"Escrito por\" \/>\n\t<meta name=\"twitter:data1\" content=\"Equipe G\u00e1vea News\" \/>\n\t<meta name=\"twitter:label2\" content=\"Est. tempo de leitura\" \/>\n\t<meta name=\"twitter:data2\" content=\"2 minutos\" \/>\n<script type=\"application\/ld+json\" class=\"yoast-schema-graph\">{\"@context\":\"https:\/\/schema.org\",\"@graph\":[{\"@type\":\"NewsArticle\",\"@id\":\"https:\/\/www.gaveanews.com\/index.php\/2022\/06\/19\/paulo-sousa-estuda-acionar-a-fifa-para-cobrar-o-flamengo-entenda\/#article\",\"isPartOf\":{\"@id\":\"https:\/\/www.gaveanews.com\/index.php\/2022\/06\/19\/paulo-sousa-estuda-acionar-a-fifa-para-cobrar-o-flamengo-entenda\/\"},\"author\":{\"name\":\"Equipe G\u00e1vea News\",\"@id\":\"https:\/\/www.gaveanews.com\/#\/schema\/person\/2ec14f73fb96be2caf28f91afb14749d\"},\"headline\":\"Paulo Sousa estuda acionar a FIFA para cobrar o Flamengo; entenda\",\"datePublished\":\"2022-06-19T15:12:47+00:00\",\"dateModified\":\"2022-06-19T15:12:48+00:00\",\"mainEntityOfPage\":{\"@id\":\"https:\/\/www.gaveanews.com\/index.php\/2022\/06\/19\/paulo-sousa-estuda-acionar-a-fifa-para-cobrar-o-flamengo-entenda\/\"},\"wordCount\":350,\"commentCount\":0,\"image\":{\"@id\":\"https:\/\/www.gaveanews.com\/index.php\/2022\/06\/19\/paulo-sousa-estuda-acionar-a-fifa-para-cobrar-o-flamengo-entenda\/#primaryimage\"},\"thumbnailUrl\":\"https:\/\/www.gaveanews.com\/wp-content\/uploads\/Paulo-Sousa-em-jogo-do-Flamengo-contra-o-Fortaleza.webp\",\"articleSection\":[\"Destaques\"],\"inLanguage\":\"pt-BR\",\"potentialAction\":[{\"@type\":\"CommentAction\",\"name\":\"Comment\",\"target\":[\"https:\/\/www.gaveanews.com\/index.php\/2022\/06\/19\/paulo-sousa-estuda-acionar-a-fifa-para-cobrar-o-flamengo-entenda\/#respond\"]}],\"copyrightYear\":\"2022\",\"copyrightHolder\":{\"@id\":\"https:\/\/www.gaveanews.com\/#organization\"}},{\"@type\":\"WebPage\",\"@id\":\"https:\/\/www.gaveanews.com\/index.php\/2022\/06\/19\/paulo-sousa-estuda-acionar-a-fifa-para-cobrar-o-flamengo-entenda\/\",\"url\":\"https:\/\/www.gaveanews.com\/index.php\/2022\/06\/19\/paulo-sousa-estuda-acionar-a-fifa-para-cobrar-o-flamengo-entenda\/\",\"name\":\"Paulo Sousa estuda acionar a FIFA para cobrar o Flamengo; entenda\",\"isPartOf\":{\"@id\":\"https:\/\/www.gaveanews.com\/#website\"},\"primaryImageOfPage\":{\"@id\":\"https:\/\/www.gaveanews.com\/index.php\/2022\/06\/19\/paulo-sousa-estuda-acionar-a-fifa-para-cobrar-o-flamengo-entenda\/#primaryimage\"},\"image\":{\"@id\":\"https:\/\/www.gaveanews.com\/index.php\/2022\/06\/19\/paulo-sousa-estuda-acionar-a-fifa-para-cobrar-o-flamengo-entenda\/#primaryimage\"},\"thumbnailUrl\":\"https:\/\/www.gaveanews.com\/wp-content\/uploads\/Paulo-Sousa-em-jogo-do-Flamengo-contra-o-Fortaleza.webp\",\"datePublished\":\"2022-06-19T15:12:47+00:00\",\"dateModified\":\"2022-06-19T15:12:48+00:00\",\"author\":{\"@id\":\"https:\/\/www.gaveanews.com\/#\/schema\/person\/2ec14f73fb96be2caf28f91afb14749d\"},\"breadcrumb\":{\"@id\":\"https:\/\/www.gaveanews.com\/index.php\/2022\/06\/19\/paulo-sousa-estuda-acionar-a-fifa-para-cobrar-o-flamengo-entenda\/#breadcrumb\"},\"inLanguage\":\"pt-BR\",\"potentialAction\":[{\"@type\":\"ReadAction\",\"target\":[\"https:\/\/www.gaveanews.com\/index.php\/2022\/06\/19\/paulo-sousa-estuda-acionar-a-fifa-para-cobrar-o-flamengo-entenda\/\"]}]},{\"@type\":\"ImageObject\",\"inLanguage\":\"pt-BR\",\"@id\":\"https:\/\/www.gaveanews.com\/index.php\/2022\/06\/19\/paulo-sousa-estuda-acionar-a-fifa-para-cobrar-o-flamengo-entenda\/#primaryimage\",\"url\":\"https:\/\/www.gaveanews.com\/wp-content\/uploads\/Paulo-Sousa-em-jogo-do-Flamengo-contra-o-Fortaleza.webp\",\"contentUrl\":\"https:\/\/www.gaveanews.com\/wp-content\/uploads\/Paulo-Sousa-em-jogo-do-Flamengo-contra-o-Fortaleza.webp\",\"width\":1000,\"height\":666,\"caption\":\"Paulo Sousa em jogo do Flamengo contra o Fortaleza (Foto: Thiago Ribeiro\/AGIF)\"},{\"@type\":\"BreadcrumbList\",\"@id\":\"https:\/\/www.gaveanews.com\/index.php\/2022\/06\/19\/paulo-sousa-estuda-acionar-a-fifa-para-cobrar-o-flamengo-entenda\/#breadcrumb\",\"itemListElement\":[{\"@type\":\"ListItem\",\"position\":1,\"name\":\"Home\",\"item\":\"https:\/\/www.gaveanews.com\/\"},{\"@type\":\"ListItem\",\"position\":2,\"name\":\"Paulo Sousa estuda acionar a FIFA para cobrar o Flamengo; entenda\"}]},{\"@type\":\"WebSite\",\"@id\":\"https:\/\/www.gaveanews.com\/#website\",\"url\":\"https:\/\/www.gaveanews.com\/\",\"name\":\"G\u00e1vea News\",\"description\":\"Veja todas as not\u00edcias sobre o Flamengo: Contrata\u00e7\u00f5es, categorias de base, resultados das partidas, tabela de classifica\u00e7\u00e3o, pr\u00f3ximos jogos!\",\"potentialAction\":[{\"@type\":\"SearchAction\",\"target\":{\"@type\":\"EntryPoint\",\"urlTemplate\":\"https:\/\/www.gaveanews.com\/?s={search_term_string}\"},\"query-input\":{\"@type\":\"PropertyValueSpecification\",\"valueRequired\":true,\"valueName\":\"search_term_string\"}}],\"inLanguage\":\"pt-BR\"},{\"@type\":\"Person\",\"@id\":\"https:\/\/www.gaveanews.com\/#\/schema\/person\/2ec14f73fb96be2caf28f91afb14749d\",\"name\":\"Equipe G\u00e1vea News\",\"image\":{\"@type\":\"ImageObject\",\"inLanguage\":\"pt-BR\",\"@id\":\"https:\/\/www.gaveanews.com\/#\/schema\/person\/image\/\",\"url\":\"https:\/\/secure.gravatar.com\/avatar\/1e1956f1facbffd3f8fa53a326721950116b3b9dc9bd44939c01180fd4a745a9?s=96&d=mm&r=g\",\"contentUrl\":\"https:\/\/secure.gravatar.com\/avatar\/1e1956f1facbffd3f8fa53a326721950116b3b9dc9bd44939c01180fd4a745a9?s=96&d=mm&r=g\",\"caption\":\"Equipe G\u00e1vea News\"}}]}<\/script>\n<!-- \/ Yoast SEO Premium plugin. -->","yoast_head_json":{"title":"Paulo Sousa estuda acionar a FIFA para cobrar o Flamengo; entenda","robots":{"index":"index","follow":"follow","max-snippet":"max-snippet:-1","max-image-preview":"max-image-preview:large","max-video-preview":"max-video-preview:-1"},"canonical":"https:\/\/www.gaveanews.com\/index.php\/2022\/06\/19\/paulo-sousa-estuda-acionar-a-fifa-para-cobrar-o-flamengo-entenda\/","og_locale":"pt_BR","og_type":"article","og_title":"Paulo Sousa estuda acionar a FIFA para cobrar o Flamengo; entenda","og_description":"O Flamengo voltou atr\u00e1s no acordo com Paulo Sousa para o pagamento da multa rescis\u00f3ria ap\u00f3s demitir o t\u00e9cnico e toda sua comiss\u00e3o. Na \u00faltima sexta-feira, o departamento jur\u00eddico enviou documenta\u00e7\u00e3o com n\u00fameros diferentes aos que haviam sido ajustados, sugerindo desconto no pagamento devido. A atitude irritou o portugu\u00eas, que seguia no Rio para resolver [&hellip;]","og_url":"https:\/\/www.gaveanews.com\/index.php\/2022\/06\/19\/paulo-sousa-estuda-acionar-a-fifa-para-cobrar-o-flamengo-entenda\/","og_site_name":"G\u00e1vea News","article_publisher":"https:\/\/facebook.com\/gaveaNews\/","article_published_time":"2022-06-19T15:12:47+00:00","article_modified_time":"2022-06-19T15:12:48+00:00","og_image":[{"width":1000,"height":666,"url":"https:\/\/www.gaveanews.com\/wp-content\/uploads\/Paulo-Sousa-em-jogo-do-Flamengo-contra-o-Fortaleza.webp","type":"image\/webp"}],"author":"Equipe G\u00e1vea News","twitter_card":"summary_large_image","twitter_misc":{"Escrito por":"Equipe G\u00e1vea News","Est. tempo de leitura":"2 minutos"},"schema":{"@context":"https:\/\/schema.org","@graph":[{"@type":"NewsArticle","@id":"https:\/\/www.gaveanews.com\/index.php\/2022\/06\/19\/paulo-sousa-estuda-acionar-a-fifa-para-cobrar-o-flamengo-entenda\/#article","isPartOf":{"@id":"https:\/\/www.gaveanews.com\/index.php\/2022\/06\/19\/paulo-sousa-estuda-acionar-a-fifa-para-cobrar-o-flamengo-entenda\/"},"author":{"name":"Equipe G\u00e1vea News","@id":"https:\/\/www.gaveanews.com\/#\/schema\/person\/2ec14f73fb96be2caf28f91afb14749d"},"headline":"Paulo Sousa estuda acionar a FIFA para cobrar o Flamengo; entenda","datePublished":"2022-06-19T15:12:47+00:00","dateModified":"2022-06-19T15:12:48+00:00","mainEntityOfPage":{"@id":"https:\/\/www.gaveanews.com\/index.php\/2022\/06\/19\/paulo-sousa-estuda-acionar-a-fifa-para-cobrar-o-flamengo-entenda\/"},"wordCount":350,"commentCount":0,"image":{"@id":"https:\/\/www.gaveanews.com\/index.php\/2022\/06\/19\/paulo-sousa-estuda-acionar-a-fifa-para-cobrar-o-flamengo-entenda\/#primaryimage"},"thumbnailUrl":"https:\/\/www.gaveanews.com\/wp-content\/uploads\/Paulo-Sousa-em-jogo-do-Flamengo-contra-o-Fortaleza.webp","articleSection":["Destaques"],"inLanguage":"pt-BR","potentialAction":[{"@type":"CommentAction","name":"Comment","target":["https:\/\/www.gaveanews.com\/index.php\/2022\/06\/19\/paulo-sousa-estuda-acionar-a-fifa-para-cobrar-o-flamengo-entenda\/#respond"]}],"copyrightYear":"2022","copyrightHolder":{"@id":"https:\/\/www.gaveanews.com\/#organization"}},{"@type":"WebPage","@id":"https:\/\/www.gaveanews.com\/index.php\/2022\/06\/19\/paulo-sousa-estuda-acionar-a-fifa-para-cobrar-o-flamengo-entenda\/","url":"https:\/\/www.gaveanews.com\/index.php\/2022\/06\/19\/paulo-sousa-estuda-acionar-a-fifa-para-cobrar-o-flamengo-entenda\/","name":"Paulo Sousa estuda acionar a FIFA para cobrar o Flamengo; entenda","isPartOf":{"@id":"https:\/\/www.gaveanews.com\/#website"},"primaryImageOfPage":{"@id":"https:\/\/www.gaveanews.com\/index.php\/2022\/06\/19\/paulo-sousa-estuda-acionar-a-fifa-para-cobrar-o-flamengo-entenda\/#primaryimage"},"image":{"@id":"https:\/\/www.gaveanews.com\/index.php\/2022\/06\/19\/paulo-sousa-estuda-acionar-a-fifa-para-cobrar-o-flamengo-entenda\/#primaryimage"},"thumbnailUrl":"https:\/\/www.gaveanews.com\/wp-content\/uploads\/Paulo-Sousa-em-jogo-do-Flamengo-contra-o-Fortaleza.webp","datePublished":"2022-06-19T15:12:47+00:00","dateModified":"2022-06-19T15:12:48+00:00","author":{"@id":"https:\/\/www.gaveanews.com\/#\/schema\/person\/2ec14f73fb96be2caf28f91afb14749d"},"breadcrumb":{"@id":"https:\/\/www.gaveanews.com\/index.php\/2022\/06\/19\/paulo-sousa-estuda-acionar-a-fifa-para-cobrar-o-flamengo-entenda\/#breadcrumb"},"inLanguage":"pt-BR","potentialAction":[{"@type":"ReadAction","target":["https:\/\/www.gaveanews.com\/index.php\/2022\/06\/19\/paulo-sousa-estuda-acionar-a-fifa-para-cobrar-o-flamengo-entenda\/"]}]},{"@type":"ImageObject","inLanguage":"pt-BR","@id":"https:\/\/www.gaveanews.com\/index.php\/2022\/06\/19\/paulo-sousa-estuda-acionar-a-fifa-para-cobrar-o-flamengo-entenda\/#primaryimage","url":"https:\/\/www.gaveanews.com\/wp-content\/uploads\/Paulo-Sousa-em-jogo-do-Flamengo-contra-o-Fortaleza.webp","contentUrl":"https:\/\/www.gaveanews.com\/wp-content\/uploads\/Paulo-Sousa-em-jogo-do-Flamengo-contra-o-Fortaleza.webp","width":1000,"height":666,"caption":"Paulo Sousa em jogo do Flamengo contra o Fortaleza (Foto: Thiago Ribeiro\/AGIF)"},{"@type":"BreadcrumbList","@id":"https:\/\/www.gaveanews.com\/index.php\/2022\/06\/19\/paulo-sousa-estuda-acionar-a-fifa-para-cobrar-o-flamengo-entenda\/#breadcrumb","itemListElement":[{"@type":"ListItem","position":1,"name":"Home","item":"https:\/\/www.gaveanews.com\/"},{"@type":"ListItem","position":2,"name":"Paulo Sousa estuda acionar a FIFA para cobrar o Flamengo; entenda"}]},{"@type":"WebSite","@id":"https:\/\/www.gaveanews.com\/#website","url":"https:\/\/www.gaveanews.com\/","name":"G\u00e1vea News","description":"Veja todas as not\u00edcias sobre o Flamengo: Contrata\u00e7\u00f5es, categorias de base, resultados das partidas, tabela de classifica\u00e7\u00e3o, pr\u00f3ximos jogos!","potentialAction":[{"@type":"SearchAction","target":{"@type":"EntryPoint","urlTemplate":"https:\/\/www.gaveanews.com\/?s={search_term_string}"},"query-input":{"@type":"PropertyValueSpecification","valueRequired":true,"valueName":"search_term_string"}}],"inLanguage":"pt-BR"},{"@type":"Person","@id":"https:\/\/www.gaveanews.com\/#\/schema\/person\/2ec14f73fb96be2caf28f91afb14749d","name":"Equipe G\u00e1vea News","image":{"@type":"ImageObject","inLanguage":"pt-BR","@id":"https:\/\/www.gaveanews.com\/#\/schema\/person\/image\/","url":"https:\/\/secure.gravatar.com\/avatar\/1e1956f1facbffd3f8fa53a326721950116b3b9dc9bd44939c01180fd4a745a9?s=96&d=mm&r=g","contentUrl":"https:\/\/secure.gravatar.com\/avatar\/1e1956f1facbffd3f8fa53a326721950116b3b9dc9bd44939c01180fd4a745a9?s=96&d=mm&r=g","caption":"Equipe G\u00e1vea News"}}]}},"_links":{"self":[{"href":"https:\/\/www.gaveanews.com\/index.php\/wp-json\/wp\/v2\/posts\/83396","targetHints":{"allow":["GET"]}}],"collection":[{"href":"https:\/\/www.gaveanews.com\/index.php\/wp-json\/wp\/v2\/posts"}],"about":[{"href":"https:\/\/www.gaveanews.com\/index.php\/wp-json\/wp\/v2\/types\/post"}],"author":[{"embeddable":true,"href":"https:\/\/www.gaveanews.com\/index.php\/wp-json\/wp\/v2\/users\/1"}],"replies":[{"embeddable":true,"href":"https:\/\/www.gaveanews.com\/index.php\/wp-json\/wp\/v2\/comments?post=83396"}],"version-history":[{"count":0,"href":"https:\/\/www.gaveanews.com\/index.php\/wp-json\/wp\/v2\/posts\/83396\/revisions"}],"wp:featuredmedia":[{"embeddable":true,"href":"https:\/\/www.gaveanews.com\/index.php\/wp-json\/wp\/v2\/media\/82684"}],"wp:attachment":[{"href":"https:\/\/www.gaveanews.com\/index.php\/wp-json\/wp\/v2\/media?parent=83396"}],"wp:term":[{"taxonomy":"category","embeddable":true,"href":"https:\/\/www.gaveanews.com\/index.php\/wp-json\/wp\/v2\/categories?post=83396"},{"taxonomy":"post_tag","embeddable":true,"href":"https:\/\/www.gaveanews.com\/index.php\/wp-json\/wp\/v2\/tags?post=83396"}],"curies":[{"name":"wp","href":"https:\/\/api.w.org\/{rel}","templated":true}]}}