{"id":83416,"date":"2022-06-19T21:52:21","date_gmt":"2022-06-20T00:52:21","guid":{"rendered":"https:\/\/www.gaveanews.com\/?p=83416"},"modified":"2022-06-19T21:52:23","modified_gmt":"2022-06-20T00:52:23","slug":"atletico-mg-x-flamengo-rubro-negro-vai-entrar-com-acao-no-stjd","status":"publish","type":"post","link":"https:\/\/www.gaveanews.com\/index.php\/2022\/06\/19\/atletico-mg-x-flamengo-rubro-negro-vai-entrar-com-acao-no-stjd\/","title":{"rendered":"Atl\u00e9tico-MG x Flamengo: rubro-negro vai entrar com a\u00e7\u00e3o no STJD"},"content":{"rendered":"\n<p>Os torcedores do Flamengo que foram ao Mineir\u00e3o, neste domingo, para o duelo com o Atl\u00e9tico-MG, tiveram muita dificuldade para entrar no est\u00e1dio, com relatos de hostilidade, filas enormes e maus tratos.<\/p>\n\n\n\n<p>O Flamengo vai reunir material de v\u00eddeo e depoimentos para entrar com uma a\u00e7\u00e3o no Superior Tribunal de Justi\u00e7a Desportiva (STJD). Os clubes voltam a se enfrentar na pr\u00f3xima quarta-feira no Mineir\u00e3o, desta vez pelo jogo de ida das oitavas de final da Copa do Brasil. <\/p>\n\n\n\n<p>Uma grande caravana de \u00f4nibus foi organizada para ir do Rio a Belo Horizonte, e os torcedores relataram muita demora para o processo de revista e libera\u00e7\u00e3o para dar seguimento ao trajeto.<\/p>\n\n\n\n<p>Nos arredores do Mineir\u00e3o, houve relatos de hostilidade e uso de for\u00e7a excessiva da pol\u00edcia. Torcedores que n\u00e3o foram ao est\u00e1dio de caravana tiveram que aguardar a chegada dos \u00f4nibus para que pudessem entrar no est\u00e1dio, por volta de 14h40. Muitos reclamaram das longas filas e da dificuldade na hora da leitura dos ingressos na tela do celular.<\/p>\n\n\n\n<p><em>\u2014 Vamos atr\u00e1s deles. Isso se traduz num conjunto de medidas visando obter vantagem esportiva. Come\u00e7a por afrontar e agredir a torcida e termina com chutes na porta do vesti\u00e1rio da arbitragem e press\u00e3o no juiz<\/em> &#8211; disse ao ge o vice geral e jur\u00eddico do clube, Rodrigo Dunshee, antes da partida.<\/p>\n\n\n\n<p>Em seu perfil no Twitter, Dunshee criticou o Galo e disse que o STJD costuma trabalhar para impedir o que ele aponta como &#8220;abusos do mandante&#8221;<\/p>\n\n\n\n<p><em>\u2014 O clube local est\u00e1 sendo provinciano. Vamos coletar as den\u00fancias e oferecer uma representa\u00e7\u00e3o ao STJD. O STJD tem sido justo em impedir abusos do mandante. Espero que n\u00e3o hajam baixarias no vesti\u00e1rio ou press\u00e3o na arbitragem.<\/em><\/p>\n\n\n\n<p>Retirado de: Globo Esporte<\/p>\n","protected":false},"excerpt":{"rendered":"<p>Os torcedores do Flamengo que foram ao Mineir\u00e3o, neste domingo, para o duelo com o Atl\u00e9tico-MG, tiveram muita dificuldade para entrar no est\u00e1dio, com relatos de hostilidade, filas enormes e maus tratos. O Flamengo vai reunir material de v\u00eddeo e depoimentos para entrar com uma a\u00e7\u00e3o no Superior Tribunal de Justi\u00e7a Desportiva (STJD). Os clubes [&hellip;]<\/p>\n","protected":false},"author":1,"featured_media":36980,"comment_status":"open","ping_status":"closed","sticky":false,"template":"","format":"standard","meta":{"footnotes":""},"categories":[1],"tags":[],"class_list":["post-83416","post","type-post","status-publish","format-standard","has-post-thumbnail","hentry","category-flamengo"],"yoast_head":"<!-- This site is optimized with the Yoast SEO Premium plugin v24.2 (Yoast SEO v26.9) - https:\/\/yoast.com\/product\/yoast-seo-premium-wordpress\/ -->\n<title>Atl\u00e9tico-MG x Flamengo: rubro-negro vai entrar com a\u00e7\u00e3o no STJD<\/title>\n<meta name=\"robots\" content=\"index, follow, max-snippet:-1, max-image-preview:large, max-video-preview:-1\" \/>\n<link rel=\"canonical\" href=\"https:\/\/www.gaveanews.com\/index.php\/2022\/06\/19\/atletico-mg-x-flamengo-rubro-negro-vai-entrar-com-acao-no-stjd\/\" \/>\n<meta property=\"og:locale\" content=\"pt_BR\" \/>\n<meta property=\"og:type\" content=\"article\" \/>\n<meta property=\"og:title\" content=\"Atl\u00e9tico-MG x Flamengo: rubro-negro vai entrar com a\u00e7\u00e3o no STJD\" \/>\n<meta property=\"og:description\" content=\"Os torcedores do Flamengo que foram ao Mineir\u00e3o, neste domingo, para o duelo com o Atl\u00e9tico-MG, tiveram muita dificuldade para entrar no est\u00e1dio, com relatos de hostilidade, filas enormes e maus tratos. O Flamengo vai reunir material de v\u00eddeo e depoimentos para entrar com uma a\u00e7\u00e3o no Superior Tribunal de Justi\u00e7a Desportiva (STJD). Os clubes [&hellip;]\" \/>\n<meta property=\"og:url\" content=\"https:\/\/www.gaveanews.com\/index.php\/2022\/06\/19\/atletico-mg-x-flamengo-rubro-negro-vai-entrar-com-acao-no-stjd\/\" \/>\n<meta property=\"og:site_name\" content=\"G\u00e1vea News\" \/>\n<meta property=\"article:publisher\" content=\"https:\/\/facebook.com\/gaveaNews\/\" \/>\n<meta property=\"article:published_time\" content=\"2022-06-20T00:52:21+00:00\" \/>\n<meta property=\"article:modified_time\" content=\"2022-06-20T00:52:23+00:00\" \/>\n<meta property=\"og:image\" content=\"https:\/\/www.gaveanews.com\/wp-content\/uploads\/stjd.webp\" \/>\n\t<meta property=\"og:image:width\" content=\"1200\" \/>\n\t<meta property=\"og:image:height\" content=\"675\" \/>\n\t<meta property=\"og:image:type\" content=\"image\/jpeg\" \/>\n<meta name=\"author\" content=\"Equipe G\u00e1vea News\" \/>\n<meta name=\"twitter:card\" content=\"summary_large_image\" \/>\n<meta name=\"twitter:label1\" content=\"Escrito por\" \/>\n\t<meta name=\"twitter:data1\" content=\"Equipe G\u00e1vea News\" \/>\n\t<meta name=\"twitter:label2\" content=\"Est. tempo de leitura\" \/>\n\t<meta name=\"twitter:data2\" content=\"2 minutos\" \/>\n<script type=\"application\/ld+json\" class=\"yoast-schema-graph\">{\"@context\":\"https:\/\/schema.org\",\"@graph\":[{\"@type\":\"NewsArticle\",\"@id\":\"https:\/\/www.gaveanews.com\/index.php\/2022\/06\/19\/atletico-mg-x-flamengo-rubro-negro-vai-entrar-com-acao-no-stjd\/#article\",\"isPartOf\":{\"@id\":\"https:\/\/www.gaveanews.com\/index.php\/2022\/06\/19\/atletico-mg-x-flamengo-rubro-negro-vai-entrar-com-acao-no-stjd\/\"},\"author\":{\"name\":\"Equipe G\u00e1vea News\",\"@id\":\"https:\/\/www.gaveanews.com\/#\/schema\/person\/2ec14f73fb96be2caf28f91afb14749d\"},\"headline\":\"Atl\u00e9tico-MG x Flamengo: rubro-negro vai entrar com a\u00e7\u00e3o no STJD\",\"datePublished\":\"2022-06-20T00:52:21+00:00\",\"dateModified\":\"2022-06-20T00:52:23+00:00\",\"mainEntityOfPage\":{\"@id\":\"https:\/\/www.gaveanews.com\/index.php\/2022\/06\/19\/atletico-mg-x-flamengo-rubro-negro-vai-entrar-com-acao-no-stjd\/\"},\"wordCount\":323,\"commentCount\":0,\"image\":{\"@id\":\"https:\/\/www.gaveanews.com\/index.php\/2022\/06\/19\/atletico-mg-x-flamengo-rubro-negro-vai-entrar-com-acao-no-stjd\/#primaryimage\"},\"thumbnailUrl\":\"https:\/\/www.gaveanews.com\/wp-content\/uploads\/stjd.webp\",\"articleSection\":[\"Flamengo\"],\"inLanguage\":\"pt-BR\",\"potentialAction\":[{\"@type\":\"CommentAction\",\"name\":\"Comment\",\"target\":[\"https:\/\/www.gaveanews.com\/index.php\/2022\/06\/19\/atletico-mg-x-flamengo-rubro-negro-vai-entrar-com-acao-no-stjd\/#respond\"]}],\"copyrightYear\":\"2022\",\"copyrightHolder\":{\"@id\":\"https:\/\/www.gaveanews.com\/#organization\"}},{\"@type\":\"WebPage\",\"@id\":\"https:\/\/www.gaveanews.com\/index.php\/2022\/06\/19\/atletico-mg-x-flamengo-rubro-negro-vai-entrar-com-acao-no-stjd\/\",\"url\":\"https:\/\/www.gaveanews.com\/index.php\/2022\/06\/19\/atletico-mg-x-flamengo-rubro-negro-vai-entrar-com-acao-no-stjd\/\",\"name\":\"Atl\u00e9tico-MG x Flamengo: rubro-negro vai entrar com a\u00e7\u00e3o no STJD\",\"isPartOf\":{\"@id\":\"https:\/\/www.gaveanews.com\/#website\"},\"primaryImageOfPage\":{\"@id\":\"https:\/\/www.gaveanews.com\/index.php\/2022\/06\/19\/atletico-mg-x-flamengo-rubro-negro-vai-entrar-com-acao-no-stjd\/#primaryimage\"},\"image\":{\"@id\":\"https:\/\/www.gaveanews.com\/index.php\/2022\/06\/19\/atletico-mg-x-flamengo-rubro-negro-vai-entrar-com-acao-no-stjd\/#primaryimage\"},\"thumbnailUrl\":\"https:\/\/www.gaveanews.com\/wp-content\/uploads\/stjd.webp\",\"datePublished\":\"2022-06-20T00:52:21+00:00\",\"dateModified\":\"2022-06-20T00:52:23+00:00\",\"author\":{\"@id\":\"https:\/\/www.gaveanews.com\/#\/schema\/person\/2ec14f73fb96be2caf28f91afb14749d\"},\"breadcrumb\":{\"@id\":\"https:\/\/www.gaveanews.com\/index.php\/2022\/06\/19\/atletico-mg-x-flamengo-rubro-negro-vai-entrar-com-acao-no-stjd\/#breadcrumb\"},\"inLanguage\":\"pt-BR\",\"potentialAction\":[{\"@type\":\"ReadAction\",\"target\":[\"https:\/\/www.gaveanews.com\/index.php\/2022\/06\/19\/atletico-mg-x-flamengo-rubro-negro-vai-entrar-com-acao-no-stjd\/\"]}]},{\"@type\":\"ImageObject\",\"inLanguage\":\"pt-BR\",\"@id\":\"https:\/\/www.gaveanews.com\/index.php\/2022\/06\/19\/atletico-mg-x-flamengo-rubro-negro-vai-entrar-com-acao-no-stjd\/#primaryimage\",\"url\":\"https:\/\/www.gaveanews.com\/wp-content\/uploads\/stjd.webp\",\"contentUrl\":\"https:\/\/www.gaveanews.com\/wp-content\/uploads\/stjd.webp\",\"width\":1200,\"height\":675},{\"@type\":\"BreadcrumbList\",\"@id\":\"https:\/\/www.gaveanews.com\/index.php\/2022\/06\/19\/atletico-mg-x-flamengo-rubro-negro-vai-entrar-com-acao-no-stjd\/#breadcrumb\",\"itemListElement\":[{\"@type\":\"ListItem\",\"position\":1,\"name\":\"Home\",\"item\":\"https:\/\/www.gaveanews.com\/\"},{\"@type\":\"ListItem\",\"position\":2,\"name\":\"Atl\u00e9tico-MG x Flamengo: rubro-negro vai entrar com a\u00e7\u00e3o no STJD\"}]},{\"@type\":\"WebSite\",\"@id\":\"https:\/\/www.gaveanews.com\/#website\",\"url\":\"https:\/\/www.gaveanews.com\/\",\"name\":\"G\u00e1vea News\",\"description\":\"Veja todas as not\u00edcias sobre o Flamengo: Contrata\u00e7\u00f5es, categorias de base, resultados das partidas, tabela de classifica\u00e7\u00e3o, pr\u00f3ximos jogos!\",\"potentialAction\":[{\"@type\":\"SearchAction\",\"target\":{\"@type\":\"EntryPoint\",\"urlTemplate\":\"https:\/\/www.gaveanews.com\/?s={search_term_string}\"},\"query-input\":{\"@type\":\"PropertyValueSpecification\",\"valueRequired\":true,\"valueName\":\"search_term_string\"}}],\"inLanguage\":\"pt-BR\"},{\"@type\":\"Person\",\"@id\":\"https:\/\/www.gaveanews.com\/#\/schema\/person\/2ec14f73fb96be2caf28f91afb14749d\",\"name\":\"Equipe G\u00e1vea News\",\"image\":{\"@type\":\"ImageObject\",\"inLanguage\":\"pt-BR\",\"@id\":\"https:\/\/www.gaveanews.com\/#\/schema\/person\/image\/\",\"url\":\"https:\/\/secure.gravatar.com\/avatar\/1e1956f1facbffd3f8fa53a326721950116b3b9dc9bd44939c01180fd4a745a9?s=96&d=mm&r=g\",\"contentUrl\":\"https:\/\/secure.gravatar.com\/avatar\/1e1956f1facbffd3f8fa53a326721950116b3b9dc9bd44939c01180fd4a745a9?s=96&d=mm&r=g\",\"caption\":\"Equipe G\u00e1vea News\"}}]}<\/script>\n<!-- \/ Yoast SEO Premium plugin. -->","yoast_head_json":{"title":"Atl\u00e9tico-MG x Flamengo: rubro-negro vai entrar com a\u00e7\u00e3o no STJD","robots":{"index":"index","follow":"follow","max-snippet":"max-snippet:-1","max-image-preview":"max-image-preview:large","max-video-preview":"max-video-preview:-1"},"canonical":"https:\/\/www.gaveanews.com\/index.php\/2022\/06\/19\/atletico-mg-x-flamengo-rubro-negro-vai-entrar-com-acao-no-stjd\/","og_locale":"pt_BR","og_type":"article","og_title":"Atl\u00e9tico-MG x Flamengo: rubro-negro vai entrar com a\u00e7\u00e3o no STJD","og_description":"Os torcedores do Flamengo que foram ao Mineir\u00e3o, neste domingo, para o duelo com o Atl\u00e9tico-MG, tiveram muita dificuldade para entrar no est\u00e1dio, com relatos de hostilidade, filas enormes e maus tratos. O Flamengo vai reunir material de v\u00eddeo e depoimentos para entrar com uma a\u00e7\u00e3o no Superior Tribunal de Justi\u00e7a Desportiva (STJD). Os clubes [&hellip;]","og_url":"https:\/\/www.gaveanews.com\/index.php\/2022\/06\/19\/atletico-mg-x-flamengo-rubro-negro-vai-entrar-com-acao-no-stjd\/","og_site_name":"G\u00e1vea News","article_publisher":"https:\/\/facebook.com\/gaveaNews\/","article_published_time":"2022-06-20T00:52:21+00:00","article_modified_time":"2022-06-20T00:52:23+00:00","og_image":[{"width":1200,"height":675,"url":"https:\/\/www.gaveanews.com\/wp-content\/uploads\/stjd.webp","type":"image\/jpeg"}],"author":"Equipe G\u00e1vea News","twitter_card":"summary_large_image","twitter_misc":{"Escrito por":"Equipe G\u00e1vea News","Est. tempo de leitura":"2 minutos"},"schema":{"@context":"https:\/\/schema.org","@graph":[{"@type":"NewsArticle","@id":"https:\/\/www.gaveanews.com\/index.php\/2022\/06\/19\/atletico-mg-x-flamengo-rubro-negro-vai-entrar-com-acao-no-stjd\/#article","isPartOf":{"@id":"https:\/\/www.gaveanews.com\/index.php\/2022\/06\/19\/atletico-mg-x-flamengo-rubro-negro-vai-entrar-com-acao-no-stjd\/"},"author":{"name":"Equipe G\u00e1vea News","@id":"https:\/\/www.gaveanews.com\/#\/schema\/person\/2ec14f73fb96be2caf28f91afb14749d"},"headline":"Atl\u00e9tico-MG x Flamengo: rubro-negro vai entrar com a\u00e7\u00e3o no STJD","datePublished":"2022-06-20T00:52:21+00:00","dateModified":"2022-06-20T00:52:23+00:00","mainEntityOfPage":{"@id":"https:\/\/www.gaveanews.com\/index.php\/2022\/06\/19\/atletico-mg-x-flamengo-rubro-negro-vai-entrar-com-acao-no-stjd\/"},"wordCount":323,"commentCount":0,"image":{"@id":"https:\/\/www.gaveanews.com\/index.php\/2022\/06\/19\/atletico-mg-x-flamengo-rubro-negro-vai-entrar-com-acao-no-stjd\/#primaryimage"},"thumbnailUrl":"https:\/\/www.gaveanews.com\/wp-content\/uploads\/stjd.webp","articleSection":["Flamengo"],"inLanguage":"pt-BR","potentialAction":[{"@type":"CommentAction","name":"Comment","target":["https:\/\/www.gaveanews.com\/index.php\/2022\/06\/19\/atletico-mg-x-flamengo-rubro-negro-vai-entrar-com-acao-no-stjd\/#respond"]}],"copyrightYear":"2022","copyrightHolder":{"@id":"https:\/\/www.gaveanews.com\/#organization"}},{"@type":"WebPage","@id":"https:\/\/www.gaveanews.com\/index.php\/2022\/06\/19\/atletico-mg-x-flamengo-rubro-negro-vai-entrar-com-acao-no-stjd\/","url":"https:\/\/www.gaveanews.com\/index.php\/2022\/06\/19\/atletico-mg-x-flamengo-rubro-negro-vai-entrar-com-acao-no-stjd\/","name":"Atl\u00e9tico-MG x Flamengo: rubro-negro vai entrar com a\u00e7\u00e3o no STJD","isPartOf":{"@id":"https:\/\/www.gaveanews.com\/#website"},"primaryImageOfPage":{"@id":"https:\/\/www.gaveanews.com\/index.php\/2022\/06\/19\/atletico-mg-x-flamengo-rubro-negro-vai-entrar-com-acao-no-stjd\/#primaryimage"},"image":{"@id":"https:\/\/www.gaveanews.com\/index.php\/2022\/06\/19\/atletico-mg-x-flamengo-rubro-negro-vai-entrar-com-acao-no-stjd\/#primaryimage"},"thumbnailUrl":"https:\/\/www.gaveanews.com\/wp-content\/uploads\/stjd.webp","datePublished":"2022-06-20T00:52:21+00:00","dateModified":"2022-06-20T00:52:23+00:00","author":{"@id":"https:\/\/www.gaveanews.com\/#\/schema\/person\/2ec14f73fb96be2caf28f91afb14749d"},"breadcrumb":{"@id":"https:\/\/www.gaveanews.com\/index.php\/2022\/06\/19\/atletico-mg-x-flamengo-rubro-negro-vai-entrar-com-acao-no-stjd\/#breadcrumb"},"inLanguage":"pt-BR","potentialAction":[{"@type":"ReadAction","target":["https:\/\/www.gaveanews.com\/index.php\/2022\/06\/19\/atletico-mg-x-flamengo-rubro-negro-vai-entrar-com-acao-no-stjd\/"]}]},{"@type":"ImageObject","inLanguage":"pt-BR","@id":"https:\/\/www.gaveanews.com\/index.php\/2022\/06\/19\/atletico-mg-x-flamengo-rubro-negro-vai-entrar-com-acao-no-stjd\/#primaryimage","url":"https:\/\/www.gaveanews.com\/wp-content\/uploads\/stjd.webp","contentUrl":"https:\/\/www.gaveanews.com\/wp-content\/uploads\/stjd.webp","width":1200,"height":675},{"@type":"BreadcrumbList","@id":"https:\/\/www.gaveanews.com\/index.php\/2022\/06\/19\/atletico-mg-x-flamengo-rubro-negro-vai-entrar-com-acao-no-stjd\/#breadcrumb","itemListElement":[{"@type":"ListItem","position":1,"name":"Home","item":"https:\/\/www.gaveanews.com\/"},{"@type":"ListItem","position":2,"name":"Atl\u00e9tico-MG x Flamengo: rubro-negro vai entrar com a\u00e7\u00e3o no STJD"}]},{"@type":"WebSite","@id":"https:\/\/www.gaveanews.com\/#website","url":"https:\/\/www.gaveanews.com\/","name":"G\u00e1vea News","description":"Veja todas as not\u00edcias sobre o Flamengo: Contrata\u00e7\u00f5es, categorias de base, resultados das partidas, tabela de classifica\u00e7\u00e3o, pr\u00f3ximos jogos!","potentialAction":[{"@type":"SearchAction","target":{"@type":"EntryPoint","urlTemplate":"https:\/\/www.gaveanews.com\/?s={search_term_string}"},"query-input":{"@type":"PropertyValueSpecification","valueRequired":true,"valueName":"search_term_string"}}],"inLanguage":"pt-BR"},{"@type":"Person","@id":"https:\/\/www.gaveanews.com\/#\/schema\/person\/2ec14f73fb96be2caf28f91afb14749d","name":"Equipe G\u00e1vea News","image":{"@type":"ImageObject","inLanguage":"pt-BR","@id":"https:\/\/www.gaveanews.com\/#\/schema\/person\/image\/","url":"https:\/\/secure.gravatar.com\/avatar\/1e1956f1facbffd3f8fa53a326721950116b3b9dc9bd44939c01180fd4a745a9?s=96&d=mm&r=g","contentUrl":"https:\/\/secure.gravatar.com\/avatar\/1e1956f1facbffd3f8fa53a326721950116b3b9dc9bd44939c01180fd4a745a9?s=96&d=mm&r=g","caption":"Equipe G\u00e1vea News"}}]}},"_links":{"self":[{"href":"https:\/\/www.gaveanews.com\/index.php\/wp-json\/wp\/v2\/posts\/83416","targetHints":{"allow":["GET"]}}],"collection":[{"href":"https:\/\/www.gaveanews.com\/index.php\/wp-json\/wp\/v2\/posts"}],"about":[{"href":"https:\/\/www.gaveanews.com\/index.php\/wp-json\/wp\/v2\/types\/post"}],"author":[{"embeddable":true,"href":"https:\/\/www.gaveanews.com\/index.php\/wp-json\/wp\/v2\/users\/1"}],"replies":[{"embeddable":true,"href":"https:\/\/www.gaveanews.com\/index.php\/wp-json\/wp\/v2\/comments?post=83416"}],"version-history":[{"count":0,"href":"https:\/\/www.gaveanews.com\/index.php\/wp-json\/wp\/v2\/posts\/83416\/revisions"}],"wp:featuredmedia":[{"embeddable":true,"href":"https:\/\/www.gaveanews.com\/index.php\/wp-json\/wp\/v2\/media\/36980"}],"wp:attachment":[{"href":"https:\/\/www.gaveanews.com\/index.php\/wp-json\/wp\/v2\/media?parent=83416"}],"wp:term":[{"taxonomy":"category","embeddable":true,"href":"https:\/\/www.gaveanews.com\/index.php\/wp-json\/wp\/v2\/categories?post=83416"},{"taxonomy":"post_tag","embeddable":true,"href":"https:\/\/www.gaveanews.com\/index.php\/wp-json\/wp\/v2\/tags?post=83416"}],"curies":[{"name":"wp","href":"https:\/\/api.w.org\/{rel}","templated":true}]}}