{"id":83423,"date":"2022-06-20T00:35:15","date_gmt":"2022-06-20T03:35:15","guid":{"rendered":"https:\/\/www.gaveanews.com\/?p=83423"},"modified":"2022-06-20T00:35:17","modified_gmt":"2022-06-20T03:35:17","slug":"torcida-do-flamengo-resgata-critica-de-braz-da-epoca-que-ele-nao-trabalhava-no-clube","status":"publish","type":"post","link":"https:\/\/www.gaveanews.com\/index.php\/2022\/06\/20\/torcida-do-flamengo-resgata-critica-de-braz-da-epoca-que-ele-nao-trabalhava-no-clube\/","title":{"rendered":"Torcida do Flamengo resgata cr\u00edtica de Braz da \u00e9poca que ele n\u00e3o trabalhava no clube"},"content":{"rendered":"\n<p>Depois da derrota por 2 a 0 para o Atl\u00e9tico-MG, neste domingo, a delega\u00e7\u00e3o do Flamengo j\u00e1 retornou ao Rio de Janeiro. O time se reapresenta no Ninho nesta segunda e na ter\u00e7a vai retornar a Belo Horizonte na ter\u00e7a. Quarta, desta vez pela Copa do Brasil, tem mais um duelo com o Galo.<\/p>\n\n\n\n<p>Em 2018, quando n\u00e3o tinha cargo no clube, Marcos Braz criticou a log\u00edstica feita pelo clube, e alguns torcedores recuperaram a cr\u00edtica do atual vice-presidente de futebol do Flamengo. Naquela ocasi\u00e3o, o time empatou com o Am\u00e9rica-MG por 2 a 2 no fim de semana, e retornou ao Rio, mesmo com partida marcada contra o Cruzeiro tr\u00eas dias depois, pela Libertadores, no Mineir\u00e3o.<\/p>\n\n\n\n<p>O Flamengo venceu o Cruzeiro por 1 a 0, mas foi eliminado porque havia perdido por 2 a 0 no Maracan\u00e3.<\/p>\n\n\n\n<figure class=\"wp-block-embed is-type-rich is-provider-twitter wp-block-embed-twitter\"><div class=\"wp-block-embed__wrapper\">\n<blockquote class=\"twitter-tweet\" data-width=\"550\" data-dnt=\"true\"><p lang=\"pt\" dir=\"ltr\">\u00c9 verdade que o Flamengo jogou hoje em Minas Gerais , voltou para o Rio , e ter\u00e7a voltar\u00e1 a viajar para L\u00e1 , para jogar quarta &#8230;.. Parab\u00e9ns para quem fez a log\u00edstica&#8230;..<\/p>&mdash; MarcosBraz (@marcosbrazrio) <a href=\"https:\/\/twitter.com\/marcosbrazrio\/status\/1033894133167996928?ref_src=twsrc%5Etfw\">August 27, 2018<\/a><\/blockquote><script async src=\"https:\/\/platform.twitter.com\/widgets.js\" charset=\"utf-8\"><\/script>\n<\/div><\/figure>\n\n\n\n<p>A diretoria do Flamengo, que fornece voo fretado aos jogadores para todas as partidas, desta vez optou por retornar ao Rio sob a justificativa de que o elenco ter\u00e1 uma melhor recupera\u00e7\u00e3o f\u00edsica nas instala\u00e7\u00f5es do Ninho do Urubu, al\u00e9m de evitar o clima hostil que tem encontrado em Belo Horizonte em duelos com o Galo.<\/p>\n\n\n\n<p>Retirado de: Globo Esporte<\/p>\n","protected":false},"excerpt":{"rendered":"<p>Depois da derrota por 2 a 0 para o Atl\u00e9tico-MG, neste domingo, a delega\u00e7\u00e3o do Flamengo j\u00e1 retornou ao Rio de Janeiro. O time se reapresenta no Ninho nesta segunda e na ter\u00e7a vai retornar a Belo Horizonte na ter\u00e7a. Quarta, desta vez pela Copa do Brasil, tem mais um duelo com o Galo. Em [&hellip;]<\/p>\n","protected":false},"author":1,"featured_media":46957,"comment_status":"open","ping_status":"closed","sticky":false,"template":"","format":"standard","meta":{"footnotes":""},"categories":[1],"tags":[],"class_list":["post-83423","post","type-post","status-publish","format-standard","has-post-thumbnail","hentry","category-flamengo"],"yoast_head":"<!-- This site is optimized with the Yoast SEO Premium plugin v24.2 (Yoast SEO v26.9) - https:\/\/yoast.com\/product\/yoast-seo-premium-wordpress\/ -->\n<title>Torcida do Flamengo resgata cr\u00edtica de Braz da \u00e9poca que ele n\u00e3o trabalhava no clube<\/title>\n<meta name=\"robots\" content=\"index, follow, max-snippet:-1, max-image-preview:large, max-video-preview:-1\" \/>\n<link rel=\"canonical\" href=\"https:\/\/www.gaveanews.com\/index.php\/2022\/06\/20\/torcida-do-flamengo-resgata-critica-de-braz-da-epoca-que-ele-nao-trabalhava-no-clube\/\" \/>\n<meta property=\"og:locale\" content=\"pt_BR\" \/>\n<meta property=\"og:type\" content=\"article\" \/>\n<meta property=\"og:title\" content=\"Torcida do Flamengo resgata cr\u00edtica de Braz da \u00e9poca que ele n\u00e3o trabalhava no clube\" \/>\n<meta property=\"og:description\" content=\"Depois da derrota por 2 a 0 para o Atl\u00e9tico-MG, neste domingo, a delega\u00e7\u00e3o do Flamengo j\u00e1 retornou ao Rio de Janeiro. O time se reapresenta no Ninho nesta segunda e na ter\u00e7a vai retornar a Belo Horizonte na ter\u00e7a. Quarta, desta vez pela Copa do Brasil, tem mais um duelo com o Galo. Em [&hellip;]\" \/>\n<meta property=\"og:url\" content=\"https:\/\/www.gaveanews.com\/index.php\/2022\/06\/20\/torcida-do-flamengo-resgata-critica-de-braz-da-epoca-que-ele-nao-trabalhava-no-clube\/\" \/>\n<meta property=\"og:site_name\" content=\"G\u00e1vea News\" \/>\n<meta property=\"article:publisher\" content=\"https:\/\/facebook.com\/gaveaNews\/\" \/>\n<meta property=\"article:published_time\" content=\"2022-06-20T03:35:15+00:00\" \/>\n<meta property=\"article:modified_time\" content=\"2022-06-20T03:35:17+00:00\" \/>\n<meta property=\"og:image\" content=\"https:\/\/www.gaveanews.com\/wp-content\/uploads\/Marcos-Braz-no-gramado-do-Maracana.webp\" \/>\n\t<meta property=\"og:image:width\" content=\"799\" \/>\n\t<meta property=\"og:image:height\" content=\"532\" \/>\n\t<meta property=\"og:image:type\" content=\"image\/jpeg\" \/>\n<meta name=\"author\" content=\"Equipe G\u00e1vea News\" \/>\n<meta name=\"twitter:card\" content=\"summary_large_image\" \/>\n<meta name=\"twitter:label1\" content=\"Escrito por\" \/>\n\t<meta name=\"twitter:data1\" content=\"Equipe G\u00e1vea News\" \/>\n\t<meta name=\"twitter:label2\" content=\"Est. tempo de leitura\" \/>\n\t<meta name=\"twitter:data2\" content=\"2 minutos\" \/>\n<script type=\"application\/ld+json\" class=\"yoast-schema-graph\">{\"@context\":\"https:\/\/schema.org\",\"@graph\":[{\"@type\":\"NewsArticle\",\"@id\":\"https:\/\/www.gaveanews.com\/index.php\/2022\/06\/20\/torcida-do-flamengo-resgata-critica-de-braz-da-epoca-que-ele-nao-trabalhava-no-clube\/#article\",\"isPartOf\":{\"@id\":\"https:\/\/www.gaveanews.com\/index.php\/2022\/06\/20\/torcida-do-flamengo-resgata-critica-de-braz-da-epoca-que-ele-nao-trabalhava-no-clube\/\"},\"author\":{\"name\":\"Equipe G\u00e1vea News\",\"@id\":\"https:\/\/www.gaveanews.com\/#\/schema\/person\/2ec14f73fb96be2caf28f91afb14749d\"},\"headline\":\"Torcida do Flamengo resgata cr\u00edtica de Braz da \u00e9poca que ele n\u00e3o trabalhava no clube\",\"datePublished\":\"2022-06-20T03:35:15+00:00\",\"dateModified\":\"2022-06-20T03:35:17+00:00\",\"mainEntityOfPage\":{\"@id\":\"https:\/\/www.gaveanews.com\/index.php\/2022\/06\/20\/torcida-do-flamengo-resgata-critica-de-braz-da-epoca-que-ele-nao-trabalhava-no-clube\/\"},\"wordCount\":226,\"commentCount\":0,\"image\":{\"@id\":\"https:\/\/www.gaveanews.com\/index.php\/2022\/06\/20\/torcida-do-flamengo-resgata-critica-de-braz-da-epoca-que-ele-nao-trabalhava-no-clube\/#primaryimage\"},\"thumbnailUrl\":\"https:\/\/www.gaveanews.com\/wp-content\/uploads\/Marcos-Braz-no-gramado-do-Maracana.webp\",\"articleSection\":[\"Flamengo\"],\"inLanguage\":\"pt-BR\",\"potentialAction\":[{\"@type\":\"CommentAction\",\"name\":\"Comment\",\"target\":[\"https:\/\/www.gaveanews.com\/index.php\/2022\/06\/20\/torcida-do-flamengo-resgata-critica-de-braz-da-epoca-que-ele-nao-trabalhava-no-clube\/#respond\"]}],\"copyrightYear\":\"2022\",\"copyrightHolder\":{\"@id\":\"https:\/\/www.gaveanews.com\/#organization\"}},{\"@type\":\"WebPage\",\"@id\":\"https:\/\/www.gaveanews.com\/index.php\/2022\/06\/20\/torcida-do-flamengo-resgata-critica-de-braz-da-epoca-que-ele-nao-trabalhava-no-clube\/\",\"url\":\"https:\/\/www.gaveanews.com\/index.php\/2022\/06\/20\/torcida-do-flamengo-resgata-critica-de-braz-da-epoca-que-ele-nao-trabalhava-no-clube\/\",\"name\":\"Torcida do Flamengo resgata cr\u00edtica de Braz da \u00e9poca que ele n\u00e3o trabalhava no clube\",\"isPartOf\":{\"@id\":\"https:\/\/www.gaveanews.com\/#website\"},\"primaryImageOfPage\":{\"@id\":\"https:\/\/www.gaveanews.com\/index.php\/2022\/06\/20\/torcida-do-flamengo-resgata-critica-de-braz-da-epoca-que-ele-nao-trabalhava-no-clube\/#primaryimage\"},\"image\":{\"@id\":\"https:\/\/www.gaveanews.com\/index.php\/2022\/06\/20\/torcida-do-flamengo-resgata-critica-de-braz-da-epoca-que-ele-nao-trabalhava-no-clube\/#primaryimage\"},\"thumbnailUrl\":\"https:\/\/www.gaveanews.com\/wp-content\/uploads\/Marcos-Braz-no-gramado-do-Maracana.webp\",\"datePublished\":\"2022-06-20T03:35:15+00:00\",\"dateModified\":\"2022-06-20T03:35:17+00:00\",\"author\":{\"@id\":\"https:\/\/www.gaveanews.com\/#\/schema\/person\/2ec14f73fb96be2caf28f91afb14749d\"},\"breadcrumb\":{\"@id\":\"https:\/\/www.gaveanews.com\/index.php\/2022\/06\/20\/torcida-do-flamengo-resgata-critica-de-braz-da-epoca-que-ele-nao-trabalhava-no-clube\/#breadcrumb\"},\"inLanguage\":\"pt-BR\",\"potentialAction\":[{\"@type\":\"ReadAction\",\"target\":[\"https:\/\/www.gaveanews.com\/index.php\/2022\/06\/20\/torcida-do-flamengo-resgata-critica-de-braz-da-epoca-que-ele-nao-trabalhava-no-clube\/\"]}]},{\"@type\":\"ImageObject\",\"inLanguage\":\"pt-BR\",\"@id\":\"https:\/\/www.gaveanews.com\/index.php\/2022\/06\/20\/torcida-do-flamengo-resgata-critica-de-braz-da-epoca-que-ele-nao-trabalhava-no-clube\/#primaryimage\",\"url\":\"https:\/\/www.gaveanews.com\/wp-content\/uploads\/Marcos-Braz-no-gramado-do-Maracana.webp\",\"contentUrl\":\"https:\/\/www.gaveanews.com\/wp-content\/uploads\/Marcos-Braz-no-gramado-do-Maracana.webp\",\"width\":799,\"height\":532,\"caption\":\"Marcos Braz no gramado do Maracan\u00e3 (Foto: Alexandre Vidal\/Flamengo)\"},{\"@type\":\"BreadcrumbList\",\"@id\":\"https:\/\/www.gaveanews.com\/index.php\/2022\/06\/20\/torcida-do-flamengo-resgata-critica-de-braz-da-epoca-que-ele-nao-trabalhava-no-clube\/#breadcrumb\",\"itemListElement\":[{\"@type\":\"ListItem\",\"position\":1,\"name\":\"Home\",\"item\":\"https:\/\/www.gaveanews.com\/\"},{\"@type\":\"ListItem\",\"position\":2,\"name\":\"Torcida do Flamengo resgata cr\u00edtica de Braz da \u00e9poca que ele n\u00e3o trabalhava no clube\"}]},{\"@type\":\"WebSite\",\"@id\":\"https:\/\/www.gaveanews.com\/#website\",\"url\":\"https:\/\/www.gaveanews.com\/\",\"name\":\"G\u00e1vea News\",\"description\":\"Veja todas as not\u00edcias sobre o Flamengo: Contrata\u00e7\u00f5es, categorias de base, resultados das partidas, tabela de classifica\u00e7\u00e3o, pr\u00f3ximos jogos!\",\"potentialAction\":[{\"@type\":\"SearchAction\",\"target\":{\"@type\":\"EntryPoint\",\"urlTemplate\":\"https:\/\/www.gaveanews.com\/?s={search_term_string}\"},\"query-input\":{\"@type\":\"PropertyValueSpecification\",\"valueRequired\":true,\"valueName\":\"search_term_string\"}}],\"inLanguage\":\"pt-BR\"},{\"@type\":\"Person\",\"@id\":\"https:\/\/www.gaveanews.com\/#\/schema\/person\/2ec14f73fb96be2caf28f91afb14749d\",\"name\":\"Equipe G\u00e1vea News\",\"image\":{\"@type\":\"ImageObject\",\"inLanguage\":\"pt-BR\",\"@id\":\"https:\/\/www.gaveanews.com\/#\/schema\/person\/image\/\",\"url\":\"https:\/\/secure.gravatar.com\/avatar\/1e1956f1facbffd3f8fa53a326721950116b3b9dc9bd44939c01180fd4a745a9?s=96&d=mm&r=g\",\"contentUrl\":\"https:\/\/secure.gravatar.com\/avatar\/1e1956f1facbffd3f8fa53a326721950116b3b9dc9bd44939c01180fd4a745a9?s=96&d=mm&r=g\",\"caption\":\"Equipe G\u00e1vea News\"}}]}<\/script>\n<!-- \/ Yoast SEO Premium plugin. -->","yoast_head_json":{"title":"Torcida do Flamengo resgata cr\u00edtica de Braz da \u00e9poca que ele n\u00e3o trabalhava no clube","robots":{"index":"index","follow":"follow","max-snippet":"max-snippet:-1","max-image-preview":"max-image-preview:large","max-video-preview":"max-video-preview:-1"},"canonical":"https:\/\/www.gaveanews.com\/index.php\/2022\/06\/20\/torcida-do-flamengo-resgata-critica-de-braz-da-epoca-que-ele-nao-trabalhava-no-clube\/","og_locale":"pt_BR","og_type":"article","og_title":"Torcida do Flamengo resgata cr\u00edtica de Braz da \u00e9poca que ele n\u00e3o trabalhava no clube","og_description":"Depois da derrota por 2 a 0 para o Atl\u00e9tico-MG, neste domingo, a delega\u00e7\u00e3o do Flamengo j\u00e1 retornou ao Rio de Janeiro. O time se reapresenta no Ninho nesta segunda e na ter\u00e7a vai retornar a Belo Horizonte na ter\u00e7a. Quarta, desta vez pela Copa do Brasil, tem mais um duelo com o Galo. Em [&hellip;]","og_url":"https:\/\/www.gaveanews.com\/index.php\/2022\/06\/20\/torcida-do-flamengo-resgata-critica-de-braz-da-epoca-que-ele-nao-trabalhava-no-clube\/","og_site_name":"G\u00e1vea News","article_publisher":"https:\/\/facebook.com\/gaveaNews\/","article_published_time":"2022-06-20T03:35:15+00:00","article_modified_time":"2022-06-20T03:35:17+00:00","og_image":[{"width":799,"height":532,"url":"https:\/\/www.gaveanews.com\/wp-content\/uploads\/Marcos-Braz-no-gramado-do-Maracana.webp","type":"image\/jpeg"}],"author":"Equipe G\u00e1vea News","twitter_card":"summary_large_image","twitter_misc":{"Escrito por":"Equipe G\u00e1vea News","Est. tempo de leitura":"2 minutos"},"schema":{"@context":"https:\/\/schema.org","@graph":[{"@type":"NewsArticle","@id":"https:\/\/www.gaveanews.com\/index.php\/2022\/06\/20\/torcida-do-flamengo-resgata-critica-de-braz-da-epoca-que-ele-nao-trabalhava-no-clube\/#article","isPartOf":{"@id":"https:\/\/www.gaveanews.com\/index.php\/2022\/06\/20\/torcida-do-flamengo-resgata-critica-de-braz-da-epoca-que-ele-nao-trabalhava-no-clube\/"},"author":{"name":"Equipe G\u00e1vea News","@id":"https:\/\/www.gaveanews.com\/#\/schema\/person\/2ec14f73fb96be2caf28f91afb14749d"},"headline":"Torcida do Flamengo resgata cr\u00edtica de Braz da \u00e9poca que ele n\u00e3o trabalhava no clube","datePublished":"2022-06-20T03:35:15+00:00","dateModified":"2022-06-20T03:35:17+00:00","mainEntityOfPage":{"@id":"https:\/\/www.gaveanews.com\/index.php\/2022\/06\/20\/torcida-do-flamengo-resgata-critica-de-braz-da-epoca-que-ele-nao-trabalhava-no-clube\/"},"wordCount":226,"commentCount":0,"image":{"@id":"https:\/\/www.gaveanews.com\/index.php\/2022\/06\/20\/torcida-do-flamengo-resgata-critica-de-braz-da-epoca-que-ele-nao-trabalhava-no-clube\/#primaryimage"},"thumbnailUrl":"https:\/\/www.gaveanews.com\/wp-content\/uploads\/Marcos-Braz-no-gramado-do-Maracana.webp","articleSection":["Flamengo"],"inLanguage":"pt-BR","potentialAction":[{"@type":"CommentAction","name":"Comment","target":["https:\/\/www.gaveanews.com\/index.php\/2022\/06\/20\/torcida-do-flamengo-resgata-critica-de-braz-da-epoca-que-ele-nao-trabalhava-no-clube\/#respond"]}],"copyrightYear":"2022","copyrightHolder":{"@id":"https:\/\/www.gaveanews.com\/#organization"}},{"@type":"WebPage","@id":"https:\/\/www.gaveanews.com\/index.php\/2022\/06\/20\/torcida-do-flamengo-resgata-critica-de-braz-da-epoca-que-ele-nao-trabalhava-no-clube\/","url":"https:\/\/www.gaveanews.com\/index.php\/2022\/06\/20\/torcida-do-flamengo-resgata-critica-de-braz-da-epoca-que-ele-nao-trabalhava-no-clube\/","name":"Torcida do Flamengo resgata cr\u00edtica de Braz da \u00e9poca que ele n\u00e3o trabalhava no clube","isPartOf":{"@id":"https:\/\/www.gaveanews.com\/#website"},"primaryImageOfPage":{"@id":"https:\/\/www.gaveanews.com\/index.php\/2022\/06\/20\/torcida-do-flamengo-resgata-critica-de-braz-da-epoca-que-ele-nao-trabalhava-no-clube\/#primaryimage"},"image":{"@id":"https:\/\/www.gaveanews.com\/index.php\/2022\/06\/20\/torcida-do-flamengo-resgata-critica-de-braz-da-epoca-que-ele-nao-trabalhava-no-clube\/#primaryimage"},"thumbnailUrl":"https:\/\/www.gaveanews.com\/wp-content\/uploads\/Marcos-Braz-no-gramado-do-Maracana.webp","datePublished":"2022-06-20T03:35:15+00:00","dateModified":"2022-06-20T03:35:17+00:00","author":{"@id":"https:\/\/www.gaveanews.com\/#\/schema\/person\/2ec14f73fb96be2caf28f91afb14749d"},"breadcrumb":{"@id":"https:\/\/www.gaveanews.com\/index.php\/2022\/06\/20\/torcida-do-flamengo-resgata-critica-de-braz-da-epoca-que-ele-nao-trabalhava-no-clube\/#breadcrumb"},"inLanguage":"pt-BR","potentialAction":[{"@type":"ReadAction","target":["https:\/\/www.gaveanews.com\/index.php\/2022\/06\/20\/torcida-do-flamengo-resgata-critica-de-braz-da-epoca-que-ele-nao-trabalhava-no-clube\/"]}]},{"@type":"ImageObject","inLanguage":"pt-BR","@id":"https:\/\/www.gaveanews.com\/index.php\/2022\/06\/20\/torcida-do-flamengo-resgata-critica-de-braz-da-epoca-que-ele-nao-trabalhava-no-clube\/#primaryimage","url":"https:\/\/www.gaveanews.com\/wp-content\/uploads\/Marcos-Braz-no-gramado-do-Maracana.webp","contentUrl":"https:\/\/www.gaveanews.com\/wp-content\/uploads\/Marcos-Braz-no-gramado-do-Maracana.webp","width":799,"height":532,"caption":"Marcos Braz no gramado do Maracan\u00e3 (Foto: Alexandre Vidal\/Flamengo)"},{"@type":"BreadcrumbList","@id":"https:\/\/www.gaveanews.com\/index.php\/2022\/06\/20\/torcida-do-flamengo-resgata-critica-de-braz-da-epoca-que-ele-nao-trabalhava-no-clube\/#breadcrumb","itemListElement":[{"@type":"ListItem","position":1,"name":"Home","item":"https:\/\/www.gaveanews.com\/"},{"@type":"ListItem","position":2,"name":"Torcida do Flamengo resgata cr\u00edtica de Braz da \u00e9poca que ele n\u00e3o trabalhava no clube"}]},{"@type":"WebSite","@id":"https:\/\/www.gaveanews.com\/#website","url":"https:\/\/www.gaveanews.com\/","name":"G\u00e1vea News","description":"Veja todas as not\u00edcias sobre o Flamengo: Contrata\u00e7\u00f5es, categorias de base, resultados das partidas, tabela de classifica\u00e7\u00e3o, pr\u00f3ximos jogos!","potentialAction":[{"@type":"SearchAction","target":{"@type":"EntryPoint","urlTemplate":"https:\/\/www.gaveanews.com\/?s={search_term_string}"},"query-input":{"@type":"PropertyValueSpecification","valueRequired":true,"valueName":"search_term_string"}}],"inLanguage":"pt-BR"},{"@type":"Person","@id":"https:\/\/www.gaveanews.com\/#\/schema\/person\/2ec14f73fb96be2caf28f91afb14749d","name":"Equipe G\u00e1vea News","image":{"@type":"ImageObject","inLanguage":"pt-BR","@id":"https:\/\/www.gaveanews.com\/#\/schema\/person\/image\/","url":"https:\/\/secure.gravatar.com\/avatar\/1e1956f1facbffd3f8fa53a326721950116b3b9dc9bd44939c01180fd4a745a9?s=96&d=mm&r=g","contentUrl":"https:\/\/secure.gravatar.com\/avatar\/1e1956f1facbffd3f8fa53a326721950116b3b9dc9bd44939c01180fd4a745a9?s=96&d=mm&r=g","caption":"Equipe G\u00e1vea News"}}]}},"_links":{"self":[{"href":"https:\/\/www.gaveanews.com\/index.php\/wp-json\/wp\/v2\/posts\/83423","targetHints":{"allow":["GET"]}}],"collection":[{"href":"https:\/\/www.gaveanews.com\/index.php\/wp-json\/wp\/v2\/posts"}],"about":[{"href":"https:\/\/www.gaveanews.com\/index.php\/wp-json\/wp\/v2\/types\/post"}],"author":[{"embeddable":true,"href":"https:\/\/www.gaveanews.com\/index.php\/wp-json\/wp\/v2\/users\/1"}],"replies":[{"embeddable":true,"href":"https:\/\/www.gaveanews.com\/index.php\/wp-json\/wp\/v2\/comments?post=83423"}],"version-history":[{"count":0,"href":"https:\/\/www.gaveanews.com\/index.php\/wp-json\/wp\/v2\/posts\/83423\/revisions"}],"wp:featuredmedia":[{"embeddable":true,"href":"https:\/\/www.gaveanews.com\/index.php\/wp-json\/wp\/v2\/media\/46957"}],"wp:attachment":[{"href":"https:\/\/www.gaveanews.com\/index.php\/wp-json\/wp\/v2\/media?parent=83423"}],"wp:term":[{"taxonomy":"category","embeddable":true,"href":"https:\/\/www.gaveanews.com\/index.php\/wp-json\/wp\/v2\/categories?post=83423"},{"taxonomy":"post_tag","embeddable":true,"href":"https:\/\/www.gaveanews.com\/index.php\/wp-json\/wp\/v2\/tags?post=83423"}],"curies":[{"name":"wp","href":"https:\/\/api.w.org\/{rel}","templated":true}]}}