{"id":83512,"date":"2022-06-21T11:09:40","date_gmt":"2022-06-21T14:09:40","guid":{"rendered":"https:\/\/www.gaveanews.com\/?p=83512"},"modified":"2022-06-21T11:09:41","modified_gmt":"2022-06-21T14:09:41","slug":"everton-cebolinha-gabigol-pedro-e-vitinho-flamengo-possui-as-4-contratacoes-mais-caras-da-historia-do-futebol-brasileiro","status":"publish","type":"post","link":"https:\/\/www.gaveanews.com\/index.php\/2022\/06\/21\/everton-cebolinha-gabigol-pedro-e-vitinho-flamengo-possui-as-4-contratacoes-mais-caras-da-historia-do-futebol-brasileiro\/","title":{"rendered":"Everton Cebolinha, Gabigol, Pedro e Vitinho: Flamengo possu\u00ed as 4 contrata\u00e7\u00f5es mais caras da hist\u00f3ria do futebol brasileiro"},"content":{"rendered":"\n<p>Assustaram o mercado interno os valores envolvidos na transfer\u00eancia de \u00c9verton, o Cebolinha, do Benfica para o Flamengo.<\/p>\n\n\n\n<p>O atacante de 26 anos chega ao clube carioca comprado por 13,5 milh\u00f5es de euros (R$ 72,9 milh\u00f5es ao c\u00e2mbio de R$ 5,4 para cada euro), podendo render aos portugueses mais 2,5 milh\u00f5es de euros (R$ 13,5 milh\u00f5es) no alcance de metas esportivas.<\/p>\n\n\n\n<p>Ou seja: mais um investimento da ordem de 16 milh\u00f5es de euros (R$ 86,4 milh\u00f5es) para um elenco que voltar a ter cinco dos dez jogadores mais caros da hist\u00f3ria do futebol brasileiro.<\/p>\n\n\n\n<p>E estes valores empenhados na aquisi\u00e7\u00e3o do ex-atacante do Gr\u00eamio, campe\u00e3o da Libertadores em 2017, o transformam na segunda aquisi\u00e7\u00e3o mais cara da hist\u00f3ria do futebol brasileiro em moeda estrangeira \u2013 atr\u00e1s apenas dos 17 milh\u00f5es de euros pagos \u00e0 Fiorentina por Pedro, em 2020.<\/p>\n\n\n\n<p>Sim, porque, em fun\u00e7\u00e3o do c\u00e2mbio, os R$ 87 milh\u00f5es pagos pela compra dos direitos federativos de Pedro superam todas as negocia\u00e7\u00f5es.<\/p>\n\n\n\n<p>Mas em euros, a chegada de \u201cCebolinha\u201d bate os 15 dos 75% dos direitos de Arrascaeta em 2019, os 14 da aquisi\u00e7\u00e3o de Pedro, em 2020, os 12 da compra de Vitinho, em 2018, e os seis pagos por Everton Ribeiro em 2017.<\/p>\n\n\n\n<p>\u00c9 claro que com a compra de mais uma fatia dos direitos do craque uruguaio em janeiro deste ano, os valores empenhados na transa\u00e7\u00e3o tendem a ultrapassar os gastos com \u00c9verton e o pr\u00f3prio Gabriel Barbosa.<\/p>\n\n\n\n<p>Por\u00e9m, como as partes n\u00e3o divulgaram oficialmente o dinheiro envolvido, fiquemos com os 15 milh\u00f5es de euros acertados em 2019. Em suma, 80 milh\u00f5es em moeda europeia por um sexteto ofensivo que estar\u00e1 completo e \u00e0 disposi\u00e7\u00e3o de Dorival J\u00fanior a partir de 18 julho.<\/p>\n\n\n\n<p>Dinheiro que, convertido pelo c\u00e2mbio atual totalizaria R$ 400 milh\u00f5es \u2013 s\u00f3 nestes seis jogadores de ataque.<\/p>\n\n\n\n<p>E n\u00e3o estou a citar os 11,5 milh\u00f5es de euros pagos \u00e0 Roma pelo volante G\u00e9rson em 2019, vendido no ano passado, tampouco os milh\u00f5es de reais investidos na compra de atacantes que ainda fazem parte do elenco, como Bruno Henrique (R$ 23 milh\u00f5es), e Marinho (R$ 7 milh\u00f5es).<\/p>\n\n\n\n<p>N\u00e3o computo tamb\u00e9m os valores pagos por jogadores de defesa, como Rodrigo Caio (R$ 22 milh\u00f5es) e Leo Pereira (R$ 34 milh\u00f5es). O recorte retrata parte do dinheiro desembolsado nos \u00faltimos cinco anos para qualificar um elenco que deveria estar entregando muito mais, n\u00e3o s\u00f3 em resultado como tamb\u00e9m em desempenho.<\/p>\n\n\n\n<p>E \u00e9 isso que os torcedores tanto cobram. Que clube brasileiro gastou tanto para ter jogadores t\u00e3o valiosos?<\/p>\n\n\n\n<p>Everton, o \u201cCebolinha\u201d, \u00e9 o quarto refor\u00e7o para a fase ofensiva do Flamengo a custar entre 14 e 17 milh\u00f5es de euros, custo de opera\u00e7\u00f5es no mercado europeu. E num momento em que a grande maioria, tanto l\u00e1 como aqui, se vira como pode para descobrir op\u00e7\u00f5es de mercado.<\/p>\n\n\n\n<p>O Flamengo tem, portanto, um elenco valios\u00edssimo e por isso os jogos contra o Atl\u00e9tico-MG, como o deste domingo, no Mineir\u00e3o, prendem tanto a aten\u00e7\u00e3o. Porque ainda que o novo astro rubro-negro s\u00f3 possa jogar daqui a um m\u00eas, o confronto nos d\u00e1 a condi\u00e7\u00e3o de refletir sobre a mais valia dos times.<\/p>\n\n\n\n<p>O clube mineiro montou um elenco fant\u00e1stico sob o ponto de vista competitivo e ganhou cinco dos \u00faltimos seis t\u00edtulos disputados desde 2021. Mas os jogadores mais caros do time de Turco Mohamed n\u00e3o custaram mais do que os U$ 6 milh\u00f5es (R$ 30 milh\u00f5es) pagos por Nacho Fernandez.<\/p>\n\n\n\n<p>Retirado de: Gilmar Ferreira<\/p>\n","protected":false},"excerpt":{"rendered":"<p>Assustaram o mercado interno os valores envolvidos na transfer\u00eancia de \u00c9verton, o Cebolinha, do Benfica para o Flamengo. O atacante de 26 anos chega ao clube carioca comprado por 13,5 milh\u00f5es de euros (R$ 72,9 milh\u00f5es ao c\u00e2mbio de R$ 5,4 para cada euro), podendo render aos portugueses mais 2,5 milh\u00f5es de euros (R$ 13,5 [&hellip;]<\/p>\n","protected":false},"author":1,"featured_media":82678,"comment_status":"open","ping_status":"closed","sticky":false,"template":"","format":"standard","meta":{"footnotes":""},"categories":[1],"tags":[],"class_list":["post-83512","post","type-post","status-publish","format-standard","has-post-thumbnail","hentry","category-flamengo"],"yoast_head":"<!-- This site is optimized with the Yoast SEO Premium plugin v24.2 (Yoast SEO v26.9) - https:\/\/yoast.com\/product\/yoast-seo-premium-wordpress\/ -->\n<title>Everton Cebolinha, Gabigol, Pedro e Vitinho: Flamengo possu\u00ed as 4 contrata\u00e7\u00f5es mais caras da hist\u00f3ria do futebol brasileiro<\/title>\n<meta name=\"robots\" content=\"index, follow, max-snippet:-1, max-image-preview:large, max-video-preview:-1\" \/>\n<link rel=\"canonical\" href=\"https:\/\/www.gaveanews.com\/index.php\/2022\/06\/21\/everton-cebolinha-gabigol-pedro-e-vitinho-flamengo-possui-as-4-contratacoes-mais-caras-da-historia-do-futebol-brasileiro\/\" \/>\n<meta property=\"og:locale\" content=\"pt_BR\" \/>\n<meta property=\"og:type\" content=\"article\" \/>\n<meta property=\"og:title\" content=\"Everton Cebolinha, Gabigol, Pedro e Vitinho: Flamengo possu\u00ed as 4 contrata\u00e7\u00f5es mais caras da hist\u00f3ria do futebol brasileiro\" \/>\n<meta property=\"og:description\" content=\"Assustaram o mercado interno os valores envolvidos na transfer\u00eancia de \u00c9verton, o Cebolinha, do Benfica para o Flamengo. O atacante de 26 anos chega ao clube carioca comprado por 13,5 milh\u00f5es de euros (R$ 72,9 milh\u00f5es ao c\u00e2mbio de R$ 5,4 para cada euro), podendo render aos portugueses mais 2,5 milh\u00f5es de euros (R$ 13,5 [&hellip;]\" \/>\n<meta property=\"og:url\" content=\"https:\/\/www.gaveanews.com\/index.php\/2022\/06\/21\/everton-cebolinha-gabigol-pedro-e-vitinho-flamengo-possui-as-4-contratacoes-mais-caras-da-historia-do-futebol-brasileiro\/\" \/>\n<meta property=\"og:site_name\" content=\"G\u00e1vea News\" \/>\n<meta property=\"article:publisher\" content=\"https:\/\/facebook.com\/gaveaNews\/\" \/>\n<meta property=\"article:published_time\" content=\"2022-06-21T14:09:40+00:00\" \/>\n<meta property=\"article:modified_time\" content=\"2022-06-21T14:09:41+00:00\" \/>\n<meta property=\"og:image\" content=\"https:\/\/www.gaveanews.com\/wp-content\/uploads\/Pedro-em-acao-pelo-Flamengo-contra-o-Fortaleza-1.webp\" \/>\n\t<meta property=\"og:image:width\" content=\"799\" \/>\n\t<meta property=\"og:image:height\" content=\"533\" \/>\n\t<meta property=\"og:image:type\" content=\"image\/jpeg\" \/>\n<meta name=\"author\" content=\"Equipe G\u00e1vea News\" \/>\n<meta name=\"twitter:card\" content=\"summary_large_image\" \/>\n<meta name=\"twitter:label1\" content=\"Escrito por\" \/>\n\t<meta name=\"twitter:data1\" content=\"Equipe G\u00e1vea News\" \/>\n\t<meta name=\"twitter:label2\" content=\"Est. tempo de leitura\" \/>\n\t<meta name=\"twitter:data2\" content=\"4 minutos\" \/>\n<script type=\"application\/ld+json\" class=\"yoast-schema-graph\">{\"@context\":\"https:\/\/schema.org\",\"@graph\":[{\"@type\":\"NewsArticle\",\"@id\":\"https:\/\/www.gaveanews.com\/index.php\/2022\/06\/21\/everton-cebolinha-gabigol-pedro-e-vitinho-flamengo-possui-as-4-contratacoes-mais-caras-da-historia-do-futebol-brasileiro\/#article\",\"isPartOf\":{\"@id\":\"https:\/\/www.gaveanews.com\/index.php\/2022\/06\/21\/everton-cebolinha-gabigol-pedro-e-vitinho-flamengo-possui-as-4-contratacoes-mais-caras-da-historia-do-futebol-brasileiro\/\"},\"author\":{\"name\":\"Equipe G\u00e1vea News\",\"@id\":\"https:\/\/www.gaveanews.com\/#\/schema\/person\/2ec14f73fb96be2caf28f91afb14749d\"},\"headline\":\"Everton Cebolinha, Gabigol, Pedro e Vitinho: Flamengo possu\u00ed as 4 contrata\u00e7\u00f5es mais caras da hist\u00f3ria do futebol brasileiro\",\"datePublished\":\"2022-06-21T14:09:40+00:00\",\"dateModified\":\"2022-06-21T14:09:41+00:00\",\"mainEntityOfPage\":{\"@id\":\"https:\/\/www.gaveanews.com\/index.php\/2022\/06\/21\/everton-cebolinha-gabigol-pedro-e-vitinho-flamengo-possui-as-4-contratacoes-mais-caras-da-historia-do-futebol-brasileiro\/\"},\"wordCount\":609,\"commentCount\":0,\"image\":{\"@id\":\"https:\/\/www.gaveanews.com\/index.php\/2022\/06\/21\/everton-cebolinha-gabigol-pedro-e-vitinho-flamengo-possui-as-4-contratacoes-mais-caras-da-historia-do-futebol-brasileiro\/#primaryimage\"},\"thumbnailUrl\":\"https:\/\/www.gaveanews.com\/wp-content\/uploads\/Pedro-em-acao-pelo-Flamengo-contra-o-Fortaleza-1.webp\",\"articleSection\":[\"Flamengo\"],\"inLanguage\":\"pt-BR\",\"potentialAction\":[{\"@type\":\"CommentAction\",\"name\":\"Comment\",\"target\":[\"https:\/\/www.gaveanews.com\/index.php\/2022\/06\/21\/everton-cebolinha-gabigol-pedro-e-vitinho-flamengo-possui-as-4-contratacoes-mais-caras-da-historia-do-futebol-brasileiro\/#respond\"]}],\"copyrightYear\":\"2022\",\"copyrightHolder\":{\"@id\":\"https:\/\/www.gaveanews.com\/#organization\"}},{\"@type\":\"WebPage\",\"@id\":\"https:\/\/www.gaveanews.com\/index.php\/2022\/06\/21\/everton-cebolinha-gabigol-pedro-e-vitinho-flamengo-possui-as-4-contratacoes-mais-caras-da-historia-do-futebol-brasileiro\/\",\"url\":\"https:\/\/www.gaveanews.com\/index.php\/2022\/06\/21\/everton-cebolinha-gabigol-pedro-e-vitinho-flamengo-possui-as-4-contratacoes-mais-caras-da-historia-do-futebol-brasileiro\/\",\"name\":\"Everton Cebolinha, Gabigol, Pedro e Vitinho: Flamengo possu\u00ed as 4 contrata\u00e7\u00f5es mais caras da hist\u00f3ria do futebol brasileiro\",\"isPartOf\":{\"@id\":\"https:\/\/www.gaveanews.com\/#website\"},\"primaryImageOfPage\":{\"@id\":\"https:\/\/www.gaveanews.com\/index.php\/2022\/06\/21\/everton-cebolinha-gabigol-pedro-e-vitinho-flamengo-possui-as-4-contratacoes-mais-caras-da-historia-do-futebol-brasileiro\/#primaryimage\"},\"image\":{\"@id\":\"https:\/\/www.gaveanews.com\/index.php\/2022\/06\/21\/everton-cebolinha-gabigol-pedro-e-vitinho-flamengo-possui-as-4-contratacoes-mais-caras-da-historia-do-futebol-brasileiro\/#primaryimage\"},\"thumbnailUrl\":\"https:\/\/www.gaveanews.com\/wp-content\/uploads\/Pedro-em-acao-pelo-Flamengo-contra-o-Fortaleza-1.webp\",\"datePublished\":\"2022-06-21T14:09:40+00:00\",\"dateModified\":\"2022-06-21T14:09:41+00:00\",\"author\":{\"@id\":\"https:\/\/www.gaveanews.com\/#\/schema\/person\/2ec14f73fb96be2caf28f91afb14749d\"},\"breadcrumb\":{\"@id\":\"https:\/\/www.gaveanews.com\/index.php\/2022\/06\/21\/everton-cebolinha-gabigol-pedro-e-vitinho-flamengo-possui-as-4-contratacoes-mais-caras-da-historia-do-futebol-brasileiro\/#breadcrumb\"},\"inLanguage\":\"pt-BR\",\"potentialAction\":[{\"@type\":\"ReadAction\",\"target\":[\"https:\/\/www.gaveanews.com\/index.php\/2022\/06\/21\/everton-cebolinha-gabigol-pedro-e-vitinho-flamengo-possui-as-4-contratacoes-mais-caras-da-historia-do-futebol-brasileiro\/\"]}]},{\"@type\":\"ImageObject\",\"inLanguage\":\"pt-BR\",\"@id\":\"https:\/\/www.gaveanews.com\/index.php\/2022\/06\/21\/everton-cebolinha-gabigol-pedro-e-vitinho-flamengo-possui-as-4-contratacoes-mais-caras-da-historia-do-futebol-brasileiro\/#primaryimage\",\"url\":\"https:\/\/www.gaveanews.com\/wp-content\/uploads\/Pedro-em-acao-pelo-Flamengo-contra-o-Fortaleza-1.webp\",\"contentUrl\":\"https:\/\/www.gaveanews.com\/wp-content\/uploads\/Pedro-em-acao-pelo-Flamengo-contra-o-Fortaleza-1.webp\",\"width\":799,\"height\":533,\"caption\":\"Pedro em a\u00e7\u00e3o pelo Flamengo contra o Fortaleza (Foto: Gilvan de Souza\/Flamengo)\"},{\"@type\":\"BreadcrumbList\",\"@id\":\"https:\/\/www.gaveanews.com\/index.php\/2022\/06\/21\/everton-cebolinha-gabigol-pedro-e-vitinho-flamengo-possui-as-4-contratacoes-mais-caras-da-historia-do-futebol-brasileiro\/#breadcrumb\",\"itemListElement\":[{\"@type\":\"ListItem\",\"position\":1,\"name\":\"Home\",\"item\":\"https:\/\/www.gaveanews.com\/\"},{\"@type\":\"ListItem\",\"position\":2,\"name\":\"Everton Cebolinha, Gabigol, Pedro e Vitinho: Flamengo possu\u00ed as 4 contrata\u00e7\u00f5es mais caras da hist\u00f3ria do futebol brasileiro\"}]},{\"@type\":\"WebSite\",\"@id\":\"https:\/\/www.gaveanews.com\/#website\",\"url\":\"https:\/\/www.gaveanews.com\/\",\"name\":\"G\u00e1vea News\",\"description\":\"Veja todas as not\u00edcias sobre o Flamengo: Contrata\u00e7\u00f5es, categorias de base, resultados das partidas, tabela de classifica\u00e7\u00e3o, pr\u00f3ximos jogos!\",\"potentialAction\":[{\"@type\":\"SearchAction\",\"target\":{\"@type\":\"EntryPoint\",\"urlTemplate\":\"https:\/\/www.gaveanews.com\/?s={search_term_string}\"},\"query-input\":{\"@type\":\"PropertyValueSpecification\",\"valueRequired\":true,\"valueName\":\"search_term_string\"}}],\"inLanguage\":\"pt-BR\"},{\"@type\":\"Person\",\"@id\":\"https:\/\/www.gaveanews.com\/#\/schema\/person\/2ec14f73fb96be2caf28f91afb14749d\",\"name\":\"Equipe G\u00e1vea News\",\"image\":{\"@type\":\"ImageObject\",\"inLanguage\":\"pt-BR\",\"@id\":\"https:\/\/www.gaveanews.com\/#\/schema\/person\/image\/\",\"url\":\"https:\/\/secure.gravatar.com\/avatar\/1e1956f1facbffd3f8fa53a326721950116b3b9dc9bd44939c01180fd4a745a9?s=96&d=mm&r=g\",\"contentUrl\":\"https:\/\/secure.gravatar.com\/avatar\/1e1956f1facbffd3f8fa53a326721950116b3b9dc9bd44939c01180fd4a745a9?s=96&d=mm&r=g\",\"caption\":\"Equipe G\u00e1vea News\"}}]}<\/script>\n<!-- \/ Yoast SEO Premium plugin. -->","yoast_head_json":{"title":"Everton Cebolinha, Gabigol, Pedro e Vitinho: Flamengo possu\u00ed as 4 contrata\u00e7\u00f5es mais caras da hist\u00f3ria do futebol brasileiro","robots":{"index":"index","follow":"follow","max-snippet":"max-snippet:-1","max-image-preview":"max-image-preview:large","max-video-preview":"max-video-preview:-1"},"canonical":"https:\/\/www.gaveanews.com\/index.php\/2022\/06\/21\/everton-cebolinha-gabigol-pedro-e-vitinho-flamengo-possui-as-4-contratacoes-mais-caras-da-historia-do-futebol-brasileiro\/","og_locale":"pt_BR","og_type":"article","og_title":"Everton Cebolinha, Gabigol, Pedro e Vitinho: Flamengo possu\u00ed as 4 contrata\u00e7\u00f5es mais caras da hist\u00f3ria do futebol brasileiro","og_description":"Assustaram o mercado interno os valores envolvidos na transfer\u00eancia de \u00c9verton, o Cebolinha, do Benfica para o Flamengo. O atacante de 26 anos chega ao clube carioca comprado por 13,5 milh\u00f5es de euros (R$ 72,9 milh\u00f5es ao c\u00e2mbio de R$ 5,4 para cada euro), podendo render aos portugueses mais 2,5 milh\u00f5es de euros (R$ 13,5 [&hellip;]","og_url":"https:\/\/www.gaveanews.com\/index.php\/2022\/06\/21\/everton-cebolinha-gabigol-pedro-e-vitinho-flamengo-possui-as-4-contratacoes-mais-caras-da-historia-do-futebol-brasileiro\/","og_site_name":"G\u00e1vea News","article_publisher":"https:\/\/facebook.com\/gaveaNews\/","article_published_time":"2022-06-21T14:09:40+00:00","article_modified_time":"2022-06-21T14:09:41+00:00","og_image":[{"width":799,"height":533,"url":"https:\/\/www.gaveanews.com\/wp-content\/uploads\/Pedro-em-acao-pelo-Flamengo-contra-o-Fortaleza-1.webp","type":"image\/jpeg"}],"author":"Equipe G\u00e1vea News","twitter_card":"summary_large_image","twitter_misc":{"Escrito por":"Equipe G\u00e1vea News","Est. tempo de leitura":"4 minutos"},"schema":{"@context":"https:\/\/schema.org","@graph":[{"@type":"NewsArticle","@id":"https:\/\/www.gaveanews.com\/index.php\/2022\/06\/21\/everton-cebolinha-gabigol-pedro-e-vitinho-flamengo-possui-as-4-contratacoes-mais-caras-da-historia-do-futebol-brasileiro\/#article","isPartOf":{"@id":"https:\/\/www.gaveanews.com\/index.php\/2022\/06\/21\/everton-cebolinha-gabigol-pedro-e-vitinho-flamengo-possui-as-4-contratacoes-mais-caras-da-historia-do-futebol-brasileiro\/"},"author":{"name":"Equipe G\u00e1vea News","@id":"https:\/\/www.gaveanews.com\/#\/schema\/person\/2ec14f73fb96be2caf28f91afb14749d"},"headline":"Everton Cebolinha, Gabigol, Pedro e Vitinho: Flamengo possu\u00ed as 4 contrata\u00e7\u00f5es mais caras da hist\u00f3ria do futebol brasileiro","datePublished":"2022-06-21T14:09:40+00:00","dateModified":"2022-06-21T14:09:41+00:00","mainEntityOfPage":{"@id":"https:\/\/www.gaveanews.com\/index.php\/2022\/06\/21\/everton-cebolinha-gabigol-pedro-e-vitinho-flamengo-possui-as-4-contratacoes-mais-caras-da-historia-do-futebol-brasileiro\/"},"wordCount":609,"commentCount":0,"image":{"@id":"https:\/\/www.gaveanews.com\/index.php\/2022\/06\/21\/everton-cebolinha-gabigol-pedro-e-vitinho-flamengo-possui-as-4-contratacoes-mais-caras-da-historia-do-futebol-brasileiro\/#primaryimage"},"thumbnailUrl":"https:\/\/www.gaveanews.com\/wp-content\/uploads\/Pedro-em-acao-pelo-Flamengo-contra-o-Fortaleza-1.webp","articleSection":["Flamengo"],"inLanguage":"pt-BR","potentialAction":[{"@type":"CommentAction","name":"Comment","target":["https:\/\/www.gaveanews.com\/index.php\/2022\/06\/21\/everton-cebolinha-gabigol-pedro-e-vitinho-flamengo-possui-as-4-contratacoes-mais-caras-da-historia-do-futebol-brasileiro\/#respond"]}],"copyrightYear":"2022","copyrightHolder":{"@id":"https:\/\/www.gaveanews.com\/#organization"}},{"@type":"WebPage","@id":"https:\/\/www.gaveanews.com\/index.php\/2022\/06\/21\/everton-cebolinha-gabigol-pedro-e-vitinho-flamengo-possui-as-4-contratacoes-mais-caras-da-historia-do-futebol-brasileiro\/","url":"https:\/\/www.gaveanews.com\/index.php\/2022\/06\/21\/everton-cebolinha-gabigol-pedro-e-vitinho-flamengo-possui-as-4-contratacoes-mais-caras-da-historia-do-futebol-brasileiro\/","name":"Everton Cebolinha, Gabigol, Pedro e Vitinho: Flamengo possu\u00ed as 4 contrata\u00e7\u00f5es mais caras da hist\u00f3ria do futebol brasileiro","isPartOf":{"@id":"https:\/\/www.gaveanews.com\/#website"},"primaryImageOfPage":{"@id":"https:\/\/www.gaveanews.com\/index.php\/2022\/06\/21\/everton-cebolinha-gabigol-pedro-e-vitinho-flamengo-possui-as-4-contratacoes-mais-caras-da-historia-do-futebol-brasileiro\/#primaryimage"},"image":{"@id":"https:\/\/www.gaveanews.com\/index.php\/2022\/06\/21\/everton-cebolinha-gabigol-pedro-e-vitinho-flamengo-possui-as-4-contratacoes-mais-caras-da-historia-do-futebol-brasileiro\/#primaryimage"},"thumbnailUrl":"https:\/\/www.gaveanews.com\/wp-content\/uploads\/Pedro-em-acao-pelo-Flamengo-contra-o-Fortaleza-1.webp","datePublished":"2022-06-21T14:09:40+00:00","dateModified":"2022-06-21T14:09:41+00:00","author":{"@id":"https:\/\/www.gaveanews.com\/#\/schema\/person\/2ec14f73fb96be2caf28f91afb14749d"},"breadcrumb":{"@id":"https:\/\/www.gaveanews.com\/index.php\/2022\/06\/21\/everton-cebolinha-gabigol-pedro-e-vitinho-flamengo-possui-as-4-contratacoes-mais-caras-da-historia-do-futebol-brasileiro\/#breadcrumb"},"inLanguage":"pt-BR","potentialAction":[{"@type":"ReadAction","target":["https:\/\/www.gaveanews.com\/index.php\/2022\/06\/21\/everton-cebolinha-gabigol-pedro-e-vitinho-flamengo-possui-as-4-contratacoes-mais-caras-da-historia-do-futebol-brasileiro\/"]}]},{"@type":"ImageObject","inLanguage":"pt-BR","@id":"https:\/\/www.gaveanews.com\/index.php\/2022\/06\/21\/everton-cebolinha-gabigol-pedro-e-vitinho-flamengo-possui-as-4-contratacoes-mais-caras-da-historia-do-futebol-brasileiro\/#primaryimage","url":"https:\/\/www.gaveanews.com\/wp-content\/uploads\/Pedro-em-acao-pelo-Flamengo-contra-o-Fortaleza-1.webp","contentUrl":"https:\/\/www.gaveanews.com\/wp-content\/uploads\/Pedro-em-acao-pelo-Flamengo-contra-o-Fortaleza-1.webp","width":799,"height":533,"caption":"Pedro em a\u00e7\u00e3o pelo Flamengo contra o Fortaleza (Foto: Gilvan de Souza\/Flamengo)"},{"@type":"BreadcrumbList","@id":"https:\/\/www.gaveanews.com\/index.php\/2022\/06\/21\/everton-cebolinha-gabigol-pedro-e-vitinho-flamengo-possui-as-4-contratacoes-mais-caras-da-historia-do-futebol-brasileiro\/#breadcrumb","itemListElement":[{"@type":"ListItem","position":1,"name":"Home","item":"https:\/\/www.gaveanews.com\/"},{"@type":"ListItem","position":2,"name":"Everton Cebolinha, Gabigol, Pedro e Vitinho: Flamengo possu\u00ed as 4 contrata\u00e7\u00f5es mais caras da hist\u00f3ria do futebol brasileiro"}]},{"@type":"WebSite","@id":"https:\/\/www.gaveanews.com\/#website","url":"https:\/\/www.gaveanews.com\/","name":"G\u00e1vea News","description":"Veja todas as not\u00edcias sobre o Flamengo: Contrata\u00e7\u00f5es, categorias de base, resultados das partidas, tabela de classifica\u00e7\u00e3o, pr\u00f3ximos jogos!","potentialAction":[{"@type":"SearchAction","target":{"@type":"EntryPoint","urlTemplate":"https:\/\/www.gaveanews.com\/?s={search_term_string}"},"query-input":{"@type":"PropertyValueSpecification","valueRequired":true,"valueName":"search_term_string"}}],"inLanguage":"pt-BR"},{"@type":"Person","@id":"https:\/\/www.gaveanews.com\/#\/schema\/person\/2ec14f73fb96be2caf28f91afb14749d","name":"Equipe G\u00e1vea News","image":{"@type":"ImageObject","inLanguage":"pt-BR","@id":"https:\/\/www.gaveanews.com\/#\/schema\/person\/image\/","url":"https:\/\/secure.gravatar.com\/avatar\/1e1956f1facbffd3f8fa53a326721950116b3b9dc9bd44939c01180fd4a745a9?s=96&d=mm&r=g","contentUrl":"https:\/\/secure.gravatar.com\/avatar\/1e1956f1facbffd3f8fa53a326721950116b3b9dc9bd44939c01180fd4a745a9?s=96&d=mm&r=g","caption":"Equipe G\u00e1vea News"}}]}},"_links":{"self":[{"href":"https:\/\/www.gaveanews.com\/index.php\/wp-json\/wp\/v2\/posts\/83512","targetHints":{"allow":["GET"]}}],"collection":[{"href":"https:\/\/www.gaveanews.com\/index.php\/wp-json\/wp\/v2\/posts"}],"about":[{"href":"https:\/\/www.gaveanews.com\/index.php\/wp-json\/wp\/v2\/types\/post"}],"author":[{"embeddable":true,"href":"https:\/\/www.gaveanews.com\/index.php\/wp-json\/wp\/v2\/users\/1"}],"replies":[{"embeddable":true,"href":"https:\/\/www.gaveanews.com\/index.php\/wp-json\/wp\/v2\/comments?post=83512"}],"version-history":[{"count":0,"href":"https:\/\/www.gaveanews.com\/index.php\/wp-json\/wp\/v2\/posts\/83512\/revisions"}],"wp:featuredmedia":[{"embeddable":true,"href":"https:\/\/www.gaveanews.com\/index.php\/wp-json\/wp\/v2\/media\/82678"}],"wp:attachment":[{"href":"https:\/\/www.gaveanews.com\/index.php\/wp-json\/wp\/v2\/media?parent=83512"}],"wp:term":[{"taxonomy":"category","embeddable":true,"href":"https:\/\/www.gaveanews.com\/index.php\/wp-json\/wp\/v2\/categories?post=83512"},{"taxonomy":"post_tag","embeddable":true,"href":"https:\/\/www.gaveanews.com\/index.php\/wp-json\/wp\/v2\/tags?post=83512"}],"curies":[{"name":"wp","href":"https:\/\/api.w.org\/{rel}","templated":true}]}}