{"id":83516,"date":"2022-06-21T12:06:59","date_gmt":"2022-06-21T15:06:59","guid":{"rendered":"https:\/\/www.gaveanews.com\/?p=83516"},"modified":"2022-06-21T12:07:01","modified_gmt":"2022-06-21T15:07:01","slug":"flamengo-pode-ter-ate-5-desfalques-para-o-jogo-contra-o-atletico-mg-pela-copa-do-brasil","status":"publish","type":"post","link":"https:\/\/www.gaveanews.com\/index.php\/2022\/06\/21\/flamengo-pode-ter-ate-5-desfalques-para-o-jogo-contra-o-atletico-mg-pela-copa-do-brasil\/","title":{"rendered":"Flamengo pode ter at\u00e9 5 desfalques para o jogo contra o Atl\u00e9tico-MG pela Copa do Brasil"},"content":{"rendered":"\n<p>Ap\u00f3s perder no final de semana e aumentar a press\u00e3o para este pr\u00f3ximo duelo, o Flamengo retorna a Minas Gerais para enfrentar o Atl\u00e9tico-MG novamente. O confronto da vez ser\u00e1 v\u00e1lido pelas oitavas de final da Copa do Brasil.<\/p>\n\n\n\n<ul class=\"wp-block-list\"><li><a href=\"https:\/\/www.gaveanews.com\/index.php\/2022\/06\/21\/saiba-em-qual-jogo-everton-cebolinha-deve-estrear-pelo-flamengo\/\">Saiba quando Everton Cebolinha poder\u00e1 estrear pelo Flamengo.<\/a><\/li><li><a href=\"https:\/\/www.gaveanews.com\/index.php\/2022\/06\/21\/bruno-henrique-faz-forte-desabafo-apos-lesao-no-flamengo\/\">Bruno Henrique faz forte desabafo sobre les\u00e3o no joelho.<\/a><\/li><\/ul>\n\n\n\n<p>Tendo muito em jogo na competi\u00e7\u00e3o mata-mata, o Rubro-Negro viaja nesta tarde (21) visando a partida de amanh\u00e3. Como esperado, a delega\u00e7\u00e3o partir\u00e1 para Belo Horizonte sem alguns jogadores do plantel.<\/p>\n\n\n\n<p>Neste caso, dois desfalques est\u00e3o confirmados. <a href=\"https:\/\/www.gaveanews.com\/index.php\/2022\/06\/21\/bruno-henrique-faz-forte-desabafo-apos-lesao-no-flamengo\/\">Bruno Henrique sofreu les\u00e3o grave no joelho direito e n\u00e3o entra mais em campo neste ano<\/a>, enquanto <a href=\"https:\/\/www.gaveanews.com\/index.php\/2022\/06\/10\/lateral-do-flamengo-tem-lesao-grave-confirmada-e-ficara-ate-dois-meses-fora\/\">Marcos Paulo trata les\u00e3o grave no tornozelo direito<\/a>.<\/p>\n\n\n\n<p>Al\u00e9m das baixas confirmadas, a equipe ainda possui tr\u00eas d\u00favidas. Santos e Fabr\u00edcio Bruno retornaram de les\u00e3o e treinaram com o grupo normalmente no come\u00e7o desta semana. Contudo, por conta do longo per\u00edodo que os jogadores ficaram fora dos gramados, Dorival J\u00fanior pode optar por poup\u00e1-los da viagem.<\/p>\n\n\n\n<p>Por fim, David Luiz tamb\u00e9m \u00e9 d\u00favida para o confronto. <a href=\"https:\/\/www.gaveanews.com\/index.php\/2022\/06\/21\/david-luiz-do-flamengo-e-duvida-para-partida-contra-o-atletico-mg\/\">O jogador sofreu edema na posterior da coxa direita no jogo contra o Cuiab\u00e1 da semana passada e n\u00e3o treinou com o grupo na segunda-feira (20).<\/a><\/p>\n\n\n\n<p>Com estas ressalvas, o Flamengo enfrenta o Atl\u00e9tico-MG na quarta-feira (22). A partida de ida pelas oitavas de final da Copa do Brasil ocorrer\u00e1 \u00e0s 21h30 (hor\u00e1rio de Bras\u00edlia), no Mineir\u00e3o.<\/p>\n","protected":false},"excerpt":{"rendered":"<p>Ap\u00f3s perder no final de semana e aumentar a press\u00e3o para este pr\u00f3ximo duelo, o Flamengo retorna a Minas Gerais para enfrentar o Atl\u00e9tico-MG novamente. O confronto da vez ser\u00e1 v\u00e1lido pelas oitavas de final da Copa do Brasil. Saiba quando Everton Cebolinha poder\u00e1 estrear pelo Flamengo. Bruno Henrique faz forte desabafo sobre les\u00e3o no [&hellip;]<\/p>\n","protected":false},"author":4,"featured_media":80732,"comment_status":"open","ping_status":"closed","sticky":false,"template":"","format":"standard","meta":{"footnotes":""},"categories":[1],"tags":[],"class_list":["post-83516","post","type-post","status-publish","format-standard","has-post-thumbnail","hentry","category-flamengo"],"yoast_head":"<!-- This site is optimized with the Yoast SEO Premium plugin v24.2 (Yoast SEO v26.9) - https:\/\/yoast.com\/product\/yoast-seo-premium-wordpress\/ -->\n<title>Flamengo pode ter at\u00e9 5 desfalques para o jogo contra o Atl\u00e9tico-MG pela Copa do Brasil<\/title>\n<meta name=\"robots\" content=\"index, follow, max-snippet:-1, max-image-preview:large, max-video-preview:-1\" \/>\n<link rel=\"canonical\" href=\"https:\/\/www.gaveanews.com\/index.php\/2022\/06\/21\/flamengo-pode-ter-ate-5-desfalques-para-o-jogo-contra-o-atletico-mg-pela-copa-do-brasil\/\" \/>\n<meta property=\"og:locale\" content=\"pt_BR\" \/>\n<meta property=\"og:type\" content=\"article\" \/>\n<meta property=\"og:title\" content=\"Flamengo pode ter at\u00e9 5 desfalques para o jogo contra o Atl\u00e9tico-MG pela Copa do Brasil\" \/>\n<meta property=\"og:description\" content=\"Ap\u00f3s perder no final de semana e aumentar a press\u00e3o para este pr\u00f3ximo duelo, o Flamengo retorna a Minas Gerais para enfrentar o Atl\u00e9tico-MG novamente. O confronto da vez ser\u00e1 v\u00e1lido pelas oitavas de final da Copa do Brasil. Saiba quando Everton Cebolinha poder\u00e1 estrear pelo Flamengo. Bruno Henrique faz forte desabafo sobre les\u00e3o no [&hellip;]\" \/>\n<meta property=\"og:url\" content=\"https:\/\/www.gaveanews.com\/index.php\/2022\/06\/21\/flamengo-pode-ter-ate-5-desfalques-para-o-jogo-contra-o-atletico-mg-pela-copa-do-brasil\/\" \/>\n<meta property=\"og:site_name\" content=\"G\u00e1vea News\" \/>\n<meta property=\"article:publisher\" content=\"https:\/\/facebook.com\/gaveaNews\/\" \/>\n<meta property=\"article:published_time\" content=\"2022-06-21T15:06:59+00:00\" \/>\n<meta property=\"article:modified_time\" content=\"2022-06-21T15:07:01+00:00\" \/>\n<meta property=\"og:image\" content=\"https:\/\/www.gaveanews.com\/wp-content\/uploads\/David-Luiz-em-treino-do-Flamengo-no-Ninho-do-Urubu-2.webp\" \/>\n\t<meta property=\"og:image:width\" content=\"800\" \/>\n\t<meta property=\"og:image:height\" content=\"533\" \/>\n\t<meta property=\"og:image:type\" content=\"image\/jpeg\" \/>\n<meta name=\"author\" content=\"Let\u00edcia Gerheim\" \/>\n<meta name=\"twitter:card\" content=\"summary_large_image\" \/>\n<meta name=\"twitter:label1\" content=\"Escrito por\" \/>\n\t<meta name=\"twitter:data1\" content=\"Let\u00edcia Gerheim\" \/>\n\t<meta name=\"twitter:label2\" content=\"Est. tempo de leitura\" \/>\n\t<meta name=\"twitter:data2\" content=\"2 minutos\" \/>\n<script type=\"application\/ld+json\" class=\"yoast-schema-graph\">{\"@context\":\"https:\/\/schema.org\",\"@graph\":[{\"@type\":\"NewsArticle\",\"@id\":\"https:\/\/www.gaveanews.com\/index.php\/2022\/06\/21\/flamengo-pode-ter-ate-5-desfalques-para-o-jogo-contra-o-atletico-mg-pela-copa-do-brasil\/#article\",\"isPartOf\":{\"@id\":\"https:\/\/www.gaveanews.com\/index.php\/2022\/06\/21\/flamengo-pode-ter-ate-5-desfalques-para-o-jogo-contra-o-atletico-mg-pela-copa-do-brasil\/\"},\"author\":{\"name\":\"Let\u00edcia Gerheim\",\"@id\":\"https:\/\/www.gaveanews.com\/#\/schema\/person\/714c67050b836198af2450ba1c142a67\"},\"headline\":\"Flamengo pode ter at\u00e9 5 desfalques para o jogo contra o Atl\u00e9tico-MG pela Copa do Brasil\",\"datePublished\":\"2022-06-21T15:06:59+00:00\",\"dateModified\":\"2022-06-21T15:07:01+00:00\",\"mainEntityOfPage\":{\"@id\":\"https:\/\/www.gaveanews.com\/index.php\/2022\/06\/21\/flamengo-pode-ter-ate-5-desfalques-para-o-jogo-contra-o-atletico-mg-pela-copa-do-brasil\/\"},\"wordCount\":273,\"commentCount\":0,\"image\":{\"@id\":\"https:\/\/www.gaveanews.com\/index.php\/2022\/06\/21\/flamengo-pode-ter-ate-5-desfalques-para-o-jogo-contra-o-atletico-mg-pela-copa-do-brasil\/#primaryimage\"},\"thumbnailUrl\":\"https:\/\/www.gaveanews.com\/wp-content\/uploads\/David-Luiz-em-treino-do-Flamengo-no-Ninho-do-Urubu-2.webp\",\"articleSection\":[\"Flamengo\"],\"inLanguage\":\"pt-BR\",\"potentialAction\":[{\"@type\":\"CommentAction\",\"name\":\"Comment\",\"target\":[\"https:\/\/www.gaveanews.com\/index.php\/2022\/06\/21\/flamengo-pode-ter-ate-5-desfalques-para-o-jogo-contra-o-atletico-mg-pela-copa-do-brasil\/#respond\"]}],\"copyrightYear\":\"2022\",\"copyrightHolder\":{\"@id\":\"https:\/\/www.gaveanews.com\/#organization\"}},{\"@type\":\"WebPage\",\"@id\":\"https:\/\/www.gaveanews.com\/index.php\/2022\/06\/21\/flamengo-pode-ter-ate-5-desfalques-para-o-jogo-contra-o-atletico-mg-pela-copa-do-brasil\/\",\"url\":\"https:\/\/www.gaveanews.com\/index.php\/2022\/06\/21\/flamengo-pode-ter-ate-5-desfalques-para-o-jogo-contra-o-atletico-mg-pela-copa-do-brasil\/\",\"name\":\"Flamengo pode ter at\u00e9 5 desfalques para o jogo contra o Atl\u00e9tico-MG pela Copa do Brasil\",\"isPartOf\":{\"@id\":\"https:\/\/www.gaveanews.com\/#website\"},\"primaryImageOfPage\":{\"@id\":\"https:\/\/www.gaveanews.com\/index.php\/2022\/06\/21\/flamengo-pode-ter-ate-5-desfalques-para-o-jogo-contra-o-atletico-mg-pela-copa-do-brasil\/#primaryimage\"},\"image\":{\"@id\":\"https:\/\/www.gaveanews.com\/index.php\/2022\/06\/21\/flamengo-pode-ter-ate-5-desfalques-para-o-jogo-contra-o-atletico-mg-pela-copa-do-brasil\/#primaryimage\"},\"thumbnailUrl\":\"https:\/\/www.gaveanews.com\/wp-content\/uploads\/David-Luiz-em-treino-do-Flamengo-no-Ninho-do-Urubu-2.webp\",\"datePublished\":\"2022-06-21T15:06:59+00:00\",\"dateModified\":\"2022-06-21T15:07:01+00:00\",\"author\":{\"@id\":\"https:\/\/www.gaveanews.com\/#\/schema\/person\/714c67050b836198af2450ba1c142a67\"},\"breadcrumb\":{\"@id\":\"https:\/\/www.gaveanews.com\/index.php\/2022\/06\/21\/flamengo-pode-ter-ate-5-desfalques-para-o-jogo-contra-o-atletico-mg-pela-copa-do-brasil\/#breadcrumb\"},\"inLanguage\":\"pt-BR\",\"potentialAction\":[{\"@type\":\"ReadAction\",\"target\":[\"https:\/\/www.gaveanews.com\/index.php\/2022\/06\/21\/flamengo-pode-ter-ate-5-desfalques-para-o-jogo-contra-o-atletico-mg-pela-copa-do-brasil\/\"]}]},{\"@type\":\"ImageObject\",\"inLanguage\":\"pt-BR\",\"@id\":\"https:\/\/www.gaveanews.com\/index.php\/2022\/06\/21\/flamengo-pode-ter-ate-5-desfalques-para-o-jogo-contra-o-atletico-mg-pela-copa-do-brasil\/#primaryimage\",\"url\":\"https:\/\/www.gaveanews.com\/wp-content\/uploads\/David-Luiz-em-treino-do-Flamengo-no-Ninho-do-Urubu-2.webp\",\"contentUrl\":\"https:\/\/www.gaveanews.com\/wp-content\/uploads\/David-Luiz-em-treino-do-Flamengo-no-Ninho-do-Urubu-2.webp\",\"width\":800,\"height\":533,\"caption\":\"David Luiz em treino do Flamengo no Ninho do Urubu (Foto: Marcelo Cortes\/Flamengo)\"},{\"@type\":\"BreadcrumbList\",\"@id\":\"https:\/\/www.gaveanews.com\/index.php\/2022\/06\/21\/flamengo-pode-ter-ate-5-desfalques-para-o-jogo-contra-o-atletico-mg-pela-copa-do-brasil\/#breadcrumb\",\"itemListElement\":[{\"@type\":\"ListItem\",\"position\":1,\"name\":\"Home\",\"item\":\"https:\/\/www.gaveanews.com\/\"},{\"@type\":\"ListItem\",\"position\":2,\"name\":\"Flamengo pode ter at\u00e9 5 desfalques para o jogo contra o Atl\u00e9tico-MG pela Copa do Brasil\"}]},{\"@type\":\"WebSite\",\"@id\":\"https:\/\/www.gaveanews.com\/#website\",\"url\":\"https:\/\/www.gaveanews.com\/\",\"name\":\"G\u00e1vea News\",\"description\":\"Veja todas as not\u00edcias sobre o Flamengo: Contrata\u00e7\u00f5es, categorias de base, resultados das partidas, tabela de classifica\u00e7\u00e3o, pr\u00f3ximos jogos!\",\"potentialAction\":[{\"@type\":\"SearchAction\",\"target\":{\"@type\":\"EntryPoint\",\"urlTemplate\":\"https:\/\/www.gaveanews.com\/?s={search_term_string}\"},\"query-input\":{\"@type\":\"PropertyValueSpecification\",\"valueRequired\":true,\"valueName\":\"search_term_string\"}}],\"inLanguage\":\"pt-BR\"},{\"@type\":\"Person\",\"@id\":\"https:\/\/www.gaveanews.com\/#\/schema\/person\/714c67050b836198af2450ba1c142a67\",\"name\":\"Let\u00edcia Gerheim\",\"image\":{\"@type\":\"ImageObject\",\"inLanguage\":\"pt-BR\",\"@id\":\"https:\/\/www.gaveanews.com\/#\/schema\/person\/image\/\",\"url\":\"https:\/\/secure.gravatar.com\/avatar\/60734739c50fcebfbac509e2a826ccd0ff405c019bc73aab9354f19ecad1dcb4?s=96&d=mm&r=g\",\"contentUrl\":\"https:\/\/secure.gravatar.com\/avatar\/60734739c50fcebfbac509e2a826ccd0ff405c019bc73aab9354f19ecad1dcb4?s=96&d=mm&r=g\",\"caption\":\"Let\u00edcia Gerheim\"}}]}<\/script>\n<!-- \/ Yoast SEO Premium plugin. -->","yoast_head_json":{"title":"Flamengo pode ter at\u00e9 5 desfalques para o jogo contra o Atl\u00e9tico-MG pela Copa do Brasil","robots":{"index":"index","follow":"follow","max-snippet":"max-snippet:-1","max-image-preview":"max-image-preview:large","max-video-preview":"max-video-preview:-1"},"canonical":"https:\/\/www.gaveanews.com\/index.php\/2022\/06\/21\/flamengo-pode-ter-ate-5-desfalques-para-o-jogo-contra-o-atletico-mg-pela-copa-do-brasil\/","og_locale":"pt_BR","og_type":"article","og_title":"Flamengo pode ter at\u00e9 5 desfalques para o jogo contra o Atl\u00e9tico-MG pela Copa do Brasil","og_description":"Ap\u00f3s perder no final de semana e aumentar a press\u00e3o para este pr\u00f3ximo duelo, o Flamengo retorna a Minas Gerais para enfrentar o Atl\u00e9tico-MG novamente. O confronto da vez ser\u00e1 v\u00e1lido pelas oitavas de final da Copa do Brasil. Saiba quando Everton Cebolinha poder\u00e1 estrear pelo Flamengo. Bruno Henrique faz forte desabafo sobre les\u00e3o no [&hellip;]","og_url":"https:\/\/www.gaveanews.com\/index.php\/2022\/06\/21\/flamengo-pode-ter-ate-5-desfalques-para-o-jogo-contra-o-atletico-mg-pela-copa-do-brasil\/","og_site_name":"G\u00e1vea News","article_publisher":"https:\/\/facebook.com\/gaveaNews\/","article_published_time":"2022-06-21T15:06:59+00:00","article_modified_time":"2022-06-21T15:07:01+00:00","og_image":[{"width":800,"height":533,"url":"https:\/\/www.gaveanews.com\/wp-content\/uploads\/David-Luiz-em-treino-do-Flamengo-no-Ninho-do-Urubu-2.webp","type":"image\/jpeg"}],"author":"Let\u00edcia Gerheim","twitter_card":"summary_large_image","twitter_misc":{"Escrito por":"Let\u00edcia Gerheim","Est. tempo de leitura":"2 minutos"},"schema":{"@context":"https:\/\/schema.org","@graph":[{"@type":"NewsArticle","@id":"https:\/\/www.gaveanews.com\/index.php\/2022\/06\/21\/flamengo-pode-ter-ate-5-desfalques-para-o-jogo-contra-o-atletico-mg-pela-copa-do-brasil\/#article","isPartOf":{"@id":"https:\/\/www.gaveanews.com\/index.php\/2022\/06\/21\/flamengo-pode-ter-ate-5-desfalques-para-o-jogo-contra-o-atletico-mg-pela-copa-do-brasil\/"},"author":{"name":"Let\u00edcia Gerheim","@id":"https:\/\/www.gaveanews.com\/#\/schema\/person\/714c67050b836198af2450ba1c142a67"},"headline":"Flamengo pode ter at\u00e9 5 desfalques para o jogo contra o Atl\u00e9tico-MG pela Copa do Brasil","datePublished":"2022-06-21T15:06:59+00:00","dateModified":"2022-06-21T15:07:01+00:00","mainEntityOfPage":{"@id":"https:\/\/www.gaveanews.com\/index.php\/2022\/06\/21\/flamengo-pode-ter-ate-5-desfalques-para-o-jogo-contra-o-atletico-mg-pela-copa-do-brasil\/"},"wordCount":273,"commentCount":0,"image":{"@id":"https:\/\/www.gaveanews.com\/index.php\/2022\/06\/21\/flamengo-pode-ter-ate-5-desfalques-para-o-jogo-contra-o-atletico-mg-pela-copa-do-brasil\/#primaryimage"},"thumbnailUrl":"https:\/\/www.gaveanews.com\/wp-content\/uploads\/David-Luiz-em-treino-do-Flamengo-no-Ninho-do-Urubu-2.webp","articleSection":["Flamengo"],"inLanguage":"pt-BR","potentialAction":[{"@type":"CommentAction","name":"Comment","target":["https:\/\/www.gaveanews.com\/index.php\/2022\/06\/21\/flamengo-pode-ter-ate-5-desfalques-para-o-jogo-contra-o-atletico-mg-pela-copa-do-brasil\/#respond"]}],"copyrightYear":"2022","copyrightHolder":{"@id":"https:\/\/www.gaveanews.com\/#organization"}},{"@type":"WebPage","@id":"https:\/\/www.gaveanews.com\/index.php\/2022\/06\/21\/flamengo-pode-ter-ate-5-desfalques-para-o-jogo-contra-o-atletico-mg-pela-copa-do-brasil\/","url":"https:\/\/www.gaveanews.com\/index.php\/2022\/06\/21\/flamengo-pode-ter-ate-5-desfalques-para-o-jogo-contra-o-atletico-mg-pela-copa-do-brasil\/","name":"Flamengo pode ter at\u00e9 5 desfalques para o jogo contra o Atl\u00e9tico-MG pela Copa do Brasil","isPartOf":{"@id":"https:\/\/www.gaveanews.com\/#website"},"primaryImageOfPage":{"@id":"https:\/\/www.gaveanews.com\/index.php\/2022\/06\/21\/flamengo-pode-ter-ate-5-desfalques-para-o-jogo-contra-o-atletico-mg-pela-copa-do-brasil\/#primaryimage"},"image":{"@id":"https:\/\/www.gaveanews.com\/index.php\/2022\/06\/21\/flamengo-pode-ter-ate-5-desfalques-para-o-jogo-contra-o-atletico-mg-pela-copa-do-brasil\/#primaryimage"},"thumbnailUrl":"https:\/\/www.gaveanews.com\/wp-content\/uploads\/David-Luiz-em-treino-do-Flamengo-no-Ninho-do-Urubu-2.webp","datePublished":"2022-06-21T15:06:59+00:00","dateModified":"2022-06-21T15:07:01+00:00","author":{"@id":"https:\/\/www.gaveanews.com\/#\/schema\/person\/714c67050b836198af2450ba1c142a67"},"breadcrumb":{"@id":"https:\/\/www.gaveanews.com\/index.php\/2022\/06\/21\/flamengo-pode-ter-ate-5-desfalques-para-o-jogo-contra-o-atletico-mg-pela-copa-do-brasil\/#breadcrumb"},"inLanguage":"pt-BR","potentialAction":[{"@type":"ReadAction","target":["https:\/\/www.gaveanews.com\/index.php\/2022\/06\/21\/flamengo-pode-ter-ate-5-desfalques-para-o-jogo-contra-o-atletico-mg-pela-copa-do-brasil\/"]}]},{"@type":"ImageObject","inLanguage":"pt-BR","@id":"https:\/\/www.gaveanews.com\/index.php\/2022\/06\/21\/flamengo-pode-ter-ate-5-desfalques-para-o-jogo-contra-o-atletico-mg-pela-copa-do-brasil\/#primaryimage","url":"https:\/\/www.gaveanews.com\/wp-content\/uploads\/David-Luiz-em-treino-do-Flamengo-no-Ninho-do-Urubu-2.webp","contentUrl":"https:\/\/www.gaveanews.com\/wp-content\/uploads\/David-Luiz-em-treino-do-Flamengo-no-Ninho-do-Urubu-2.webp","width":800,"height":533,"caption":"David Luiz em treino do Flamengo no Ninho do Urubu (Foto: Marcelo Cortes\/Flamengo)"},{"@type":"BreadcrumbList","@id":"https:\/\/www.gaveanews.com\/index.php\/2022\/06\/21\/flamengo-pode-ter-ate-5-desfalques-para-o-jogo-contra-o-atletico-mg-pela-copa-do-brasil\/#breadcrumb","itemListElement":[{"@type":"ListItem","position":1,"name":"Home","item":"https:\/\/www.gaveanews.com\/"},{"@type":"ListItem","position":2,"name":"Flamengo pode ter at\u00e9 5 desfalques para o jogo contra o Atl\u00e9tico-MG pela Copa do Brasil"}]},{"@type":"WebSite","@id":"https:\/\/www.gaveanews.com\/#website","url":"https:\/\/www.gaveanews.com\/","name":"G\u00e1vea News","description":"Veja todas as not\u00edcias sobre o Flamengo: Contrata\u00e7\u00f5es, categorias de base, resultados das partidas, tabela de classifica\u00e7\u00e3o, pr\u00f3ximos jogos!","potentialAction":[{"@type":"SearchAction","target":{"@type":"EntryPoint","urlTemplate":"https:\/\/www.gaveanews.com\/?s={search_term_string}"},"query-input":{"@type":"PropertyValueSpecification","valueRequired":true,"valueName":"search_term_string"}}],"inLanguage":"pt-BR"},{"@type":"Person","@id":"https:\/\/www.gaveanews.com\/#\/schema\/person\/714c67050b836198af2450ba1c142a67","name":"Let\u00edcia Gerheim","image":{"@type":"ImageObject","inLanguage":"pt-BR","@id":"https:\/\/www.gaveanews.com\/#\/schema\/person\/image\/","url":"https:\/\/secure.gravatar.com\/avatar\/60734739c50fcebfbac509e2a826ccd0ff405c019bc73aab9354f19ecad1dcb4?s=96&d=mm&r=g","contentUrl":"https:\/\/secure.gravatar.com\/avatar\/60734739c50fcebfbac509e2a826ccd0ff405c019bc73aab9354f19ecad1dcb4?s=96&d=mm&r=g","caption":"Let\u00edcia Gerheim"}}]}},"_links":{"self":[{"href":"https:\/\/www.gaveanews.com\/index.php\/wp-json\/wp\/v2\/posts\/83516","targetHints":{"allow":["GET"]}}],"collection":[{"href":"https:\/\/www.gaveanews.com\/index.php\/wp-json\/wp\/v2\/posts"}],"about":[{"href":"https:\/\/www.gaveanews.com\/index.php\/wp-json\/wp\/v2\/types\/post"}],"author":[{"embeddable":true,"href":"https:\/\/www.gaveanews.com\/index.php\/wp-json\/wp\/v2\/users\/4"}],"replies":[{"embeddable":true,"href":"https:\/\/www.gaveanews.com\/index.php\/wp-json\/wp\/v2\/comments?post=83516"}],"version-history":[{"count":0,"href":"https:\/\/www.gaveanews.com\/index.php\/wp-json\/wp\/v2\/posts\/83516\/revisions"}],"wp:featuredmedia":[{"embeddable":true,"href":"https:\/\/www.gaveanews.com\/index.php\/wp-json\/wp\/v2\/media\/80732"}],"wp:attachment":[{"href":"https:\/\/www.gaveanews.com\/index.php\/wp-json\/wp\/v2\/media?parent=83516"}],"wp:term":[{"taxonomy":"category","embeddable":true,"href":"https:\/\/www.gaveanews.com\/index.php\/wp-json\/wp\/v2\/categories?post=83516"},{"taxonomy":"post_tag","embeddable":true,"href":"https:\/\/www.gaveanews.com\/index.php\/wp-json\/wp\/v2\/tags?post=83516"}],"curies":[{"name":"wp","href":"https:\/\/api.w.org\/{rel}","templated":true}]}}