{"id":83594,"date":"2022-06-22T18:21:32","date_gmt":"2022-06-22T21:21:32","guid":{"rendered":"https:\/\/www.gaveanews.com\/?p=83594"},"modified":"2024-01-28T08:34:08","modified_gmt":"2024-01-28T11:34:08","slug":"saiu-veja-a-escalacao-do-flamengo-para-o-jogo-contra-o-atletico-mg-3","status":"publish","type":"post","link":"https:\/\/www.gaveanews.com\/index.php\/2022\/06\/22\/saiu-veja-a-escalacao-do-flamengo-para-o-jogo-contra-o-atletico-mg-3\/","title":{"rendered":"Saiu! Veja a escala\u00e7\u00e3o do Flamengo para o jogo contra o Atl\u00e9tico-MG"},"content":{"rendered":"\n<p>No in\u00edcio do m\u00eas de maio, o time do Flamengo venceu o Altos (o placar agregado foi de: 4&#215;1) e avan\u00e7ou para as oitavas de final da Copa do Brasil. E ap\u00f3s um sorteio realizado pela CBF, definiu-se que o Meng\u00e3o enfrentar\u00e1 o Atl\u00e9tico-MG. Inclusive, o primeiro jogo, ser\u00e1 disputado em breve. O duelo est\u00e1 agendado para \u00e0s 21 horas e 30 minutos (de acordo com o hor\u00e1rio de Bras\u00edlia). A primeira partida ser\u00e1 disputada no Mineir\u00e3o, enquanto o segundo (e decisivo) confronto, ser\u00e1 disputado no dia 13 de julho no est\u00e1dio do Maracan\u00e3.<\/p>\n\n\n\n<p>E como de costume, a equipe do GaveaNews.com preparou esta not\u00edcia para que voc\u00ea possa ficar por dentro de todos os detalhes. Confira abaixo todos os itens! <\/p>\n\n\n\n<h2 class=\"wp-block-heading\" id=\"h-qual-jogo-vai-passar-na-globo-hoje\">Qual jogo vai passar na Globo hoje?<\/h2>\n\n\n\n<p>Apenas dois jogos ser\u00e3o transmitidos pela Rede Globo: Corinthians x Santos e Atl\u00e9tico-MG x Flamengo. E de acordo com informa\u00e7\u00f5es divulgadas pela pr\u00f3pria emissora o jogo do Fla vai ser transmitido para todo o Brasil, exceto em S\u00e3o Paulo, que ir\u00e1 acompanhar o cl\u00e1ssico. <\/p>\n\n\n\n<h2 class=\"wp-block-heading\">Desfalques do Flamengo: <\/h2>\n\n\n\n<p>No total, o treinador Dorival Junior n\u00e3o pode contar com cinco jogadores. Conforme j\u00e1 informado, <a href=\"https:\/\/www.gaveanews.com\/index.php\/2022\/06\/20\/apos-novo-exame-flamengo-emite-nota-oficial-sobre-bruno-henrique\/\">Bruno Henrique sofreu uma les\u00e3o grave em seu joelho direito e n\u00e3o jogar\u00e1 mais este ano.<\/a> Al\u00e9m de BH, o segundo desfalque do Flamengo no ataque \u00e9 do jovem Matheus Fran\u00e7a. Atualmente, Matheus est\u00e1 liberado pelo departamento m\u00e9dico e est\u00e1 trabalhando com os fisioterapeutas do clube. <\/p>\n\n\n\n<p>Em rela\u00e7\u00e3o ao sistema defensivo, David Luiz n\u00e3o foi relacionado para o jogo de hoje, por\u00e9m, \u00e9 muito prov\u00e1vel que ele volte j\u00e1 no pr\u00f3ximo jogo, diante do Am\u00e9rica-MG. Al\u00e9m de David, Dorival conta com mais uma baixa na zaga. Isso porque, Fabricio Bruno j\u00e1 est\u00e1 recuperado de sua les\u00e3o, todavia, o seu ritmo de jogo encontra-se um pouco abaixo &#8211; o que natural, devido a seu per\u00edodo fora dos gramados.  <\/p>\n\n\n\n<p>Por fim, mas n\u00e3o menos importante, o lateral Marcos Paulo, por muito pouco, n\u00e3o rompeu tr\u00eas ligamentos do tornozelo direito. A expectativa \u00e9 de que o jogador volte aos gramados em agosto.<\/p>\n\n\n\n<h2 class=\"wp-block-heading\">\u00c1rbitro pol\u00eamico:<\/h2>\n\n\n\n<p>Luiz Fl\u00e1vio de Oliveira foi o \u00e1rbitro escolhido pela CBF. E devido a tal escolha, uma situa\u00e7\u00e3o embara\u00e7osa foi relembrada pela imprensa. Em 2018, Luiz expulsou Diego Ribas e justificou a expuls\u00e3o por ter \u201cse sentido ofendido\u201d ap\u00f3s o meia ter supostamente dito \u201cvoc\u00ea \u00e9 um fanfarr\u00e3o, v\u00e1 se f*der, professor\u201d.<\/p>\n\n\n\n<p>Todavia, o meia n\u00e3o fez tais declara\u00e7\u00f5es e entrou com um processo na Justi\u00e7a para exigir uma repara\u00e7\u00e3o. e no decorrer do julgamento, Luiz admitiu que Diego n\u00e3o disse o que foi relatado na sumula da partida. <\/p>\n\n\n\n<p><em>\u2014 Luiz Fl\u00e1vio de Oliveira lamenta e se desculpa pelos fatos ocorridos que geraram os presentes autos; a express\u00e3o tida como ofensiva relatada na s\u00famula no momento da partida em que ensejaram a expuls\u00e3o n\u00e3o foram proferidas pelo atleta. Mas, pelo momento conturbado da partida acabei me equivocando sobre quem teria proferido tal express\u00e3o<\/em>, alegou a defesa de Luiz durante o julgamento. <\/p>\n\n\n\n<h2 class=\"wp-block-heading\">Escala\u00e7\u00e3o do Flamengo:<\/h2>\n\n\n\n<p>Em rela\u00e7\u00e3o a \u00faltima partida, Dorival promoveu duas altera\u00e7\u00f5es no time titular. Na lateral, Filipe Lu\u00eds foi acionado. Enquanto no meio de campo, haver\u00e3o tr\u00eas volantes. Desta forma, o time do Flamengo jogar\u00e1 da seguinte maneira: Diego Alves, Matheuzinho, Pablo, Rodrigo Caio e Filipe Lu\u00eds; Willian Ar\u00e3o, Jo\u00e3o Gomes e Andreas; Everton Ribeiro, Arrascaeta e Gabigol.<\/p>\n\n\n\n<p>O meia Everton Ribeiro ser\u00e1 o capit\u00e3o do Flamengo.<\/p>\n\n\n\n<h2 class=\"wp-block-heading\">Banco de reservas do Flamengo:<\/h2>\n\n\n\n<p>No banco de reservas os seguintes jogadores poder\u00e3o ser acionados por Dorival: Hugo, Rodinei, Gustavo Henrique, L\u00e9o Pereira, Ayrton Lucas, Thiago Maia, Diego Ribas, L\u00e1zaro, Vitinho, Marinho, Pedro e Victor Hugo.<\/p>\n","protected":false},"excerpt":{"rendered":"<p>No in\u00edcio do m\u00eas de maio, o time do Flamengo venceu o Altos (o placar agregado foi de: 4&#215;1) e avan\u00e7ou para as oitavas de final da Copa do Brasil. E ap\u00f3s um sorteio realizado pela CBF, definiu-se que o Meng\u00e3o enfrentar\u00e1 o Atl\u00e9tico-MG. Inclusive, o primeiro jogo, ser\u00e1 disputado em breve. O duelo est\u00e1 [&hellip;]<\/p>\n","protected":false},"author":2,"featured_media":83199,"comment_status":"open","ping_status":"closed","sticky":false,"template":"","format":"standard","meta":{"footnotes":""},"categories":[47],"tags":[],"class_list":["post-83594","post","type-post","status-publish","format-standard","has-post-thumbnail","hentry","category-destaques"],"yoast_head":"<!-- This site is optimized with the Yoast SEO Premium plugin v24.2 (Yoast SEO v26.9) - https:\/\/yoast.com\/product\/yoast-seo-premium-wordpress\/ -->\n<title>Saiu! Veja a escala\u00e7\u00e3o do Flamengo para o jogo contra o Atl\u00e9tico-MG<\/title>\n<meta name=\"robots\" content=\"index, follow, max-snippet:-1, max-image-preview:large, max-video-preview:-1\" \/>\n<link rel=\"canonical\" href=\"https:\/\/www.gaveanews.com\/index.php\/2022\/06\/22\/saiu-veja-a-escalacao-do-flamengo-para-o-jogo-contra-o-atletico-mg-3\/\" \/>\n<meta property=\"og:locale\" content=\"pt_BR\" \/>\n<meta property=\"og:type\" content=\"article\" \/>\n<meta property=\"og:title\" content=\"Saiu! Veja a escala\u00e7\u00e3o do Flamengo para o jogo contra o Atl\u00e9tico-MG\" \/>\n<meta property=\"og:description\" content=\"No in\u00edcio do m\u00eas de maio, o time do Flamengo venceu o Altos (o placar agregado foi de: 4&#215;1) e avan\u00e7ou para as oitavas de final da Copa do Brasil. E ap\u00f3s um sorteio realizado pela CBF, definiu-se que o Meng\u00e3o enfrentar\u00e1 o Atl\u00e9tico-MG. Inclusive, o primeiro jogo, ser\u00e1 disputado em breve. O duelo est\u00e1 [&hellip;]\" \/>\n<meta property=\"og:url\" content=\"https:\/\/www.gaveanews.com\/index.php\/2022\/06\/22\/saiu-veja-a-escalacao-do-flamengo-para-o-jogo-contra-o-atletico-mg-3\/\" \/>\n<meta property=\"og:site_name\" content=\"G\u00e1vea News\" \/>\n<meta property=\"article:publisher\" content=\"https:\/\/facebook.com\/gaveaNews\/\" \/>\n<meta property=\"article:published_time\" content=\"2022-06-22T21:21:32+00:00\" \/>\n<meta property=\"article:modified_time\" content=\"2024-01-28T11:34:08+00:00\" \/>\n<meta property=\"og:image\" content=\"https:\/\/www.gaveanews.com\/wp-content\/uploads\/Escalacao-oficial-do-Flamengo.webp\" \/>\n\t<meta property=\"og:image:width\" content=\"2048\" \/>\n\t<meta property=\"og:image:height\" content=\"1363\" \/>\n\t<meta property=\"og:image:type\" content=\"image\/webp\" \/>\n<meta name=\"author\" content=\"Hugo Nogueira\" \/>\n<meta name=\"twitter:card\" content=\"summary_large_image\" \/>\n<meta name=\"twitter:label1\" content=\"Escrito por\" \/>\n\t<meta name=\"twitter:data1\" content=\"Hugo Nogueira\" \/>\n\t<meta name=\"twitter:label2\" content=\"Est. tempo de leitura\" \/>\n\t<meta name=\"twitter:data2\" content=\"4 minutos\" \/>\n<script type=\"application\/ld+json\" class=\"yoast-schema-graph\">{\"@context\":\"https:\/\/schema.org\",\"@graph\":[{\"@type\":\"NewsArticle\",\"@id\":\"https:\/\/www.gaveanews.com\/index.php\/2022\/06\/22\/saiu-veja-a-escalacao-do-flamengo-para-o-jogo-contra-o-atletico-mg-3\/#article\",\"isPartOf\":{\"@id\":\"https:\/\/www.gaveanews.com\/index.php\/2022\/06\/22\/saiu-veja-a-escalacao-do-flamengo-para-o-jogo-contra-o-atletico-mg-3\/\"},\"author\":{\"name\":\"Hugo Nogueira\",\"@id\":\"https:\/\/www.gaveanews.com\/#\/schema\/person\/3a0372021fabaeec4e7e4242cfa27841\"},\"headline\":\"Saiu! Veja a escala\u00e7\u00e3o do Flamengo para o jogo contra o Atl\u00e9tico-MG\",\"datePublished\":\"2022-06-22T21:21:32+00:00\",\"dateModified\":\"2024-01-28T11:34:08+00:00\",\"mainEntityOfPage\":{\"@id\":\"https:\/\/www.gaveanews.com\/index.php\/2022\/06\/22\/saiu-veja-a-escalacao-do-flamengo-para-o-jogo-contra-o-atletico-mg-3\/\"},\"wordCount\":668,\"commentCount\":0,\"image\":{\"@id\":\"https:\/\/www.gaveanews.com\/index.php\/2022\/06\/22\/saiu-veja-a-escalacao-do-flamengo-para-o-jogo-contra-o-atletico-mg-3\/#primaryimage\"},\"thumbnailUrl\":\"https:\/\/www.gaveanews.com\/wp-content\/uploads\/Escalacao-oficial-do-Flamengo.webp\",\"articleSection\":[\"Destaques\"],\"inLanguage\":\"pt-BR\",\"potentialAction\":[{\"@type\":\"CommentAction\",\"name\":\"Comment\",\"target\":[\"https:\/\/www.gaveanews.com\/index.php\/2022\/06\/22\/saiu-veja-a-escalacao-do-flamengo-para-o-jogo-contra-o-atletico-mg-3\/#respond\"]}],\"copyrightYear\":\"2022\",\"copyrightHolder\":{\"@id\":\"https:\/\/www.gaveanews.com\/#organization\"}},{\"@type\":\"WebPage\",\"@id\":\"https:\/\/www.gaveanews.com\/index.php\/2022\/06\/22\/saiu-veja-a-escalacao-do-flamengo-para-o-jogo-contra-o-atletico-mg-3\/\",\"url\":\"https:\/\/www.gaveanews.com\/index.php\/2022\/06\/22\/saiu-veja-a-escalacao-do-flamengo-para-o-jogo-contra-o-atletico-mg-3\/\",\"name\":\"Saiu! Veja a escala\u00e7\u00e3o do Flamengo para o jogo contra o Atl\u00e9tico-MG\",\"isPartOf\":{\"@id\":\"https:\/\/www.gaveanews.com\/#website\"},\"primaryImageOfPage\":{\"@id\":\"https:\/\/www.gaveanews.com\/index.php\/2022\/06\/22\/saiu-veja-a-escalacao-do-flamengo-para-o-jogo-contra-o-atletico-mg-3\/#primaryimage\"},\"image\":{\"@id\":\"https:\/\/www.gaveanews.com\/index.php\/2022\/06\/22\/saiu-veja-a-escalacao-do-flamengo-para-o-jogo-contra-o-atletico-mg-3\/#primaryimage\"},\"thumbnailUrl\":\"https:\/\/www.gaveanews.com\/wp-content\/uploads\/Escalacao-oficial-do-Flamengo.webp\",\"datePublished\":\"2022-06-22T21:21:32+00:00\",\"dateModified\":\"2024-01-28T11:34:08+00:00\",\"author\":{\"@id\":\"https:\/\/www.gaveanews.com\/#\/schema\/person\/3a0372021fabaeec4e7e4242cfa27841\"},\"breadcrumb\":{\"@id\":\"https:\/\/www.gaveanews.com\/index.php\/2022\/06\/22\/saiu-veja-a-escalacao-do-flamengo-para-o-jogo-contra-o-atletico-mg-3\/#breadcrumb\"},\"inLanguage\":\"pt-BR\",\"potentialAction\":[{\"@type\":\"ReadAction\",\"target\":[\"https:\/\/www.gaveanews.com\/index.php\/2022\/06\/22\/saiu-veja-a-escalacao-do-flamengo-para-o-jogo-contra-o-atletico-mg-3\/\"]}]},{\"@type\":\"ImageObject\",\"inLanguage\":\"pt-BR\",\"@id\":\"https:\/\/www.gaveanews.com\/index.php\/2022\/06\/22\/saiu-veja-a-escalacao-do-flamengo-para-o-jogo-contra-o-atletico-mg-3\/#primaryimage\",\"url\":\"https:\/\/www.gaveanews.com\/wp-content\/uploads\/Escalacao-oficial-do-Flamengo.webp\",\"contentUrl\":\"https:\/\/www.gaveanews.com\/wp-content\/uploads\/Escalacao-oficial-do-Flamengo.webp\",\"width\":2048,\"height\":1363,\"caption\":\"Escala\u00e7\u00e3o oficial do Flamengo (Ilustra\u00e7\u00e3o: Editoria de Arte\/GaveaNews.com)\"},{\"@type\":\"BreadcrumbList\",\"@id\":\"https:\/\/www.gaveanews.com\/index.php\/2022\/06\/22\/saiu-veja-a-escalacao-do-flamengo-para-o-jogo-contra-o-atletico-mg-3\/#breadcrumb\",\"itemListElement\":[{\"@type\":\"ListItem\",\"position\":1,\"name\":\"Home\",\"item\":\"https:\/\/www.gaveanews.com\/\"},{\"@type\":\"ListItem\",\"position\":2,\"name\":\"Saiu! Veja a escala\u00e7\u00e3o do Flamengo para o jogo contra o Atl\u00e9tico-MG\"}]},{\"@type\":\"WebSite\",\"@id\":\"https:\/\/www.gaveanews.com\/#website\",\"url\":\"https:\/\/www.gaveanews.com\/\",\"name\":\"G\u00e1vea News\",\"description\":\"Veja todas as not\u00edcias sobre o Flamengo: Contrata\u00e7\u00f5es, categorias de base, resultados das partidas, tabela de classifica\u00e7\u00e3o, pr\u00f3ximos jogos!\",\"potentialAction\":[{\"@type\":\"SearchAction\",\"target\":{\"@type\":\"EntryPoint\",\"urlTemplate\":\"https:\/\/www.gaveanews.com\/?s={search_term_string}\"},\"query-input\":{\"@type\":\"PropertyValueSpecification\",\"valueRequired\":true,\"valueName\":\"search_term_string\"}}],\"inLanguage\":\"pt-BR\"},{\"@type\":\"Person\",\"@id\":\"https:\/\/www.gaveanews.com\/#\/schema\/person\/3a0372021fabaeec4e7e4242cfa27841\",\"name\":\"Hugo Nogueira\",\"image\":{\"@type\":\"ImageObject\",\"inLanguage\":\"pt-BR\",\"@id\":\"https:\/\/www.gaveanews.com\/#\/schema\/person\/image\/\",\"url\":\"https:\/\/secure.gravatar.com\/avatar\/0cdd89f3b47bb55926c08eee2db992845cfdd53f84c9fdd47a49d89b3cd40c0a?s=96&d=mm&r=g\",\"contentUrl\":\"https:\/\/secure.gravatar.com\/avatar\/0cdd89f3b47bb55926c08eee2db992845cfdd53f84c9fdd47a49d89b3cd40c0a?s=96&d=mm&r=g\",\"caption\":\"Hugo Nogueira\"}}]}<\/script>\n<!-- \/ Yoast SEO Premium plugin. -->","yoast_head_json":{"title":"Saiu! Veja a escala\u00e7\u00e3o do Flamengo para o jogo contra o Atl\u00e9tico-MG","robots":{"index":"index","follow":"follow","max-snippet":"max-snippet:-1","max-image-preview":"max-image-preview:large","max-video-preview":"max-video-preview:-1"},"canonical":"https:\/\/www.gaveanews.com\/index.php\/2022\/06\/22\/saiu-veja-a-escalacao-do-flamengo-para-o-jogo-contra-o-atletico-mg-3\/","og_locale":"pt_BR","og_type":"article","og_title":"Saiu! Veja a escala\u00e7\u00e3o do Flamengo para o jogo contra o Atl\u00e9tico-MG","og_description":"No in\u00edcio do m\u00eas de maio, o time do Flamengo venceu o Altos (o placar agregado foi de: 4&#215;1) e avan\u00e7ou para as oitavas de final da Copa do Brasil. E ap\u00f3s um sorteio realizado pela CBF, definiu-se que o Meng\u00e3o enfrentar\u00e1 o Atl\u00e9tico-MG. Inclusive, o primeiro jogo, ser\u00e1 disputado em breve. O duelo est\u00e1 [&hellip;]","og_url":"https:\/\/www.gaveanews.com\/index.php\/2022\/06\/22\/saiu-veja-a-escalacao-do-flamengo-para-o-jogo-contra-o-atletico-mg-3\/","og_site_name":"G\u00e1vea News","article_publisher":"https:\/\/facebook.com\/gaveaNews\/","article_published_time":"2022-06-22T21:21:32+00:00","article_modified_time":"2024-01-28T11:34:08+00:00","og_image":[{"width":2048,"height":1363,"url":"https:\/\/www.gaveanews.com\/wp-content\/uploads\/Escalacao-oficial-do-Flamengo.webp","type":"image\/webp"}],"author":"Hugo Nogueira","twitter_card":"summary_large_image","twitter_misc":{"Escrito por":"Hugo Nogueira","Est. tempo de leitura":"4 minutos"},"schema":{"@context":"https:\/\/schema.org","@graph":[{"@type":"NewsArticle","@id":"https:\/\/www.gaveanews.com\/index.php\/2022\/06\/22\/saiu-veja-a-escalacao-do-flamengo-para-o-jogo-contra-o-atletico-mg-3\/#article","isPartOf":{"@id":"https:\/\/www.gaveanews.com\/index.php\/2022\/06\/22\/saiu-veja-a-escalacao-do-flamengo-para-o-jogo-contra-o-atletico-mg-3\/"},"author":{"name":"Hugo Nogueira","@id":"https:\/\/www.gaveanews.com\/#\/schema\/person\/3a0372021fabaeec4e7e4242cfa27841"},"headline":"Saiu! Veja a escala\u00e7\u00e3o do Flamengo para o jogo contra o Atl\u00e9tico-MG","datePublished":"2022-06-22T21:21:32+00:00","dateModified":"2024-01-28T11:34:08+00:00","mainEntityOfPage":{"@id":"https:\/\/www.gaveanews.com\/index.php\/2022\/06\/22\/saiu-veja-a-escalacao-do-flamengo-para-o-jogo-contra-o-atletico-mg-3\/"},"wordCount":668,"commentCount":0,"image":{"@id":"https:\/\/www.gaveanews.com\/index.php\/2022\/06\/22\/saiu-veja-a-escalacao-do-flamengo-para-o-jogo-contra-o-atletico-mg-3\/#primaryimage"},"thumbnailUrl":"https:\/\/www.gaveanews.com\/wp-content\/uploads\/Escalacao-oficial-do-Flamengo.webp","articleSection":["Destaques"],"inLanguage":"pt-BR","potentialAction":[{"@type":"CommentAction","name":"Comment","target":["https:\/\/www.gaveanews.com\/index.php\/2022\/06\/22\/saiu-veja-a-escalacao-do-flamengo-para-o-jogo-contra-o-atletico-mg-3\/#respond"]}],"copyrightYear":"2022","copyrightHolder":{"@id":"https:\/\/www.gaveanews.com\/#organization"}},{"@type":"WebPage","@id":"https:\/\/www.gaveanews.com\/index.php\/2022\/06\/22\/saiu-veja-a-escalacao-do-flamengo-para-o-jogo-contra-o-atletico-mg-3\/","url":"https:\/\/www.gaveanews.com\/index.php\/2022\/06\/22\/saiu-veja-a-escalacao-do-flamengo-para-o-jogo-contra-o-atletico-mg-3\/","name":"Saiu! Veja a escala\u00e7\u00e3o do Flamengo para o jogo contra o Atl\u00e9tico-MG","isPartOf":{"@id":"https:\/\/www.gaveanews.com\/#website"},"primaryImageOfPage":{"@id":"https:\/\/www.gaveanews.com\/index.php\/2022\/06\/22\/saiu-veja-a-escalacao-do-flamengo-para-o-jogo-contra-o-atletico-mg-3\/#primaryimage"},"image":{"@id":"https:\/\/www.gaveanews.com\/index.php\/2022\/06\/22\/saiu-veja-a-escalacao-do-flamengo-para-o-jogo-contra-o-atletico-mg-3\/#primaryimage"},"thumbnailUrl":"https:\/\/www.gaveanews.com\/wp-content\/uploads\/Escalacao-oficial-do-Flamengo.webp","datePublished":"2022-06-22T21:21:32+00:00","dateModified":"2024-01-28T11:34:08+00:00","author":{"@id":"https:\/\/www.gaveanews.com\/#\/schema\/person\/3a0372021fabaeec4e7e4242cfa27841"},"breadcrumb":{"@id":"https:\/\/www.gaveanews.com\/index.php\/2022\/06\/22\/saiu-veja-a-escalacao-do-flamengo-para-o-jogo-contra-o-atletico-mg-3\/#breadcrumb"},"inLanguage":"pt-BR","potentialAction":[{"@type":"ReadAction","target":["https:\/\/www.gaveanews.com\/index.php\/2022\/06\/22\/saiu-veja-a-escalacao-do-flamengo-para-o-jogo-contra-o-atletico-mg-3\/"]}]},{"@type":"ImageObject","inLanguage":"pt-BR","@id":"https:\/\/www.gaveanews.com\/index.php\/2022\/06\/22\/saiu-veja-a-escalacao-do-flamengo-para-o-jogo-contra-o-atletico-mg-3\/#primaryimage","url":"https:\/\/www.gaveanews.com\/wp-content\/uploads\/Escalacao-oficial-do-Flamengo.webp","contentUrl":"https:\/\/www.gaveanews.com\/wp-content\/uploads\/Escalacao-oficial-do-Flamengo.webp","width":2048,"height":1363,"caption":"Escala\u00e7\u00e3o oficial do Flamengo (Ilustra\u00e7\u00e3o: Editoria de Arte\/GaveaNews.com)"},{"@type":"BreadcrumbList","@id":"https:\/\/www.gaveanews.com\/index.php\/2022\/06\/22\/saiu-veja-a-escalacao-do-flamengo-para-o-jogo-contra-o-atletico-mg-3\/#breadcrumb","itemListElement":[{"@type":"ListItem","position":1,"name":"Home","item":"https:\/\/www.gaveanews.com\/"},{"@type":"ListItem","position":2,"name":"Saiu! Veja a escala\u00e7\u00e3o do Flamengo para o jogo contra o Atl\u00e9tico-MG"}]},{"@type":"WebSite","@id":"https:\/\/www.gaveanews.com\/#website","url":"https:\/\/www.gaveanews.com\/","name":"G\u00e1vea News","description":"Veja todas as not\u00edcias sobre o Flamengo: Contrata\u00e7\u00f5es, categorias de base, resultados das partidas, tabela de classifica\u00e7\u00e3o, pr\u00f3ximos jogos!","potentialAction":[{"@type":"SearchAction","target":{"@type":"EntryPoint","urlTemplate":"https:\/\/www.gaveanews.com\/?s={search_term_string}"},"query-input":{"@type":"PropertyValueSpecification","valueRequired":true,"valueName":"search_term_string"}}],"inLanguage":"pt-BR"},{"@type":"Person","@id":"https:\/\/www.gaveanews.com\/#\/schema\/person\/3a0372021fabaeec4e7e4242cfa27841","name":"Hugo Nogueira","image":{"@type":"ImageObject","inLanguage":"pt-BR","@id":"https:\/\/www.gaveanews.com\/#\/schema\/person\/image\/","url":"https:\/\/secure.gravatar.com\/avatar\/0cdd89f3b47bb55926c08eee2db992845cfdd53f84c9fdd47a49d89b3cd40c0a?s=96&d=mm&r=g","contentUrl":"https:\/\/secure.gravatar.com\/avatar\/0cdd89f3b47bb55926c08eee2db992845cfdd53f84c9fdd47a49d89b3cd40c0a?s=96&d=mm&r=g","caption":"Hugo Nogueira"}}]}},"_links":{"self":[{"href":"https:\/\/www.gaveanews.com\/index.php\/wp-json\/wp\/v2\/posts\/83594","targetHints":{"allow":["GET"]}}],"collection":[{"href":"https:\/\/www.gaveanews.com\/index.php\/wp-json\/wp\/v2\/posts"}],"about":[{"href":"https:\/\/www.gaveanews.com\/index.php\/wp-json\/wp\/v2\/types\/post"}],"author":[{"embeddable":true,"href":"https:\/\/www.gaveanews.com\/index.php\/wp-json\/wp\/v2\/users\/2"}],"replies":[{"embeddable":true,"href":"https:\/\/www.gaveanews.com\/index.php\/wp-json\/wp\/v2\/comments?post=83594"}],"version-history":[{"count":0,"href":"https:\/\/www.gaveanews.com\/index.php\/wp-json\/wp\/v2\/posts\/83594\/revisions"}],"wp:featuredmedia":[{"embeddable":true,"href":"https:\/\/www.gaveanews.com\/index.php\/wp-json\/wp\/v2\/media\/83199"}],"wp:attachment":[{"href":"https:\/\/www.gaveanews.com\/index.php\/wp-json\/wp\/v2\/media?parent=83594"}],"wp:term":[{"taxonomy":"category","embeddable":true,"href":"https:\/\/www.gaveanews.com\/index.php\/wp-json\/wp\/v2\/categories?post=83594"},{"taxonomy":"post_tag","embeddable":true,"href":"https:\/\/www.gaveanews.com\/index.php\/wp-json\/wp\/v2\/tags?post=83594"}],"curies":[{"name":"wp","href":"https:\/\/api.w.org\/{rel}","templated":true}]}}