{"id":83731,"date":"2022-06-25T19:35:44","date_gmt":"2022-06-25T22:35:44","guid":{"rendered":"https:\/\/www.gaveanews.com\/?p=83731"},"modified":"2024-03-19T00:07:48","modified_gmt":"2024-03-19T03:07:48","slug":"flamengo-x-santos-dorival-junior-ganha-mais-um-desfalque","status":"publish","type":"post","link":"https:\/\/www.gaveanews.com\/index.php\/2022\/06\/25\/flamengo-x-santos-dorival-junior-ganha-mais-um-desfalque\/","title":{"rendered":"Flamengo x Santos: Dorival Junior ganha mais um desfalque"},"content":{"rendered":"<p>Na noite deste s\u00e1bado (25 de junho), o time do Flamengo recebeu a equipe do Am\u00e9rica-MG. O duelo, v\u00e1lido pela 14\u00aa rodada do Campeonato Brasileiro, foi disputado no est\u00e1dio do Maracan\u00e3. Todavia, antes mesmo da partida acabar, Dorival Junior recebeu a confirma\u00e7\u00e3o de mais um desfalque para o jogo contra o Santos.<\/p>\n<p>Isso porque, aos 16 minutos do primeiro tempo, o volante Jo\u00e3o Gomes cometeu uma falta, e foi punido com um cart\u00e3o amarelo pelo \u00e1rbitro Ramon Abatti Abel. Desta forma, ele ter\u00e1 que cumprir suspens\u00e3o autom\u00e1tica na pr\u00f3xima rodada.<\/p>\n<p>Al\u00e9m de Jo\u00e3o, Andreas, Matheuzinho e L\u00e1zaro tamb\u00e9m est\u00e3o pendurados. Vale destacar que Matheuzinho e L\u00e1zaro (at\u00e9 o momento da publica\u00e7\u00e3o desta mat\u00e9ria) est\u00e3o no banco de reservas a disposi\u00e7\u00e3o de Dorival.<\/p>\n<p>A partida entre Flamengo e Santos est\u00e1 agendada para o pr\u00f3ximo s\u00e1bado (02 de julho). Antes disso, o Mais Querido ir\u00e1 medir suas for\u00e7as contra o Tolima. O duelo das oitavas de final da Copa Libertadores ser\u00e1 disputado na Col\u00f4mbia na pr\u00f3xima quarta-feira (29).<\/p>\n","protected":false},"excerpt":{"rendered":"<p>Na noite deste s\u00e1bado (25 de junho), o time do Flamengo recebeu a equipe do Am\u00e9rica-MG. O duelo, v\u00e1lido pela 14\u00aa rodada do Campeonato Brasileiro, foi disputado no est\u00e1dio do Maracan\u00e3. Todavia, antes mesmo da partida acabar, Dorival Junior recebeu a confirma\u00e7\u00e3o de mais um desfalque para o jogo contra o Santos. Isso porque, aos [&hellip;]<\/p>\n","protected":false},"author":2,"featured_media":83411,"comment_status":"open","ping_status":"closed","sticky":false,"template":"","format":"standard","meta":{"footnotes":""},"categories":[1],"tags":[],"class_list":["post-83731","post","type-post","status-publish","format-standard","has-post-thumbnail","hentry","category-flamengo"],"yoast_head":"<!-- This site is optimized with the Yoast SEO Premium plugin v24.2 (Yoast SEO v26.9) - https:\/\/yoast.com\/product\/yoast-seo-premium-wordpress\/ -->\n<title>Flamengo x Santos: Dorival Junior ganha mais um desfalque<\/title>\n<meta name=\"robots\" content=\"index, follow, max-snippet:-1, max-image-preview:large, max-video-preview:-1\" \/>\n<link rel=\"canonical\" href=\"https:\/\/www.gaveanews.com\/index.php\/2022\/06\/25\/flamengo-x-santos-dorival-junior-ganha-mais-um-desfalque\/\" \/>\n<meta property=\"og:locale\" content=\"pt_BR\" \/>\n<meta property=\"og:type\" content=\"article\" \/>\n<meta property=\"og:title\" content=\"Flamengo x Santos: Dorival Junior ganha mais um desfalque\" \/>\n<meta property=\"og:description\" content=\"Na noite deste s\u00e1bado (25 de junho), o time do Flamengo recebeu a equipe do Am\u00e9rica-MG. O duelo, v\u00e1lido pela 14\u00aa rodada do Campeonato Brasileiro, foi disputado no est\u00e1dio do Maracan\u00e3. Todavia, antes mesmo da partida acabar, Dorival Junior recebeu a confirma\u00e7\u00e3o de mais um desfalque para o jogo contra o Santos. Isso porque, aos [&hellip;]\" \/>\n<meta property=\"og:url\" content=\"https:\/\/www.gaveanews.com\/index.php\/2022\/06\/25\/flamengo-x-santos-dorival-junior-ganha-mais-um-desfalque\/\" \/>\n<meta property=\"og:site_name\" content=\"G\u00e1vea News\" \/>\n<meta property=\"article:publisher\" content=\"https:\/\/facebook.com\/gaveaNews\/\" \/>\n<meta property=\"article:published_time\" content=\"2022-06-25T22:35:44+00:00\" \/>\n<meta property=\"article:modified_time\" content=\"2024-03-19T03:07:48+00:00\" \/>\n<meta property=\"og:image\" content=\"https:\/\/www.gaveanews.com\/wp-content\/uploads\/Joao-Gomes-em-acao-pelo-Flamengo-durante-o-jogo-contra-o-Atletico-MG-pelo-Campeonato-Brasileiro-de-2022.webp\" \/>\n\t<meta property=\"og:image:width\" content=\"799\" \/>\n\t<meta property=\"og:image:height\" content=\"533\" \/>\n\t<meta property=\"og:image:type\" content=\"image\/jpeg\" \/>\n<meta name=\"author\" content=\"Hugo Nogueira\" \/>\n<meta name=\"twitter:card\" content=\"summary_large_image\" \/>\n<meta name=\"twitter:label1\" content=\"Escrito por\" \/>\n\t<meta name=\"twitter:data1\" content=\"Hugo Nogueira\" \/>\n\t<meta name=\"twitter:label2\" content=\"Est. tempo de leitura\" \/>\n\t<meta name=\"twitter:data2\" content=\"1 minuto\" \/>\n<script type=\"application\/ld+json\" class=\"yoast-schema-graph\">{\"@context\":\"https:\/\/schema.org\",\"@graph\":[{\"@type\":\"NewsArticle\",\"@id\":\"https:\/\/www.gaveanews.com\/index.php\/2022\/06\/25\/flamengo-x-santos-dorival-junior-ganha-mais-um-desfalque\/#article\",\"isPartOf\":{\"@id\":\"https:\/\/www.gaveanews.com\/index.php\/2022\/06\/25\/flamengo-x-santos-dorival-junior-ganha-mais-um-desfalque\/\"},\"author\":{\"name\":\"Hugo Nogueira\",\"@id\":\"https:\/\/www.gaveanews.com\/#\/schema\/person\/3a0372021fabaeec4e7e4242cfa27841\"},\"headline\":\"Flamengo x Santos: Dorival Junior ganha mais um desfalque\",\"datePublished\":\"2022-06-25T22:35:44+00:00\",\"dateModified\":\"2024-03-19T03:07:48+00:00\",\"mainEntityOfPage\":{\"@id\":\"https:\/\/www.gaveanews.com\/index.php\/2022\/06\/25\/flamengo-x-santos-dorival-junior-ganha-mais-um-desfalque\/\"},\"wordCount\":195,\"commentCount\":0,\"image\":{\"@id\":\"https:\/\/www.gaveanews.com\/index.php\/2022\/06\/25\/flamengo-x-santos-dorival-junior-ganha-mais-um-desfalque\/#primaryimage\"},\"thumbnailUrl\":\"https:\/\/www.gaveanews.com\/wp-content\/uploads\/Joao-Gomes-em-acao-pelo-Flamengo-durante-o-jogo-contra-o-Atletico-MG-pelo-Campeonato-Brasileiro-de-2022.webp\",\"articleSection\":[\"Flamengo\"],\"inLanguage\":\"pt-BR\",\"potentialAction\":[{\"@type\":\"CommentAction\",\"name\":\"Comment\",\"target\":[\"https:\/\/www.gaveanews.com\/index.php\/2022\/06\/25\/flamengo-x-santos-dorival-junior-ganha-mais-um-desfalque\/#respond\"]}],\"copyrightYear\":\"2022\",\"copyrightHolder\":{\"@id\":\"https:\/\/www.gaveanews.com\/#organization\"}},{\"@type\":\"WebPage\",\"@id\":\"https:\/\/www.gaveanews.com\/index.php\/2022\/06\/25\/flamengo-x-santos-dorival-junior-ganha-mais-um-desfalque\/\",\"url\":\"https:\/\/www.gaveanews.com\/index.php\/2022\/06\/25\/flamengo-x-santos-dorival-junior-ganha-mais-um-desfalque\/\",\"name\":\"Flamengo x Santos: Dorival Junior ganha mais um desfalque\",\"isPartOf\":{\"@id\":\"https:\/\/www.gaveanews.com\/#website\"},\"primaryImageOfPage\":{\"@id\":\"https:\/\/www.gaveanews.com\/index.php\/2022\/06\/25\/flamengo-x-santos-dorival-junior-ganha-mais-um-desfalque\/#primaryimage\"},\"image\":{\"@id\":\"https:\/\/www.gaveanews.com\/index.php\/2022\/06\/25\/flamengo-x-santos-dorival-junior-ganha-mais-um-desfalque\/#primaryimage\"},\"thumbnailUrl\":\"https:\/\/www.gaveanews.com\/wp-content\/uploads\/Joao-Gomes-em-acao-pelo-Flamengo-durante-o-jogo-contra-o-Atletico-MG-pelo-Campeonato-Brasileiro-de-2022.webp\",\"datePublished\":\"2022-06-25T22:35:44+00:00\",\"dateModified\":\"2024-03-19T03:07:48+00:00\",\"author\":{\"@id\":\"https:\/\/www.gaveanews.com\/#\/schema\/person\/3a0372021fabaeec4e7e4242cfa27841\"},\"breadcrumb\":{\"@id\":\"https:\/\/www.gaveanews.com\/index.php\/2022\/06\/25\/flamengo-x-santos-dorival-junior-ganha-mais-um-desfalque\/#breadcrumb\"},\"inLanguage\":\"pt-BR\",\"potentialAction\":[{\"@type\":\"ReadAction\",\"target\":[\"https:\/\/www.gaveanews.com\/index.php\/2022\/06\/25\/flamengo-x-santos-dorival-junior-ganha-mais-um-desfalque\/\"]}]},{\"@type\":\"ImageObject\",\"inLanguage\":\"pt-BR\",\"@id\":\"https:\/\/www.gaveanews.com\/index.php\/2022\/06\/25\/flamengo-x-santos-dorival-junior-ganha-mais-um-desfalque\/#primaryimage\",\"url\":\"https:\/\/www.gaveanews.com\/wp-content\/uploads\/Joao-Gomes-em-acao-pelo-Flamengo-durante-o-jogo-contra-o-Atletico-MG-pelo-Campeonato-Brasileiro-de-2022.webp\",\"contentUrl\":\"https:\/\/www.gaveanews.com\/wp-content\/uploads\/Joao-Gomes-em-acao-pelo-Flamengo-durante-o-jogo-contra-o-Atletico-MG-pelo-Campeonato-Brasileiro-de-2022.webp\",\"width\":799,\"height\":533,\"caption\":\"Jo\u00e3o Gomes em a\u00e7\u00e3o pelo Flamengo durante o jogo contra o Atl\u00e9tico-MG pelo Campeonato Brasileiro de 2022 (Foto: Reprodu\u00e7\u00e3o\/Flamengo)\"},{\"@type\":\"BreadcrumbList\",\"@id\":\"https:\/\/www.gaveanews.com\/index.php\/2022\/06\/25\/flamengo-x-santos-dorival-junior-ganha-mais-um-desfalque\/#breadcrumb\",\"itemListElement\":[{\"@type\":\"ListItem\",\"position\":1,\"name\":\"Home\",\"item\":\"https:\/\/www.gaveanews.com\/\"},{\"@type\":\"ListItem\",\"position\":2,\"name\":\"Flamengo x Santos: Dorival Junior ganha mais um desfalque\"}]},{\"@type\":\"WebSite\",\"@id\":\"https:\/\/www.gaveanews.com\/#website\",\"url\":\"https:\/\/www.gaveanews.com\/\",\"name\":\"G\u00e1vea News\",\"description\":\"Veja todas as not\u00edcias sobre o Flamengo: Contrata\u00e7\u00f5es, categorias de base, resultados das partidas, tabela de classifica\u00e7\u00e3o, pr\u00f3ximos jogos!\",\"potentialAction\":[{\"@type\":\"SearchAction\",\"target\":{\"@type\":\"EntryPoint\",\"urlTemplate\":\"https:\/\/www.gaveanews.com\/?s={search_term_string}\"},\"query-input\":{\"@type\":\"PropertyValueSpecification\",\"valueRequired\":true,\"valueName\":\"search_term_string\"}}],\"inLanguage\":\"pt-BR\"},{\"@type\":\"Person\",\"@id\":\"https:\/\/www.gaveanews.com\/#\/schema\/person\/3a0372021fabaeec4e7e4242cfa27841\",\"name\":\"Hugo Nogueira\",\"image\":{\"@type\":\"ImageObject\",\"inLanguage\":\"pt-BR\",\"@id\":\"https:\/\/www.gaveanews.com\/#\/schema\/person\/image\/\",\"url\":\"https:\/\/secure.gravatar.com\/avatar\/0cdd89f3b47bb55926c08eee2db992845cfdd53f84c9fdd47a49d89b3cd40c0a?s=96&d=mm&r=g\",\"contentUrl\":\"https:\/\/secure.gravatar.com\/avatar\/0cdd89f3b47bb55926c08eee2db992845cfdd53f84c9fdd47a49d89b3cd40c0a?s=96&d=mm&r=g\",\"caption\":\"Hugo Nogueira\"}}]}<\/script>\n<!-- \/ Yoast SEO Premium plugin. -->","yoast_head_json":{"title":"Flamengo x Santos: Dorival Junior ganha mais um desfalque","robots":{"index":"index","follow":"follow","max-snippet":"max-snippet:-1","max-image-preview":"max-image-preview:large","max-video-preview":"max-video-preview:-1"},"canonical":"https:\/\/www.gaveanews.com\/index.php\/2022\/06\/25\/flamengo-x-santos-dorival-junior-ganha-mais-um-desfalque\/","og_locale":"pt_BR","og_type":"article","og_title":"Flamengo x Santos: Dorival Junior ganha mais um desfalque","og_description":"Na noite deste s\u00e1bado (25 de junho), o time do Flamengo recebeu a equipe do Am\u00e9rica-MG. O duelo, v\u00e1lido pela 14\u00aa rodada do Campeonato Brasileiro, foi disputado no est\u00e1dio do Maracan\u00e3. Todavia, antes mesmo da partida acabar, Dorival Junior recebeu a confirma\u00e7\u00e3o de mais um desfalque para o jogo contra o Santos. Isso porque, aos [&hellip;]","og_url":"https:\/\/www.gaveanews.com\/index.php\/2022\/06\/25\/flamengo-x-santos-dorival-junior-ganha-mais-um-desfalque\/","og_site_name":"G\u00e1vea News","article_publisher":"https:\/\/facebook.com\/gaveaNews\/","article_published_time":"2022-06-25T22:35:44+00:00","article_modified_time":"2024-03-19T03:07:48+00:00","og_image":[{"width":799,"height":533,"url":"https:\/\/www.gaveanews.com\/wp-content\/uploads\/Joao-Gomes-em-acao-pelo-Flamengo-durante-o-jogo-contra-o-Atletico-MG-pelo-Campeonato-Brasileiro-de-2022.webp","type":"image\/jpeg"}],"author":"Hugo Nogueira","twitter_card":"summary_large_image","twitter_misc":{"Escrito por":"Hugo Nogueira","Est. tempo de leitura":"1 minuto"},"schema":{"@context":"https:\/\/schema.org","@graph":[{"@type":"NewsArticle","@id":"https:\/\/www.gaveanews.com\/index.php\/2022\/06\/25\/flamengo-x-santos-dorival-junior-ganha-mais-um-desfalque\/#article","isPartOf":{"@id":"https:\/\/www.gaveanews.com\/index.php\/2022\/06\/25\/flamengo-x-santos-dorival-junior-ganha-mais-um-desfalque\/"},"author":{"name":"Hugo Nogueira","@id":"https:\/\/www.gaveanews.com\/#\/schema\/person\/3a0372021fabaeec4e7e4242cfa27841"},"headline":"Flamengo x Santos: Dorival Junior ganha mais um desfalque","datePublished":"2022-06-25T22:35:44+00:00","dateModified":"2024-03-19T03:07:48+00:00","mainEntityOfPage":{"@id":"https:\/\/www.gaveanews.com\/index.php\/2022\/06\/25\/flamengo-x-santos-dorival-junior-ganha-mais-um-desfalque\/"},"wordCount":195,"commentCount":0,"image":{"@id":"https:\/\/www.gaveanews.com\/index.php\/2022\/06\/25\/flamengo-x-santos-dorival-junior-ganha-mais-um-desfalque\/#primaryimage"},"thumbnailUrl":"https:\/\/www.gaveanews.com\/wp-content\/uploads\/Joao-Gomes-em-acao-pelo-Flamengo-durante-o-jogo-contra-o-Atletico-MG-pelo-Campeonato-Brasileiro-de-2022.webp","articleSection":["Flamengo"],"inLanguage":"pt-BR","potentialAction":[{"@type":"CommentAction","name":"Comment","target":["https:\/\/www.gaveanews.com\/index.php\/2022\/06\/25\/flamengo-x-santos-dorival-junior-ganha-mais-um-desfalque\/#respond"]}],"copyrightYear":"2022","copyrightHolder":{"@id":"https:\/\/www.gaveanews.com\/#organization"}},{"@type":"WebPage","@id":"https:\/\/www.gaveanews.com\/index.php\/2022\/06\/25\/flamengo-x-santos-dorival-junior-ganha-mais-um-desfalque\/","url":"https:\/\/www.gaveanews.com\/index.php\/2022\/06\/25\/flamengo-x-santos-dorival-junior-ganha-mais-um-desfalque\/","name":"Flamengo x Santos: Dorival Junior ganha mais um desfalque","isPartOf":{"@id":"https:\/\/www.gaveanews.com\/#website"},"primaryImageOfPage":{"@id":"https:\/\/www.gaveanews.com\/index.php\/2022\/06\/25\/flamengo-x-santos-dorival-junior-ganha-mais-um-desfalque\/#primaryimage"},"image":{"@id":"https:\/\/www.gaveanews.com\/index.php\/2022\/06\/25\/flamengo-x-santos-dorival-junior-ganha-mais-um-desfalque\/#primaryimage"},"thumbnailUrl":"https:\/\/www.gaveanews.com\/wp-content\/uploads\/Joao-Gomes-em-acao-pelo-Flamengo-durante-o-jogo-contra-o-Atletico-MG-pelo-Campeonato-Brasileiro-de-2022.webp","datePublished":"2022-06-25T22:35:44+00:00","dateModified":"2024-03-19T03:07:48+00:00","author":{"@id":"https:\/\/www.gaveanews.com\/#\/schema\/person\/3a0372021fabaeec4e7e4242cfa27841"},"breadcrumb":{"@id":"https:\/\/www.gaveanews.com\/index.php\/2022\/06\/25\/flamengo-x-santos-dorival-junior-ganha-mais-um-desfalque\/#breadcrumb"},"inLanguage":"pt-BR","potentialAction":[{"@type":"ReadAction","target":["https:\/\/www.gaveanews.com\/index.php\/2022\/06\/25\/flamengo-x-santos-dorival-junior-ganha-mais-um-desfalque\/"]}]},{"@type":"ImageObject","inLanguage":"pt-BR","@id":"https:\/\/www.gaveanews.com\/index.php\/2022\/06\/25\/flamengo-x-santos-dorival-junior-ganha-mais-um-desfalque\/#primaryimage","url":"https:\/\/www.gaveanews.com\/wp-content\/uploads\/Joao-Gomes-em-acao-pelo-Flamengo-durante-o-jogo-contra-o-Atletico-MG-pelo-Campeonato-Brasileiro-de-2022.webp","contentUrl":"https:\/\/www.gaveanews.com\/wp-content\/uploads\/Joao-Gomes-em-acao-pelo-Flamengo-durante-o-jogo-contra-o-Atletico-MG-pelo-Campeonato-Brasileiro-de-2022.webp","width":799,"height":533,"caption":"Jo\u00e3o Gomes em a\u00e7\u00e3o pelo Flamengo durante o jogo contra o Atl\u00e9tico-MG pelo Campeonato Brasileiro de 2022 (Foto: Reprodu\u00e7\u00e3o\/Flamengo)"},{"@type":"BreadcrumbList","@id":"https:\/\/www.gaveanews.com\/index.php\/2022\/06\/25\/flamengo-x-santos-dorival-junior-ganha-mais-um-desfalque\/#breadcrumb","itemListElement":[{"@type":"ListItem","position":1,"name":"Home","item":"https:\/\/www.gaveanews.com\/"},{"@type":"ListItem","position":2,"name":"Flamengo x Santos: Dorival Junior ganha mais um desfalque"}]},{"@type":"WebSite","@id":"https:\/\/www.gaveanews.com\/#website","url":"https:\/\/www.gaveanews.com\/","name":"G\u00e1vea News","description":"Veja todas as not\u00edcias sobre o Flamengo: Contrata\u00e7\u00f5es, categorias de base, resultados das partidas, tabela de classifica\u00e7\u00e3o, pr\u00f3ximos jogos!","potentialAction":[{"@type":"SearchAction","target":{"@type":"EntryPoint","urlTemplate":"https:\/\/www.gaveanews.com\/?s={search_term_string}"},"query-input":{"@type":"PropertyValueSpecification","valueRequired":true,"valueName":"search_term_string"}}],"inLanguage":"pt-BR"},{"@type":"Person","@id":"https:\/\/www.gaveanews.com\/#\/schema\/person\/3a0372021fabaeec4e7e4242cfa27841","name":"Hugo Nogueira","image":{"@type":"ImageObject","inLanguage":"pt-BR","@id":"https:\/\/www.gaveanews.com\/#\/schema\/person\/image\/","url":"https:\/\/secure.gravatar.com\/avatar\/0cdd89f3b47bb55926c08eee2db992845cfdd53f84c9fdd47a49d89b3cd40c0a?s=96&d=mm&r=g","contentUrl":"https:\/\/secure.gravatar.com\/avatar\/0cdd89f3b47bb55926c08eee2db992845cfdd53f84c9fdd47a49d89b3cd40c0a?s=96&d=mm&r=g","caption":"Hugo Nogueira"}}]}},"_links":{"self":[{"href":"https:\/\/www.gaveanews.com\/index.php\/wp-json\/wp\/v2\/posts\/83731","targetHints":{"allow":["GET"]}}],"collection":[{"href":"https:\/\/www.gaveanews.com\/index.php\/wp-json\/wp\/v2\/posts"}],"about":[{"href":"https:\/\/www.gaveanews.com\/index.php\/wp-json\/wp\/v2\/types\/post"}],"author":[{"embeddable":true,"href":"https:\/\/www.gaveanews.com\/index.php\/wp-json\/wp\/v2\/users\/2"}],"replies":[{"embeddable":true,"href":"https:\/\/www.gaveanews.com\/index.php\/wp-json\/wp\/v2\/comments?post=83731"}],"version-history":[{"count":1,"href":"https:\/\/www.gaveanews.com\/index.php\/wp-json\/wp\/v2\/posts\/83731\/revisions"}],"predecessor-version":[{"id":129757,"href":"https:\/\/www.gaveanews.com\/index.php\/wp-json\/wp\/v2\/posts\/83731\/revisions\/129757"}],"wp:featuredmedia":[{"embeddable":true,"href":"https:\/\/www.gaveanews.com\/index.php\/wp-json\/wp\/v2\/media\/83411"}],"wp:attachment":[{"href":"https:\/\/www.gaveanews.com\/index.php\/wp-json\/wp\/v2\/media?parent=83731"}],"wp:term":[{"taxonomy":"category","embeddable":true,"href":"https:\/\/www.gaveanews.com\/index.php\/wp-json\/wp\/v2\/categories?post=83731"},{"taxonomy":"post_tag","embeddable":true,"href":"https:\/\/www.gaveanews.com\/index.php\/wp-json\/wp\/v2\/tags?post=83731"}],"curies":[{"name":"wp","href":"https:\/\/api.w.org\/{rel}","templated":true}]}}