{"id":83746,"date":"2022-06-25T23:42:32","date_gmt":"2022-06-26T02:42:32","guid":{"rendered":"https:\/\/www.gaveanews.com\/?p=83746"},"modified":"2022-06-25T23:42:32","modified_gmt":"2022-06-26T02:42:32","slug":"video-gabigol-fala-sobre-vaias-da-torcida-do-flamengo","status":"publish","type":"post","link":"https:\/\/www.gaveanews.com\/index.php\/2022\/06\/25\/video-gabigol-fala-sobre-vaias-da-torcida-do-flamengo\/","title":{"rendered":"V\u00eddeo: Gabigol fala sobre vaias da torcida do Flamengo"},"content":{"rendered":"<p>Apesar de ter marcado um dos gols da vit\u00f3ria do Flamengo sobre o Am\u00e9rica-MG, Gabigol saiu de campo vaiado pela torcida Rubro-Negra ao ser substitu\u00eddo. Isso porque, o atacante desperdi\u00e7ou duas boas chances e ainda perdeu um p\u00eanalti. Depois do jogo, em entrevista na zona mista, Gabi brincou sobre o assunto.<\/p>\n<p>\u2014 <em>Briga, mas dorme junto. Depois que briga faz amor mais gostoso (risos)<\/em>, declarou Gabigol na zona mista.<\/p>\n<blockquote class=\"twitter-tweet\" data-width=\"550\" data-dnt=\"true\">\n<p lang=\"pt\" dir=\"ltr\">Gabigol falou sobre o casamento com a torcida do <a href=\"https:\/\/twitter.com\/hashtag\/Flamengo?src=hash&amp;ref_src=twsrc%5Etfw\">#Flamengo<\/a>. Perguntei ao atacante sobre a sua rela\u00e7\u00e3o com os torcedores e as vaias e ele respondeu: \u201cBriga, mas dorme junto!\u201d <a href=\"https:\/\/t.co\/M7V51qR80Y\">pic.twitter.com\/M7V51qR80Y<\/a><\/p>\n<p>&mdash; Isabelle Costa (@bellexcosta) <a href=\"https:\/\/twitter.com\/bellexcosta\/status\/1540858600402427907?ref_src=twsrc%5Etfw\">June 26, 2022<\/a><\/p><\/blockquote>\n<p><script async src=\"https:\/\/platform.twitter.com\/widgets.js\" charset=\"utf-8\"><\/script><\/p>\n<p>Gabi vinha sendo criticado pela escassez de gols na temporada, principalmente no Brasileir\u00e3o. Nos \u00faltimos dois jogos, o atacante n\u00e3o havia chutado uma bola no gol, o que aumentou ainda mais as reclama\u00e7\u00f5es. As vaias, no entanto, foram abafadas por aplausos da maioria do est\u00e1dio.<\/p>\n<p>O Mais Querido, agora, volta a campo na pr\u00f3xima quarta-feira. O Rubro-Negro vira a chavinha para a Libertadores, quando enfrenta o Tolima pelo primeiro jogo das oitavas de final da Libertadores.<\/p>\n<p>Retirado de: Di\u00e1rio do Fla<\/p>\n","protected":false},"excerpt":{"rendered":"<p>Apesar de ter marcado um dos gols da vit\u00f3ria do Flamengo sobre o Am\u00e9rica-MG, Gabigol saiu de campo vaiado pela torcida Rubro-Negra ao ser substitu\u00eddo. Isso porque, o atacante desperdi\u00e7ou duas boas chances e ainda perdeu um p\u00eanalti. Depois do jogo, em entrevista na zona mista, Gabi brincou sobre o assunto. \u2014 Briga, mas dorme [&hellip;]<\/p>\n","protected":false},"author":1,"featured_media":83617,"comment_status":"open","ping_status":"closed","sticky":false,"template":"","format":"standard","meta":{"footnotes":""},"categories":[40],"tags":[],"class_list":["post-83746","post","type-post","status-publish","format-standard","has-post-thumbnail","hentry","category-video"],"yoast_head":"<!-- This site is optimized with the Yoast SEO Premium plugin v24.2 (Yoast SEO v26.9) - https:\/\/yoast.com\/product\/yoast-seo-premium-wordpress\/ -->\n<title>V\u00eddeo: Gabigol fala sobre vaias da torcida do Flamengo<\/title>\n<meta name=\"robots\" content=\"index, follow, max-snippet:-1, max-image-preview:large, max-video-preview:-1\" \/>\n<link rel=\"canonical\" href=\"https:\/\/www.gaveanews.com\/index.php\/2022\/06\/25\/video-gabigol-fala-sobre-vaias-da-torcida-do-flamengo\/\" \/>\n<meta property=\"og:locale\" content=\"pt_BR\" \/>\n<meta property=\"og:type\" content=\"article\" \/>\n<meta property=\"og:title\" content=\"V\u00eddeo: Gabigol fala sobre vaias da torcida do Flamengo\" \/>\n<meta property=\"og:description\" content=\"Apesar de ter marcado um dos gols da vit\u00f3ria do Flamengo sobre o Am\u00e9rica-MG, Gabigol saiu de campo vaiado pela torcida Rubro-Negra ao ser substitu\u00eddo. Isso porque, o atacante desperdi\u00e7ou duas boas chances e ainda perdeu um p\u00eanalti. Depois do jogo, em entrevista na zona mista, Gabi brincou sobre o assunto. \u2014 Briga, mas dorme [&hellip;]\" \/>\n<meta property=\"og:url\" content=\"https:\/\/www.gaveanews.com\/index.php\/2022\/06\/25\/video-gabigol-fala-sobre-vaias-da-torcida-do-flamengo\/\" \/>\n<meta property=\"og:site_name\" content=\"G\u00e1vea News\" \/>\n<meta property=\"article:publisher\" content=\"https:\/\/facebook.com\/gaveaNews\/\" \/>\n<meta property=\"article:published_time\" content=\"2022-06-26T02:42:32+00:00\" \/>\n<meta property=\"og:image\" content=\"https:\/\/www.gaveanews.com\/wp-content\/uploads\/Gabigol-em-jogo-do-Flamengo-contra-o-Atletico-MG-pela-Copa-do-Brasil.webp\" \/>\n\t<meta property=\"og:image:width\" content=\"800\" \/>\n\t<meta property=\"og:image:height\" content=\"533\" \/>\n\t<meta property=\"og:image:type\" content=\"image\/jpeg\" \/>\n<meta name=\"author\" content=\"Equipe G\u00e1vea News\" \/>\n<meta name=\"twitter:card\" content=\"summary_large_image\" \/>\n<meta name=\"twitter:label1\" content=\"Escrito por\" \/>\n\t<meta name=\"twitter:data1\" content=\"Equipe G\u00e1vea News\" \/>\n\t<meta name=\"twitter:label2\" content=\"Est. tempo de leitura\" \/>\n\t<meta name=\"twitter:data2\" content=\"1 minuto\" \/>\n<script type=\"application\/ld+json\" class=\"yoast-schema-graph\">{\"@context\":\"https:\/\/schema.org\",\"@graph\":[{\"@type\":\"NewsArticle\",\"@id\":\"https:\/\/www.gaveanews.com\/index.php\/2022\/06\/25\/video-gabigol-fala-sobre-vaias-da-torcida-do-flamengo\/#article\",\"isPartOf\":{\"@id\":\"https:\/\/www.gaveanews.com\/index.php\/2022\/06\/25\/video-gabigol-fala-sobre-vaias-da-torcida-do-flamengo\/\"},\"author\":{\"name\":\"Equipe G\u00e1vea News\",\"@id\":\"https:\/\/www.gaveanews.com\/#\/schema\/person\/2ec14f73fb96be2caf28f91afb14749d\"},\"headline\":\"V\u00eddeo: Gabigol fala sobre vaias da torcida do Flamengo\",\"datePublished\":\"2022-06-26T02:42:32+00:00\",\"mainEntityOfPage\":{\"@id\":\"https:\/\/www.gaveanews.com\/index.php\/2022\/06\/25\/video-gabigol-fala-sobre-vaias-da-torcida-do-flamengo\/\"},\"wordCount\":198,\"commentCount\":0,\"image\":{\"@id\":\"https:\/\/www.gaveanews.com\/index.php\/2022\/06\/25\/video-gabigol-fala-sobre-vaias-da-torcida-do-flamengo\/#primaryimage\"},\"thumbnailUrl\":\"https:\/\/www.gaveanews.com\/wp-content\/uploads\/Gabigol-em-jogo-do-Flamengo-contra-o-Atletico-MG-pela-Copa-do-Brasil.webp\",\"articleSection\":[\"V\u00eddeos\"],\"inLanguage\":\"pt-BR\",\"potentialAction\":[{\"@type\":\"CommentAction\",\"name\":\"Comment\",\"target\":[\"https:\/\/www.gaveanews.com\/index.php\/2022\/06\/25\/video-gabigol-fala-sobre-vaias-da-torcida-do-flamengo\/#respond\"]}],\"copyrightYear\":\"2022\",\"copyrightHolder\":{\"@id\":\"https:\/\/www.gaveanews.com\/#organization\"}},{\"@type\":\"WebPage\",\"@id\":\"https:\/\/www.gaveanews.com\/index.php\/2022\/06\/25\/video-gabigol-fala-sobre-vaias-da-torcida-do-flamengo\/\",\"url\":\"https:\/\/www.gaveanews.com\/index.php\/2022\/06\/25\/video-gabigol-fala-sobre-vaias-da-torcida-do-flamengo\/\",\"name\":\"V\u00eddeo: Gabigol fala sobre vaias da torcida do Flamengo\",\"isPartOf\":{\"@id\":\"https:\/\/www.gaveanews.com\/#website\"},\"primaryImageOfPage\":{\"@id\":\"https:\/\/www.gaveanews.com\/index.php\/2022\/06\/25\/video-gabigol-fala-sobre-vaias-da-torcida-do-flamengo\/#primaryimage\"},\"image\":{\"@id\":\"https:\/\/www.gaveanews.com\/index.php\/2022\/06\/25\/video-gabigol-fala-sobre-vaias-da-torcida-do-flamengo\/#primaryimage\"},\"thumbnailUrl\":\"https:\/\/www.gaveanews.com\/wp-content\/uploads\/Gabigol-em-jogo-do-Flamengo-contra-o-Atletico-MG-pela-Copa-do-Brasil.webp\",\"datePublished\":\"2022-06-26T02:42:32+00:00\",\"author\":{\"@id\":\"https:\/\/www.gaveanews.com\/#\/schema\/person\/2ec14f73fb96be2caf28f91afb14749d\"},\"breadcrumb\":{\"@id\":\"https:\/\/www.gaveanews.com\/index.php\/2022\/06\/25\/video-gabigol-fala-sobre-vaias-da-torcida-do-flamengo\/#breadcrumb\"},\"inLanguage\":\"pt-BR\",\"potentialAction\":[{\"@type\":\"ReadAction\",\"target\":[\"https:\/\/www.gaveanews.com\/index.php\/2022\/06\/25\/video-gabigol-fala-sobre-vaias-da-torcida-do-flamengo\/\"]}]},{\"@type\":\"ImageObject\",\"inLanguage\":\"pt-BR\",\"@id\":\"https:\/\/www.gaveanews.com\/index.php\/2022\/06\/25\/video-gabigol-fala-sobre-vaias-da-torcida-do-flamengo\/#primaryimage\",\"url\":\"https:\/\/www.gaveanews.com\/wp-content\/uploads\/Gabigol-em-jogo-do-Flamengo-contra-o-Atletico-MG-pela-Copa-do-Brasil.webp\",\"contentUrl\":\"https:\/\/www.gaveanews.com\/wp-content\/uploads\/Gabigol-em-jogo-do-Flamengo-contra-o-Atletico-MG-pela-Copa-do-Brasil.webp\",\"width\":800,\"height\":533,\"caption\":\"Gabigol em jogo do Flamengo contra o Atl\u00e9tico-MG pela Copa do Brasil (Foto: Marcelo Cortes\/Flamengo)\"},{\"@type\":\"BreadcrumbList\",\"@id\":\"https:\/\/www.gaveanews.com\/index.php\/2022\/06\/25\/video-gabigol-fala-sobre-vaias-da-torcida-do-flamengo\/#breadcrumb\",\"itemListElement\":[{\"@type\":\"ListItem\",\"position\":1,\"name\":\"Home\",\"item\":\"https:\/\/www.gaveanews.com\/\"},{\"@type\":\"ListItem\",\"position\":2,\"name\":\"V\u00eddeo: Gabigol fala sobre vaias da torcida do Flamengo\"}]},{\"@type\":\"WebSite\",\"@id\":\"https:\/\/www.gaveanews.com\/#website\",\"url\":\"https:\/\/www.gaveanews.com\/\",\"name\":\"G\u00e1vea News\",\"description\":\"Veja todas as not\u00edcias sobre o Flamengo: Contrata\u00e7\u00f5es, categorias de base, resultados das partidas, tabela de classifica\u00e7\u00e3o, pr\u00f3ximos jogos!\",\"potentialAction\":[{\"@type\":\"SearchAction\",\"target\":{\"@type\":\"EntryPoint\",\"urlTemplate\":\"https:\/\/www.gaveanews.com\/?s={search_term_string}\"},\"query-input\":{\"@type\":\"PropertyValueSpecification\",\"valueRequired\":true,\"valueName\":\"search_term_string\"}}],\"inLanguage\":\"pt-BR\"},{\"@type\":\"Person\",\"@id\":\"https:\/\/www.gaveanews.com\/#\/schema\/person\/2ec14f73fb96be2caf28f91afb14749d\",\"name\":\"Equipe G\u00e1vea News\",\"image\":{\"@type\":\"ImageObject\",\"inLanguage\":\"pt-BR\",\"@id\":\"https:\/\/www.gaveanews.com\/#\/schema\/person\/image\/\",\"url\":\"https:\/\/secure.gravatar.com\/avatar\/1e1956f1facbffd3f8fa53a326721950116b3b9dc9bd44939c01180fd4a745a9?s=96&d=mm&r=g\",\"contentUrl\":\"https:\/\/secure.gravatar.com\/avatar\/1e1956f1facbffd3f8fa53a326721950116b3b9dc9bd44939c01180fd4a745a9?s=96&d=mm&r=g\",\"caption\":\"Equipe G\u00e1vea News\"}}]}<\/script>\n<!-- \/ Yoast SEO Premium plugin. -->","yoast_head_json":{"title":"V\u00eddeo: Gabigol fala sobre vaias da torcida do Flamengo","robots":{"index":"index","follow":"follow","max-snippet":"max-snippet:-1","max-image-preview":"max-image-preview:large","max-video-preview":"max-video-preview:-1"},"canonical":"https:\/\/www.gaveanews.com\/index.php\/2022\/06\/25\/video-gabigol-fala-sobre-vaias-da-torcida-do-flamengo\/","og_locale":"pt_BR","og_type":"article","og_title":"V\u00eddeo: Gabigol fala sobre vaias da torcida do Flamengo","og_description":"Apesar de ter marcado um dos gols da vit\u00f3ria do Flamengo sobre o Am\u00e9rica-MG, Gabigol saiu de campo vaiado pela torcida Rubro-Negra ao ser substitu\u00eddo. Isso porque, o atacante desperdi\u00e7ou duas boas chances e ainda perdeu um p\u00eanalti. Depois do jogo, em entrevista na zona mista, Gabi brincou sobre o assunto. \u2014 Briga, mas dorme [&hellip;]","og_url":"https:\/\/www.gaveanews.com\/index.php\/2022\/06\/25\/video-gabigol-fala-sobre-vaias-da-torcida-do-flamengo\/","og_site_name":"G\u00e1vea News","article_publisher":"https:\/\/facebook.com\/gaveaNews\/","article_published_time":"2022-06-26T02:42:32+00:00","og_image":[{"width":800,"height":533,"url":"https:\/\/www.gaveanews.com\/wp-content\/uploads\/Gabigol-em-jogo-do-Flamengo-contra-o-Atletico-MG-pela-Copa-do-Brasil.webp","type":"image\/jpeg"}],"author":"Equipe G\u00e1vea News","twitter_card":"summary_large_image","twitter_misc":{"Escrito por":"Equipe G\u00e1vea News","Est. tempo de leitura":"1 minuto"},"schema":{"@context":"https:\/\/schema.org","@graph":[{"@type":"NewsArticle","@id":"https:\/\/www.gaveanews.com\/index.php\/2022\/06\/25\/video-gabigol-fala-sobre-vaias-da-torcida-do-flamengo\/#article","isPartOf":{"@id":"https:\/\/www.gaveanews.com\/index.php\/2022\/06\/25\/video-gabigol-fala-sobre-vaias-da-torcida-do-flamengo\/"},"author":{"name":"Equipe G\u00e1vea News","@id":"https:\/\/www.gaveanews.com\/#\/schema\/person\/2ec14f73fb96be2caf28f91afb14749d"},"headline":"V\u00eddeo: Gabigol fala sobre vaias da torcida do Flamengo","datePublished":"2022-06-26T02:42:32+00:00","mainEntityOfPage":{"@id":"https:\/\/www.gaveanews.com\/index.php\/2022\/06\/25\/video-gabigol-fala-sobre-vaias-da-torcida-do-flamengo\/"},"wordCount":198,"commentCount":0,"image":{"@id":"https:\/\/www.gaveanews.com\/index.php\/2022\/06\/25\/video-gabigol-fala-sobre-vaias-da-torcida-do-flamengo\/#primaryimage"},"thumbnailUrl":"https:\/\/www.gaveanews.com\/wp-content\/uploads\/Gabigol-em-jogo-do-Flamengo-contra-o-Atletico-MG-pela-Copa-do-Brasil.webp","articleSection":["V\u00eddeos"],"inLanguage":"pt-BR","potentialAction":[{"@type":"CommentAction","name":"Comment","target":["https:\/\/www.gaveanews.com\/index.php\/2022\/06\/25\/video-gabigol-fala-sobre-vaias-da-torcida-do-flamengo\/#respond"]}],"copyrightYear":"2022","copyrightHolder":{"@id":"https:\/\/www.gaveanews.com\/#organization"}},{"@type":"WebPage","@id":"https:\/\/www.gaveanews.com\/index.php\/2022\/06\/25\/video-gabigol-fala-sobre-vaias-da-torcida-do-flamengo\/","url":"https:\/\/www.gaveanews.com\/index.php\/2022\/06\/25\/video-gabigol-fala-sobre-vaias-da-torcida-do-flamengo\/","name":"V\u00eddeo: Gabigol fala sobre vaias da torcida do Flamengo","isPartOf":{"@id":"https:\/\/www.gaveanews.com\/#website"},"primaryImageOfPage":{"@id":"https:\/\/www.gaveanews.com\/index.php\/2022\/06\/25\/video-gabigol-fala-sobre-vaias-da-torcida-do-flamengo\/#primaryimage"},"image":{"@id":"https:\/\/www.gaveanews.com\/index.php\/2022\/06\/25\/video-gabigol-fala-sobre-vaias-da-torcida-do-flamengo\/#primaryimage"},"thumbnailUrl":"https:\/\/www.gaveanews.com\/wp-content\/uploads\/Gabigol-em-jogo-do-Flamengo-contra-o-Atletico-MG-pela-Copa-do-Brasil.webp","datePublished":"2022-06-26T02:42:32+00:00","author":{"@id":"https:\/\/www.gaveanews.com\/#\/schema\/person\/2ec14f73fb96be2caf28f91afb14749d"},"breadcrumb":{"@id":"https:\/\/www.gaveanews.com\/index.php\/2022\/06\/25\/video-gabigol-fala-sobre-vaias-da-torcida-do-flamengo\/#breadcrumb"},"inLanguage":"pt-BR","potentialAction":[{"@type":"ReadAction","target":["https:\/\/www.gaveanews.com\/index.php\/2022\/06\/25\/video-gabigol-fala-sobre-vaias-da-torcida-do-flamengo\/"]}]},{"@type":"ImageObject","inLanguage":"pt-BR","@id":"https:\/\/www.gaveanews.com\/index.php\/2022\/06\/25\/video-gabigol-fala-sobre-vaias-da-torcida-do-flamengo\/#primaryimage","url":"https:\/\/www.gaveanews.com\/wp-content\/uploads\/Gabigol-em-jogo-do-Flamengo-contra-o-Atletico-MG-pela-Copa-do-Brasil.webp","contentUrl":"https:\/\/www.gaveanews.com\/wp-content\/uploads\/Gabigol-em-jogo-do-Flamengo-contra-o-Atletico-MG-pela-Copa-do-Brasil.webp","width":800,"height":533,"caption":"Gabigol em jogo do Flamengo contra o Atl\u00e9tico-MG pela Copa do Brasil (Foto: Marcelo Cortes\/Flamengo)"},{"@type":"BreadcrumbList","@id":"https:\/\/www.gaveanews.com\/index.php\/2022\/06\/25\/video-gabigol-fala-sobre-vaias-da-torcida-do-flamengo\/#breadcrumb","itemListElement":[{"@type":"ListItem","position":1,"name":"Home","item":"https:\/\/www.gaveanews.com\/"},{"@type":"ListItem","position":2,"name":"V\u00eddeo: Gabigol fala sobre vaias da torcida do Flamengo"}]},{"@type":"WebSite","@id":"https:\/\/www.gaveanews.com\/#website","url":"https:\/\/www.gaveanews.com\/","name":"G\u00e1vea News","description":"Veja todas as not\u00edcias sobre o Flamengo: Contrata\u00e7\u00f5es, categorias de base, resultados das partidas, tabela de classifica\u00e7\u00e3o, pr\u00f3ximos jogos!","potentialAction":[{"@type":"SearchAction","target":{"@type":"EntryPoint","urlTemplate":"https:\/\/www.gaveanews.com\/?s={search_term_string}"},"query-input":{"@type":"PropertyValueSpecification","valueRequired":true,"valueName":"search_term_string"}}],"inLanguage":"pt-BR"},{"@type":"Person","@id":"https:\/\/www.gaveanews.com\/#\/schema\/person\/2ec14f73fb96be2caf28f91afb14749d","name":"Equipe G\u00e1vea News","image":{"@type":"ImageObject","inLanguage":"pt-BR","@id":"https:\/\/www.gaveanews.com\/#\/schema\/person\/image\/","url":"https:\/\/secure.gravatar.com\/avatar\/1e1956f1facbffd3f8fa53a326721950116b3b9dc9bd44939c01180fd4a745a9?s=96&d=mm&r=g","contentUrl":"https:\/\/secure.gravatar.com\/avatar\/1e1956f1facbffd3f8fa53a326721950116b3b9dc9bd44939c01180fd4a745a9?s=96&d=mm&r=g","caption":"Equipe G\u00e1vea News"}}]}},"_links":{"self":[{"href":"https:\/\/www.gaveanews.com\/index.php\/wp-json\/wp\/v2\/posts\/83746","targetHints":{"allow":["GET"]}}],"collection":[{"href":"https:\/\/www.gaveanews.com\/index.php\/wp-json\/wp\/v2\/posts"}],"about":[{"href":"https:\/\/www.gaveanews.com\/index.php\/wp-json\/wp\/v2\/types\/post"}],"author":[{"embeddable":true,"href":"https:\/\/www.gaveanews.com\/index.php\/wp-json\/wp\/v2\/users\/1"}],"replies":[{"embeddable":true,"href":"https:\/\/www.gaveanews.com\/index.php\/wp-json\/wp\/v2\/comments?post=83746"}],"version-history":[{"count":0,"href":"https:\/\/www.gaveanews.com\/index.php\/wp-json\/wp\/v2\/posts\/83746\/revisions"}],"wp:featuredmedia":[{"embeddable":true,"href":"https:\/\/www.gaveanews.com\/index.php\/wp-json\/wp\/v2\/media\/83617"}],"wp:attachment":[{"href":"https:\/\/www.gaveanews.com\/index.php\/wp-json\/wp\/v2\/media?parent=83746"}],"wp:term":[{"taxonomy":"category","embeddable":true,"href":"https:\/\/www.gaveanews.com\/index.php\/wp-json\/wp\/v2\/categories?post=83746"},{"taxonomy":"post_tag","embeddable":true,"href":"https:\/\/www.gaveanews.com\/index.php\/wp-json\/wp\/v2\/tags?post=83746"}],"curies":[{"name":"wp","href":"https:\/\/api.w.org\/{rel}","templated":true}]}}