{"id":83827,"date":"2022-06-27T16:01:57","date_gmt":"2022-06-27T19:01:57","guid":{"rendered":"https:\/\/www.gaveanews.com\/?p=83827"},"modified":"2024-03-19T00:07:45","modified_gmt":"2024-03-19T03:07:45","slug":"tolima-x-flamengo-rodrigo-caio-bruno-henrique-diego-alves-joao-gomes-willian-arao-fabricio-bruno-matheus-franca-daniel-cabral-kaua-e-matheus-cunha-serao-os-desfalques-do-rubro-negro","status":"publish","type":"post","link":"https:\/\/www.gaveanews.com\/index.php\/2022\/06\/27\/tolima-x-flamengo-rodrigo-caio-bruno-henrique-diego-alves-joao-gomes-willian-arao-fabricio-bruno-matheus-franca-daniel-cabral-kaua-e-matheus-cunha-serao-os-desfalques-do-rubro-negro\/","title":{"rendered":"Tolima x Flamengo: Rodrigo Caio, Bruno Henrique, Diego Alves, Jo\u00e3o Gomes, Willian Ar\u00e3o, Fabr\u00edcio Bruno, Matheus Fran\u00e7a, Daniel Cabral, Kau\u00e3 e Matheus Cunha ser\u00e3o os desfalques do Rubro-Negro"},"content":{"rendered":"<p>O elenco rubro-negro viaja rumo ao seu pr\u00f3ximo desafio nesta segunda-feira (27). Ap\u00f3s vencer e convencer contra o Am\u00e9rica-MG, o Mais Querido enfrenta o Tolima no jogo de ida pelas oitavas de final da Libertadores.<\/p>\n<p>Mas a delega\u00e7\u00e3o ter\u00e1 uma s\u00e9rie de imprevistos para este compromisso. Seguindo o protocolo de viagens internacionais, o Flamengo realizou testes de Covid em todos os seus jogadores. E desta vez uma longa lista de nomes teve resultado positivo.<\/p>\n<p>Ao todo s\u00e3o seis atletas com testes positivados. S\u00e3o eles: Diego Alves, Matheus Cunha, Kau\u00e3, Fabr\u00edcio Bruno, Willian Ar\u00e3o e Matheus Fran\u00e7a.<\/p>\n<p>Junto a eles, Daniel Cabral n\u00e3o chegou a receber o resultado positivo, mas est\u00e1 com sintomas de Covid e ficou no Rio e Janeiro por precau\u00e7\u00e3o. Rodrigo Caio sentiu dores musculares e tamb\u00e9m foi vetado da viagem.<\/p>\n<p>Mas vale lembrar que estes n\u00e3o s\u00e3o os \u00fanicos desfalques da equipe. Jo\u00e3o Gomes e Bruno Henrique tamb\u00e9m ficaram no Rio de Janeiro. O volante est\u00e1 suspenso pelo excesso de cart\u00f5es amarelos, <a href=\"https:\/\/www.gaveanews.com\/index.php\/2022\/06\/26\/bruno-henrique-manda-recado-para-a-torcida-do-flamengo\/\">enquanto o atacante se recupera de cirurgia<\/a>.<\/p>\n<p>Desta forma a equipe embarca para a Col\u00f4mbia com nada menos do que dez desfalques: oito por conta da Covid, um suspenso e um lesionado.<\/p>\n<p>A boa not\u00edcia \u00e9 que David Luiz se recuperou e est\u00e1 de volta \u00e0 lista de relacionados. Vale ressaltar ainda que os jogadores com teste positivo far\u00e3o nova testagem amanh\u00e3, e se o resultado der negativo eles rumar\u00e3o \u00e0 Col\u00f4mbia.<\/p>\n<p>O Flamengo, inclusive, j\u00e1 fez suas precau\u00e7\u00f5es e organizou a log\u00edstica caso possa enviar mais um atleta amanh\u00e3. A informa\u00e7\u00e3o \u00e9 do jornalista Renan Moura.<\/p>\n<p>A partida entre Flamengo e Tolima acontece nesta quarta-feira (29), \u00e0s 21h30 (hor\u00e1rio de Bras\u00edlia), no Est\u00e1dio Manuel Murillo Toro, na Col\u00f4mbia.<\/p>\n","protected":false},"excerpt":{"rendered":"<p>O elenco rubro-negro viaja rumo ao seu pr\u00f3ximo desafio nesta segunda-feira (27). Ap\u00f3s vencer e convencer contra o Am\u00e9rica-MG, o Mais Querido enfrenta o Tolima no jogo de ida pelas oitavas de final da Libertadores. Mas a delega\u00e7\u00e3o ter\u00e1 uma s\u00e9rie de imprevistos para este compromisso. Seguindo o protocolo de viagens internacionais, o Flamengo realizou [&hellip;]<\/p>\n","protected":false},"author":4,"featured_media":80445,"comment_status":"open","ping_status":"closed","sticky":false,"template":"","format":"standard","meta":{"footnotes":""},"categories":[1],"tags":[],"class_list":["post-83827","post","type-post","status-publish","format-standard","has-post-thumbnail","hentry","category-flamengo"],"yoast_head":"<!-- This site is optimized with the Yoast SEO Premium plugin v24.2 (Yoast SEO v26.9) - https:\/\/yoast.com\/product\/yoast-seo-premium-wordpress\/ -->\n<title>Tolima x Flamengo: Rodrigo Caio, Bruno Henrique, Diego Alves, Jo\u00e3o Gomes, Willian Ar\u00e3o, Fabr\u00edcio Bruno, Matheus Fran\u00e7a, Daniel Cabral, Kau\u00e3 e Matheus Cunha ser\u00e3o os desfalques do Rubro-Negro<\/title>\n<meta name=\"robots\" content=\"index, follow, max-snippet:-1, max-image-preview:large, max-video-preview:-1\" \/>\n<link rel=\"canonical\" href=\"https:\/\/www.gaveanews.com\/index.php\/2022\/06\/27\/tolima-x-flamengo-rodrigo-caio-bruno-henrique-diego-alves-joao-gomes-willian-arao-fabricio-bruno-matheus-franca-daniel-cabral-kaua-e-matheus-cunha-serao-os-desfalques-do-rubro-negro\/\" \/>\n<meta property=\"og:locale\" content=\"pt_BR\" \/>\n<meta property=\"og:type\" content=\"article\" \/>\n<meta property=\"og:title\" content=\"Tolima x Flamengo: Rodrigo Caio, Bruno Henrique, Diego Alves, Jo\u00e3o Gomes, Willian Ar\u00e3o, Fabr\u00edcio Bruno, Matheus Fran\u00e7a, Daniel Cabral, Kau\u00e3 e Matheus Cunha ser\u00e3o os desfalques do Rubro-Negro\" \/>\n<meta property=\"og:description\" content=\"O elenco rubro-negro viaja rumo ao seu pr\u00f3ximo desafio nesta segunda-feira (27). Ap\u00f3s vencer e convencer contra o Am\u00e9rica-MG, o Mais Querido enfrenta o Tolima no jogo de ida pelas oitavas de final da Libertadores. Mas a delega\u00e7\u00e3o ter\u00e1 uma s\u00e9rie de imprevistos para este compromisso. Seguindo o protocolo de viagens internacionais, o Flamengo realizou [&hellip;]\" \/>\n<meta property=\"og:url\" content=\"https:\/\/www.gaveanews.com\/index.php\/2022\/06\/27\/tolima-x-flamengo-rodrigo-caio-bruno-henrique-diego-alves-joao-gomes-willian-arao-fabricio-bruno-matheus-franca-daniel-cabral-kaua-e-matheus-cunha-serao-os-desfalques-do-rubro-negro\/\" \/>\n<meta property=\"og:site_name\" content=\"G\u00e1vea News\" \/>\n<meta property=\"article:publisher\" content=\"https:\/\/facebook.com\/gaveaNews\/\" \/>\n<meta property=\"article:published_time\" content=\"2022-06-27T19:01:57+00:00\" \/>\n<meta property=\"article:modified_time\" content=\"2024-03-19T03:07:45+00:00\" \/>\n<meta property=\"og:image\" content=\"https:\/\/www.gaveanews.com\/wp-content\/uploads\/Joao-Gomes-em-partida-do-Flamengo-contra-o-Palmeiras-pelo-Campeonato-Brasileiro.webp\" \/>\n\t<meta property=\"og:image:width\" content=\"799\" \/>\n\t<meta property=\"og:image:height\" content=\"533\" \/>\n\t<meta property=\"og:image:type\" content=\"image\/jpeg\" \/>\n<meta name=\"author\" content=\"Let\u00edcia Gerheim\" \/>\n<meta name=\"twitter:card\" content=\"summary_large_image\" \/>\n<meta name=\"twitter:label1\" content=\"Escrito por\" \/>\n\t<meta name=\"twitter:data1\" content=\"Let\u00edcia Gerheim\" \/>\n\t<meta name=\"twitter:label2\" content=\"Est. tempo de leitura\" \/>\n\t<meta name=\"twitter:data2\" content=\"2 minutos\" \/>\n<script type=\"application\/ld+json\" class=\"yoast-schema-graph\">{\"@context\":\"https:\/\/schema.org\",\"@graph\":[{\"@type\":\"NewsArticle\",\"@id\":\"https:\/\/www.gaveanews.com\/index.php\/2022\/06\/27\/tolima-x-flamengo-rodrigo-caio-bruno-henrique-diego-alves-joao-gomes-willian-arao-fabricio-bruno-matheus-franca-daniel-cabral-kaua-e-matheus-cunha-serao-os-desfalques-do-rubro-negro\/#article\",\"isPartOf\":{\"@id\":\"https:\/\/www.gaveanews.com\/index.php\/2022\/06\/27\/tolima-x-flamengo-rodrigo-caio-bruno-henrique-diego-alves-joao-gomes-willian-arao-fabricio-bruno-matheus-franca-daniel-cabral-kaua-e-matheus-cunha-serao-os-desfalques-do-rubro-negro\/\"},\"author\":{\"name\":\"Let\u00edcia Gerheim\",\"@id\":\"https:\/\/www.gaveanews.com\/#\/schema\/person\/714c67050b836198af2450ba1c142a67\"},\"headline\":\"Tolima x Flamengo: Rodrigo Caio, Bruno Henrique, Diego Alves, Jo\u00e3o Gomes, Willian Ar\u00e3o, Fabr\u00edcio Bruno, Matheus Fran\u00e7a, Daniel Cabral, Kau\u00e3 e Matheus Cunha ser\u00e3o os desfalques do Rubro-Negro\",\"datePublished\":\"2022-06-27T19:01:57+00:00\",\"dateModified\":\"2024-03-19T03:07:45+00:00\",\"mainEntityOfPage\":{\"@id\":\"https:\/\/www.gaveanews.com\/index.php\/2022\/06\/27\/tolima-x-flamengo-rodrigo-caio-bruno-henrique-diego-alves-joao-gomes-willian-arao-fabricio-bruno-matheus-franca-daniel-cabral-kaua-e-matheus-cunha-serao-os-desfalques-do-rubro-negro\/\"},\"wordCount\":341,\"commentCount\":0,\"image\":{\"@id\":\"https:\/\/www.gaveanews.com\/index.php\/2022\/06\/27\/tolima-x-flamengo-rodrigo-caio-bruno-henrique-diego-alves-joao-gomes-willian-arao-fabricio-bruno-matheus-franca-daniel-cabral-kaua-e-matheus-cunha-serao-os-desfalques-do-rubro-negro\/#primaryimage\"},\"thumbnailUrl\":\"https:\/\/www.gaveanews.com\/wp-content\/uploads\/Joao-Gomes-em-partida-do-Flamengo-contra-o-Palmeiras-pelo-Campeonato-Brasileiro.webp\",\"articleSection\":[\"Flamengo\"],\"inLanguage\":\"pt-BR\",\"potentialAction\":[{\"@type\":\"CommentAction\",\"name\":\"Comment\",\"target\":[\"https:\/\/www.gaveanews.com\/index.php\/2022\/06\/27\/tolima-x-flamengo-rodrigo-caio-bruno-henrique-diego-alves-joao-gomes-willian-arao-fabricio-bruno-matheus-franca-daniel-cabral-kaua-e-matheus-cunha-serao-os-desfalques-do-rubro-negro\/#respond\"]}],\"copyrightYear\":\"2022\",\"copyrightHolder\":{\"@id\":\"https:\/\/www.gaveanews.com\/#organization\"}},{\"@type\":\"WebPage\",\"@id\":\"https:\/\/www.gaveanews.com\/index.php\/2022\/06\/27\/tolima-x-flamengo-rodrigo-caio-bruno-henrique-diego-alves-joao-gomes-willian-arao-fabricio-bruno-matheus-franca-daniel-cabral-kaua-e-matheus-cunha-serao-os-desfalques-do-rubro-negro\/\",\"url\":\"https:\/\/www.gaveanews.com\/index.php\/2022\/06\/27\/tolima-x-flamengo-rodrigo-caio-bruno-henrique-diego-alves-joao-gomes-willian-arao-fabricio-bruno-matheus-franca-daniel-cabral-kaua-e-matheus-cunha-serao-os-desfalques-do-rubro-negro\/\",\"name\":\"Tolima x Flamengo: Rodrigo Caio, Bruno Henrique, Diego Alves, Jo\u00e3o Gomes, Willian Ar\u00e3o, Fabr\u00edcio Bruno, Matheus Fran\u00e7a, Daniel Cabral, Kau\u00e3 e Matheus Cunha ser\u00e3o os desfalques do Rubro-Negro\",\"isPartOf\":{\"@id\":\"https:\/\/www.gaveanews.com\/#website\"},\"primaryImageOfPage\":{\"@id\":\"https:\/\/www.gaveanews.com\/index.php\/2022\/06\/27\/tolima-x-flamengo-rodrigo-caio-bruno-henrique-diego-alves-joao-gomes-willian-arao-fabricio-bruno-matheus-franca-daniel-cabral-kaua-e-matheus-cunha-serao-os-desfalques-do-rubro-negro\/#primaryimage\"},\"image\":{\"@id\":\"https:\/\/www.gaveanews.com\/index.php\/2022\/06\/27\/tolima-x-flamengo-rodrigo-caio-bruno-henrique-diego-alves-joao-gomes-willian-arao-fabricio-bruno-matheus-franca-daniel-cabral-kaua-e-matheus-cunha-serao-os-desfalques-do-rubro-negro\/#primaryimage\"},\"thumbnailUrl\":\"https:\/\/www.gaveanews.com\/wp-content\/uploads\/Joao-Gomes-em-partida-do-Flamengo-contra-o-Palmeiras-pelo-Campeonato-Brasileiro.webp\",\"datePublished\":\"2022-06-27T19:01:57+00:00\",\"dateModified\":\"2024-03-19T03:07:45+00:00\",\"author\":{\"@id\":\"https:\/\/www.gaveanews.com\/#\/schema\/person\/714c67050b836198af2450ba1c142a67\"},\"breadcrumb\":{\"@id\":\"https:\/\/www.gaveanews.com\/index.php\/2022\/06\/27\/tolima-x-flamengo-rodrigo-caio-bruno-henrique-diego-alves-joao-gomes-willian-arao-fabricio-bruno-matheus-franca-daniel-cabral-kaua-e-matheus-cunha-serao-os-desfalques-do-rubro-negro\/#breadcrumb\"},\"inLanguage\":\"pt-BR\",\"potentialAction\":[{\"@type\":\"ReadAction\",\"target\":[\"https:\/\/www.gaveanews.com\/index.php\/2022\/06\/27\/tolima-x-flamengo-rodrigo-caio-bruno-henrique-diego-alves-joao-gomes-willian-arao-fabricio-bruno-matheus-franca-daniel-cabral-kaua-e-matheus-cunha-serao-os-desfalques-do-rubro-negro\/\"]}]},{\"@type\":\"ImageObject\",\"inLanguage\":\"pt-BR\",\"@id\":\"https:\/\/www.gaveanews.com\/index.php\/2022\/06\/27\/tolima-x-flamengo-rodrigo-caio-bruno-henrique-diego-alves-joao-gomes-willian-arao-fabricio-bruno-matheus-franca-daniel-cabral-kaua-e-matheus-cunha-serao-os-desfalques-do-rubro-negro\/#primaryimage\",\"url\":\"https:\/\/www.gaveanews.com\/wp-content\/uploads\/Joao-Gomes-em-partida-do-Flamengo-contra-o-Palmeiras-pelo-Campeonato-Brasileiro.webp\",\"contentUrl\":\"https:\/\/www.gaveanews.com\/wp-content\/uploads\/Joao-Gomes-em-partida-do-Flamengo-contra-o-Palmeiras-pelo-Campeonato-Brasileiro.webp\",\"width\":799,\"height\":533,\"caption\":\"Jo\u00e3o Gomes em partida do Flamengo contra o Palmeiras pelo Campeonato Brasileiro (Foto: Gilvan de Souza\/Flamengo)\"},{\"@type\":\"BreadcrumbList\",\"@id\":\"https:\/\/www.gaveanews.com\/index.php\/2022\/06\/27\/tolima-x-flamengo-rodrigo-caio-bruno-henrique-diego-alves-joao-gomes-willian-arao-fabricio-bruno-matheus-franca-daniel-cabral-kaua-e-matheus-cunha-serao-os-desfalques-do-rubro-negro\/#breadcrumb\",\"itemListElement\":[{\"@type\":\"ListItem\",\"position\":1,\"name\":\"Home\",\"item\":\"https:\/\/www.gaveanews.com\/\"},{\"@type\":\"ListItem\",\"position\":2,\"name\":\"Tolima x Flamengo: Rodrigo Caio, Bruno Henrique, Diego Alves, Jo\u00e3o Gomes, Willian Ar\u00e3o, Fabr\u00edcio Bruno, Matheus Fran\u00e7a, Daniel Cabral, Kau\u00e3 e Matheus Cunha ser\u00e3o os desfalques do Rubro-Negro\"}]},{\"@type\":\"WebSite\",\"@id\":\"https:\/\/www.gaveanews.com\/#website\",\"url\":\"https:\/\/www.gaveanews.com\/\",\"name\":\"G\u00e1vea News\",\"description\":\"Veja todas as not\u00edcias sobre o Flamengo: Contrata\u00e7\u00f5es, categorias de base, resultados das partidas, tabela de classifica\u00e7\u00e3o, pr\u00f3ximos jogos!\",\"potentialAction\":[{\"@type\":\"SearchAction\",\"target\":{\"@type\":\"EntryPoint\",\"urlTemplate\":\"https:\/\/www.gaveanews.com\/?s={search_term_string}\"},\"query-input\":{\"@type\":\"PropertyValueSpecification\",\"valueRequired\":true,\"valueName\":\"search_term_string\"}}],\"inLanguage\":\"pt-BR\"},{\"@type\":\"Person\",\"@id\":\"https:\/\/www.gaveanews.com\/#\/schema\/person\/714c67050b836198af2450ba1c142a67\",\"name\":\"Let\u00edcia Gerheim\",\"image\":{\"@type\":\"ImageObject\",\"inLanguage\":\"pt-BR\",\"@id\":\"https:\/\/www.gaveanews.com\/#\/schema\/person\/image\/\",\"url\":\"https:\/\/secure.gravatar.com\/avatar\/60734739c50fcebfbac509e2a826ccd0ff405c019bc73aab9354f19ecad1dcb4?s=96&d=mm&r=g\",\"contentUrl\":\"https:\/\/secure.gravatar.com\/avatar\/60734739c50fcebfbac509e2a826ccd0ff405c019bc73aab9354f19ecad1dcb4?s=96&d=mm&r=g\",\"caption\":\"Let\u00edcia Gerheim\"}}]}<\/script>\n<!-- \/ Yoast SEO Premium plugin. -->","yoast_head_json":{"title":"Tolima x Flamengo: Rodrigo Caio, Bruno Henrique, Diego Alves, Jo\u00e3o Gomes, Willian Ar\u00e3o, Fabr\u00edcio Bruno, Matheus Fran\u00e7a, Daniel Cabral, Kau\u00e3 e Matheus Cunha ser\u00e3o os desfalques do Rubro-Negro","robots":{"index":"index","follow":"follow","max-snippet":"max-snippet:-1","max-image-preview":"max-image-preview:large","max-video-preview":"max-video-preview:-1"},"canonical":"https:\/\/www.gaveanews.com\/index.php\/2022\/06\/27\/tolima-x-flamengo-rodrigo-caio-bruno-henrique-diego-alves-joao-gomes-willian-arao-fabricio-bruno-matheus-franca-daniel-cabral-kaua-e-matheus-cunha-serao-os-desfalques-do-rubro-negro\/","og_locale":"pt_BR","og_type":"article","og_title":"Tolima x Flamengo: Rodrigo Caio, Bruno Henrique, Diego Alves, Jo\u00e3o Gomes, Willian Ar\u00e3o, Fabr\u00edcio Bruno, Matheus Fran\u00e7a, Daniel Cabral, Kau\u00e3 e Matheus Cunha ser\u00e3o os desfalques do Rubro-Negro","og_description":"O elenco rubro-negro viaja rumo ao seu pr\u00f3ximo desafio nesta segunda-feira (27). Ap\u00f3s vencer e convencer contra o Am\u00e9rica-MG, o Mais Querido enfrenta o Tolima no jogo de ida pelas oitavas de final da Libertadores. Mas a delega\u00e7\u00e3o ter\u00e1 uma s\u00e9rie de imprevistos para este compromisso. Seguindo o protocolo de viagens internacionais, o Flamengo realizou [&hellip;]","og_url":"https:\/\/www.gaveanews.com\/index.php\/2022\/06\/27\/tolima-x-flamengo-rodrigo-caio-bruno-henrique-diego-alves-joao-gomes-willian-arao-fabricio-bruno-matheus-franca-daniel-cabral-kaua-e-matheus-cunha-serao-os-desfalques-do-rubro-negro\/","og_site_name":"G\u00e1vea News","article_publisher":"https:\/\/facebook.com\/gaveaNews\/","article_published_time":"2022-06-27T19:01:57+00:00","article_modified_time":"2024-03-19T03:07:45+00:00","og_image":[{"width":799,"height":533,"url":"https:\/\/www.gaveanews.com\/wp-content\/uploads\/Joao-Gomes-em-partida-do-Flamengo-contra-o-Palmeiras-pelo-Campeonato-Brasileiro.webp","type":"image\/jpeg"}],"author":"Let\u00edcia Gerheim","twitter_card":"summary_large_image","twitter_misc":{"Escrito por":"Let\u00edcia Gerheim","Est. tempo de leitura":"2 minutos"},"schema":{"@context":"https:\/\/schema.org","@graph":[{"@type":"NewsArticle","@id":"https:\/\/www.gaveanews.com\/index.php\/2022\/06\/27\/tolima-x-flamengo-rodrigo-caio-bruno-henrique-diego-alves-joao-gomes-willian-arao-fabricio-bruno-matheus-franca-daniel-cabral-kaua-e-matheus-cunha-serao-os-desfalques-do-rubro-negro\/#article","isPartOf":{"@id":"https:\/\/www.gaveanews.com\/index.php\/2022\/06\/27\/tolima-x-flamengo-rodrigo-caio-bruno-henrique-diego-alves-joao-gomes-willian-arao-fabricio-bruno-matheus-franca-daniel-cabral-kaua-e-matheus-cunha-serao-os-desfalques-do-rubro-negro\/"},"author":{"name":"Let\u00edcia Gerheim","@id":"https:\/\/www.gaveanews.com\/#\/schema\/person\/714c67050b836198af2450ba1c142a67"},"headline":"Tolima x Flamengo: Rodrigo Caio, Bruno Henrique, Diego Alves, Jo\u00e3o Gomes, Willian Ar\u00e3o, Fabr\u00edcio Bruno, Matheus Fran\u00e7a, Daniel Cabral, Kau\u00e3 e Matheus Cunha ser\u00e3o os desfalques do Rubro-Negro","datePublished":"2022-06-27T19:01:57+00:00","dateModified":"2024-03-19T03:07:45+00:00","mainEntityOfPage":{"@id":"https:\/\/www.gaveanews.com\/index.php\/2022\/06\/27\/tolima-x-flamengo-rodrigo-caio-bruno-henrique-diego-alves-joao-gomes-willian-arao-fabricio-bruno-matheus-franca-daniel-cabral-kaua-e-matheus-cunha-serao-os-desfalques-do-rubro-negro\/"},"wordCount":341,"commentCount":0,"image":{"@id":"https:\/\/www.gaveanews.com\/index.php\/2022\/06\/27\/tolima-x-flamengo-rodrigo-caio-bruno-henrique-diego-alves-joao-gomes-willian-arao-fabricio-bruno-matheus-franca-daniel-cabral-kaua-e-matheus-cunha-serao-os-desfalques-do-rubro-negro\/#primaryimage"},"thumbnailUrl":"https:\/\/www.gaveanews.com\/wp-content\/uploads\/Joao-Gomes-em-partida-do-Flamengo-contra-o-Palmeiras-pelo-Campeonato-Brasileiro.webp","articleSection":["Flamengo"],"inLanguage":"pt-BR","potentialAction":[{"@type":"CommentAction","name":"Comment","target":["https:\/\/www.gaveanews.com\/index.php\/2022\/06\/27\/tolima-x-flamengo-rodrigo-caio-bruno-henrique-diego-alves-joao-gomes-willian-arao-fabricio-bruno-matheus-franca-daniel-cabral-kaua-e-matheus-cunha-serao-os-desfalques-do-rubro-negro\/#respond"]}],"copyrightYear":"2022","copyrightHolder":{"@id":"https:\/\/www.gaveanews.com\/#organization"}},{"@type":"WebPage","@id":"https:\/\/www.gaveanews.com\/index.php\/2022\/06\/27\/tolima-x-flamengo-rodrigo-caio-bruno-henrique-diego-alves-joao-gomes-willian-arao-fabricio-bruno-matheus-franca-daniel-cabral-kaua-e-matheus-cunha-serao-os-desfalques-do-rubro-negro\/","url":"https:\/\/www.gaveanews.com\/index.php\/2022\/06\/27\/tolima-x-flamengo-rodrigo-caio-bruno-henrique-diego-alves-joao-gomes-willian-arao-fabricio-bruno-matheus-franca-daniel-cabral-kaua-e-matheus-cunha-serao-os-desfalques-do-rubro-negro\/","name":"Tolima x Flamengo: Rodrigo Caio, Bruno Henrique, Diego Alves, Jo\u00e3o Gomes, Willian Ar\u00e3o, Fabr\u00edcio Bruno, Matheus Fran\u00e7a, Daniel Cabral, Kau\u00e3 e Matheus Cunha ser\u00e3o os desfalques do Rubro-Negro","isPartOf":{"@id":"https:\/\/www.gaveanews.com\/#website"},"primaryImageOfPage":{"@id":"https:\/\/www.gaveanews.com\/index.php\/2022\/06\/27\/tolima-x-flamengo-rodrigo-caio-bruno-henrique-diego-alves-joao-gomes-willian-arao-fabricio-bruno-matheus-franca-daniel-cabral-kaua-e-matheus-cunha-serao-os-desfalques-do-rubro-negro\/#primaryimage"},"image":{"@id":"https:\/\/www.gaveanews.com\/index.php\/2022\/06\/27\/tolima-x-flamengo-rodrigo-caio-bruno-henrique-diego-alves-joao-gomes-willian-arao-fabricio-bruno-matheus-franca-daniel-cabral-kaua-e-matheus-cunha-serao-os-desfalques-do-rubro-negro\/#primaryimage"},"thumbnailUrl":"https:\/\/www.gaveanews.com\/wp-content\/uploads\/Joao-Gomes-em-partida-do-Flamengo-contra-o-Palmeiras-pelo-Campeonato-Brasileiro.webp","datePublished":"2022-06-27T19:01:57+00:00","dateModified":"2024-03-19T03:07:45+00:00","author":{"@id":"https:\/\/www.gaveanews.com\/#\/schema\/person\/714c67050b836198af2450ba1c142a67"},"breadcrumb":{"@id":"https:\/\/www.gaveanews.com\/index.php\/2022\/06\/27\/tolima-x-flamengo-rodrigo-caio-bruno-henrique-diego-alves-joao-gomes-willian-arao-fabricio-bruno-matheus-franca-daniel-cabral-kaua-e-matheus-cunha-serao-os-desfalques-do-rubro-negro\/#breadcrumb"},"inLanguage":"pt-BR","potentialAction":[{"@type":"ReadAction","target":["https:\/\/www.gaveanews.com\/index.php\/2022\/06\/27\/tolima-x-flamengo-rodrigo-caio-bruno-henrique-diego-alves-joao-gomes-willian-arao-fabricio-bruno-matheus-franca-daniel-cabral-kaua-e-matheus-cunha-serao-os-desfalques-do-rubro-negro\/"]}]},{"@type":"ImageObject","inLanguage":"pt-BR","@id":"https:\/\/www.gaveanews.com\/index.php\/2022\/06\/27\/tolima-x-flamengo-rodrigo-caio-bruno-henrique-diego-alves-joao-gomes-willian-arao-fabricio-bruno-matheus-franca-daniel-cabral-kaua-e-matheus-cunha-serao-os-desfalques-do-rubro-negro\/#primaryimage","url":"https:\/\/www.gaveanews.com\/wp-content\/uploads\/Joao-Gomes-em-partida-do-Flamengo-contra-o-Palmeiras-pelo-Campeonato-Brasileiro.webp","contentUrl":"https:\/\/www.gaveanews.com\/wp-content\/uploads\/Joao-Gomes-em-partida-do-Flamengo-contra-o-Palmeiras-pelo-Campeonato-Brasileiro.webp","width":799,"height":533,"caption":"Jo\u00e3o Gomes em partida do Flamengo contra o Palmeiras pelo Campeonato Brasileiro (Foto: Gilvan de Souza\/Flamengo)"},{"@type":"BreadcrumbList","@id":"https:\/\/www.gaveanews.com\/index.php\/2022\/06\/27\/tolima-x-flamengo-rodrigo-caio-bruno-henrique-diego-alves-joao-gomes-willian-arao-fabricio-bruno-matheus-franca-daniel-cabral-kaua-e-matheus-cunha-serao-os-desfalques-do-rubro-negro\/#breadcrumb","itemListElement":[{"@type":"ListItem","position":1,"name":"Home","item":"https:\/\/www.gaveanews.com\/"},{"@type":"ListItem","position":2,"name":"Tolima x Flamengo: Rodrigo Caio, Bruno Henrique, Diego Alves, Jo\u00e3o Gomes, Willian Ar\u00e3o, Fabr\u00edcio Bruno, Matheus Fran\u00e7a, Daniel Cabral, Kau\u00e3 e Matheus Cunha ser\u00e3o os desfalques do Rubro-Negro"}]},{"@type":"WebSite","@id":"https:\/\/www.gaveanews.com\/#website","url":"https:\/\/www.gaveanews.com\/","name":"G\u00e1vea News","description":"Veja todas as not\u00edcias sobre o Flamengo: Contrata\u00e7\u00f5es, categorias de base, resultados das partidas, tabela de classifica\u00e7\u00e3o, pr\u00f3ximos jogos!","potentialAction":[{"@type":"SearchAction","target":{"@type":"EntryPoint","urlTemplate":"https:\/\/www.gaveanews.com\/?s={search_term_string}"},"query-input":{"@type":"PropertyValueSpecification","valueRequired":true,"valueName":"search_term_string"}}],"inLanguage":"pt-BR"},{"@type":"Person","@id":"https:\/\/www.gaveanews.com\/#\/schema\/person\/714c67050b836198af2450ba1c142a67","name":"Let\u00edcia Gerheim","image":{"@type":"ImageObject","inLanguage":"pt-BR","@id":"https:\/\/www.gaveanews.com\/#\/schema\/person\/image\/","url":"https:\/\/secure.gravatar.com\/avatar\/60734739c50fcebfbac509e2a826ccd0ff405c019bc73aab9354f19ecad1dcb4?s=96&d=mm&r=g","contentUrl":"https:\/\/secure.gravatar.com\/avatar\/60734739c50fcebfbac509e2a826ccd0ff405c019bc73aab9354f19ecad1dcb4?s=96&d=mm&r=g","caption":"Let\u00edcia Gerheim"}}]}},"_links":{"self":[{"href":"https:\/\/www.gaveanews.com\/index.php\/wp-json\/wp\/v2\/posts\/83827","targetHints":{"allow":["GET"]}}],"collection":[{"href":"https:\/\/www.gaveanews.com\/index.php\/wp-json\/wp\/v2\/posts"}],"about":[{"href":"https:\/\/www.gaveanews.com\/index.php\/wp-json\/wp\/v2\/types\/post"}],"author":[{"embeddable":true,"href":"https:\/\/www.gaveanews.com\/index.php\/wp-json\/wp\/v2\/users\/4"}],"replies":[{"embeddable":true,"href":"https:\/\/www.gaveanews.com\/index.php\/wp-json\/wp\/v2\/comments?post=83827"}],"version-history":[{"count":1,"href":"https:\/\/www.gaveanews.com\/index.php\/wp-json\/wp\/v2\/posts\/83827\/revisions"}],"predecessor-version":[{"id":129756,"href":"https:\/\/www.gaveanews.com\/index.php\/wp-json\/wp\/v2\/posts\/83827\/revisions\/129756"}],"wp:featuredmedia":[{"embeddable":true,"href":"https:\/\/www.gaveanews.com\/index.php\/wp-json\/wp\/v2\/media\/80445"}],"wp:attachment":[{"href":"https:\/\/www.gaveanews.com\/index.php\/wp-json\/wp\/v2\/media?parent=83827"}],"wp:term":[{"taxonomy":"category","embeddable":true,"href":"https:\/\/www.gaveanews.com\/index.php\/wp-json\/wp\/v2\/categories?post=83827"},{"taxonomy":"post_tag","embeddable":true,"href":"https:\/\/www.gaveanews.com\/index.php\/wp-json\/wp\/v2\/tags?post=83827"}],"curies":[{"name":"wp","href":"https:\/\/api.w.org\/{rel}","templated":true}]}}