{"id":83864,"date":"2022-06-27T21:52:24","date_gmt":"2022-06-28T00:52:24","guid":{"rendered":"https:\/\/www.gaveanews.com\/?p=83864"},"modified":"2022-06-27T21:52:24","modified_gmt":"2022-06-28T00:52:24","slug":"irma-de-gabigol-revela-que-jogador-do-flamengo-teve-depressao-anemia-e-ainda-sonha-com-a-europa","status":"publish","type":"post","link":"https:\/\/www.gaveanews.com\/index.php\/2022\/06\/27\/irma-de-gabigol-revela-que-jogador-do-flamengo-teve-depressao-anemia-e-ainda-sonha-com-a-europa\/","title":{"rendered":"Irm\u00e3 de Gabigol revela que jogador do Flamengo teve depress\u00e3o, anemia e ainda sonha com a Europa"},"content":{"rendered":"<p>Hoje \u00eddolo e refer\u00eancia no Flamengo, Gabigol j\u00e1 teve momentos ruins na carreira de jogador de futebol. Depois de fazer sucesso no Santos no in\u00edcio de sua trajet\u00f3ria, o atacante se transferiu para a Inter de Mil\u00e3o, mas n\u00e3o conseguiu se adaptar ao futebol europeu.<\/p>\n<p>A influenciadora Dhiovanna Barbosa, irm\u00e3 do camisa 9 do Flamengo, revelou em entrevista ao programa \u201cFoi Mau\u201d, da RedeTV!, que Gabigol teve problemas de sa\u00fade na Europa, fato que atrapalhou seu desempenho. Com 20 anos na ocasi\u00e3o, ele chegou a sofrer com um quadro de depress\u00e3o entre 2016 e 2017.<\/p>\n<p>\u201cEle chegava do treino e j\u00e1 ia direto para o quarto. Ficou com anemia e entrou em depress\u00e3o. Naquela \u00e9poca, mal convers\u00e1vamos com ele. N\u00f3s [eu e meus pais] tent\u00e1vamos de tudo para conversar, mas ele se privava. Foi a pior fase da minha vida e para todo mundo da minha casa\u201d, explicou a irm\u00e3 de Gabigol.<\/p>\n<p>Depois do insucesso na Inter, ele ainda atuou pelo Benfica, mas tamb\u00e9m n\u00e3o conseguiu mostrar seu melhor futebol. Em seguida, retornou ao Santos por empr\u00e9stimo, em 2018, e teve uma grande temporada de recupera\u00e7\u00e3o, o que culminou no interesse do Flamengo.<\/p>\n<p>A decis\u00e3o de ir ao Rubro-Negro mudou a carreira de Gabriel, que se tornou \u00eddolo do clube. Ele fez os dois gols na final da Copa Libertadores da Am\u00e9rica de 2019 contra o River Plate e foi protagonista e artilheiro em conquistas do Brasileir\u00e3o S\u00e9rie A e outras ta\u00e7as.<\/p>\n<p>Dhiovanna Barbosa ainda revelou que o irm\u00e3o sonha em voltar para a Europa: \u201cEle quer. Parece que quanto mais tem isso de n\u00e3o ter dado certo [na primeira vez], mais ele tem vontade de fazer dar certo\u201d, cravou ela, que comentou sobre as chances de Gabigol para a Copa do Mundo:<\/p>\n<p>\u201cNo caminho que meu irm\u00e3o est\u00e1, espero que seja [chamado por Tite]. Tor\u00e7o para que sim, mas n\u00e3o sabemos o dia de amanh\u00e3\u201d, concluiu ela sobre Gabigol.<\/p>\n<p>O \u00eddolo do Flamengo j\u00e1 foi especulado em clubes como o Newcastle United, Aston Villa e West Ham, al\u00e9m do Fenerbah\u00e7e de Jorge Jesus. No entanto, deve permanecer no clube carioca em 2022.<\/p>\n<p>Retirado de: Torcedores<\/p>\n","protected":false},"excerpt":{"rendered":"<p>Hoje \u00eddolo e refer\u00eancia no Flamengo, Gabigol j\u00e1 teve momentos ruins na carreira de jogador de futebol. Depois de fazer sucesso no Santos no in\u00edcio de sua trajet\u00f3ria, o atacante se transferiu para a Inter de Mil\u00e3o, mas n\u00e3o conseguiu se adaptar ao futebol europeu. A influenciadora Dhiovanna Barbosa, irm\u00e3 do camisa 9 do Flamengo, [&hellip;]<\/p>\n","protected":false},"author":1,"featured_media":58707,"comment_status":"open","ping_status":"closed","sticky":false,"template":"","format":"standard","meta":{"footnotes":""},"categories":[1],"tags":[],"class_list":["post-83864","post","type-post","status-publish","format-standard","has-post-thumbnail","hentry","category-flamengo"],"yoast_head":"<!-- This site is optimized with the Yoast SEO Premium plugin v24.2 (Yoast SEO v26.9) - https:\/\/yoast.com\/product\/yoast-seo-premium-wordpress\/ -->\n<title>Irm\u00e3 de Gabigol revela que jogador do Flamengo teve depress\u00e3o, anemia e ainda sonha com a Europa<\/title>\n<meta name=\"robots\" content=\"index, follow, max-snippet:-1, max-image-preview:large, max-video-preview:-1\" \/>\n<link rel=\"canonical\" href=\"https:\/\/www.gaveanews.com\/index.php\/2022\/06\/27\/irma-de-gabigol-revela-que-jogador-do-flamengo-teve-depressao-anemia-e-ainda-sonha-com-a-europa\/\" \/>\n<meta property=\"og:locale\" content=\"pt_BR\" \/>\n<meta property=\"og:type\" content=\"article\" \/>\n<meta property=\"og:title\" content=\"Irm\u00e3 de Gabigol revela que jogador do Flamengo teve depress\u00e3o, anemia e ainda sonha com a Europa\" \/>\n<meta property=\"og:description\" content=\"Hoje \u00eddolo e refer\u00eancia no Flamengo, Gabigol j\u00e1 teve momentos ruins na carreira de jogador de futebol. Depois de fazer sucesso no Santos no in\u00edcio de sua trajet\u00f3ria, o atacante se transferiu para a Inter de Mil\u00e3o, mas n\u00e3o conseguiu se adaptar ao futebol europeu. A influenciadora Dhiovanna Barbosa, irm\u00e3 do camisa 9 do Flamengo, [&hellip;]\" \/>\n<meta property=\"og:url\" content=\"https:\/\/www.gaveanews.com\/index.php\/2022\/06\/27\/irma-de-gabigol-revela-que-jogador-do-flamengo-teve-depressao-anemia-e-ainda-sonha-com-a-europa\/\" \/>\n<meta property=\"og:site_name\" content=\"G\u00e1vea News\" \/>\n<meta property=\"article:publisher\" content=\"https:\/\/facebook.com\/gaveaNews\/\" \/>\n<meta property=\"article:published_time\" content=\"2022-06-28T00:52:24+00:00\" \/>\n<meta property=\"og:image\" content=\"https:\/\/www.gaveanews.com\/wp-content\/uploads\/Rui-Vitoria-ao-lado-de-Gabigol-e-Douglas-durante-um-jogo-do-Benfica.webp\" \/>\n\t<meta property=\"og:image:width\" content=\"920\" \/>\n\t<meta property=\"og:image:height\" content=\"518\" \/>\n\t<meta property=\"og:image:type\" content=\"image\/jpeg\" \/>\n<meta name=\"author\" content=\"Equipe G\u00e1vea News\" \/>\n<meta name=\"twitter:card\" content=\"summary_large_image\" \/>\n<meta name=\"twitter:label1\" content=\"Escrito por\" \/>\n\t<meta name=\"twitter:data1\" content=\"Equipe G\u00e1vea News\" \/>\n\t<meta name=\"twitter:label2\" content=\"Est. tempo de leitura\" \/>\n\t<meta name=\"twitter:data2\" content=\"2 minutos\" \/>\n<script type=\"application\/ld+json\" class=\"yoast-schema-graph\">{\"@context\":\"https:\/\/schema.org\",\"@graph\":[{\"@type\":\"NewsArticle\",\"@id\":\"https:\/\/www.gaveanews.com\/index.php\/2022\/06\/27\/irma-de-gabigol-revela-que-jogador-do-flamengo-teve-depressao-anemia-e-ainda-sonha-com-a-europa\/#article\",\"isPartOf\":{\"@id\":\"https:\/\/www.gaveanews.com\/index.php\/2022\/06\/27\/irma-de-gabigol-revela-que-jogador-do-flamengo-teve-depressao-anemia-e-ainda-sonha-com-a-europa\/\"},\"author\":{\"name\":\"Equipe G\u00e1vea News\",\"@id\":\"https:\/\/www.gaveanews.com\/#\/schema\/person\/2ec14f73fb96be2caf28f91afb14749d\"},\"headline\":\"Irm\u00e3 de Gabigol revela que jogador do Flamengo teve depress\u00e3o, anemia e ainda sonha com a Europa\",\"datePublished\":\"2022-06-28T00:52:24+00:00\",\"mainEntityOfPage\":{\"@id\":\"https:\/\/www.gaveanews.com\/index.php\/2022\/06\/27\/irma-de-gabigol-revela-que-jogador-do-flamengo-teve-depressao-anemia-e-ainda-sonha-com-a-europa\/\"},\"wordCount\":395,\"commentCount\":0,\"image\":{\"@id\":\"https:\/\/www.gaveanews.com\/index.php\/2022\/06\/27\/irma-de-gabigol-revela-que-jogador-do-flamengo-teve-depressao-anemia-e-ainda-sonha-com-a-europa\/#primaryimage\"},\"thumbnailUrl\":\"https:\/\/www.gaveanews.com\/wp-content\/uploads\/Rui-Vitoria-ao-lado-de-Gabigol-e-Douglas-durante-um-jogo-do-Benfica.webp\",\"articleSection\":[\"Flamengo\"],\"inLanguage\":\"pt-BR\",\"potentialAction\":[{\"@type\":\"CommentAction\",\"name\":\"Comment\",\"target\":[\"https:\/\/www.gaveanews.com\/index.php\/2022\/06\/27\/irma-de-gabigol-revela-que-jogador-do-flamengo-teve-depressao-anemia-e-ainda-sonha-com-a-europa\/#respond\"]}],\"copyrightYear\":\"2022\",\"copyrightHolder\":{\"@id\":\"https:\/\/www.gaveanews.com\/#organization\"}},{\"@type\":\"WebPage\",\"@id\":\"https:\/\/www.gaveanews.com\/index.php\/2022\/06\/27\/irma-de-gabigol-revela-que-jogador-do-flamengo-teve-depressao-anemia-e-ainda-sonha-com-a-europa\/\",\"url\":\"https:\/\/www.gaveanews.com\/index.php\/2022\/06\/27\/irma-de-gabigol-revela-que-jogador-do-flamengo-teve-depressao-anemia-e-ainda-sonha-com-a-europa\/\",\"name\":\"Irm\u00e3 de Gabigol revela que jogador do Flamengo teve depress\u00e3o, anemia e ainda sonha com a Europa\",\"isPartOf\":{\"@id\":\"https:\/\/www.gaveanews.com\/#website\"},\"primaryImageOfPage\":{\"@id\":\"https:\/\/www.gaveanews.com\/index.php\/2022\/06\/27\/irma-de-gabigol-revela-que-jogador-do-flamengo-teve-depressao-anemia-e-ainda-sonha-com-a-europa\/#primaryimage\"},\"image\":{\"@id\":\"https:\/\/www.gaveanews.com\/index.php\/2022\/06\/27\/irma-de-gabigol-revela-que-jogador-do-flamengo-teve-depressao-anemia-e-ainda-sonha-com-a-europa\/#primaryimage\"},\"thumbnailUrl\":\"https:\/\/www.gaveanews.com\/wp-content\/uploads\/Rui-Vitoria-ao-lado-de-Gabigol-e-Douglas-durante-um-jogo-do-Benfica.webp\",\"datePublished\":\"2022-06-28T00:52:24+00:00\",\"author\":{\"@id\":\"https:\/\/www.gaveanews.com\/#\/schema\/person\/2ec14f73fb96be2caf28f91afb14749d\"},\"breadcrumb\":{\"@id\":\"https:\/\/www.gaveanews.com\/index.php\/2022\/06\/27\/irma-de-gabigol-revela-que-jogador-do-flamengo-teve-depressao-anemia-e-ainda-sonha-com-a-europa\/#breadcrumb\"},\"inLanguage\":\"pt-BR\",\"potentialAction\":[{\"@type\":\"ReadAction\",\"target\":[\"https:\/\/www.gaveanews.com\/index.php\/2022\/06\/27\/irma-de-gabigol-revela-que-jogador-do-flamengo-teve-depressao-anemia-e-ainda-sonha-com-a-europa\/\"]}]},{\"@type\":\"ImageObject\",\"inLanguage\":\"pt-BR\",\"@id\":\"https:\/\/www.gaveanews.com\/index.php\/2022\/06\/27\/irma-de-gabigol-revela-que-jogador-do-flamengo-teve-depressao-anemia-e-ainda-sonha-com-a-europa\/#primaryimage\",\"url\":\"https:\/\/www.gaveanews.com\/wp-content\/uploads\/Rui-Vitoria-ao-lado-de-Gabigol-e-Douglas-durante-um-jogo-do-Benfica.webp\",\"contentUrl\":\"https:\/\/www.gaveanews.com\/wp-content\/uploads\/Rui-Vitoria-ao-lado-de-Gabigol-e-Douglas-durante-um-jogo-do-Benfica.webp\",\"width\":920,\"height\":518,\"caption\":\"Rui Vitoria ao lado de Gabigol e Douglas durante um jogo do Benfica (Foto: Filipe Farinha)\"},{\"@type\":\"BreadcrumbList\",\"@id\":\"https:\/\/www.gaveanews.com\/index.php\/2022\/06\/27\/irma-de-gabigol-revela-que-jogador-do-flamengo-teve-depressao-anemia-e-ainda-sonha-com-a-europa\/#breadcrumb\",\"itemListElement\":[{\"@type\":\"ListItem\",\"position\":1,\"name\":\"Home\",\"item\":\"https:\/\/www.gaveanews.com\/\"},{\"@type\":\"ListItem\",\"position\":2,\"name\":\"Irm\u00e3 de Gabigol revela que jogador do Flamengo teve depress\u00e3o, anemia e ainda sonha com a Europa\"}]},{\"@type\":\"WebSite\",\"@id\":\"https:\/\/www.gaveanews.com\/#website\",\"url\":\"https:\/\/www.gaveanews.com\/\",\"name\":\"G\u00e1vea News\",\"description\":\"Veja todas as not\u00edcias sobre o Flamengo: Contrata\u00e7\u00f5es, categorias de base, resultados das partidas, tabela de classifica\u00e7\u00e3o, pr\u00f3ximos jogos!\",\"potentialAction\":[{\"@type\":\"SearchAction\",\"target\":{\"@type\":\"EntryPoint\",\"urlTemplate\":\"https:\/\/www.gaveanews.com\/?s={search_term_string}\"},\"query-input\":{\"@type\":\"PropertyValueSpecification\",\"valueRequired\":true,\"valueName\":\"search_term_string\"}}],\"inLanguage\":\"pt-BR\"},{\"@type\":\"Person\",\"@id\":\"https:\/\/www.gaveanews.com\/#\/schema\/person\/2ec14f73fb96be2caf28f91afb14749d\",\"name\":\"Equipe G\u00e1vea News\",\"image\":{\"@type\":\"ImageObject\",\"inLanguage\":\"pt-BR\",\"@id\":\"https:\/\/www.gaveanews.com\/#\/schema\/person\/image\/\",\"url\":\"https:\/\/secure.gravatar.com\/avatar\/1e1956f1facbffd3f8fa53a326721950116b3b9dc9bd44939c01180fd4a745a9?s=96&d=mm&r=g\",\"contentUrl\":\"https:\/\/secure.gravatar.com\/avatar\/1e1956f1facbffd3f8fa53a326721950116b3b9dc9bd44939c01180fd4a745a9?s=96&d=mm&r=g\",\"caption\":\"Equipe G\u00e1vea News\"}}]}<\/script>\n<!-- \/ Yoast SEO Premium plugin. -->","yoast_head_json":{"title":"Irm\u00e3 de Gabigol revela que jogador do Flamengo teve depress\u00e3o, anemia e ainda sonha com a Europa","robots":{"index":"index","follow":"follow","max-snippet":"max-snippet:-1","max-image-preview":"max-image-preview:large","max-video-preview":"max-video-preview:-1"},"canonical":"https:\/\/www.gaveanews.com\/index.php\/2022\/06\/27\/irma-de-gabigol-revela-que-jogador-do-flamengo-teve-depressao-anemia-e-ainda-sonha-com-a-europa\/","og_locale":"pt_BR","og_type":"article","og_title":"Irm\u00e3 de Gabigol revela que jogador do Flamengo teve depress\u00e3o, anemia e ainda sonha com a Europa","og_description":"Hoje \u00eddolo e refer\u00eancia no Flamengo, Gabigol j\u00e1 teve momentos ruins na carreira de jogador de futebol. Depois de fazer sucesso no Santos no in\u00edcio de sua trajet\u00f3ria, o atacante se transferiu para a Inter de Mil\u00e3o, mas n\u00e3o conseguiu se adaptar ao futebol europeu. A influenciadora Dhiovanna Barbosa, irm\u00e3 do camisa 9 do Flamengo, [&hellip;]","og_url":"https:\/\/www.gaveanews.com\/index.php\/2022\/06\/27\/irma-de-gabigol-revela-que-jogador-do-flamengo-teve-depressao-anemia-e-ainda-sonha-com-a-europa\/","og_site_name":"G\u00e1vea News","article_publisher":"https:\/\/facebook.com\/gaveaNews\/","article_published_time":"2022-06-28T00:52:24+00:00","og_image":[{"width":920,"height":518,"url":"https:\/\/www.gaveanews.com\/wp-content\/uploads\/Rui-Vitoria-ao-lado-de-Gabigol-e-Douglas-durante-um-jogo-do-Benfica.webp","type":"image\/jpeg"}],"author":"Equipe G\u00e1vea News","twitter_card":"summary_large_image","twitter_misc":{"Escrito por":"Equipe G\u00e1vea News","Est. tempo de leitura":"2 minutos"},"schema":{"@context":"https:\/\/schema.org","@graph":[{"@type":"NewsArticle","@id":"https:\/\/www.gaveanews.com\/index.php\/2022\/06\/27\/irma-de-gabigol-revela-que-jogador-do-flamengo-teve-depressao-anemia-e-ainda-sonha-com-a-europa\/#article","isPartOf":{"@id":"https:\/\/www.gaveanews.com\/index.php\/2022\/06\/27\/irma-de-gabigol-revela-que-jogador-do-flamengo-teve-depressao-anemia-e-ainda-sonha-com-a-europa\/"},"author":{"name":"Equipe G\u00e1vea News","@id":"https:\/\/www.gaveanews.com\/#\/schema\/person\/2ec14f73fb96be2caf28f91afb14749d"},"headline":"Irm\u00e3 de Gabigol revela que jogador do Flamengo teve depress\u00e3o, anemia e ainda sonha com a Europa","datePublished":"2022-06-28T00:52:24+00:00","mainEntityOfPage":{"@id":"https:\/\/www.gaveanews.com\/index.php\/2022\/06\/27\/irma-de-gabigol-revela-que-jogador-do-flamengo-teve-depressao-anemia-e-ainda-sonha-com-a-europa\/"},"wordCount":395,"commentCount":0,"image":{"@id":"https:\/\/www.gaveanews.com\/index.php\/2022\/06\/27\/irma-de-gabigol-revela-que-jogador-do-flamengo-teve-depressao-anemia-e-ainda-sonha-com-a-europa\/#primaryimage"},"thumbnailUrl":"https:\/\/www.gaveanews.com\/wp-content\/uploads\/Rui-Vitoria-ao-lado-de-Gabigol-e-Douglas-durante-um-jogo-do-Benfica.webp","articleSection":["Flamengo"],"inLanguage":"pt-BR","potentialAction":[{"@type":"CommentAction","name":"Comment","target":["https:\/\/www.gaveanews.com\/index.php\/2022\/06\/27\/irma-de-gabigol-revela-que-jogador-do-flamengo-teve-depressao-anemia-e-ainda-sonha-com-a-europa\/#respond"]}],"copyrightYear":"2022","copyrightHolder":{"@id":"https:\/\/www.gaveanews.com\/#organization"}},{"@type":"WebPage","@id":"https:\/\/www.gaveanews.com\/index.php\/2022\/06\/27\/irma-de-gabigol-revela-que-jogador-do-flamengo-teve-depressao-anemia-e-ainda-sonha-com-a-europa\/","url":"https:\/\/www.gaveanews.com\/index.php\/2022\/06\/27\/irma-de-gabigol-revela-que-jogador-do-flamengo-teve-depressao-anemia-e-ainda-sonha-com-a-europa\/","name":"Irm\u00e3 de Gabigol revela que jogador do Flamengo teve depress\u00e3o, anemia e ainda sonha com a Europa","isPartOf":{"@id":"https:\/\/www.gaveanews.com\/#website"},"primaryImageOfPage":{"@id":"https:\/\/www.gaveanews.com\/index.php\/2022\/06\/27\/irma-de-gabigol-revela-que-jogador-do-flamengo-teve-depressao-anemia-e-ainda-sonha-com-a-europa\/#primaryimage"},"image":{"@id":"https:\/\/www.gaveanews.com\/index.php\/2022\/06\/27\/irma-de-gabigol-revela-que-jogador-do-flamengo-teve-depressao-anemia-e-ainda-sonha-com-a-europa\/#primaryimage"},"thumbnailUrl":"https:\/\/www.gaveanews.com\/wp-content\/uploads\/Rui-Vitoria-ao-lado-de-Gabigol-e-Douglas-durante-um-jogo-do-Benfica.webp","datePublished":"2022-06-28T00:52:24+00:00","author":{"@id":"https:\/\/www.gaveanews.com\/#\/schema\/person\/2ec14f73fb96be2caf28f91afb14749d"},"breadcrumb":{"@id":"https:\/\/www.gaveanews.com\/index.php\/2022\/06\/27\/irma-de-gabigol-revela-que-jogador-do-flamengo-teve-depressao-anemia-e-ainda-sonha-com-a-europa\/#breadcrumb"},"inLanguage":"pt-BR","potentialAction":[{"@type":"ReadAction","target":["https:\/\/www.gaveanews.com\/index.php\/2022\/06\/27\/irma-de-gabigol-revela-que-jogador-do-flamengo-teve-depressao-anemia-e-ainda-sonha-com-a-europa\/"]}]},{"@type":"ImageObject","inLanguage":"pt-BR","@id":"https:\/\/www.gaveanews.com\/index.php\/2022\/06\/27\/irma-de-gabigol-revela-que-jogador-do-flamengo-teve-depressao-anemia-e-ainda-sonha-com-a-europa\/#primaryimage","url":"https:\/\/www.gaveanews.com\/wp-content\/uploads\/Rui-Vitoria-ao-lado-de-Gabigol-e-Douglas-durante-um-jogo-do-Benfica.webp","contentUrl":"https:\/\/www.gaveanews.com\/wp-content\/uploads\/Rui-Vitoria-ao-lado-de-Gabigol-e-Douglas-durante-um-jogo-do-Benfica.webp","width":920,"height":518,"caption":"Rui Vitoria ao lado de Gabigol e Douglas durante um jogo do Benfica (Foto: Filipe Farinha)"},{"@type":"BreadcrumbList","@id":"https:\/\/www.gaveanews.com\/index.php\/2022\/06\/27\/irma-de-gabigol-revela-que-jogador-do-flamengo-teve-depressao-anemia-e-ainda-sonha-com-a-europa\/#breadcrumb","itemListElement":[{"@type":"ListItem","position":1,"name":"Home","item":"https:\/\/www.gaveanews.com\/"},{"@type":"ListItem","position":2,"name":"Irm\u00e3 de Gabigol revela que jogador do Flamengo teve depress\u00e3o, anemia e ainda sonha com a Europa"}]},{"@type":"WebSite","@id":"https:\/\/www.gaveanews.com\/#website","url":"https:\/\/www.gaveanews.com\/","name":"G\u00e1vea News","description":"Veja todas as not\u00edcias sobre o Flamengo: Contrata\u00e7\u00f5es, categorias de base, resultados das partidas, tabela de classifica\u00e7\u00e3o, pr\u00f3ximos jogos!","potentialAction":[{"@type":"SearchAction","target":{"@type":"EntryPoint","urlTemplate":"https:\/\/www.gaveanews.com\/?s={search_term_string}"},"query-input":{"@type":"PropertyValueSpecification","valueRequired":true,"valueName":"search_term_string"}}],"inLanguage":"pt-BR"},{"@type":"Person","@id":"https:\/\/www.gaveanews.com\/#\/schema\/person\/2ec14f73fb96be2caf28f91afb14749d","name":"Equipe G\u00e1vea News","image":{"@type":"ImageObject","inLanguage":"pt-BR","@id":"https:\/\/www.gaveanews.com\/#\/schema\/person\/image\/","url":"https:\/\/secure.gravatar.com\/avatar\/1e1956f1facbffd3f8fa53a326721950116b3b9dc9bd44939c01180fd4a745a9?s=96&d=mm&r=g","contentUrl":"https:\/\/secure.gravatar.com\/avatar\/1e1956f1facbffd3f8fa53a326721950116b3b9dc9bd44939c01180fd4a745a9?s=96&d=mm&r=g","caption":"Equipe G\u00e1vea News"}}]}},"_links":{"self":[{"href":"https:\/\/www.gaveanews.com\/index.php\/wp-json\/wp\/v2\/posts\/83864","targetHints":{"allow":["GET"]}}],"collection":[{"href":"https:\/\/www.gaveanews.com\/index.php\/wp-json\/wp\/v2\/posts"}],"about":[{"href":"https:\/\/www.gaveanews.com\/index.php\/wp-json\/wp\/v2\/types\/post"}],"author":[{"embeddable":true,"href":"https:\/\/www.gaveanews.com\/index.php\/wp-json\/wp\/v2\/users\/1"}],"replies":[{"embeddable":true,"href":"https:\/\/www.gaveanews.com\/index.php\/wp-json\/wp\/v2\/comments?post=83864"}],"version-history":[{"count":0,"href":"https:\/\/www.gaveanews.com\/index.php\/wp-json\/wp\/v2\/posts\/83864\/revisions"}],"wp:featuredmedia":[{"embeddable":true,"href":"https:\/\/www.gaveanews.com\/index.php\/wp-json\/wp\/v2\/media\/58707"}],"wp:attachment":[{"href":"https:\/\/www.gaveanews.com\/index.php\/wp-json\/wp\/v2\/media?parent=83864"}],"wp:term":[{"taxonomy":"category","embeddable":true,"href":"https:\/\/www.gaveanews.com\/index.php\/wp-json\/wp\/v2\/categories?post=83864"},{"taxonomy":"post_tag","embeddable":true,"href":"https:\/\/www.gaveanews.com\/index.php\/wp-json\/wp\/v2\/tags?post=83864"}],"curies":[{"name":"wp","href":"https:\/\/api.w.org\/{rel}","templated":true}]}}