{"id":83866,"date":"2022-06-27T22:49:30","date_gmt":"2022-06-28T01:49:30","guid":{"rendered":"https:\/\/www.gaveanews.com\/?p=83866"},"modified":"2024-04-06T23:05:48","modified_gmt":"2024-04-07T02:05:48","slug":"mauro-cezar-pereira-faz-alerta-sobre-a-situacao-de-gabigol-no-flamengo","status":"publish","type":"post","link":"https:\/\/www.gaveanews.com\/index.php\/2022\/06\/27\/mauro-cezar-pereira-faz-alerta-sobre-a-situacao-de-gabigol-no-flamengo\/","title":{"rendered":"Mauro Cezar Pereira faz alerta sobre a situa\u00e7\u00e3o de Gabigol no Flamengo"},"content":{"rendered":"<p>Enquanto o Flamengo busca se estabilizar na temporada, Gabigol tamb\u00e9m tenta voltar aos seus melhores dias. No \u00faltimo s\u00e1bado (25), apesar de ter feito um gol na vit\u00f3ria de 3 a 0 contra o Am\u00e9rica-MG, o camisa 9 foi vaiado no Maracan\u00e3. Ele perdeu um p\u00eanalti e desabafou em entrevista ap\u00f3s o jogo, depois de sair de campo com um sorriso ir\u00f4nico.<\/p>\n<p>Mauro Cezar Pereira, jornalista especialista no dia a dia do Flamengo, analisou a atual situa\u00e7\u00e3o de Gabriel Barbosa no podcast \u2018Posse de Bola\u2019. Para ele, o jogador precisa receber conselhos por conta das atitudes com a torcida.<\/p>\n<p><em>\u2014 Algu\u00e9m no Flamengo precisa ter coragem de conversar com ele e saber o que est\u00e1 acontecendo. Ele sai substitu\u00eddo, \u00e9 vaiado por uma parte da torcida e aplaudido por outros. A\u00ed ele ri meio com sorriso amarelo. Est\u00e1 rindo de qu\u00ea? Perdeu um p\u00eanalti, coisa que n\u00e3o costuma acontecer, a primeira vez que ele bate um p\u00eanalti para fora no Flamengo, os outros dois que ele perdeu foram na trave<\/em>, come\u00e7ou dizendo Mauro Cezar.<\/p>\n<p><em>\u2014 Quando ele perde o p\u00eanalti o jogo fica um pouco dram\u00e1tico ali porque est\u00e1 1 a 0, a mar\u00e9 j\u00e1 n\u00e3o \u00e9 boa, tem um gol bem anulado em impedimento clamoroso do Am\u00e9rica-MG, mas na hora em que a bola vai na rede o torcedor fica assustado. Depois os gols aconteceram, era para ser de fato de mais, ele perdeu duas chances clar\u00edssimas<\/em>, concluiu ele.<\/p>\n<p>Com a vit\u00f3ria, a equipe comandada por Dorival J\u00fanior diminuiu a desvantagem em rela\u00e7\u00e3o aos primeiros colocados da tabela do Brasileir\u00e3o S\u00e9rie A, j\u00e1 que Palmeiras e Corinthians apenas empataram na rodada, contra Ava\u00ed e Santos, respectivamente. Agora, o Flamengo est\u00e1 em nono, com 18 pontos, 11 a menos do que o time de Abel Ferreira, o l\u00edder da competi\u00e7\u00e3o.<\/p>\n<p>O pr\u00f3ximo advers\u00e1rio do Rubro-Negro \u00e9 o Tolima, fora de casa, pela ida das oitavas de final da Copa Libertadores da Am\u00e9rica, nesta quarta-feira (29), \u00e0s 21h30 (de Bras\u00edlia). Depois, no Campeonato Brasileiro, o Santos de Fabi\u00e1n Bustos \u00e9 o desafiante, no s\u00e1bado (2), na Vila Belmiro.<\/p>\n<p>Retirado de: Torcedores<\/p>\n","protected":false},"excerpt":{"rendered":"<p>Enquanto o Flamengo busca se estabilizar na temporada, Gabigol tamb\u00e9m tenta voltar aos seus melhores dias. No \u00faltimo s\u00e1bado (25), apesar de ter feito um gol na vit\u00f3ria de 3 a 0 contra o Am\u00e9rica-MG, o camisa 9 foi vaiado no Maracan\u00e3. Ele perdeu um p\u00eanalti e desabafou em entrevista ap\u00f3s o jogo, depois de [&hellip;]<\/p>\n","protected":false},"author":1,"featured_media":56367,"comment_status":"open","ping_status":"closed","sticky":false,"template":"","format":"standard","meta":{"footnotes":""},"categories":[1],"tags":[170],"class_list":["post-83866","post","type-post","status-publish","format-standard","has-post-thumbnail","hentry","category-flamengo","tag-mauro-cezar-pereira"],"yoast_head":"<!-- This site is optimized with the Yoast SEO Premium plugin v24.2 (Yoast SEO v26.9) - https:\/\/yoast.com\/product\/yoast-seo-premium-wordpress\/ -->\n<title>Mauro Cezar Pereira faz alerta sobre a situa\u00e7\u00e3o de Gabigol no Flamengo<\/title>\n<meta name=\"robots\" content=\"index, follow, max-snippet:-1, max-image-preview:large, max-video-preview:-1\" \/>\n<link rel=\"canonical\" href=\"https:\/\/www.gaveanews.com\/index.php\/2022\/06\/27\/mauro-cezar-pereira-faz-alerta-sobre-a-situacao-de-gabigol-no-flamengo\/\" \/>\n<meta property=\"og:locale\" content=\"pt_BR\" \/>\n<meta property=\"og:type\" content=\"article\" \/>\n<meta property=\"og:title\" content=\"Mauro Cezar Pereira faz alerta sobre a situa\u00e7\u00e3o de Gabigol no Flamengo\" \/>\n<meta property=\"og:description\" content=\"Enquanto o Flamengo busca se estabilizar na temporada, Gabigol tamb\u00e9m tenta voltar aos seus melhores dias. No \u00faltimo s\u00e1bado (25), apesar de ter feito um gol na vit\u00f3ria de 3 a 0 contra o Am\u00e9rica-MG, o camisa 9 foi vaiado no Maracan\u00e3. Ele perdeu um p\u00eanalti e desabafou em entrevista ap\u00f3s o jogo, depois de [&hellip;]\" \/>\n<meta property=\"og:url\" content=\"https:\/\/www.gaveanews.com\/index.php\/2022\/06\/27\/mauro-cezar-pereira-faz-alerta-sobre-a-situacao-de-gabigol-no-flamengo\/\" \/>\n<meta property=\"og:site_name\" content=\"G\u00e1vea News\" \/>\n<meta property=\"article:publisher\" content=\"https:\/\/facebook.com\/gaveaNews\/\" \/>\n<meta property=\"article:published_time\" content=\"2022-06-28T01:49:30+00:00\" \/>\n<meta property=\"article:modified_time\" content=\"2024-04-07T02:05:48+00:00\" \/>\n<meta property=\"og:image\" content=\"https:\/\/www.gaveanews.com\/wp-content\/uploads\/Mauro-Cezar-em-participacao-na-Uol-Esporte.webp\" \/>\n\t<meta property=\"og:image:width\" content=\"900\" \/>\n\t<meta property=\"og:image:height\" content=\"506\" \/>\n\t<meta property=\"og:image:type\" content=\"image\/png\" \/>\n<meta name=\"author\" content=\"Equipe G\u00e1vea News\" \/>\n<meta name=\"twitter:card\" content=\"summary_large_image\" \/>\n<meta name=\"twitter:label1\" content=\"Escrito por\" \/>\n\t<meta name=\"twitter:data1\" content=\"Equipe G\u00e1vea News\" \/>\n\t<meta name=\"twitter:label2\" content=\"Est. tempo de leitura\" \/>\n\t<meta name=\"twitter:data2\" content=\"2 minutos\" \/>\n<script type=\"application\/ld+json\" class=\"yoast-schema-graph\">{\"@context\":\"https:\/\/schema.org\",\"@graph\":[{\"@type\":\"NewsArticle\",\"@id\":\"https:\/\/www.gaveanews.com\/index.php\/2022\/06\/27\/mauro-cezar-pereira-faz-alerta-sobre-a-situacao-de-gabigol-no-flamengo\/#article\",\"isPartOf\":{\"@id\":\"https:\/\/www.gaveanews.com\/index.php\/2022\/06\/27\/mauro-cezar-pereira-faz-alerta-sobre-a-situacao-de-gabigol-no-flamengo\/\"},\"author\":{\"name\":\"Equipe G\u00e1vea News\",\"@id\":\"https:\/\/www.gaveanews.com\/#\/schema\/person\/2ec14f73fb96be2caf28f91afb14749d\"},\"headline\":\"Mauro Cezar Pereira faz alerta sobre a situa\u00e7\u00e3o de Gabigol no Flamengo\",\"datePublished\":\"2022-06-28T01:49:30+00:00\",\"dateModified\":\"2024-04-07T02:05:48+00:00\",\"mainEntityOfPage\":{\"@id\":\"https:\/\/www.gaveanews.com\/index.php\/2022\/06\/27\/mauro-cezar-pereira-faz-alerta-sobre-a-situacao-de-gabigol-no-flamengo\/\"},\"wordCount\":379,\"commentCount\":0,\"image\":{\"@id\":\"https:\/\/www.gaveanews.com\/index.php\/2022\/06\/27\/mauro-cezar-pereira-faz-alerta-sobre-a-situacao-de-gabigol-no-flamengo\/#primaryimage\"},\"thumbnailUrl\":\"https:\/\/www.gaveanews.com\/wp-content\/uploads\/Mauro-Cezar-em-participacao-na-Uol-Esporte.webp\",\"keywords\":[\"Mauro Cezar Pereira\"],\"articleSection\":[\"Flamengo\"],\"inLanguage\":\"pt-BR\",\"potentialAction\":[{\"@type\":\"CommentAction\",\"name\":\"Comment\",\"target\":[\"https:\/\/www.gaveanews.com\/index.php\/2022\/06\/27\/mauro-cezar-pereira-faz-alerta-sobre-a-situacao-de-gabigol-no-flamengo\/#respond\"]}],\"copyrightYear\":\"2022\",\"copyrightHolder\":{\"@id\":\"https:\/\/www.gaveanews.com\/#organization\"}},{\"@type\":\"WebPage\",\"@id\":\"https:\/\/www.gaveanews.com\/index.php\/2022\/06\/27\/mauro-cezar-pereira-faz-alerta-sobre-a-situacao-de-gabigol-no-flamengo\/\",\"url\":\"https:\/\/www.gaveanews.com\/index.php\/2022\/06\/27\/mauro-cezar-pereira-faz-alerta-sobre-a-situacao-de-gabigol-no-flamengo\/\",\"name\":\"Mauro Cezar Pereira faz alerta sobre a situa\u00e7\u00e3o de Gabigol no Flamengo\",\"isPartOf\":{\"@id\":\"https:\/\/www.gaveanews.com\/#website\"},\"primaryImageOfPage\":{\"@id\":\"https:\/\/www.gaveanews.com\/index.php\/2022\/06\/27\/mauro-cezar-pereira-faz-alerta-sobre-a-situacao-de-gabigol-no-flamengo\/#primaryimage\"},\"image\":{\"@id\":\"https:\/\/www.gaveanews.com\/index.php\/2022\/06\/27\/mauro-cezar-pereira-faz-alerta-sobre-a-situacao-de-gabigol-no-flamengo\/#primaryimage\"},\"thumbnailUrl\":\"https:\/\/www.gaveanews.com\/wp-content\/uploads\/Mauro-Cezar-em-participacao-na-Uol-Esporte.webp\",\"datePublished\":\"2022-06-28T01:49:30+00:00\",\"dateModified\":\"2024-04-07T02:05:48+00:00\",\"author\":{\"@id\":\"https:\/\/www.gaveanews.com\/#\/schema\/person\/2ec14f73fb96be2caf28f91afb14749d\"},\"breadcrumb\":{\"@id\":\"https:\/\/www.gaveanews.com\/index.php\/2022\/06\/27\/mauro-cezar-pereira-faz-alerta-sobre-a-situacao-de-gabigol-no-flamengo\/#breadcrumb\"},\"inLanguage\":\"pt-BR\",\"potentialAction\":[{\"@type\":\"ReadAction\",\"target\":[\"https:\/\/www.gaveanews.com\/index.php\/2022\/06\/27\/mauro-cezar-pereira-faz-alerta-sobre-a-situacao-de-gabigol-no-flamengo\/\"]}]},{\"@type\":\"ImageObject\",\"inLanguage\":\"pt-BR\",\"@id\":\"https:\/\/www.gaveanews.com\/index.php\/2022\/06\/27\/mauro-cezar-pereira-faz-alerta-sobre-a-situacao-de-gabigol-no-flamengo\/#primaryimage\",\"url\":\"https:\/\/www.gaveanews.com\/wp-content\/uploads\/Mauro-Cezar-em-participacao-na-Uol-Esporte.webp\",\"contentUrl\":\"https:\/\/www.gaveanews.com\/wp-content\/uploads\/Mauro-Cezar-em-participacao-na-Uol-Esporte.webp\",\"width\":900,\"height\":506,\"caption\":\"Mauro Cezar, comentarista da UOL Esporte (Foto: Reprodu\u00e7\u00e3o\/UOL Esporte)\"},{\"@type\":\"BreadcrumbList\",\"@id\":\"https:\/\/www.gaveanews.com\/index.php\/2022\/06\/27\/mauro-cezar-pereira-faz-alerta-sobre-a-situacao-de-gabigol-no-flamengo\/#breadcrumb\",\"itemListElement\":[{\"@type\":\"ListItem\",\"position\":1,\"name\":\"Home\",\"item\":\"https:\/\/www.gaveanews.com\/\"},{\"@type\":\"ListItem\",\"position\":2,\"name\":\"Mauro Cezar Pereira faz alerta sobre a situa\u00e7\u00e3o de Gabigol no Flamengo\"}]},{\"@type\":\"WebSite\",\"@id\":\"https:\/\/www.gaveanews.com\/#website\",\"url\":\"https:\/\/www.gaveanews.com\/\",\"name\":\"G\u00e1vea News\",\"description\":\"Veja todas as not\u00edcias sobre o Flamengo: Contrata\u00e7\u00f5es, categorias de base, resultados das partidas, tabela de classifica\u00e7\u00e3o, pr\u00f3ximos jogos!\",\"potentialAction\":[{\"@type\":\"SearchAction\",\"target\":{\"@type\":\"EntryPoint\",\"urlTemplate\":\"https:\/\/www.gaveanews.com\/?s={search_term_string}\"},\"query-input\":{\"@type\":\"PropertyValueSpecification\",\"valueRequired\":true,\"valueName\":\"search_term_string\"}}],\"inLanguage\":\"pt-BR\"},{\"@type\":\"Person\",\"@id\":\"https:\/\/www.gaveanews.com\/#\/schema\/person\/2ec14f73fb96be2caf28f91afb14749d\",\"name\":\"Equipe G\u00e1vea News\",\"image\":{\"@type\":\"ImageObject\",\"inLanguage\":\"pt-BR\",\"@id\":\"https:\/\/www.gaveanews.com\/#\/schema\/person\/image\/\",\"url\":\"https:\/\/secure.gravatar.com\/avatar\/1e1956f1facbffd3f8fa53a326721950116b3b9dc9bd44939c01180fd4a745a9?s=96&d=mm&r=g\",\"contentUrl\":\"https:\/\/secure.gravatar.com\/avatar\/1e1956f1facbffd3f8fa53a326721950116b3b9dc9bd44939c01180fd4a745a9?s=96&d=mm&r=g\",\"caption\":\"Equipe G\u00e1vea News\"}}]}<\/script>\n<!-- \/ Yoast SEO Premium plugin. -->","yoast_head_json":{"title":"Mauro Cezar Pereira faz alerta sobre a situa\u00e7\u00e3o de Gabigol no Flamengo","robots":{"index":"index","follow":"follow","max-snippet":"max-snippet:-1","max-image-preview":"max-image-preview:large","max-video-preview":"max-video-preview:-1"},"canonical":"https:\/\/www.gaveanews.com\/index.php\/2022\/06\/27\/mauro-cezar-pereira-faz-alerta-sobre-a-situacao-de-gabigol-no-flamengo\/","og_locale":"pt_BR","og_type":"article","og_title":"Mauro Cezar Pereira faz alerta sobre a situa\u00e7\u00e3o de Gabigol no Flamengo","og_description":"Enquanto o Flamengo busca se estabilizar na temporada, Gabigol tamb\u00e9m tenta voltar aos seus melhores dias. No \u00faltimo s\u00e1bado (25), apesar de ter feito um gol na vit\u00f3ria de 3 a 0 contra o Am\u00e9rica-MG, o camisa 9 foi vaiado no Maracan\u00e3. Ele perdeu um p\u00eanalti e desabafou em entrevista ap\u00f3s o jogo, depois de [&hellip;]","og_url":"https:\/\/www.gaveanews.com\/index.php\/2022\/06\/27\/mauro-cezar-pereira-faz-alerta-sobre-a-situacao-de-gabigol-no-flamengo\/","og_site_name":"G\u00e1vea News","article_publisher":"https:\/\/facebook.com\/gaveaNews\/","article_published_time":"2022-06-28T01:49:30+00:00","article_modified_time":"2024-04-07T02:05:48+00:00","og_image":[{"width":900,"height":506,"url":"https:\/\/www.gaveanews.com\/wp-content\/uploads\/Mauro-Cezar-em-participacao-na-Uol-Esporte.webp","type":"image\/png"}],"author":"Equipe G\u00e1vea News","twitter_card":"summary_large_image","twitter_misc":{"Escrito por":"Equipe G\u00e1vea News","Est. tempo de leitura":"2 minutos"},"schema":{"@context":"https:\/\/schema.org","@graph":[{"@type":"NewsArticle","@id":"https:\/\/www.gaveanews.com\/index.php\/2022\/06\/27\/mauro-cezar-pereira-faz-alerta-sobre-a-situacao-de-gabigol-no-flamengo\/#article","isPartOf":{"@id":"https:\/\/www.gaveanews.com\/index.php\/2022\/06\/27\/mauro-cezar-pereira-faz-alerta-sobre-a-situacao-de-gabigol-no-flamengo\/"},"author":{"name":"Equipe G\u00e1vea News","@id":"https:\/\/www.gaveanews.com\/#\/schema\/person\/2ec14f73fb96be2caf28f91afb14749d"},"headline":"Mauro Cezar Pereira faz alerta sobre a situa\u00e7\u00e3o de Gabigol no Flamengo","datePublished":"2022-06-28T01:49:30+00:00","dateModified":"2024-04-07T02:05:48+00:00","mainEntityOfPage":{"@id":"https:\/\/www.gaveanews.com\/index.php\/2022\/06\/27\/mauro-cezar-pereira-faz-alerta-sobre-a-situacao-de-gabigol-no-flamengo\/"},"wordCount":379,"commentCount":0,"image":{"@id":"https:\/\/www.gaveanews.com\/index.php\/2022\/06\/27\/mauro-cezar-pereira-faz-alerta-sobre-a-situacao-de-gabigol-no-flamengo\/#primaryimage"},"thumbnailUrl":"https:\/\/www.gaveanews.com\/wp-content\/uploads\/Mauro-Cezar-em-participacao-na-Uol-Esporte.webp","keywords":["Mauro Cezar Pereira"],"articleSection":["Flamengo"],"inLanguage":"pt-BR","potentialAction":[{"@type":"CommentAction","name":"Comment","target":["https:\/\/www.gaveanews.com\/index.php\/2022\/06\/27\/mauro-cezar-pereira-faz-alerta-sobre-a-situacao-de-gabigol-no-flamengo\/#respond"]}],"copyrightYear":"2022","copyrightHolder":{"@id":"https:\/\/www.gaveanews.com\/#organization"}},{"@type":"WebPage","@id":"https:\/\/www.gaveanews.com\/index.php\/2022\/06\/27\/mauro-cezar-pereira-faz-alerta-sobre-a-situacao-de-gabigol-no-flamengo\/","url":"https:\/\/www.gaveanews.com\/index.php\/2022\/06\/27\/mauro-cezar-pereira-faz-alerta-sobre-a-situacao-de-gabigol-no-flamengo\/","name":"Mauro Cezar Pereira faz alerta sobre a situa\u00e7\u00e3o de Gabigol no Flamengo","isPartOf":{"@id":"https:\/\/www.gaveanews.com\/#website"},"primaryImageOfPage":{"@id":"https:\/\/www.gaveanews.com\/index.php\/2022\/06\/27\/mauro-cezar-pereira-faz-alerta-sobre-a-situacao-de-gabigol-no-flamengo\/#primaryimage"},"image":{"@id":"https:\/\/www.gaveanews.com\/index.php\/2022\/06\/27\/mauro-cezar-pereira-faz-alerta-sobre-a-situacao-de-gabigol-no-flamengo\/#primaryimage"},"thumbnailUrl":"https:\/\/www.gaveanews.com\/wp-content\/uploads\/Mauro-Cezar-em-participacao-na-Uol-Esporte.webp","datePublished":"2022-06-28T01:49:30+00:00","dateModified":"2024-04-07T02:05:48+00:00","author":{"@id":"https:\/\/www.gaveanews.com\/#\/schema\/person\/2ec14f73fb96be2caf28f91afb14749d"},"breadcrumb":{"@id":"https:\/\/www.gaveanews.com\/index.php\/2022\/06\/27\/mauro-cezar-pereira-faz-alerta-sobre-a-situacao-de-gabigol-no-flamengo\/#breadcrumb"},"inLanguage":"pt-BR","potentialAction":[{"@type":"ReadAction","target":["https:\/\/www.gaveanews.com\/index.php\/2022\/06\/27\/mauro-cezar-pereira-faz-alerta-sobre-a-situacao-de-gabigol-no-flamengo\/"]}]},{"@type":"ImageObject","inLanguage":"pt-BR","@id":"https:\/\/www.gaveanews.com\/index.php\/2022\/06\/27\/mauro-cezar-pereira-faz-alerta-sobre-a-situacao-de-gabigol-no-flamengo\/#primaryimage","url":"https:\/\/www.gaveanews.com\/wp-content\/uploads\/Mauro-Cezar-em-participacao-na-Uol-Esporte.webp","contentUrl":"https:\/\/www.gaveanews.com\/wp-content\/uploads\/Mauro-Cezar-em-participacao-na-Uol-Esporte.webp","width":900,"height":506,"caption":"Mauro Cezar, comentarista da UOL Esporte (Foto: Reprodu\u00e7\u00e3o\/UOL Esporte)"},{"@type":"BreadcrumbList","@id":"https:\/\/www.gaveanews.com\/index.php\/2022\/06\/27\/mauro-cezar-pereira-faz-alerta-sobre-a-situacao-de-gabigol-no-flamengo\/#breadcrumb","itemListElement":[{"@type":"ListItem","position":1,"name":"Home","item":"https:\/\/www.gaveanews.com\/"},{"@type":"ListItem","position":2,"name":"Mauro Cezar Pereira faz alerta sobre a situa\u00e7\u00e3o de Gabigol no Flamengo"}]},{"@type":"WebSite","@id":"https:\/\/www.gaveanews.com\/#website","url":"https:\/\/www.gaveanews.com\/","name":"G\u00e1vea News","description":"Veja todas as not\u00edcias sobre o Flamengo: Contrata\u00e7\u00f5es, categorias de base, resultados das partidas, tabela de classifica\u00e7\u00e3o, pr\u00f3ximos jogos!","potentialAction":[{"@type":"SearchAction","target":{"@type":"EntryPoint","urlTemplate":"https:\/\/www.gaveanews.com\/?s={search_term_string}"},"query-input":{"@type":"PropertyValueSpecification","valueRequired":true,"valueName":"search_term_string"}}],"inLanguage":"pt-BR"},{"@type":"Person","@id":"https:\/\/www.gaveanews.com\/#\/schema\/person\/2ec14f73fb96be2caf28f91afb14749d","name":"Equipe G\u00e1vea News","image":{"@type":"ImageObject","inLanguage":"pt-BR","@id":"https:\/\/www.gaveanews.com\/#\/schema\/person\/image\/","url":"https:\/\/secure.gravatar.com\/avatar\/1e1956f1facbffd3f8fa53a326721950116b3b9dc9bd44939c01180fd4a745a9?s=96&d=mm&r=g","contentUrl":"https:\/\/secure.gravatar.com\/avatar\/1e1956f1facbffd3f8fa53a326721950116b3b9dc9bd44939c01180fd4a745a9?s=96&d=mm&r=g","caption":"Equipe G\u00e1vea News"}}]}},"_links":{"self":[{"href":"https:\/\/www.gaveanews.com\/index.php\/wp-json\/wp\/v2\/posts\/83866","targetHints":{"allow":["GET"]}}],"collection":[{"href":"https:\/\/www.gaveanews.com\/index.php\/wp-json\/wp\/v2\/posts"}],"about":[{"href":"https:\/\/www.gaveanews.com\/index.php\/wp-json\/wp\/v2\/types\/post"}],"author":[{"embeddable":true,"href":"https:\/\/www.gaveanews.com\/index.php\/wp-json\/wp\/v2\/users\/1"}],"replies":[{"embeddable":true,"href":"https:\/\/www.gaveanews.com\/index.php\/wp-json\/wp\/v2\/comments?post=83866"}],"version-history":[{"count":1,"href":"https:\/\/www.gaveanews.com\/index.php\/wp-json\/wp\/v2\/posts\/83866\/revisions"}],"predecessor-version":[{"id":134644,"href":"https:\/\/www.gaveanews.com\/index.php\/wp-json\/wp\/v2\/posts\/83866\/revisions\/134644"}],"wp:featuredmedia":[{"embeddable":true,"href":"https:\/\/www.gaveanews.com\/index.php\/wp-json\/wp\/v2\/media\/56367"}],"wp:attachment":[{"href":"https:\/\/www.gaveanews.com\/index.php\/wp-json\/wp\/v2\/media?parent=83866"}],"wp:term":[{"taxonomy":"category","embeddable":true,"href":"https:\/\/www.gaveanews.com\/index.php\/wp-json\/wp\/v2\/categories?post=83866"},{"taxonomy":"post_tag","embeddable":true,"href":"https:\/\/www.gaveanews.com\/index.php\/wp-json\/wp\/v2\/tags?post=83866"}],"curies":[{"name":"wp","href":"https:\/\/api.w.org\/{rel}","templated":true}]}}