{"id":83870,"date":"2022-06-27T23:53:20","date_gmt":"2022-06-28T02:53:20","guid":{"rendered":"https:\/\/www.gaveanews.com\/?p=83870"},"modified":"2024-04-06T23:05:47","modified_gmt":"2024-04-07T02:05:47","slug":"mauro-cezar-pereira-detona-mensagem-de-diego-ribas-para-a-torcida-do-flamengo","status":"publish","type":"post","link":"https:\/\/www.gaveanews.com\/index.php\/2022\/06\/27\/mauro-cezar-pereira-detona-mensagem-de-diego-ribas-para-a-torcida-do-flamengo\/","title":{"rendered":"Mauro Cezar Pereira detona mensagem de Diego Ribas para a torcida do Flamengo"},"content":{"rendered":"<p>Mauro Cezar detonou a mensagem de Diego Ribas para a torcida do Flamengo no programa &#8220;Bate Pronto&#8221; desta segunda-feira. O comentarista classificou a publica\u00e7\u00e3o do meia rubro-negro como &#8220;deprimente&#8221; e afirmou que o camisa 10 n\u00e3o atinge as expectativas de um clube que quer ser campe\u00e3o.<\/p>\n<p><em>\u2014 Que coisa constrangedora. Isso n\u00e3o tem a menor import\u00e2ncia. Isso \u00e9 m\u00eddia trainning. Essas entrevistas horrorosas que ele d\u00e1. Ele tinha parado, mas voltou com essa coisa de querer jogar com palavras. Acho deprimente isso a\u00ed. Um jogador, numa reta final de carreira, ficar recorrendo a esse tipo de coisa para tentar conquistar simpatia de torcedor. Tem que ir l\u00e1 e jogar. N\u00e3o consegue mais jogar no n\u00edvel de um clube que quer ser campe\u00e3o. Apenas isso<\/em> &#8211; disse Mauro Cezar no programa da Jovem Pan.<\/p>\n<p><em>\u2014 O Diego Ribas, hoje, n\u00e3o consegue entregar o que se espera de um clube que quer ser campe\u00e3o. Em um time com pretens\u00f5es menores, ele pode ser \u00fatil. Com os investimentos que o Flamengo faz, ele n\u00e3o atende as expectativas. Ele foi importante na hist\u00f3ria do clube, isso n\u00e3o est\u00e1 em discuss\u00e3o. \u00c9 uma tentativa de manter uma pipa no alto que n\u00e3o d\u00e1 mais, n\u00e3o tem mais vento<\/em> &#8211; completou Mauro.<\/p>\n<p>A mensagem do meia gerou repercuss\u00e3o nas redes sociais. Ap\u00f3s a vit\u00f3ria do Flamengo em cima do Am\u00e9rica-MG por 3 a 0 no Maracan\u00e3, Diego Ribas publicou uma foto ao lado de Gabigol e afirmou para os torcedores que as vaias entristecem e que jamais faltar\u00e1 dedica\u00e7\u00e3o dentro de campo.<\/p>\n<p><strong>Leia o texto completo abaixo:<\/strong><\/p>\n<p><em>\u2014 Querido torcedor, sei perfeitamente que vivemos um momento inst\u00e1vel como equipe, que os resultados e nosso desempenho podem e devem melhorar! Sabemos tamb\u00e9m que s\u00f3 existe uma maneira de fazer isso acontecer: muito trabalho e dedica\u00e7\u00e3o! Afinal, n\u00e3o tem nada que nos fa\u00e7a mais feliz do que jogar bem, vencer, sermos campe\u00f5es e receber o reconhecimento de todos voc\u00eas. Os erros que cometemos nos incomodam, as derrotas tiram nosso sono, as vaias machucam e nos entristecem. Somos privilegiados de vestir essa camisa e sabemos muito bem o que ela representa! Enquanto estivermos aqui, nos entregaremos de corpo e alma para que esse clube seja cada vez mais vencedor! Podem ter certeza disso! E quanto a mim, sigo apaixonado pelo que fa\u00e7o e entusiasmado pelo que vem pela frente, vivendo e respeitando os ciclos da vida, em paz e fazendo tudo que est\u00e1 no meu alcance! Seja dentro do campo (onde quero sempre estar), ou fora, para que tudo aconte\u00e7a da melhor maneira poss\u00edvel! Te amo, Flamengo.<\/em><\/p>\n<p>Retirado de: Lance<\/p>\n","protected":false},"excerpt":{"rendered":"<p>Mauro Cezar detonou a mensagem de Diego Ribas para a torcida do Flamengo no programa &#8220;Bate Pronto&#8221; desta segunda-feira. O comentarista classificou a publica\u00e7\u00e3o do meia rubro-negro como &#8220;deprimente&#8221; e afirmou que o camisa 10 n\u00e3o atinge as expectativas de um clube que quer ser campe\u00e3o. \u2014 Que coisa constrangedora. Isso n\u00e3o tem a menor [&hellip;]<\/p>\n","protected":false},"author":1,"featured_media":46700,"comment_status":"open","ping_status":"closed","sticky":false,"template":"","format":"standard","meta":{"footnotes":""},"categories":[47],"tags":[170],"class_list":["post-83870","post","type-post","status-publish","format-standard","has-post-thumbnail","hentry","category-destaques","tag-mauro-cezar-pereira"],"yoast_head":"<!-- This site is optimized with the Yoast SEO Premium plugin v24.2 (Yoast SEO v26.9) - https:\/\/yoast.com\/product\/yoast-seo-premium-wordpress\/ -->\n<title>Mauro Cezar Pereira detona mensagem de Diego Ribas para a torcida do Flamengo<\/title>\n<meta name=\"robots\" content=\"index, follow, max-snippet:-1, max-image-preview:large, max-video-preview:-1\" \/>\n<link rel=\"canonical\" href=\"https:\/\/www.gaveanews.com\/index.php\/2022\/06\/27\/mauro-cezar-pereira-detona-mensagem-de-diego-ribas-para-a-torcida-do-flamengo\/\" \/>\n<meta property=\"og:locale\" content=\"pt_BR\" \/>\n<meta property=\"og:type\" content=\"article\" \/>\n<meta property=\"og:title\" content=\"Mauro Cezar Pereira detona mensagem de Diego Ribas para a torcida do Flamengo\" \/>\n<meta property=\"og:description\" content=\"Mauro Cezar detonou a mensagem de Diego Ribas para a torcida do Flamengo no programa &#8220;Bate Pronto&#8221; desta segunda-feira. O comentarista classificou a publica\u00e7\u00e3o do meia rubro-negro como &#8220;deprimente&#8221; e afirmou que o camisa 10 n\u00e3o atinge as expectativas de um clube que quer ser campe\u00e3o. \u2014 Que coisa constrangedora. Isso n\u00e3o tem a menor [&hellip;]\" \/>\n<meta property=\"og:url\" content=\"https:\/\/www.gaveanews.com\/index.php\/2022\/06\/27\/mauro-cezar-pereira-detona-mensagem-de-diego-ribas-para-a-torcida-do-flamengo\/\" \/>\n<meta property=\"og:site_name\" content=\"G\u00e1vea News\" \/>\n<meta property=\"article:publisher\" content=\"https:\/\/facebook.com\/gaveaNews\/\" \/>\n<meta property=\"article:published_time\" content=\"2022-06-28T02:53:20+00:00\" \/>\n<meta property=\"article:modified_time\" content=\"2024-04-07T02:05:47+00:00\" \/>\n<meta property=\"og:image\" content=\"https:\/\/www.gaveanews.com\/wp-content\/uploads\/Diego-Ribas-em-acao-pelo-Flamengo-na-partida-contra-o-Santos.webp\" \/>\n\t<meta property=\"og:image:width\" content=\"800\" \/>\n\t<meta property=\"og:image:height\" content=\"533\" \/>\n\t<meta property=\"og:image:type\" content=\"image\/jpeg\" \/>\n<meta name=\"author\" content=\"Equipe G\u00e1vea News\" \/>\n<meta name=\"twitter:card\" content=\"summary_large_image\" \/>\n<meta name=\"twitter:label1\" content=\"Escrito por\" \/>\n\t<meta name=\"twitter:data1\" content=\"Equipe G\u00e1vea News\" \/>\n\t<meta name=\"twitter:label2\" content=\"Est. tempo de leitura\" \/>\n\t<meta name=\"twitter:data2\" content=\"3 minutos\" \/>\n<script type=\"application\/ld+json\" class=\"yoast-schema-graph\">{\"@context\":\"https:\/\/schema.org\",\"@graph\":[{\"@type\":\"NewsArticle\",\"@id\":\"https:\/\/www.gaveanews.com\/index.php\/2022\/06\/27\/mauro-cezar-pereira-detona-mensagem-de-diego-ribas-para-a-torcida-do-flamengo\/#article\",\"isPartOf\":{\"@id\":\"https:\/\/www.gaveanews.com\/index.php\/2022\/06\/27\/mauro-cezar-pereira-detona-mensagem-de-diego-ribas-para-a-torcida-do-flamengo\/\"},\"author\":{\"name\":\"Equipe G\u00e1vea News\",\"@id\":\"https:\/\/www.gaveanews.com\/#\/schema\/person\/2ec14f73fb96be2caf28f91afb14749d\"},\"headline\":\"Mauro Cezar Pereira detona mensagem de Diego Ribas para a torcida do Flamengo\",\"datePublished\":\"2022-06-28T02:53:20+00:00\",\"dateModified\":\"2024-04-07T02:05:47+00:00\",\"mainEntityOfPage\":{\"@id\":\"https:\/\/www.gaveanews.com\/index.php\/2022\/06\/27\/mauro-cezar-pereira-detona-mensagem-de-diego-ribas-para-a-torcida-do-flamengo\/\"},\"wordCount\":469,\"commentCount\":0,\"image\":{\"@id\":\"https:\/\/www.gaveanews.com\/index.php\/2022\/06\/27\/mauro-cezar-pereira-detona-mensagem-de-diego-ribas-para-a-torcida-do-flamengo\/#primaryimage\"},\"thumbnailUrl\":\"https:\/\/www.gaveanews.com\/wp-content\/uploads\/Diego-Ribas-em-acao-pelo-Flamengo-na-partida-contra-o-Santos.webp\",\"keywords\":[\"Mauro Cezar Pereira\"],\"articleSection\":[\"Destaques\"],\"inLanguage\":\"pt-BR\",\"potentialAction\":[{\"@type\":\"CommentAction\",\"name\":\"Comment\",\"target\":[\"https:\/\/www.gaveanews.com\/index.php\/2022\/06\/27\/mauro-cezar-pereira-detona-mensagem-de-diego-ribas-para-a-torcida-do-flamengo\/#respond\"]}],\"copyrightYear\":\"2022\",\"copyrightHolder\":{\"@id\":\"https:\/\/www.gaveanews.com\/#organization\"}},{\"@type\":\"WebPage\",\"@id\":\"https:\/\/www.gaveanews.com\/index.php\/2022\/06\/27\/mauro-cezar-pereira-detona-mensagem-de-diego-ribas-para-a-torcida-do-flamengo\/\",\"url\":\"https:\/\/www.gaveanews.com\/index.php\/2022\/06\/27\/mauro-cezar-pereira-detona-mensagem-de-diego-ribas-para-a-torcida-do-flamengo\/\",\"name\":\"Mauro Cezar Pereira detona mensagem de Diego Ribas para a torcida do Flamengo\",\"isPartOf\":{\"@id\":\"https:\/\/www.gaveanews.com\/#website\"},\"primaryImageOfPage\":{\"@id\":\"https:\/\/www.gaveanews.com\/index.php\/2022\/06\/27\/mauro-cezar-pereira-detona-mensagem-de-diego-ribas-para-a-torcida-do-flamengo\/#primaryimage\"},\"image\":{\"@id\":\"https:\/\/www.gaveanews.com\/index.php\/2022\/06\/27\/mauro-cezar-pereira-detona-mensagem-de-diego-ribas-para-a-torcida-do-flamengo\/#primaryimage\"},\"thumbnailUrl\":\"https:\/\/www.gaveanews.com\/wp-content\/uploads\/Diego-Ribas-em-acao-pelo-Flamengo-na-partida-contra-o-Santos.webp\",\"datePublished\":\"2022-06-28T02:53:20+00:00\",\"dateModified\":\"2024-04-07T02:05:47+00:00\",\"author\":{\"@id\":\"https:\/\/www.gaveanews.com\/#\/schema\/person\/2ec14f73fb96be2caf28f91afb14749d\"},\"breadcrumb\":{\"@id\":\"https:\/\/www.gaveanews.com\/index.php\/2022\/06\/27\/mauro-cezar-pereira-detona-mensagem-de-diego-ribas-para-a-torcida-do-flamengo\/#breadcrumb\"},\"inLanguage\":\"pt-BR\",\"potentialAction\":[{\"@type\":\"ReadAction\",\"target\":[\"https:\/\/www.gaveanews.com\/index.php\/2022\/06\/27\/mauro-cezar-pereira-detona-mensagem-de-diego-ribas-para-a-torcida-do-flamengo\/\"]}]},{\"@type\":\"ImageObject\",\"inLanguage\":\"pt-BR\",\"@id\":\"https:\/\/www.gaveanews.com\/index.php\/2022\/06\/27\/mauro-cezar-pereira-detona-mensagem-de-diego-ribas-para-a-torcida-do-flamengo\/#primaryimage\",\"url\":\"https:\/\/www.gaveanews.com\/wp-content\/uploads\/Diego-Ribas-em-acao-pelo-Flamengo-na-partida-contra-o-Santos.webp\",\"contentUrl\":\"https:\/\/www.gaveanews.com\/wp-content\/uploads\/Diego-Ribas-em-acao-pelo-Flamengo-na-partida-contra-o-Santos.webp\",\"width\":800,\"height\":533,\"caption\":\"Diego Ribas em a\u00e7\u00e3o pelo Flamengo na partida contra o Santos (Foto: Alexandre Vidal\/Flamengo)\"},{\"@type\":\"BreadcrumbList\",\"@id\":\"https:\/\/www.gaveanews.com\/index.php\/2022\/06\/27\/mauro-cezar-pereira-detona-mensagem-de-diego-ribas-para-a-torcida-do-flamengo\/#breadcrumb\",\"itemListElement\":[{\"@type\":\"ListItem\",\"position\":1,\"name\":\"Home\",\"item\":\"https:\/\/www.gaveanews.com\/\"},{\"@type\":\"ListItem\",\"position\":2,\"name\":\"Mauro Cezar Pereira detona mensagem de Diego Ribas para a torcida do Flamengo\"}]},{\"@type\":\"WebSite\",\"@id\":\"https:\/\/www.gaveanews.com\/#website\",\"url\":\"https:\/\/www.gaveanews.com\/\",\"name\":\"G\u00e1vea News\",\"description\":\"Veja todas as not\u00edcias sobre o Flamengo: Contrata\u00e7\u00f5es, categorias de base, resultados das partidas, tabela de classifica\u00e7\u00e3o, pr\u00f3ximos jogos!\",\"potentialAction\":[{\"@type\":\"SearchAction\",\"target\":{\"@type\":\"EntryPoint\",\"urlTemplate\":\"https:\/\/www.gaveanews.com\/?s={search_term_string}\"},\"query-input\":{\"@type\":\"PropertyValueSpecification\",\"valueRequired\":true,\"valueName\":\"search_term_string\"}}],\"inLanguage\":\"pt-BR\"},{\"@type\":\"Person\",\"@id\":\"https:\/\/www.gaveanews.com\/#\/schema\/person\/2ec14f73fb96be2caf28f91afb14749d\",\"name\":\"Equipe G\u00e1vea News\",\"image\":{\"@type\":\"ImageObject\",\"inLanguage\":\"pt-BR\",\"@id\":\"https:\/\/www.gaveanews.com\/#\/schema\/person\/image\/\",\"url\":\"https:\/\/secure.gravatar.com\/avatar\/1e1956f1facbffd3f8fa53a326721950116b3b9dc9bd44939c01180fd4a745a9?s=96&d=mm&r=g\",\"contentUrl\":\"https:\/\/secure.gravatar.com\/avatar\/1e1956f1facbffd3f8fa53a326721950116b3b9dc9bd44939c01180fd4a745a9?s=96&d=mm&r=g\",\"caption\":\"Equipe G\u00e1vea News\"}}]}<\/script>\n<!-- \/ Yoast SEO Premium plugin. -->","yoast_head_json":{"title":"Mauro Cezar Pereira detona mensagem de Diego Ribas para a torcida do Flamengo","robots":{"index":"index","follow":"follow","max-snippet":"max-snippet:-1","max-image-preview":"max-image-preview:large","max-video-preview":"max-video-preview:-1"},"canonical":"https:\/\/www.gaveanews.com\/index.php\/2022\/06\/27\/mauro-cezar-pereira-detona-mensagem-de-diego-ribas-para-a-torcida-do-flamengo\/","og_locale":"pt_BR","og_type":"article","og_title":"Mauro Cezar Pereira detona mensagem de Diego Ribas para a torcida do Flamengo","og_description":"Mauro Cezar detonou a mensagem de Diego Ribas para a torcida do Flamengo no programa &#8220;Bate Pronto&#8221; desta segunda-feira. O comentarista classificou a publica\u00e7\u00e3o do meia rubro-negro como &#8220;deprimente&#8221; e afirmou que o camisa 10 n\u00e3o atinge as expectativas de um clube que quer ser campe\u00e3o. \u2014 Que coisa constrangedora. Isso n\u00e3o tem a menor [&hellip;]","og_url":"https:\/\/www.gaveanews.com\/index.php\/2022\/06\/27\/mauro-cezar-pereira-detona-mensagem-de-diego-ribas-para-a-torcida-do-flamengo\/","og_site_name":"G\u00e1vea News","article_publisher":"https:\/\/facebook.com\/gaveaNews\/","article_published_time":"2022-06-28T02:53:20+00:00","article_modified_time":"2024-04-07T02:05:47+00:00","og_image":[{"width":800,"height":533,"url":"https:\/\/www.gaveanews.com\/wp-content\/uploads\/Diego-Ribas-em-acao-pelo-Flamengo-na-partida-contra-o-Santos.webp","type":"image\/jpeg"}],"author":"Equipe G\u00e1vea News","twitter_card":"summary_large_image","twitter_misc":{"Escrito por":"Equipe G\u00e1vea News","Est. tempo de leitura":"3 minutos"},"schema":{"@context":"https:\/\/schema.org","@graph":[{"@type":"NewsArticle","@id":"https:\/\/www.gaveanews.com\/index.php\/2022\/06\/27\/mauro-cezar-pereira-detona-mensagem-de-diego-ribas-para-a-torcida-do-flamengo\/#article","isPartOf":{"@id":"https:\/\/www.gaveanews.com\/index.php\/2022\/06\/27\/mauro-cezar-pereira-detona-mensagem-de-diego-ribas-para-a-torcida-do-flamengo\/"},"author":{"name":"Equipe G\u00e1vea News","@id":"https:\/\/www.gaveanews.com\/#\/schema\/person\/2ec14f73fb96be2caf28f91afb14749d"},"headline":"Mauro Cezar Pereira detona mensagem de Diego Ribas para a torcida do Flamengo","datePublished":"2022-06-28T02:53:20+00:00","dateModified":"2024-04-07T02:05:47+00:00","mainEntityOfPage":{"@id":"https:\/\/www.gaveanews.com\/index.php\/2022\/06\/27\/mauro-cezar-pereira-detona-mensagem-de-diego-ribas-para-a-torcida-do-flamengo\/"},"wordCount":469,"commentCount":0,"image":{"@id":"https:\/\/www.gaveanews.com\/index.php\/2022\/06\/27\/mauro-cezar-pereira-detona-mensagem-de-diego-ribas-para-a-torcida-do-flamengo\/#primaryimage"},"thumbnailUrl":"https:\/\/www.gaveanews.com\/wp-content\/uploads\/Diego-Ribas-em-acao-pelo-Flamengo-na-partida-contra-o-Santos.webp","keywords":["Mauro Cezar Pereira"],"articleSection":["Destaques"],"inLanguage":"pt-BR","potentialAction":[{"@type":"CommentAction","name":"Comment","target":["https:\/\/www.gaveanews.com\/index.php\/2022\/06\/27\/mauro-cezar-pereira-detona-mensagem-de-diego-ribas-para-a-torcida-do-flamengo\/#respond"]}],"copyrightYear":"2022","copyrightHolder":{"@id":"https:\/\/www.gaveanews.com\/#organization"}},{"@type":"WebPage","@id":"https:\/\/www.gaveanews.com\/index.php\/2022\/06\/27\/mauro-cezar-pereira-detona-mensagem-de-diego-ribas-para-a-torcida-do-flamengo\/","url":"https:\/\/www.gaveanews.com\/index.php\/2022\/06\/27\/mauro-cezar-pereira-detona-mensagem-de-diego-ribas-para-a-torcida-do-flamengo\/","name":"Mauro Cezar Pereira detona mensagem de Diego Ribas para a torcida do Flamengo","isPartOf":{"@id":"https:\/\/www.gaveanews.com\/#website"},"primaryImageOfPage":{"@id":"https:\/\/www.gaveanews.com\/index.php\/2022\/06\/27\/mauro-cezar-pereira-detona-mensagem-de-diego-ribas-para-a-torcida-do-flamengo\/#primaryimage"},"image":{"@id":"https:\/\/www.gaveanews.com\/index.php\/2022\/06\/27\/mauro-cezar-pereira-detona-mensagem-de-diego-ribas-para-a-torcida-do-flamengo\/#primaryimage"},"thumbnailUrl":"https:\/\/www.gaveanews.com\/wp-content\/uploads\/Diego-Ribas-em-acao-pelo-Flamengo-na-partida-contra-o-Santos.webp","datePublished":"2022-06-28T02:53:20+00:00","dateModified":"2024-04-07T02:05:47+00:00","author":{"@id":"https:\/\/www.gaveanews.com\/#\/schema\/person\/2ec14f73fb96be2caf28f91afb14749d"},"breadcrumb":{"@id":"https:\/\/www.gaveanews.com\/index.php\/2022\/06\/27\/mauro-cezar-pereira-detona-mensagem-de-diego-ribas-para-a-torcida-do-flamengo\/#breadcrumb"},"inLanguage":"pt-BR","potentialAction":[{"@type":"ReadAction","target":["https:\/\/www.gaveanews.com\/index.php\/2022\/06\/27\/mauro-cezar-pereira-detona-mensagem-de-diego-ribas-para-a-torcida-do-flamengo\/"]}]},{"@type":"ImageObject","inLanguage":"pt-BR","@id":"https:\/\/www.gaveanews.com\/index.php\/2022\/06\/27\/mauro-cezar-pereira-detona-mensagem-de-diego-ribas-para-a-torcida-do-flamengo\/#primaryimage","url":"https:\/\/www.gaveanews.com\/wp-content\/uploads\/Diego-Ribas-em-acao-pelo-Flamengo-na-partida-contra-o-Santos.webp","contentUrl":"https:\/\/www.gaveanews.com\/wp-content\/uploads\/Diego-Ribas-em-acao-pelo-Flamengo-na-partida-contra-o-Santos.webp","width":800,"height":533,"caption":"Diego Ribas em a\u00e7\u00e3o pelo Flamengo na partida contra o Santos (Foto: Alexandre Vidal\/Flamengo)"},{"@type":"BreadcrumbList","@id":"https:\/\/www.gaveanews.com\/index.php\/2022\/06\/27\/mauro-cezar-pereira-detona-mensagem-de-diego-ribas-para-a-torcida-do-flamengo\/#breadcrumb","itemListElement":[{"@type":"ListItem","position":1,"name":"Home","item":"https:\/\/www.gaveanews.com\/"},{"@type":"ListItem","position":2,"name":"Mauro Cezar Pereira detona mensagem de Diego Ribas para a torcida do Flamengo"}]},{"@type":"WebSite","@id":"https:\/\/www.gaveanews.com\/#website","url":"https:\/\/www.gaveanews.com\/","name":"G\u00e1vea News","description":"Veja todas as not\u00edcias sobre o Flamengo: Contrata\u00e7\u00f5es, categorias de base, resultados das partidas, tabela de classifica\u00e7\u00e3o, pr\u00f3ximos jogos!","potentialAction":[{"@type":"SearchAction","target":{"@type":"EntryPoint","urlTemplate":"https:\/\/www.gaveanews.com\/?s={search_term_string}"},"query-input":{"@type":"PropertyValueSpecification","valueRequired":true,"valueName":"search_term_string"}}],"inLanguage":"pt-BR"},{"@type":"Person","@id":"https:\/\/www.gaveanews.com\/#\/schema\/person\/2ec14f73fb96be2caf28f91afb14749d","name":"Equipe G\u00e1vea News","image":{"@type":"ImageObject","inLanguage":"pt-BR","@id":"https:\/\/www.gaveanews.com\/#\/schema\/person\/image\/","url":"https:\/\/secure.gravatar.com\/avatar\/1e1956f1facbffd3f8fa53a326721950116b3b9dc9bd44939c01180fd4a745a9?s=96&d=mm&r=g","contentUrl":"https:\/\/secure.gravatar.com\/avatar\/1e1956f1facbffd3f8fa53a326721950116b3b9dc9bd44939c01180fd4a745a9?s=96&d=mm&r=g","caption":"Equipe G\u00e1vea News"}}]}},"_links":{"self":[{"href":"https:\/\/www.gaveanews.com\/index.php\/wp-json\/wp\/v2\/posts\/83870","targetHints":{"allow":["GET"]}}],"collection":[{"href":"https:\/\/www.gaveanews.com\/index.php\/wp-json\/wp\/v2\/posts"}],"about":[{"href":"https:\/\/www.gaveanews.com\/index.php\/wp-json\/wp\/v2\/types\/post"}],"author":[{"embeddable":true,"href":"https:\/\/www.gaveanews.com\/index.php\/wp-json\/wp\/v2\/users\/1"}],"replies":[{"embeddable":true,"href":"https:\/\/www.gaveanews.com\/index.php\/wp-json\/wp\/v2\/comments?post=83870"}],"version-history":[{"count":1,"href":"https:\/\/www.gaveanews.com\/index.php\/wp-json\/wp\/v2\/posts\/83870\/revisions"}],"predecessor-version":[{"id":134642,"href":"https:\/\/www.gaveanews.com\/index.php\/wp-json\/wp\/v2\/posts\/83870\/revisions\/134642"}],"wp:featuredmedia":[{"embeddable":true,"href":"https:\/\/www.gaveanews.com\/index.php\/wp-json\/wp\/v2\/media\/46700"}],"wp:attachment":[{"href":"https:\/\/www.gaveanews.com\/index.php\/wp-json\/wp\/v2\/media?parent=83870"}],"wp:term":[{"taxonomy":"category","embeddable":true,"href":"https:\/\/www.gaveanews.com\/index.php\/wp-json\/wp\/v2\/categories?post=83870"},{"taxonomy":"post_tag","embeddable":true,"href":"https:\/\/www.gaveanews.com\/index.php\/wp-json\/wp\/v2\/tags?post=83870"}],"curies":[{"name":"wp","href":"https:\/\/api.w.org\/{rel}","templated":true}]}}