{"id":83913,"date":"2022-06-28T18:29:50","date_gmt":"2022-06-28T21:29:50","guid":{"rendered":"https:\/\/www.gaveanews.com\/?p=83913"},"modified":"2022-06-28T18:29:50","modified_gmt":"2022-06-28T21:29:50","slug":"volante-do-flamengo-e-vendido-ao-athletico-pr","status":"publish","type":"post","link":"https:\/\/www.gaveanews.com\/index.php\/2022\/06\/28\/volante-do-flamengo-e-vendido-ao-athletico-pr\/","title":{"rendered":"Volante do Flamengo \u00e9 vendido ao Athletico-PR"},"content":{"rendered":"<p>Flamengo e Athletico-PR chegaram a um acordo pela negocia\u00e7\u00e3o em definitivo de Hugo Moura. O Furac\u00e3o notificou o clube carioca para exercer a cl\u00e1usula que garante a compra de 50% dos direitos econ\u00f4micos do volante por 1.2 milh\u00e3o de euros (R$ 6.6 milh\u00f5es). As partes agora discutem a forma de pagamento para assinatura dos novos contratos at\u00e9 a pr\u00f3xima quinta-feira, dia 30.<\/p>\n<p>O Athletico-PR se aproveitou dos termos que davam desconto para compra em definitivo caso definido at\u00e9 o fim do primeiro semestre. Se a decis\u00e3o ficasse para o fim do ano, o valor dos mesmos 50% subiria para 1.5 mi de euros (R$ 8.3 mi). Hugo Moura tem 24 anos e est\u00e1 no clube paranaense desde o in\u00edcio da temporada.<\/p>\n<p>Pelo Furac\u00e3o, s\u00e3o 20 jogos em 2022, 19 como titular e dois gols marcados. Revelado pelo Flamengo, Hugo subiu aos profissionais em 2018 e entrou em campo 31 vezes com um gol marcado. Campe\u00e3o da Libertadores e do Brasileir\u00e3o em 2019, da Supercopa do Brasil de 2020, e capit\u00e3o na conquista da Copinha em 2018, nunca teve sequ\u00eancia.<\/p>\n<p>Em 2020, foi emprestado ao Coritiba e conseguiu se destacar mesmo na campanha do rebaixamento, com 28 jogos, um gol e tr\u00eas assist\u00eancias.<\/p>\n<p>Retirado de: Globo Esporte<\/p>\n","protected":false},"excerpt":{"rendered":"<p>Flamengo e Athletico-PR chegaram a um acordo pela negocia\u00e7\u00e3o em definitivo de Hugo Moura. O Furac\u00e3o notificou o clube carioca para exercer a cl\u00e1usula que garante a compra de 50% dos direitos econ\u00f4micos do volante por 1.2 milh\u00e3o de euros (R$ 6.6 milh\u00f5es). As partes agora discutem a forma de pagamento para assinatura dos novos [&hellip;]<\/p>\n","protected":false},"author":1,"featured_media":57643,"comment_status":"open","ping_status":"closed","sticky":false,"template":"","format":"standard","meta":{"footnotes":""},"categories":[48],"tags":[],"class_list":["post-83913","post","type-post","status-publish","format-standard","has-post-thumbnail","hentry","category-negociacoes"],"yoast_head":"<!-- This site is optimized with the Yoast SEO Premium plugin v24.2 (Yoast SEO v26.9) - https:\/\/yoast.com\/product\/yoast-seo-premium-wordpress\/ -->\n<title>Volante do Flamengo \u00e9 vendido ao Athletico-PR<\/title>\n<meta name=\"robots\" content=\"index, follow, max-snippet:-1, max-image-preview:large, max-video-preview:-1\" \/>\n<link rel=\"canonical\" href=\"https:\/\/www.gaveanews.com\/index.php\/2022\/06\/28\/volante-do-flamengo-e-vendido-ao-athletico-pr\/\" \/>\n<meta property=\"og:locale\" content=\"pt_BR\" \/>\n<meta property=\"og:type\" content=\"article\" \/>\n<meta property=\"og:title\" content=\"Volante do Flamengo \u00e9 vendido ao Athletico-PR\" \/>\n<meta property=\"og:description\" content=\"Flamengo e Athletico-PR chegaram a um acordo pela negocia\u00e7\u00e3o em definitivo de Hugo Moura. O Furac\u00e3o notificou o clube carioca para exercer a cl\u00e1usula que garante a compra de 50% dos direitos econ\u00f4micos do volante por 1.2 milh\u00e3o de euros (R$ 6.6 milh\u00f5es). As partes agora discutem a forma de pagamento para assinatura dos novos [&hellip;]\" \/>\n<meta property=\"og:url\" content=\"https:\/\/www.gaveanews.com\/index.php\/2022\/06\/28\/volante-do-flamengo-e-vendido-ao-athletico-pr\/\" \/>\n<meta property=\"og:site_name\" content=\"G\u00e1vea News\" \/>\n<meta property=\"article:publisher\" content=\"https:\/\/facebook.com\/gaveaNews\/\" \/>\n<meta property=\"article:published_time\" content=\"2022-06-28T21:29:50+00:00\" \/>\n<meta property=\"og:image\" content=\"https:\/\/www.gaveanews.com\/wp-content\/uploads\/Hugo-Moura-em-acao-pelo-Flamengo-contra-o-Fluminense.webp\" \/>\n\t<meta property=\"og:image:width\" content=\"800\" \/>\n\t<meta property=\"og:image:height\" content=\"533\" \/>\n\t<meta property=\"og:image:type\" content=\"image\/jpeg\" \/>\n<meta name=\"author\" content=\"Equipe G\u00e1vea News\" \/>\n<meta name=\"twitter:card\" content=\"summary_large_image\" \/>\n<meta name=\"twitter:label1\" content=\"Escrito por\" \/>\n\t<meta name=\"twitter:data1\" content=\"Equipe G\u00e1vea News\" \/>\n\t<meta name=\"twitter:label2\" content=\"Est. tempo de leitura\" \/>\n\t<meta name=\"twitter:data2\" content=\"2 minutos\" \/>\n<script type=\"application\/ld+json\" class=\"yoast-schema-graph\">{\"@context\":\"https:\/\/schema.org\",\"@graph\":[{\"@type\":\"NewsArticle\",\"@id\":\"https:\/\/www.gaveanews.com\/index.php\/2022\/06\/28\/volante-do-flamengo-e-vendido-ao-athletico-pr\/#article\",\"isPartOf\":{\"@id\":\"https:\/\/www.gaveanews.com\/index.php\/2022\/06\/28\/volante-do-flamengo-e-vendido-ao-athletico-pr\/\"},\"author\":{\"name\":\"Equipe G\u00e1vea News\",\"@id\":\"https:\/\/www.gaveanews.com\/#\/schema\/person\/2ec14f73fb96be2caf28f91afb14749d\"},\"headline\":\"Volante do Flamengo \u00e9 vendido ao Athletico-PR\",\"datePublished\":\"2022-06-28T21:29:50+00:00\",\"mainEntityOfPage\":{\"@id\":\"https:\/\/www.gaveanews.com\/index.php\/2022\/06\/28\/volante-do-flamengo-e-vendido-ao-athletico-pr\/\"},\"wordCount\":211,\"commentCount\":0,\"image\":{\"@id\":\"https:\/\/www.gaveanews.com\/index.php\/2022\/06\/28\/volante-do-flamengo-e-vendido-ao-athletico-pr\/#primaryimage\"},\"thumbnailUrl\":\"https:\/\/www.gaveanews.com\/wp-content\/uploads\/Hugo-Moura-em-acao-pelo-Flamengo-contra-o-Fluminense.webp\",\"articleSection\":[\"Negocia\u00e7\u00f5es\"],\"inLanguage\":\"pt-BR\",\"potentialAction\":[{\"@type\":\"CommentAction\",\"name\":\"Comment\",\"target\":[\"https:\/\/www.gaveanews.com\/index.php\/2022\/06\/28\/volante-do-flamengo-e-vendido-ao-athletico-pr\/#respond\"]}],\"copyrightYear\":\"2022\",\"copyrightHolder\":{\"@id\":\"https:\/\/www.gaveanews.com\/#organization\"}},{\"@type\":\"WebPage\",\"@id\":\"https:\/\/www.gaveanews.com\/index.php\/2022\/06\/28\/volante-do-flamengo-e-vendido-ao-athletico-pr\/\",\"url\":\"https:\/\/www.gaveanews.com\/index.php\/2022\/06\/28\/volante-do-flamengo-e-vendido-ao-athletico-pr\/\",\"name\":\"Volante do Flamengo \u00e9 vendido ao Athletico-PR\",\"isPartOf\":{\"@id\":\"https:\/\/www.gaveanews.com\/#website\"},\"primaryImageOfPage\":{\"@id\":\"https:\/\/www.gaveanews.com\/index.php\/2022\/06\/28\/volante-do-flamengo-e-vendido-ao-athletico-pr\/#primaryimage\"},\"image\":{\"@id\":\"https:\/\/www.gaveanews.com\/index.php\/2022\/06\/28\/volante-do-flamengo-e-vendido-ao-athletico-pr\/#primaryimage\"},\"thumbnailUrl\":\"https:\/\/www.gaveanews.com\/wp-content\/uploads\/Hugo-Moura-em-acao-pelo-Flamengo-contra-o-Fluminense.webp\",\"datePublished\":\"2022-06-28T21:29:50+00:00\",\"author\":{\"@id\":\"https:\/\/www.gaveanews.com\/#\/schema\/person\/2ec14f73fb96be2caf28f91afb14749d\"},\"breadcrumb\":{\"@id\":\"https:\/\/www.gaveanews.com\/index.php\/2022\/06\/28\/volante-do-flamengo-e-vendido-ao-athletico-pr\/#breadcrumb\"},\"inLanguage\":\"pt-BR\",\"potentialAction\":[{\"@type\":\"ReadAction\",\"target\":[\"https:\/\/www.gaveanews.com\/index.php\/2022\/06\/28\/volante-do-flamengo-e-vendido-ao-athletico-pr\/\"]}]},{\"@type\":\"ImageObject\",\"inLanguage\":\"pt-BR\",\"@id\":\"https:\/\/www.gaveanews.com\/index.php\/2022\/06\/28\/volante-do-flamengo-e-vendido-ao-athletico-pr\/#primaryimage\",\"url\":\"https:\/\/www.gaveanews.com\/wp-content\/uploads\/Hugo-Moura-em-acao-pelo-Flamengo-contra-o-Fluminense.webp\",\"contentUrl\":\"https:\/\/www.gaveanews.com\/wp-content\/uploads\/Hugo-Moura-em-acao-pelo-Flamengo-contra-o-Fluminense.webp\",\"width\":800,\"height\":533,\"caption\":\"Hugo Moura em a\u00e7\u00e3o pelo Flamengo contra o Fluminense (Foto: Alexandre Vidal\/Flamengo)\"},{\"@type\":\"BreadcrumbList\",\"@id\":\"https:\/\/www.gaveanews.com\/index.php\/2022\/06\/28\/volante-do-flamengo-e-vendido-ao-athletico-pr\/#breadcrumb\",\"itemListElement\":[{\"@type\":\"ListItem\",\"position\":1,\"name\":\"Home\",\"item\":\"https:\/\/www.gaveanews.com\/\"},{\"@type\":\"ListItem\",\"position\":2,\"name\":\"Volante do Flamengo \u00e9 vendido ao Athletico-PR\"}]},{\"@type\":\"WebSite\",\"@id\":\"https:\/\/www.gaveanews.com\/#website\",\"url\":\"https:\/\/www.gaveanews.com\/\",\"name\":\"G\u00e1vea News\",\"description\":\"Veja todas as not\u00edcias sobre o Flamengo: Contrata\u00e7\u00f5es, categorias de base, resultados das partidas, tabela de classifica\u00e7\u00e3o, pr\u00f3ximos jogos!\",\"potentialAction\":[{\"@type\":\"SearchAction\",\"target\":{\"@type\":\"EntryPoint\",\"urlTemplate\":\"https:\/\/www.gaveanews.com\/?s={search_term_string}\"},\"query-input\":{\"@type\":\"PropertyValueSpecification\",\"valueRequired\":true,\"valueName\":\"search_term_string\"}}],\"inLanguage\":\"pt-BR\"},{\"@type\":\"Person\",\"@id\":\"https:\/\/www.gaveanews.com\/#\/schema\/person\/2ec14f73fb96be2caf28f91afb14749d\",\"name\":\"Equipe G\u00e1vea News\",\"image\":{\"@type\":\"ImageObject\",\"inLanguage\":\"pt-BR\",\"@id\":\"https:\/\/www.gaveanews.com\/#\/schema\/person\/image\/\",\"url\":\"https:\/\/secure.gravatar.com\/avatar\/1e1956f1facbffd3f8fa53a326721950116b3b9dc9bd44939c01180fd4a745a9?s=96&d=mm&r=g\",\"contentUrl\":\"https:\/\/secure.gravatar.com\/avatar\/1e1956f1facbffd3f8fa53a326721950116b3b9dc9bd44939c01180fd4a745a9?s=96&d=mm&r=g\",\"caption\":\"Equipe G\u00e1vea News\"}}]}<\/script>\n<!-- \/ Yoast SEO Premium plugin. -->","yoast_head_json":{"title":"Volante do Flamengo \u00e9 vendido ao Athletico-PR","robots":{"index":"index","follow":"follow","max-snippet":"max-snippet:-1","max-image-preview":"max-image-preview:large","max-video-preview":"max-video-preview:-1"},"canonical":"https:\/\/www.gaveanews.com\/index.php\/2022\/06\/28\/volante-do-flamengo-e-vendido-ao-athletico-pr\/","og_locale":"pt_BR","og_type":"article","og_title":"Volante do Flamengo \u00e9 vendido ao Athletico-PR","og_description":"Flamengo e Athletico-PR chegaram a um acordo pela negocia\u00e7\u00e3o em definitivo de Hugo Moura. O Furac\u00e3o notificou o clube carioca para exercer a cl\u00e1usula que garante a compra de 50% dos direitos econ\u00f4micos do volante por 1.2 milh\u00e3o de euros (R$ 6.6 milh\u00f5es). As partes agora discutem a forma de pagamento para assinatura dos novos [&hellip;]","og_url":"https:\/\/www.gaveanews.com\/index.php\/2022\/06\/28\/volante-do-flamengo-e-vendido-ao-athletico-pr\/","og_site_name":"G\u00e1vea News","article_publisher":"https:\/\/facebook.com\/gaveaNews\/","article_published_time":"2022-06-28T21:29:50+00:00","og_image":[{"width":800,"height":533,"url":"https:\/\/www.gaveanews.com\/wp-content\/uploads\/Hugo-Moura-em-acao-pelo-Flamengo-contra-o-Fluminense.webp","type":"image\/jpeg"}],"author":"Equipe G\u00e1vea News","twitter_card":"summary_large_image","twitter_misc":{"Escrito por":"Equipe G\u00e1vea News","Est. tempo de leitura":"2 minutos"},"schema":{"@context":"https:\/\/schema.org","@graph":[{"@type":"NewsArticle","@id":"https:\/\/www.gaveanews.com\/index.php\/2022\/06\/28\/volante-do-flamengo-e-vendido-ao-athletico-pr\/#article","isPartOf":{"@id":"https:\/\/www.gaveanews.com\/index.php\/2022\/06\/28\/volante-do-flamengo-e-vendido-ao-athletico-pr\/"},"author":{"name":"Equipe G\u00e1vea News","@id":"https:\/\/www.gaveanews.com\/#\/schema\/person\/2ec14f73fb96be2caf28f91afb14749d"},"headline":"Volante do Flamengo \u00e9 vendido ao Athletico-PR","datePublished":"2022-06-28T21:29:50+00:00","mainEntityOfPage":{"@id":"https:\/\/www.gaveanews.com\/index.php\/2022\/06\/28\/volante-do-flamengo-e-vendido-ao-athletico-pr\/"},"wordCount":211,"commentCount":0,"image":{"@id":"https:\/\/www.gaveanews.com\/index.php\/2022\/06\/28\/volante-do-flamengo-e-vendido-ao-athletico-pr\/#primaryimage"},"thumbnailUrl":"https:\/\/www.gaveanews.com\/wp-content\/uploads\/Hugo-Moura-em-acao-pelo-Flamengo-contra-o-Fluminense.webp","articleSection":["Negocia\u00e7\u00f5es"],"inLanguage":"pt-BR","potentialAction":[{"@type":"CommentAction","name":"Comment","target":["https:\/\/www.gaveanews.com\/index.php\/2022\/06\/28\/volante-do-flamengo-e-vendido-ao-athletico-pr\/#respond"]}],"copyrightYear":"2022","copyrightHolder":{"@id":"https:\/\/www.gaveanews.com\/#organization"}},{"@type":"WebPage","@id":"https:\/\/www.gaveanews.com\/index.php\/2022\/06\/28\/volante-do-flamengo-e-vendido-ao-athletico-pr\/","url":"https:\/\/www.gaveanews.com\/index.php\/2022\/06\/28\/volante-do-flamengo-e-vendido-ao-athletico-pr\/","name":"Volante do Flamengo \u00e9 vendido ao Athletico-PR","isPartOf":{"@id":"https:\/\/www.gaveanews.com\/#website"},"primaryImageOfPage":{"@id":"https:\/\/www.gaveanews.com\/index.php\/2022\/06\/28\/volante-do-flamengo-e-vendido-ao-athletico-pr\/#primaryimage"},"image":{"@id":"https:\/\/www.gaveanews.com\/index.php\/2022\/06\/28\/volante-do-flamengo-e-vendido-ao-athletico-pr\/#primaryimage"},"thumbnailUrl":"https:\/\/www.gaveanews.com\/wp-content\/uploads\/Hugo-Moura-em-acao-pelo-Flamengo-contra-o-Fluminense.webp","datePublished":"2022-06-28T21:29:50+00:00","author":{"@id":"https:\/\/www.gaveanews.com\/#\/schema\/person\/2ec14f73fb96be2caf28f91afb14749d"},"breadcrumb":{"@id":"https:\/\/www.gaveanews.com\/index.php\/2022\/06\/28\/volante-do-flamengo-e-vendido-ao-athletico-pr\/#breadcrumb"},"inLanguage":"pt-BR","potentialAction":[{"@type":"ReadAction","target":["https:\/\/www.gaveanews.com\/index.php\/2022\/06\/28\/volante-do-flamengo-e-vendido-ao-athletico-pr\/"]}]},{"@type":"ImageObject","inLanguage":"pt-BR","@id":"https:\/\/www.gaveanews.com\/index.php\/2022\/06\/28\/volante-do-flamengo-e-vendido-ao-athletico-pr\/#primaryimage","url":"https:\/\/www.gaveanews.com\/wp-content\/uploads\/Hugo-Moura-em-acao-pelo-Flamengo-contra-o-Fluminense.webp","contentUrl":"https:\/\/www.gaveanews.com\/wp-content\/uploads\/Hugo-Moura-em-acao-pelo-Flamengo-contra-o-Fluminense.webp","width":800,"height":533,"caption":"Hugo Moura em a\u00e7\u00e3o pelo Flamengo contra o Fluminense (Foto: Alexandre Vidal\/Flamengo)"},{"@type":"BreadcrumbList","@id":"https:\/\/www.gaveanews.com\/index.php\/2022\/06\/28\/volante-do-flamengo-e-vendido-ao-athletico-pr\/#breadcrumb","itemListElement":[{"@type":"ListItem","position":1,"name":"Home","item":"https:\/\/www.gaveanews.com\/"},{"@type":"ListItem","position":2,"name":"Volante do Flamengo \u00e9 vendido ao Athletico-PR"}]},{"@type":"WebSite","@id":"https:\/\/www.gaveanews.com\/#website","url":"https:\/\/www.gaveanews.com\/","name":"G\u00e1vea News","description":"Veja todas as not\u00edcias sobre o Flamengo: Contrata\u00e7\u00f5es, categorias de base, resultados das partidas, tabela de classifica\u00e7\u00e3o, pr\u00f3ximos jogos!","potentialAction":[{"@type":"SearchAction","target":{"@type":"EntryPoint","urlTemplate":"https:\/\/www.gaveanews.com\/?s={search_term_string}"},"query-input":{"@type":"PropertyValueSpecification","valueRequired":true,"valueName":"search_term_string"}}],"inLanguage":"pt-BR"},{"@type":"Person","@id":"https:\/\/www.gaveanews.com\/#\/schema\/person\/2ec14f73fb96be2caf28f91afb14749d","name":"Equipe G\u00e1vea News","image":{"@type":"ImageObject","inLanguage":"pt-BR","@id":"https:\/\/www.gaveanews.com\/#\/schema\/person\/image\/","url":"https:\/\/secure.gravatar.com\/avatar\/1e1956f1facbffd3f8fa53a326721950116b3b9dc9bd44939c01180fd4a745a9?s=96&d=mm&r=g","contentUrl":"https:\/\/secure.gravatar.com\/avatar\/1e1956f1facbffd3f8fa53a326721950116b3b9dc9bd44939c01180fd4a745a9?s=96&d=mm&r=g","caption":"Equipe G\u00e1vea News"}}]}},"_links":{"self":[{"href":"https:\/\/www.gaveanews.com\/index.php\/wp-json\/wp\/v2\/posts\/83913","targetHints":{"allow":["GET"]}}],"collection":[{"href":"https:\/\/www.gaveanews.com\/index.php\/wp-json\/wp\/v2\/posts"}],"about":[{"href":"https:\/\/www.gaveanews.com\/index.php\/wp-json\/wp\/v2\/types\/post"}],"author":[{"embeddable":true,"href":"https:\/\/www.gaveanews.com\/index.php\/wp-json\/wp\/v2\/users\/1"}],"replies":[{"embeddable":true,"href":"https:\/\/www.gaveanews.com\/index.php\/wp-json\/wp\/v2\/comments?post=83913"}],"version-history":[{"count":0,"href":"https:\/\/www.gaveanews.com\/index.php\/wp-json\/wp\/v2\/posts\/83913\/revisions"}],"wp:featuredmedia":[{"embeddable":true,"href":"https:\/\/www.gaveanews.com\/index.php\/wp-json\/wp\/v2\/media\/57643"}],"wp:attachment":[{"href":"https:\/\/www.gaveanews.com\/index.php\/wp-json\/wp\/v2\/media?parent=83913"}],"wp:term":[{"taxonomy":"category","embeddable":true,"href":"https:\/\/www.gaveanews.com\/index.php\/wp-json\/wp\/v2\/categories?post=83913"},{"taxonomy":"post_tag","embeddable":true,"href":"https:\/\/www.gaveanews.com\/index.php\/wp-json\/wp\/v2\/tags?post=83913"}],"curies":[{"name":"wp","href":"https:\/\/api.w.org\/{rel}","templated":true}]}}