{"id":83918,"date":"2022-06-28T19:58:22","date_gmt":"2022-06-28T22:58:22","guid":{"rendered":"https:\/\/www.gaveanews.com\/?p=83918"},"modified":"2022-06-28T19:58:22","modified_gmt":"2022-06-28T22:58:22","slug":"maracana-entra-com-recurso-para-impedir-que-o-vasco-jogue-no-estadio","status":"publish","type":"post","link":"https:\/\/www.gaveanews.com\/index.php\/2022\/06\/28\/maracana-entra-com-recurso-para-impedir-que-o-vasco-jogue-no-estadio\/","title":{"rendered":"Maracan\u00e3 entra com recurso para impedir que o Vasco jogue no est\u00e1dio"},"content":{"rendered":"<p>A briga entre o Vasco da Gama e o cons\u00f3rcio que administra o Maracan\u00e3 segue. Isso um dia ap\u00f3s o Vasco conseguir no Tribunal de Justi\u00e7a do Rio de Janeiro o direito de atuar no est\u00e1dio no domingo (3), em duelo pela S\u00e9rie B do Brasileir\u00e3o contra o Sport. O cruzmaltino se viu obrigado a ir \u00e0 Justi\u00e7a para conseguir atuar no local, j\u00e1 que o cons\u00f3rcio negou liberar o Maracan\u00e3 para o clube alegando alto n\u00famero de jogos da dupla Flamengo e Fluminense, que comandam o est\u00e1dio por meio de licita\u00e7\u00e3o.<\/p>\n<p>O Vasco come\u00e7ou a vender ingresso para encarar o Sport no domingo. Nesta ter\u00e7a-feira, j\u00e1 foram vendidos 30 mil ingressos, em poucas horas de comercializa\u00e7\u00e3o. Entretanto, segundo a jornalista Raisa Simplicio, do Goal.com, o cons\u00f3rcio do Maracan\u00e3 teria decidido entrar com recurso na Justi\u00e7a contra o pedido aprovado que liberou o Vasco a utilizar o est\u00e1dio. Com isso, a discuss\u00e3o entre as partes segue.<\/p>\n<h2 id=\"h-flamengo-assinou-recurso-do-consorcio\">Flamengo\u00a0assinou recurso do cons\u00f3rcio<\/h2>\n<p>O Flamengo foi a parte do cons\u00f3rcio que entrou com recurso contra a decis\u00e3o que favoreceu o Vasco a jogar no Maracan\u00e3. O clube entende que a inclus\u00e3o de mais uma partida no local vai prejudicar o gramado.<\/p>\n<p>O site Globo Esporte publicou trechos do recurso enviado pelo Flamengo, em que cr\u00edticas ao Vasco s\u00e3o feitas. \u00c9 pedido que o jogo com o Sport, pela S\u00e9rie B, seja realizado em outro local.<\/p>\n<p>\u201cO presente recurso \u00e9 interposto contra equivocada e gravosa decis\u00e3o que deferiu a tutela provis\u00f3ria de urg\u00eancia requerida em car\u00e1ter antecedente, a fim de determinar \u201cque o Complexo disponibilize o Est\u00e1dio do Maracan\u00e3, e tudo o mais que se fizer necess\u00e1rio, para a realiza\u00e7\u00e3o da partida entre o Club de Regatas Vasco da Gama e Sport Clube Recife no dia 03 de julho de 2022, \u00e0s 16h, nas exatas condi\u00e7\u00f5es praticadas no jogo entre o autor e o Cruzeiro Esporte Clube, realizado em 12 de junho do ano corrente.<\/p>\n<p>Amadorismo \u2013 Diga-se, desde logo, sem rodeios: com simulada candura, e com base na v\u00e3 invoca\u00e7\u00e3o da \u201cseguran\u00e7a p\u00fablica\u201d, o VASCO DA GAMA pintou um falacioso quadro de v\u00edtima, insistindo na linha argumentativa de que \u201capesar de tentar fazer crer na opini\u00e3o p\u00fablica, o Est\u00e1dio do Maracan\u00e3, n\u00e3o \u00e9 do R\u00e9u Flamengo (\u2026) Dentro do contexto da manuten\u00e7\u00e3o\/repara\u00e7\u00e3o do gramado, ao negar a utiliza\u00e7\u00e3o do est\u00e1dio por raz\u00f5es t\u00e9cnicas, o FLAMENGO mais uma vez \u00e9 criticado e cobrado, desta vez para que ignore a preserva\u00e7\u00e3o do gramado e permita um jogo cuja realiza\u00e7\u00e3o \u00e9 desaconselhada pelos t\u00e9cnicos respons\u00e1veis pela manuten\u00e7\u00e3o do mesmo gramado que todos, sem exce\u00e7\u00e3o, querem que tenha qualidade. N\u00e3o d\u00e1 para fazer milagres.\u201d<\/p>\n<p>Retirado de: Torcedores<\/p>\n","protected":false},"excerpt":{"rendered":"<p>A briga entre o Vasco da Gama e o cons\u00f3rcio que administra o Maracan\u00e3 segue. Isso um dia ap\u00f3s o Vasco conseguir no Tribunal de Justi\u00e7a do Rio de Janeiro o direito de atuar no est\u00e1dio no domingo (3), em duelo pela S\u00e9rie B do Brasileir\u00e3o contra o Sport. O cruzmaltino se viu obrigado a [&hellip;]<\/p>\n","protected":false},"author":1,"featured_media":15081,"comment_status":"open","ping_status":"closed","sticky":false,"template":"","format":"standard","meta":{"footnotes":""},"categories":[1],"tags":[],"class_list":["post-83918","post","type-post","status-publish","format-standard","has-post-thumbnail","hentry","category-flamengo"],"yoast_head":"<!-- This site is optimized with the Yoast SEO Premium plugin v24.2 (Yoast SEO v26.9) - https:\/\/yoast.com\/product\/yoast-seo-premium-wordpress\/ -->\n<title>Maracan\u00e3 entra com recurso para impedir que o Vasco jogue no est\u00e1dio<\/title>\n<meta name=\"robots\" content=\"index, follow, max-snippet:-1, max-image-preview:large, max-video-preview:-1\" \/>\n<link rel=\"canonical\" href=\"https:\/\/www.gaveanews.com\/index.php\/2022\/06\/28\/maracana-entra-com-recurso-para-impedir-que-o-vasco-jogue-no-estadio\/\" \/>\n<meta property=\"og:locale\" content=\"pt_BR\" \/>\n<meta property=\"og:type\" content=\"article\" \/>\n<meta property=\"og:title\" content=\"Maracan\u00e3 entra com recurso para impedir que o Vasco jogue no est\u00e1dio\" \/>\n<meta property=\"og:description\" content=\"A briga entre o Vasco da Gama e o cons\u00f3rcio que administra o Maracan\u00e3 segue. Isso um dia ap\u00f3s o Vasco conseguir no Tribunal de Justi\u00e7a do Rio de Janeiro o direito de atuar no est\u00e1dio no domingo (3), em duelo pela S\u00e9rie B do Brasileir\u00e3o contra o Sport. O cruzmaltino se viu obrigado a [&hellip;]\" \/>\n<meta property=\"og:url\" content=\"https:\/\/www.gaveanews.com\/index.php\/2022\/06\/28\/maracana-entra-com-recurso-para-impedir-que-o-vasco-jogue-no-estadio\/\" \/>\n<meta property=\"og:site_name\" content=\"G\u00e1vea News\" \/>\n<meta property=\"article:publisher\" content=\"https:\/\/facebook.com\/gaveaNews\/\" \/>\n<meta property=\"article:published_time\" content=\"2022-06-28T22:58:22+00:00\" \/>\n<meta property=\"og:image\" content=\"https:\/\/www.gaveanews.com\/wp-content\/uploads\/2019\/03\/Escudo-do-Flamengo-e-exposto-proximo-a-um-dos-gols-no-gramado-do-Maracana.webp\" \/>\n\t<meta property=\"og:image:width\" content=\"1\" \/>\n\t<meta property=\"og:image:height\" content=\"1\" \/>\n\t<meta property=\"og:image:type\" content=\"image\/jpeg\" \/>\n<meta name=\"author\" content=\"Equipe G\u00e1vea News\" \/>\n<meta name=\"twitter:card\" content=\"summary_large_image\" \/>\n<meta name=\"twitter:label1\" content=\"Escrito por\" \/>\n\t<meta name=\"twitter:data1\" content=\"Equipe G\u00e1vea News\" \/>\n\t<meta name=\"twitter:label2\" content=\"Est. tempo de leitura\" \/>\n\t<meta name=\"twitter:data2\" content=\"3 minutos\" \/>\n<script type=\"application\/ld+json\" class=\"yoast-schema-graph\">{\"@context\":\"https:\/\/schema.org\",\"@graph\":[{\"@type\":\"NewsArticle\",\"@id\":\"https:\/\/www.gaveanews.com\/index.php\/2022\/06\/28\/maracana-entra-com-recurso-para-impedir-que-o-vasco-jogue-no-estadio\/#article\",\"isPartOf\":{\"@id\":\"https:\/\/www.gaveanews.com\/index.php\/2022\/06\/28\/maracana-entra-com-recurso-para-impedir-que-o-vasco-jogue-no-estadio\/\"},\"author\":{\"name\":\"Equipe G\u00e1vea News\",\"@id\":\"https:\/\/www.gaveanews.com\/#\/schema\/person\/2ec14f73fb96be2caf28f91afb14749d\"},\"headline\":\"Maracan\u00e3 entra com recurso para impedir que o Vasco jogue no est\u00e1dio\",\"datePublished\":\"2022-06-28T22:58:22+00:00\",\"mainEntityOfPage\":{\"@id\":\"https:\/\/www.gaveanews.com\/index.php\/2022\/06\/28\/maracana-entra-com-recurso-para-impedir-que-o-vasco-jogue-no-estadio\/\"},\"wordCount\":498,\"commentCount\":0,\"image\":{\"@id\":\"https:\/\/www.gaveanews.com\/index.php\/2022\/06\/28\/maracana-entra-com-recurso-para-impedir-que-o-vasco-jogue-no-estadio\/#primaryimage\"},\"thumbnailUrl\":\"https:\/\/www.gaveanews.com\/wp-content\/uploads\/2019\/03\/Escudo-do-Flamengo-e-exposto-proximo-a-um-dos-gols-no-gramado-do-Maracana.webp\",\"articleSection\":[\"Flamengo\"],\"inLanguage\":\"pt-BR\",\"potentialAction\":[{\"@type\":\"CommentAction\",\"name\":\"Comment\",\"target\":[\"https:\/\/www.gaveanews.com\/index.php\/2022\/06\/28\/maracana-entra-com-recurso-para-impedir-que-o-vasco-jogue-no-estadio\/#respond\"]}],\"copyrightYear\":\"2022\",\"copyrightHolder\":{\"@id\":\"https:\/\/www.gaveanews.com\/#organization\"}},{\"@type\":\"WebPage\",\"@id\":\"https:\/\/www.gaveanews.com\/index.php\/2022\/06\/28\/maracana-entra-com-recurso-para-impedir-que-o-vasco-jogue-no-estadio\/\",\"url\":\"https:\/\/www.gaveanews.com\/index.php\/2022\/06\/28\/maracana-entra-com-recurso-para-impedir-que-o-vasco-jogue-no-estadio\/\",\"name\":\"Maracan\u00e3 entra com recurso para impedir que o Vasco jogue no est\u00e1dio\",\"isPartOf\":{\"@id\":\"https:\/\/www.gaveanews.com\/#website\"},\"primaryImageOfPage\":{\"@id\":\"https:\/\/www.gaveanews.com\/index.php\/2022\/06\/28\/maracana-entra-com-recurso-para-impedir-que-o-vasco-jogue-no-estadio\/#primaryimage\"},\"image\":{\"@id\":\"https:\/\/www.gaveanews.com\/index.php\/2022\/06\/28\/maracana-entra-com-recurso-para-impedir-que-o-vasco-jogue-no-estadio\/#primaryimage\"},\"thumbnailUrl\":\"https:\/\/www.gaveanews.com\/wp-content\/uploads\/2019\/03\/Escudo-do-Flamengo-e-exposto-proximo-a-um-dos-gols-no-gramado-do-Maracana.webp\",\"datePublished\":\"2022-06-28T22:58:22+00:00\",\"author\":{\"@id\":\"https:\/\/www.gaveanews.com\/#\/schema\/person\/2ec14f73fb96be2caf28f91afb14749d\"},\"breadcrumb\":{\"@id\":\"https:\/\/www.gaveanews.com\/index.php\/2022\/06\/28\/maracana-entra-com-recurso-para-impedir-que-o-vasco-jogue-no-estadio\/#breadcrumb\"},\"inLanguage\":\"pt-BR\",\"potentialAction\":[{\"@type\":\"ReadAction\",\"target\":[\"https:\/\/www.gaveanews.com\/index.php\/2022\/06\/28\/maracana-entra-com-recurso-para-impedir-que-o-vasco-jogue-no-estadio\/\"]}]},{\"@type\":\"ImageObject\",\"inLanguage\":\"pt-BR\",\"@id\":\"https:\/\/www.gaveanews.com\/index.php\/2022\/06\/28\/maracana-entra-com-recurso-para-impedir-que-o-vasco-jogue-no-estadio\/#primaryimage\",\"url\":\"https:\/\/www.gaveanews.com\/wp-content\/uploads\/2019\/03\/Escudo-do-Flamengo-e-exposto-proximo-a-um-dos-gols-no-gramado-do-Maracana.webp\",\"contentUrl\":\"https:\/\/www.gaveanews.com\/wp-content\/uploads\/2019\/03\/Escudo-do-Flamengo-e-exposto-proximo-a-um-dos-gols-no-gramado-do-Maracana.webp\",\"caption\":\"Escudo do Flamengo \u00e9 exposto pr\u00f3ximo a um dos gols, no gramado do Maracan\u00e3 (Foto: Daniel Castelo Branco)\"},{\"@type\":\"BreadcrumbList\",\"@id\":\"https:\/\/www.gaveanews.com\/index.php\/2022\/06\/28\/maracana-entra-com-recurso-para-impedir-que-o-vasco-jogue-no-estadio\/#breadcrumb\",\"itemListElement\":[{\"@type\":\"ListItem\",\"position\":1,\"name\":\"Home\",\"item\":\"https:\/\/www.gaveanews.com\/\"},{\"@type\":\"ListItem\",\"position\":2,\"name\":\"Maracan\u00e3 entra com recurso para impedir que o Vasco jogue no est\u00e1dio\"}]},{\"@type\":\"WebSite\",\"@id\":\"https:\/\/www.gaveanews.com\/#website\",\"url\":\"https:\/\/www.gaveanews.com\/\",\"name\":\"G\u00e1vea News\",\"description\":\"Veja todas as not\u00edcias sobre o Flamengo: Contrata\u00e7\u00f5es, categorias de base, resultados das partidas, tabela de classifica\u00e7\u00e3o, pr\u00f3ximos jogos!\",\"potentialAction\":[{\"@type\":\"SearchAction\",\"target\":{\"@type\":\"EntryPoint\",\"urlTemplate\":\"https:\/\/www.gaveanews.com\/?s={search_term_string}\"},\"query-input\":{\"@type\":\"PropertyValueSpecification\",\"valueRequired\":true,\"valueName\":\"search_term_string\"}}],\"inLanguage\":\"pt-BR\"},{\"@type\":\"Person\",\"@id\":\"https:\/\/www.gaveanews.com\/#\/schema\/person\/2ec14f73fb96be2caf28f91afb14749d\",\"name\":\"Equipe G\u00e1vea News\",\"image\":{\"@type\":\"ImageObject\",\"inLanguage\":\"pt-BR\",\"@id\":\"https:\/\/www.gaveanews.com\/#\/schema\/person\/image\/\",\"url\":\"https:\/\/secure.gravatar.com\/avatar\/1e1956f1facbffd3f8fa53a326721950116b3b9dc9bd44939c01180fd4a745a9?s=96&d=mm&r=g\",\"contentUrl\":\"https:\/\/secure.gravatar.com\/avatar\/1e1956f1facbffd3f8fa53a326721950116b3b9dc9bd44939c01180fd4a745a9?s=96&d=mm&r=g\",\"caption\":\"Equipe G\u00e1vea News\"}}]}<\/script>\n<!-- \/ Yoast SEO Premium plugin. -->","yoast_head_json":{"title":"Maracan\u00e3 entra com recurso para impedir que o Vasco jogue no est\u00e1dio","robots":{"index":"index","follow":"follow","max-snippet":"max-snippet:-1","max-image-preview":"max-image-preview:large","max-video-preview":"max-video-preview:-1"},"canonical":"https:\/\/www.gaveanews.com\/index.php\/2022\/06\/28\/maracana-entra-com-recurso-para-impedir-que-o-vasco-jogue-no-estadio\/","og_locale":"pt_BR","og_type":"article","og_title":"Maracan\u00e3 entra com recurso para impedir que o Vasco jogue no est\u00e1dio","og_description":"A briga entre o Vasco da Gama e o cons\u00f3rcio que administra o Maracan\u00e3 segue. Isso um dia ap\u00f3s o Vasco conseguir no Tribunal de Justi\u00e7a do Rio de Janeiro o direito de atuar no est\u00e1dio no domingo (3), em duelo pela S\u00e9rie B do Brasileir\u00e3o contra o Sport. O cruzmaltino se viu obrigado a [&hellip;]","og_url":"https:\/\/www.gaveanews.com\/index.php\/2022\/06\/28\/maracana-entra-com-recurso-para-impedir-que-o-vasco-jogue-no-estadio\/","og_site_name":"G\u00e1vea News","article_publisher":"https:\/\/facebook.com\/gaveaNews\/","article_published_time":"2022-06-28T22:58:22+00:00","og_image":[{"url":"https:\/\/www.gaveanews.com\/wp-content\/uploads\/2019\/03\/Escudo-do-Flamengo-e-exposto-proximo-a-um-dos-gols-no-gramado-do-Maracana.webp","width":1,"height":1,"type":"image\/jpeg"}],"author":"Equipe G\u00e1vea News","twitter_card":"summary_large_image","twitter_misc":{"Escrito por":"Equipe G\u00e1vea News","Est. tempo de leitura":"3 minutos"},"schema":{"@context":"https:\/\/schema.org","@graph":[{"@type":"NewsArticle","@id":"https:\/\/www.gaveanews.com\/index.php\/2022\/06\/28\/maracana-entra-com-recurso-para-impedir-que-o-vasco-jogue-no-estadio\/#article","isPartOf":{"@id":"https:\/\/www.gaveanews.com\/index.php\/2022\/06\/28\/maracana-entra-com-recurso-para-impedir-que-o-vasco-jogue-no-estadio\/"},"author":{"name":"Equipe G\u00e1vea News","@id":"https:\/\/www.gaveanews.com\/#\/schema\/person\/2ec14f73fb96be2caf28f91afb14749d"},"headline":"Maracan\u00e3 entra com recurso para impedir que o Vasco jogue no est\u00e1dio","datePublished":"2022-06-28T22:58:22+00:00","mainEntityOfPage":{"@id":"https:\/\/www.gaveanews.com\/index.php\/2022\/06\/28\/maracana-entra-com-recurso-para-impedir-que-o-vasco-jogue-no-estadio\/"},"wordCount":498,"commentCount":0,"image":{"@id":"https:\/\/www.gaveanews.com\/index.php\/2022\/06\/28\/maracana-entra-com-recurso-para-impedir-que-o-vasco-jogue-no-estadio\/#primaryimage"},"thumbnailUrl":"https:\/\/www.gaveanews.com\/wp-content\/uploads\/2019\/03\/Escudo-do-Flamengo-e-exposto-proximo-a-um-dos-gols-no-gramado-do-Maracana.webp","articleSection":["Flamengo"],"inLanguage":"pt-BR","potentialAction":[{"@type":"CommentAction","name":"Comment","target":["https:\/\/www.gaveanews.com\/index.php\/2022\/06\/28\/maracana-entra-com-recurso-para-impedir-que-o-vasco-jogue-no-estadio\/#respond"]}],"copyrightYear":"2022","copyrightHolder":{"@id":"https:\/\/www.gaveanews.com\/#organization"}},{"@type":"WebPage","@id":"https:\/\/www.gaveanews.com\/index.php\/2022\/06\/28\/maracana-entra-com-recurso-para-impedir-que-o-vasco-jogue-no-estadio\/","url":"https:\/\/www.gaveanews.com\/index.php\/2022\/06\/28\/maracana-entra-com-recurso-para-impedir-que-o-vasco-jogue-no-estadio\/","name":"Maracan\u00e3 entra com recurso para impedir que o Vasco jogue no est\u00e1dio","isPartOf":{"@id":"https:\/\/www.gaveanews.com\/#website"},"primaryImageOfPage":{"@id":"https:\/\/www.gaveanews.com\/index.php\/2022\/06\/28\/maracana-entra-com-recurso-para-impedir-que-o-vasco-jogue-no-estadio\/#primaryimage"},"image":{"@id":"https:\/\/www.gaveanews.com\/index.php\/2022\/06\/28\/maracana-entra-com-recurso-para-impedir-que-o-vasco-jogue-no-estadio\/#primaryimage"},"thumbnailUrl":"https:\/\/www.gaveanews.com\/wp-content\/uploads\/2019\/03\/Escudo-do-Flamengo-e-exposto-proximo-a-um-dos-gols-no-gramado-do-Maracana.webp","datePublished":"2022-06-28T22:58:22+00:00","author":{"@id":"https:\/\/www.gaveanews.com\/#\/schema\/person\/2ec14f73fb96be2caf28f91afb14749d"},"breadcrumb":{"@id":"https:\/\/www.gaveanews.com\/index.php\/2022\/06\/28\/maracana-entra-com-recurso-para-impedir-que-o-vasco-jogue-no-estadio\/#breadcrumb"},"inLanguage":"pt-BR","potentialAction":[{"@type":"ReadAction","target":["https:\/\/www.gaveanews.com\/index.php\/2022\/06\/28\/maracana-entra-com-recurso-para-impedir-que-o-vasco-jogue-no-estadio\/"]}]},{"@type":"ImageObject","inLanguage":"pt-BR","@id":"https:\/\/www.gaveanews.com\/index.php\/2022\/06\/28\/maracana-entra-com-recurso-para-impedir-que-o-vasco-jogue-no-estadio\/#primaryimage","url":"https:\/\/www.gaveanews.com\/wp-content\/uploads\/2019\/03\/Escudo-do-Flamengo-e-exposto-proximo-a-um-dos-gols-no-gramado-do-Maracana.webp","contentUrl":"https:\/\/www.gaveanews.com\/wp-content\/uploads\/2019\/03\/Escudo-do-Flamengo-e-exposto-proximo-a-um-dos-gols-no-gramado-do-Maracana.webp","caption":"Escudo do Flamengo \u00e9 exposto pr\u00f3ximo a um dos gols, no gramado do Maracan\u00e3 (Foto: Daniel Castelo Branco)"},{"@type":"BreadcrumbList","@id":"https:\/\/www.gaveanews.com\/index.php\/2022\/06\/28\/maracana-entra-com-recurso-para-impedir-que-o-vasco-jogue-no-estadio\/#breadcrumb","itemListElement":[{"@type":"ListItem","position":1,"name":"Home","item":"https:\/\/www.gaveanews.com\/"},{"@type":"ListItem","position":2,"name":"Maracan\u00e3 entra com recurso para impedir que o Vasco jogue no est\u00e1dio"}]},{"@type":"WebSite","@id":"https:\/\/www.gaveanews.com\/#website","url":"https:\/\/www.gaveanews.com\/","name":"G\u00e1vea News","description":"Veja todas as not\u00edcias sobre o Flamengo: Contrata\u00e7\u00f5es, categorias de base, resultados das partidas, tabela de classifica\u00e7\u00e3o, pr\u00f3ximos jogos!","potentialAction":[{"@type":"SearchAction","target":{"@type":"EntryPoint","urlTemplate":"https:\/\/www.gaveanews.com\/?s={search_term_string}"},"query-input":{"@type":"PropertyValueSpecification","valueRequired":true,"valueName":"search_term_string"}}],"inLanguage":"pt-BR"},{"@type":"Person","@id":"https:\/\/www.gaveanews.com\/#\/schema\/person\/2ec14f73fb96be2caf28f91afb14749d","name":"Equipe G\u00e1vea News","image":{"@type":"ImageObject","inLanguage":"pt-BR","@id":"https:\/\/www.gaveanews.com\/#\/schema\/person\/image\/","url":"https:\/\/secure.gravatar.com\/avatar\/1e1956f1facbffd3f8fa53a326721950116b3b9dc9bd44939c01180fd4a745a9?s=96&d=mm&r=g","contentUrl":"https:\/\/secure.gravatar.com\/avatar\/1e1956f1facbffd3f8fa53a326721950116b3b9dc9bd44939c01180fd4a745a9?s=96&d=mm&r=g","caption":"Equipe G\u00e1vea News"}}]}},"_links":{"self":[{"href":"https:\/\/www.gaveanews.com\/index.php\/wp-json\/wp\/v2\/posts\/83918","targetHints":{"allow":["GET"]}}],"collection":[{"href":"https:\/\/www.gaveanews.com\/index.php\/wp-json\/wp\/v2\/posts"}],"about":[{"href":"https:\/\/www.gaveanews.com\/index.php\/wp-json\/wp\/v2\/types\/post"}],"author":[{"embeddable":true,"href":"https:\/\/www.gaveanews.com\/index.php\/wp-json\/wp\/v2\/users\/1"}],"replies":[{"embeddable":true,"href":"https:\/\/www.gaveanews.com\/index.php\/wp-json\/wp\/v2\/comments?post=83918"}],"version-history":[{"count":0,"href":"https:\/\/www.gaveanews.com\/index.php\/wp-json\/wp\/v2\/posts\/83918\/revisions"}],"wp:featuredmedia":[{"embeddable":true,"href":"https:\/\/www.gaveanews.com\/index.php\/wp-json\/wp\/v2\/media\/15081"}],"wp:attachment":[{"href":"https:\/\/www.gaveanews.com\/index.php\/wp-json\/wp\/v2\/media?parent=83918"}],"wp:term":[{"taxonomy":"category","embeddable":true,"href":"https:\/\/www.gaveanews.com\/index.php\/wp-json\/wp\/v2\/categories?post=83918"},{"taxonomy":"post_tag","embeddable":true,"href":"https:\/\/www.gaveanews.com\/index.php\/wp-json\/wp\/v2\/tags?post=83918"}],"curies":[{"name":"wp","href":"https:\/\/api.w.org\/{rel}","templated":true}]}}