{"id":83925,"date":"2022-06-28T22:52:12","date_gmt":"2022-06-29T01:52:12","guid":{"rendered":"https:\/\/www.gaveanews.com\/?p=83925"},"modified":"2022-06-28T22:52:12","modified_gmt":"2022-06-29T01:52:12","slug":"santos-x-flamengo-protocolo-da-cbf-pode-fazer-rubro-negro-ter-desfalques","status":"publish","type":"post","link":"https:\/\/www.gaveanews.com\/index.php\/2022\/06\/28\/santos-x-flamengo-protocolo-da-cbf-pode-fazer-rubro-negro-ter-desfalques\/","title":{"rendered":"Santos x Flamengo: Protocolo da CBF pode fazer rubro-negro ter desfalques"},"content":{"rendered":"<p>O Flamengo reviveu, ontem (27), um drama e ligou o alerta devido a novo surto de covid-19 ao embarcar para Col\u00f4mbia, onde enfrenta o Tolima, amanh\u00e3, pela ida das oitavas de final da Copa Libertadores. Hoje (28), a contraprova confirmou a preocupa\u00e7\u00e3o: sete resultados positivos. Todos os jogadores est\u00e3o assintom\u00e1ticos e treinam isoladamente no Ninho do Urubu.<\/p>\n<p>Diego Alves, Matheus Cunha, Kau\u00e3, Fabr\u00edcio Bruno, Willian Ar\u00e3o, Daniel Cabral e Matheus Fran\u00e7a s\u00e3o os positivados do Rubro-Negro. Os atletas est\u00e3o sem nenhuma manifesta\u00e7\u00e3o cl\u00ednica de desconforto e far\u00e3o atividade de maneira individual no CT. O Flamengo, inclusive, havia preparado uma log\u00edstica e fretado um jatinho para a Col\u00f4mbia caso os testes fossem negativos.<\/p>\n<p>O Flamengo far\u00e1 novos testes diariamente e, quando o resultado for negativo, o atleta ser\u00e1 reintegrado ao elenco. A delega\u00e7\u00e3o volta da Col\u00f4mbia direto para S\u00e3o Paulo, antes de seguir viagem para Santos, onde vai enfrentar o Peixe, s\u00e1bado (2), \u00e0s 19h. A informa\u00e7\u00e3o foi publicada inicialmente pelo GE e confirmada pelo UOL Esporte.<\/p>\n<p>Assim que testarem negativo, os atletas ser\u00e3o imediatamente integrados ao restante do elenco. A expectativa \u00e9 de que os testes negativos aconte\u00e7am nos pr\u00f3ximos dias. Por enquanto, o Fla j\u00e1 tem dois desfalques certos para o pr\u00f3ximo jogo, com o Santos: Bruno Henrique (lesionado) e Jo\u00e3o Gomes (suspenso).<\/p>\n<p>No entanto, cabe destacar que a escala\u00e7\u00e3o de algum dos recentes positivados pode esbarrar no protocolo da CBF. Atualmente, a entidade exige sete dias de isolamento para casos positivos da doen\u00e7a. Publicamente, o Flamengo n\u00e3o admitiu qualquer caso de covid no elenco.<\/p>\n<p>Na semana passada, o t\u00e9cnico Abel Ferreira, do Palmeiras, foi barrado pela CBF e ficou fora do banco no jogo contra o S\u00e3o Paulo, pela ida das oitavas da Copa do Brasil, mesmo com teste negativo. A entidade foi comunicada pelo pr\u00f3prio clube a respeito do caso positivo e s\u00f3 liberou o portugu\u00eas ap\u00f3s o s\u00e9timo dia fora do campo de jogo.<\/p>\n<p>A terceira edi\u00e7\u00e3o do Guia M\u00e9dico de Medidas Preventivas, atualmente em vigor, diz que &#8220;todos os resultados de testes diagn\u00f3sticos positivos dever\u00e3o ser notificados compulsoriamente \u00e0 Comiss\u00e3o M\u00e9dica Especial da CBF, independentemente de estarem ou n\u00e3o relacionados para a partida seguinte&#8221;. Na comiss\u00e3o, h\u00e1 um entendimento de que, somada \u00e0 previs\u00e3o do protocolo, os m\u00e9dicos dos clubes s\u00e3o obrigados eticamente a informar os casos positivos, mesmo assintom\u00e1ticos.<\/p>\n<p>S\u00f3 que, no caso do Flamengo, h\u00e1 um sil\u00eancio oficial at\u00e9 o momento. A testagem pr\u00e9via ao jogo contra o Tolima s\u00f3 aconteceu porque o procedimento em competi\u00e7\u00f5es da Conmebol tem sido diferente em compara\u00e7\u00e3o aos torneios nacionais. H\u00e1 demanda por resultados positivos a todos os integrantes da delega\u00e7\u00e3o. A CBF adotou uma flexibiliza\u00e7\u00e3o ao longo do ano. Em janeiro, pedia a combina\u00e7\u00e3o vacina\u00e7\u00e3o plena, mais teste de ant\u00edgeno e inqu\u00e9rito epidemiol\u00f3gico. Em abril, abriu m\u00e3o do ant\u00edgeno.<\/p>\n<p>Al\u00e9m dos positivados para covid, quem tamb\u00e9m ficou no Rio de Janeiro foi Rodrigo Caio. O zagueiro foi diagnosticado com tendinite no joelho esquerdo e se tornou d\u00favida para a partida contra o Santos.<\/p>\n<p>Pelas oitavas da Libertadores, o Flamengo enfrenta o Tolima, amanh\u00e3 (29), \u00e0s 21h30, no Est\u00e1dio Manuel Murillo Toro, em Ibagu\u00e9, na Col\u00f4mbia. A equipe carioca ser\u00e1 comandada por Lucas Silvestre, auxiliar t\u00e9cnico de Dorival J\u00fanior, que est\u00e1 suspenso pela Conmebol.<\/p>\n<h2>Protocolo de Covid no Brasileir\u00e3o<\/h2>\n<p>A CBF j\u00e1 est\u00e1 desenvolvendo a quarta edi\u00e7\u00e3o do Guia M\u00e9dico de Medidas Protetivas para o\u00a0Futebol\u00a0Brasileiro. A expectativa \u00e9 de que o documento entre em vigor em 1\u00ba de julho, mas isso depende do acerto entre a comiss\u00e3o m\u00e9dica e a presid\u00eancia da entidade.<\/p>\n<p>A partir da data delimitada, o controle passa a ser do clube, com notifica\u00e7\u00e3o compuls\u00f3ria \u00e0 Comiss\u00e3o M\u00e9dica. Aos positivados, o isolamento ser\u00e1 de dez dias com prerrogativa de teste para os assintom\u00e1ticos em sete dias.<\/p>\n<p>A obrigatoriedade de pelo menos duas doses ou dose \u00fanica da partida permanece. Em contrapartida, n\u00e3o ser\u00e1 mais necess\u00e1rio a apresenta\u00e7\u00e3o do inqu\u00e9rito epidemiol\u00f3gico. A decis\u00e3o de enviar exames antes dos jogos j\u00e1 havia ca\u00eddo, antes mesmo da nova vers\u00e3o do documento.<\/p>\n<p>Em resumo, a partir de agora, a responsabilidade passa a ser do clube, com a obrigatoriedade de notifica\u00e7\u00e3o \u00e0 CBF.<\/p>\n<p>Retirado de: UOL<\/p>\n","protected":false},"excerpt":{"rendered":"<p>O Flamengo reviveu, ontem (27), um drama e ligou o alerta devido a novo surto de covid-19 ao embarcar para Col\u00f4mbia, onde enfrenta o Tolima, amanh\u00e3, pela ida das oitavas de final da Copa Libertadores. Hoje (28), a contraprova confirmou a preocupa\u00e7\u00e3o: sete resultados positivos. Todos os jogadores est\u00e3o assintom\u00e1ticos e treinam isoladamente no Ninho [&hellip;]<\/p>\n","protected":false},"author":1,"featured_media":67346,"comment_status":"open","ping_status":"closed","sticky":false,"template":"","format":"standard","meta":{"footnotes":""},"categories":[1],"tags":[],"class_list":["post-83925","post","type-post","status-publish","format-standard","has-post-thumbnail","hentry","category-flamengo"],"yoast_head":"<!-- This site is optimized with the Yoast SEO Premium plugin v24.2 (Yoast SEO v26.9) - https:\/\/yoast.com\/product\/yoast-seo-premium-wordpress\/ -->\n<title>Santos x Flamengo: Protocolo da CBF pode fazer rubro-negro ter desfalques<\/title>\n<meta name=\"robots\" content=\"index, follow, max-snippet:-1, max-image-preview:large, max-video-preview:-1\" \/>\n<link rel=\"canonical\" href=\"https:\/\/www.gaveanews.com\/index.php\/2022\/06\/28\/santos-x-flamengo-protocolo-da-cbf-pode-fazer-rubro-negro-ter-desfalques\/\" \/>\n<meta property=\"og:locale\" content=\"pt_BR\" \/>\n<meta property=\"og:type\" content=\"article\" \/>\n<meta property=\"og:title\" content=\"Santos x Flamengo: Protocolo da CBF pode fazer rubro-negro ter desfalques\" \/>\n<meta property=\"og:description\" content=\"O Flamengo reviveu, ontem (27), um drama e ligou o alerta devido a novo surto de covid-19 ao embarcar para Col\u00f4mbia, onde enfrenta o Tolima, amanh\u00e3, pela ida das oitavas de final da Copa Libertadores. Hoje (28), a contraprova confirmou a preocupa\u00e7\u00e3o: sete resultados positivos. Todos os jogadores est\u00e3o assintom\u00e1ticos e treinam isoladamente no Ninho [&hellip;]\" \/>\n<meta property=\"og:url\" content=\"https:\/\/www.gaveanews.com\/index.php\/2022\/06\/28\/santos-x-flamengo-protocolo-da-cbf-pode-fazer-rubro-negro-ter-desfalques\/\" \/>\n<meta property=\"og:site_name\" content=\"G\u00e1vea News\" \/>\n<meta property=\"article:publisher\" content=\"https:\/\/facebook.com\/gaveaNews\/\" \/>\n<meta property=\"article:published_time\" content=\"2022-06-29T01:52:12+00:00\" \/>\n<meta property=\"og:image\" content=\"https:\/\/www.gaveanews.com\/wp-content\/uploads\/Thiago-Maia-em-acao-pelo-Flamengo-contra-o-Santos-no-Campeonato-Brasileiro-2021.webp\" \/>\n\t<meta property=\"og:image:width\" content=\"800\" \/>\n\t<meta property=\"og:image:height\" content=\"535\" \/>\n\t<meta property=\"og:image:type\" content=\"image\/jpeg\" \/>\n<meta name=\"author\" content=\"Equipe G\u00e1vea News\" \/>\n<meta name=\"twitter:card\" content=\"summary_large_image\" \/>\n<meta name=\"twitter:label1\" content=\"Escrito por\" \/>\n\t<meta name=\"twitter:data1\" content=\"Equipe G\u00e1vea News\" \/>\n\t<meta name=\"twitter:label2\" content=\"Est. tempo de leitura\" \/>\n\t<meta name=\"twitter:data2\" content=\"4 minutos\" \/>\n<script type=\"application\/ld+json\" class=\"yoast-schema-graph\">{\"@context\":\"https:\/\/schema.org\",\"@graph\":[{\"@type\":\"NewsArticle\",\"@id\":\"https:\/\/www.gaveanews.com\/index.php\/2022\/06\/28\/santos-x-flamengo-protocolo-da-cbf-pode-fazer-rubro-negro-ter-desfalques\/#article\",\"isPartOf\":{\"@id\":\"https:\/\/www.gaveanews.com\/index.php\/2022\/06\/28\/santos-x-flamengo-protocolo-da-cbf-pode-fazer-rubro-negro-ter-desfalques\/\"},\"author\":{\"name\":\"Equipe G\u00e1vea News\",\"@id\":\"https:\/\/www.gaveanews.com\/#\/schema\/person\/2ec14f73fb96be2caf28f91afb14749d\"},\"headline\":\"Santos x Flamengo: Protocolo da CBF pode fazer rubro-negro ter desfalques\",\"datePublished\":\"2022-06-29T01:52:12+00:00\",\"mainEntityOfPage\":{\"@id\":\"https:\/\/www.gaveanews.com\/index.php\/2022\/06\/28\/santos-x-flamengo-protocolo-da-cbf-pode-fazer-rubro-negro-ter-desfalques\/\"},\"wordCount\":774,\"commentCount\":0,\"image\":{\"@id\":\"https:\/\/www.gaveanews.com\/index.php\/2022\/06\/28\/santos-x-flamengo-protocolo-da-cbf-pode-fazer-rubro-negro-ter-desfalques\/#primaryimage\"},\"thumbnailUrl\":\"https:\/\/www.gaveanews.com\/wp-content\/uploads\/Thiago-Maia-em-acao-pelo-Flamengo-contra-o-Santos-no-Campeonato-Brasileiro-2021.webp\",\"articleSection\":[\"Flamengo\"],\"inLanguage\":\"pt-BR\",\"potentialAction\":[{\"@type\":\"CommentAction\",\"name\":\"Comment\",\"target\":[\"https:\/\/www.gaveanews.com\/index.php\/2022\/06\/28\/santos-x-flamengo-protocolo-da-cbf-pode-fazer-rubro-negro-ter-desfalques\/#respond\"]}],\"copyrightYear\":\"2022\",\"copyrightHolder\":{\"@id\":\"https:\/\/www.gaveanews.com\/#organization\"}},{\"@type\":\"WebPage\",\"@id\":\"https:\/\/www.gaveanews.com\/index.php\/2022\/06\/28\/santos-x-flamengo-protocolo-da-cbf-pode-fazer-rubro-negro-ter-desfalques\/\",\"url\":\"https:\/\/www.gaveanews.com\/index.php\/2022\/06\/28\/santos-x-flamengo-protocolo-da-cbf-pode-fazer-rubro-negro-ter-desfalques\/\",\"name\":\"Santos x Flamengo: Protocolo da CBF pode fazer rubro-negro ter desfalques\",\"isPartOf\":{\"@id\":\"https:\/\/www.gaveanews.com\/#website\"},\"primaryImageOfPage\":{\"@id\":\"https:\/\/www.gaveanews.com\/index.php\/2022\/06\/28\/santos-x-flamengo-protocolo-da-cbf-pode-fazer-rubro-negro-ter-desfalques\/#primaryimage\"},\"image\":{\"@id\":\"https:\/\/www.gaveanews.com\/index.php\/2022\/06\/28\/santos-x-flamengo-protocolo-da-cbf-pode-fazer-rubro-negro-ter-desfalques\/#primaryimage\"},\"thumbnailUrl\":\"https:\/\/www.gaveanews.com\/wp-content\/uploads\/Thiago-Maia-em-acao-pelo-Flamengo-contra-o-Santos-no-Campeonato-Brasileiro-2021.webp\",\"datePublished\":\"2022-06-29T01:52:12+00:00\",\"author\":{\"@id\":\"https:\/\/www.gaveanews.com\/#\/schema\/person\/2ec14f73fb96be2caf28f91afb14749d\"},\"breadcrumb\":{\"@id\":\"https:\/\/www.gaveanews.com\/index.php\/2022\/06\/28\/santos-x-flamengo-protocolo-da-cbf-pode-fazer-rubro-negro-ter-desfalques\/#breadcrumb\"},\"inLanguage\":\"pt-BR\",\"potentialAction\":[{\"@type\":\"ReadAction\",\"target\":[\"https:\/\/www.gaveanews.com\/index.php\/2022\/06\/28\/santos-x-flamengo-protocolo-da-cbf-pode-fazer-rubro-negro-ter-desfalques\/\"]}]},{\"@type\":\"ImageObject\",\"inLanguage\":\"pt-BR\",\"@id\":\"https:\/\/www.gaveanews.com\/index.php\/2022\/06\/28\/santos-x-flamengo-protocolo-da-cbf-pode-fazer-rubro-negro-ter-desfalques\/#primaryimage\",\"url\":\"https:\/\/www.gaveanews.com\/wp-content\/uploads\/Thiago-Maia-em-acao-pelo-Flamengo-contra-o-Santos-no-Campeonato-Brasileiro-2021.webp\",\"contentUrl\":\"https:\/\/www.gaveanews.com\/wp-content\/uploads\/Thiago-Maia-em-acao-pelo-Flamengo-contra-o-Santos-no-Campeonato-Brasileiro-2021.webp\",\"width\":800,\"height\":535,\"caption\":\"Thiago Maia em a\u00e7\u00e3o pelo Flamengo contra o Santos no Campeonato Brasileiro 2021 (Foto: Alexandre Vidal\/Flamengo)\"},{\"@type\":\"BreadcrumbList\",\"@id\":\"https:\/\/www.gaveanews.com\/index.php\/2022\/06\/28\/santos-x-flamengo-protocolo-da-cbf-pode-fazer-rubro-negro-ter-desfalques\/#breadcrumb\",\"itemListElement\":[{\"@type\":\"ListItem\",\"position\":1,\"name\":\"Home\",\"item\":\"https:\/\/www.gaveanews.com\/\"},{\"@type\":\"ListItem\",\"position\":2,\"name\":\"Santos x Flamengo: Protocolo da CBF pode fazer rubro-negro ter desfalques\"}]},{\"@type\":\"WebSite\",\"@id\":\"https:\/\/www.gaveanews.com\/#website\",\"url\":\"https:\/\/www.gaveanews.com\/\",\"name\":\"G\u00e1vea News\",\"description\":\"Veja todas as not\u00edcias sobre o Flamengo: Contrata\u00e7\u00f5es, categorias de base, resultados das partidas, tabela de classifica\u00e7\u00e3o, pr\u00f3ximos jogos!\",\"potentialAction\":[{\"@type\":\"SearchAction\",\"target\":{\"@type\":\"EntryPoint\",\"urlTemplate\":\"https:\/\/www.gaveanews.com\/?s={search_term_string}\"},\"query-input\":{\"@type\":\"PropertyValueSpecification\",\"valueRequired\":true,\"valueName\":\"search_term_string\"}}],\"inLanguage\":\"pt-BR\"},{\"@type\":\"Person\",\"@id\":\"https:\/\/www.gaveanews.com\/#\/schema\/person\/2ec14f73fb96be2caf28f91afb14749d\",\"name\":\"Equipe G\u00e1vea News\",\"image\":{\"@type\":\"ImageObject\",\"inLanguage\":\"pt-BR\",\"@id\":\"https:\/\/www.gaveanews.com\/#\/schema\/person\/image\/\",\"url\":\"https:\/\/secure.gravatar.com\/avatar\/1e1956f1facbffd3f8fa53a326721950116b3b9dc9bd44939c01180fd4a745a9?s=96&d=mm&r=g\",\"contentUrl\":\"https:\/\/secure.gravatar.com\/avatar\/1e1956f1facbffd3f8fa53a326721950116b3b9dc9bd44939c01180fd4a745a9?s=96&d=mm&r=g\",\"caption\":\"Equipe G\u00e1vea News\"}}]}<\/script>\n<!-- \/ Yoast SEO Premium plugin. -->","yoast_head_json":{"title":"Santos x Flamengo: Protocolo da CBF pode fazer rubro-negro ter desfalques","robots":{"index":"index","follow":"follow","max-snippet":"max-snippet:-1","max-image-preview":"max-image-preview:large","max-video-preview":"max-video-preview:-1"},"canonical":"https:\/\/www.gaveanews.com\/index.php\/2022\/06\/28\/santos-x-flamengo-protocolo-da-cbf-pode-fazer-rubro-negro-ter-desfalques\/","og_locale":"pt_BR","og_type":"article","og_title":"Santos x Flamengo: Protocolo da CBF pode fazer rubro-negro ter desfalques","og_description":"O Flamengo reviveu, ontem (27), um drama e ligou o alerta devido a novo surto de covid-19 ao embarcar para Col\u00f4mbia, onde enfrenta o Tolima, amanh\u00e3, pela ida das oitavas de final da Copa Libertadores. Hoje (28), a contraprova confirmou a preocupa\u00e7\u00e3o: sete resultados positivos. Todos os jogadores est\u00e3o assintom\u00e1ticos e treinam isoladamente no Ninho [&hellip;]","og_url":"https:\/\/www.gaveanews.com\/index.php\/2022\/06\/28\/santos-x-flamengo-protocolo-da-cbf-pode-fazer-rubro-negro-ter-desfalques\/","og_site_name":"G\u00e1vea News","article_publisher":"https:\/\/facebook.com\/gaveaNews\/","article_published_time":"2022-06-29T01:52:12+00:00","og_image":[{"width":800,"height":535,"url":"https:\/\/www.gaveanews.com\/wp-content\/uploads\/Thiago-Maia-em-acao-pelo-Flamengo-contra-o-Santos-no-Campeonato-Brasileiro-2021.webp","type":"image\/jpeg"}],"author":"Equipe G\u00e1vea News","twitter_card":"summary_large_image","twitter_misc":{"Escrito por":"Equipe G\u00e1vea News","Est. tempo de leitura":"4 minutos"},"schema":{"@context":"https:\/\/schema.org","@graph":[{"@type":"NewsArticle","@id":"https:\/\/www.gaveanews.com\/index.php\/2022\/06\/28\/santos-x-flamengo-protocolo-da-cbf-pode-fazer-rubro-negro-ter-desfalques\/#article","isPartOf":{"@id":"https:\/\/www.gaveanews.com\/index.php\/2022\/06\/28\/santos-x-flamengo-protocolo-da-cbf-pode-fazer-rubro-negro-ter-desfalques\/"},"author":{"name":"Equipe G\u00e1vea News","@id":"https:\/\/www.gaveanews.com\/#\/schema\/person\/2ec14f73fb96be2caf28f91afb14749d"},"headline":"Santos x Flamengo: Protocolo da CBF pode fazer rubro-negro ter desfalques","datePublished":"2022-06-29T01:52:12+00:00","mainEntityOfPage":{"@id":"https:\/\/www.gaveanews.com\/index.php\/2022\/06\/28\/santos-x-flamengo-protocolo-da-cbf-pode-fazer-rubro-negro-ter-desfalques\/"},"wordCount":774,"commentCount":0,"image":{"@id":"https:\/\/www.gaveanews.com\/index.php\/2022\/06\/28\/santos-x-flamengo-protocolo-da-cbf-pode-fazer-rubro-negro-ter-desfalques\/#primaryimage"},"thumbnailUrl":"https:\/\/www.gaveanews.com\/wp-content\/uploads\/Thiago-Maia-em-acao-pelo-Flamengo-contra-o-Santos-no-Campeonato-Brasileiro-2021.webp","articleSection":["Flamengo"],"inLanguage":"pt-BR","potentialAction":[{"@type":"CommentAction","name":"Comment","target":["https:\/\/www.gaveanews.com\/index.php\/2022\/06\/28\/santos-x-flamengo-protocolo-da-cbf-pode-fazer-rubro-negro-ter-desfalques\/#respond"]}],"copyrightYear":"2022","copyrightHolder":{"@id":"https:\/\/www.gaveanews.com\/#organization"}},{"@type":"WebPage","@id":"https:\/\/www.gaveanews.com\/index.php\/2022\/06\/28\/santos-x-flamengo-protocolo-da-cbf-pode-fazer-rubro-negro-ter-desfalques\/","url":"https:\/\/www.gaveanews.com\/index.php\/2022\/06\/28\/santos-x-flamengo-protocolo-da-cbf-pode-fazer-rubro-negro-ter-desfalques\/","name":"Santos x Flamengo: Protocolo da CBF pode fazer rubro-negro ter desfalques","isPartOf":{"@id":"https:\/\/www.gaveanews.com\/#website"},"primaryImageOfPage":{"@id":"https:\/\/www.gaveanews.com\/index.php\/2022\/06\/28\/santos-x-flamengo-protocolo-da-cbf-pode-fazer-rubro-negro-ter-desfalques\/#primaryimage"},"image":{"@id":"https:\/\/www.gaveanews.com\/index.php\/2022\/06\/28\/santos-x-flamengo-protocolo-da-cbf-pode-fazer-rubro-negro-ter-desfalques\/#primaryimage"},"thumbnailUrl":"https:\/\/www.gaveanews.com\/wp-content\/uploads\/Thiago-Maia-em-acao-pelo-Flamengo-contra-o-Santos-no-Campeonato-Brasileiro-2021.webp","datePublished":"2022-06-29T01:52:12+00:00","author":{"@id":"https:\/\/www.gaveanews.com\/#\/schema\/person\/2ec14f73fb96be2caf28f91afb14749d"},"breadcrumb":{"@id":"https:\/\/www.gaveanews.com\/index.php\/2022\/06\/28\/santos-x-flamengo-protocolo-da-cbf-pode-fazer-rubro-negro-ter-desfalques\/#breadcrumb"},"inLanguage":"pt-BR","potentialAction":[{"@type":"ReadAction","target":["https:\/\/www.gaveanews.com\/index.php\/2022\/06\/28\/santos-x-flamengo-protocolo-da-cbf-pode-fazer-rubro-negro-ter-desfalques\/"]}]},{"@type":"ImageObject","inLanguage":"pt-BR","@id":"https:\/\/www.gaveanews.com\/index.php\/2022\/06\/28\/santos-x-flamengo-protocolo-da-cbf-pode-fazer-rubro-negro-ter-desfalques\/#primaryimage","url":"https:\/\/www.gaveanews.com\/wp-content\/uploads\/Thiago-Maia-em-acao-pelo-Flamengo-contra-o-Santos-no-Campeonato-Brasileiro-2021.webp","contentUrl":"https:\/\/www.gaveanews.com\/wp-content\/uploads\/Thiago-Maia-em-acao-pelo-Flamengo-contra-o-Santos-no-Campeonato-Brasileiro-2021.webp","width":800,"height":535,"caption":"Thiago Maia em a\u00e7\u00e3o pelo Flamengo contra o Santos no Campeonato Brasileiro 2021 (Foto: Alexandre Vidal\/Flamengo)"},{"@type":"BreadcrumbList","@id":"https:\/\/www.gaveanews.com\/index.php\/2022\/06\/28\/santos-x-flamengo-protocolo-da-cbf-pode-fazer-rubro-negro-ter-desfalques\/#breadcrumb","itemListElement":[{"@type":"ListItem","position":1,"name":"Home","item":"https:\/\/www.gaveanews.com\/"},{"@type":"ListItem","position":2,"name":"Santos x Flamengo: Protocolo da CBF pode fazer rubro-negro ter desfalques"}]},{"@type":"WebSite","@id":"https:\/\/www.gaveanews.com\/#website","url":"https:\/\/www.gaveanews.com\/","name":"G\u00e1vea News","description":"Veja todas as not\u00edcias sobre o Flamengo: Contrata\u00e7\u00f5es, categorias de base, resultados das partidas, tabela de classifica\u00e7\u00e3o, pr\u00f3ximos jogos!","potentialAction":[{"@type":"SearchAction","target":{"@type":"EntryPoint","urlTemplate":"https:\/\/www.gaveanews.com\/?s={search_term_string}"},"query-input":{"@type":"PropertyValueSpecification","valueRequired":true,"valueName":"search_term_string"}}],"inLanguage":"pt-BR"},{"@type":"Person","@id":"https:\/\/www.gaveanews.com\/#\/schema\/person\/2ec14f73fb96be2caf28f91afb14749d","name":"Equipe G\u00e1vea News","image":{"@type":"ImageObject","inLanguage":"pt-BR","@id":"https:\/\/www.gaveanews.com\/#\/schema\/person\/image\/","url":"https:\/\/secure.gravatar.com\/avatar\/1e1956f1facbffd3f8fa53a326721950116b3b9dc9bd44939c01180fd4a745a9?s=96&d=mm&r=g","contentUrl":"https:\/\/secure.gravatar.com\/avatar\/1e1956f1facbffd3f8fa53a326721950116b3b9dc9bd44939c01180fd4a745a9?s=96&d=mm&r=g","caption":"Equipe G\u00e1vea News"}}]}},"_links":{"self":[{"href":"https:\/\/www.gaveanews.com\/index.php\/wp-json\/wp\/v2\/posts\/83925","targetHints":{"allow":["GET"]}}],"collection":[{"href":"https:\/\/www.gaveanews.com\/index.php\/wp-json\/wp\/v2\/posts"}],"about":[{"href":"https:\/\/www.gaveanews.com\/index.php\/wp-json\/wp\/v2\/types\/post"}],"author":[{"embeddable":true,"href":"https:\/\/www.gaveanews.com\/index.php\/wp-json\/wp\/v2\/users\/1"}],"replies":[{"embeddable":true,"href":"https:\/\/www.gaveanews.com\/index.php\/wp-json\/wp\/v2\/comments?post=83925"}],"version-history":[{"count":0,"href":"https:\/\/www.gaveanews.com\/index.php\/wp-json\/wp\/v2\/posts\/83925\/revisions"}],"wp:featuredmedia":[{"embeddable":true,"href":"https:\/\/www.gaveanews.com\/index.php\/wp-json\/wp\/v2\/media\/67346"}],"wp:attachment":[{"href":"https:\/\/www.gaveanews.com\/index.php\/wp-json\/wp\/v2\/media?parent=83925"}],"wp:term":[{"taxonomy":"category","embeddable":true,"href":"https:\/\/www.gaveanews.com\/index.php\/wp-json\/wp\/v2\/categories?post=83925"},{"taxonomy":"post_tag","embeddable":true,"href":"https:\/\/www.gaveanews.com\/index.php\/wp-json\/wp\/v2\/tags?post=83925"}],"curies":[{"name":"wp","href":"https:\/\/api.w.org\/{rel}","templated":true}]}}