{"id":83938,"date":"2022-06-29T00:04:11","date_gmt":"2022-06-29T03:04:11","guid":{"rendered":"https:\/\/www.gaveanews.com\/?p=83938"},"modified":"2022-06-29T00:04:11","modified_gmt":"2022-06-29T03:04:11","slug":"andreas-pereira-manda-recado-para-a-torcida-do-flamengo-4","status":"publish","type":"post","link":"https:\/\/www.gaveanews.com\/index.php\/2022\/06\/29\/andreas-pereira-manda-recado-para-a-torcida-do-flamengo-4\/","title":{"rendered":"Andreas Pereira manda recado para a torcida do Flamengo"},"content":{"rendered":"<p>Andreas Pereira est\u00e1 cada vez mais perto de se despedir do Flamengo. Sem acordo com o Manchester United, o Rubro-Negro pode perder o meio-campista para o Fulham, da Premier League. Sendo assim, a \u00faltima partida do jogador pela equipe carioca deve acontecer nesta quarta-feira (29), contra o Tolima, v\u00e1lida pela ida das oitavas de final da Copa Libertadores da Am\u00e9rica.<\/p>\n<p>Em entrevista aos jornalistas Julio Miguel Neto e Thiago Asmar, ele revelou que gostaria de prosseguir no Rubro-Negro. Ele mandou um recado para a torcida do Flamengo e ressaltou que ir\u00e1 entregar tudo em campo no prov\u00e1vel jogo de despedida.<\/p>\n<p>\u2014 <em>N\u00e3o est\u00e1 mais em nossas m\u00e3os, j\u00e1 falei em v\u00e1rias oportunidades e entrevistas, meu desejo (\u00e9) ficar! Jogarei quarta, e deixarei e darei minha vida em campo!<\/em>, disse Andreas Pereira.<\/p>\n<p>A rela\u00e7\u00e3o do jogador com a torcida \u00e9 de alguns altos e baixos. Ele logo caiu nas gra\u00e7as dos torcedores do Flamengo, mas teve que conviver com o peso da falha na final da Copa Libertadores da Am\u00e9rica contra o Palmeiras no ano passado.<\/p>\n<p>A diretoria do Flamengo j\u00e1 ficou perto de concluir a compra do meia, mas decidiu recuar. Portanto, ele ir\u00e1 retornar ao Manchester United e deve ser negociado com outro clube europeu, sendo o Fulham o favorito.<\/p>\n<p>Dorival J\u00fanior chegou a declarar sobre o desejo pela perman\u00eancia de Andreas Pereira:<\/p>\n<p><em>\u2014 Para mim seria important\u00edssimo, a melhor contrata\u00e7\u00e3o que far\u00edamos neste momento, seria a manuten\u00e7\u00e3o do Andreas. Eu tor\u00e7o para que o presidente consiga encontrar um caminho e deix\u00e1-lo aqui. \u00c9 um jogador diferente, que cabe em qualquer circunst\u00e2ncia, em todos os sentidos. Participativo, inteligente para atuar. N\u00e3o tenho d\u00favidas que ele pode crescer muito na nossa equipe<\/em>, afirmou o treinador do Flamengo.<\/p>\n<p>Na semana passada, o diretor Marcos Braz tamb\u00e9m chegou a falar sobre a situa\u00e7\u00e3o de Andreas Pereira:<\/p>\n<p><em>\u2014 H\u00e1 tr\u00eas meses atr\u00e1s foi bastante noticiado que o Flamengo tinha fechado com o Andreas. Um m\u00eas depois falaram que o Flamengo tinha largado o Andreas. E n\u00e3o \u00e9 isso. O Flamengo ainda procura alternativa para que o jogador se mantenha aqui. \u00c9 muito dif\u00edcil, uma situa\u00e7\u00e3o muito complexa. \u00c9 um jogador novo, que tem muito mercado, e de um clube poderoso financeiramente. Ent\u00e3o quando voc\u00ea vai discutir alguns termos, voc\u00ea tem limites para avan\u00e7ar nesse tema, mas o Flamengo ainda trabalha para a manuten\u00e7\u00e3o do jogador<\/em>, disse ele.<\/p>\n<p>Retirado de: Torcedores<\/p>\n","protected":false},"excerpt":{"rendered":"<p>Andreas Pereira est\u00e1 cada vez mais perto de se despedir do Flamengo. Sem acordo com o Manchester United, o Rubro-Negro pode perder o meio-campista para o Fulham, da Premier League. Sendo assim, a \u00faltima partida do jogador pela equipe carioca deve acontecer nesta quarta-feira (29), contra o Tolima, v\u00e1lida pela ida das oitavas de final [&hellip;]<\/p>\n","protected":false},"author":1,"featured_media":82324,"comment_status":"open","ping_status":"closed","sticky":false,"template":"","format":"standard","meta":{"footnotes":""},"categories":[48],"tags":[],"class_list":["post-83938","post","type-post","status-publish","format-standard","has-post-thumbnail","hentry","category-negociacoes"],"yoast_head":"<!-- This site is optimized with the Yoast SEO Premium plugin v24.2 (Yoast SEO v26.9) - https:\/\/yoast.com\/product\/yoast-seo-premium-wordpress\/ -->\n<title>Andreas Pereira manda recado para a torcida do Flamengo<\/title>\n<meta name=\"robots\" content=\"index, follow, max-snippet:-1, max-image-preview:large, max-video-preview:-1\" \/>\n<link rel=\"canonical\" href=\"https:\/\/www.gaveanews.com\/index.php\/2022\/06\/29\/andreas-pereira-manda-recado-para-a-torcida-do-flamengo-4\/\" \/>\n<meta property=\"og:locale\" content=\"pt_BR\" \/>\n<meta property=\"og:type\" content=\"article\" \/>\n<meta property=\"og:title\" content=\"Andreas Pereira manda recado para a torcida do Flamengo\" \/>\n<meta property=\"og:description\" content=\"Andreas Pereira est\u00e1 cada vez mais perto de se despedir do Flamengo. Sem acordo com o Manchester United, o Rubro-Negro pode perder o meio-campista para o Fulham, da Premier League. Sendo assim, a \u00faltima partida do jogador pela equipe carioca deve acontecer nesta quarta-feira (29), contra o Tolima, v\u00e1lida pela ida das oitavas de final [&hellip;]\" \/>\n<meta property=\"og:url\" content=\"https:\/\/www.gaveanews.com\/index.php\/2022\/06\/29\/andreas-pereira-manda-recado-para-a-torcida-do-flamengo-4\/\" \/>\n<meta property=\"og:site_name\" content=\"G\u00e1vea News\" \/>\n<meta property=\"article:publisher\" content=\"https:\/\/facebook.com\/gaveaNews\/\" \/>\n<meta property=\"article:published_time\" content=\"2022-06-29T03:04:11+00:00\" \/>\n<meta property=\"og:image\" content=\"https:\/\/www.gaveanews.com\/wp-content\/uploads\/Andreas-em-jogo-do-Flamengo-contra-o-Fluminense-pelo-Campeonato-Brasileiro.webp\" \/>\n\t<meta property=\"og:image:width\" content=\"799\" \/>\n\t<meta property=\"og:image:height\" content=\"533\" \/>\n\t<meta property=\"og:image:type\" content=\"image\/jpeg\" \/>\n<meta name=\"author\" content=\"Equipe G\u00e1vea News\" \/>\n<meta name=\"twitter:card\" content=\"summary_large_image\" \/>\n<meta name=\"twitter:label1\" content=\"Escrito por\" \/>\n\t<meta name=\"twitter:data1\" content=\"Equipe G\u00e1vea News\" \/>\n\t<meta name=\"twitter:label2\" content=\"Est. tempo de leitura\" \/>\n\t<meta name=\"twitter:data2\" content=\"2 minutos\" \/>\n<script type=\"application\/ld+json\" class=\"yoast-schema-graph\">{\"@context\":\"https:\/\/schema.org\",\"@graph\":[{\"@type\":\"NewsArticle\",\"@id\":\"https:\/\/www.gaveanews.com\/index.php\/2022\/06\/29\/andreas-pereira-manda-recado-para-a-torcida-do-flamengo-4\/#article\",\"isPartOf\":{\"@id\":\"https:\/\/www.gaveanews.com\/index.php\/2022\/06\/29\/andreas-pereira-manda-recado-para-a-torcida-do-flamengo-4\/\"},\"author\":{\"name\":\"Equipe G\u00e1vea News\",\"@id\":\"https:\/\/www.gaveanews.com\/#\/schema\/person\/2ec14f73fb96be2caf28f91afb14749d\"},\"headline\":\"Andreas Pereira manda recado para a torcida do Flamengo\",\"datePublished\":\"2022-06-29T03:04:11+00:00\",\"mainEntityOfPage\":{\"@id\":\"https:\/\/www.gaveanews.com\/index.php\/2022\/06\/29\/andreas-pereira-manda-recado-para-a-torcida-do-flamengo-4\/\"},\"wordCount\":427,\"commentCount\":0,\"image\":{\"@id\":\"https:\/\/www.gaveanews.com\/index.php\/2022\/06\/29\/andreas-pereira-manda-recado-para-a-torcida-do-flamengo-4\/#primaryimage\"},\"thumbnailUrl\":\"https:\/\/www.gaveanews.com\/wp-content\/uploads\/Andreas-em-jogo-do-Flamengo-contra-o-Fluminense-pelo-Campeonato-Brasileiro.webp\",\"articleSection\":[\"Negocia\u00e7\u00f5es\"],\"inLanguage\":\"pt-BR\",\"potentialAction\":[{\"@type\":\"CommentAction\",\"name\":\"Comment\",\"target\":[\"https:\/\/www.gaveanews.com\/index.php\/2022\/06\/29\/andreas-pereira-manda-recado-para-a-torcida-do-flamengo-4\/#respond\"]}],\"copyrightYear\":\"2022\",\"copyrightHolder\":{\"@id\":\"https:\/\/www.gaveanews.com\/#organization\"}},{\"@type\":\"WebPage\",\"@id\":\"https:\/\/www.gaveanews.com\/index.php\/2022\/06\/29\/andreas-pereira-manda-recado-para-a-torcida-do-flamengo-4\/\",\"url\":\"https:\/\/www.gaveanews.com\/index.php\/2022\/06\/29\/andreas-pereira-manda-recado-para-a-torcida-do-flamengo-4\/\",\"name\":\"Andreas Pereira manda recado para a torcida do Flamengo\",\"isPartOf\":{\"@id\":\"https:\/\/www.gaveanews.com\/#website\"},\"primaryImageOfPage\":{\"@id\":\"https:\/\/www.gaveanews.com\/index.php\/2022\/06\/29\/andreas-pereira-manda-recado-para-a-torcida-do-flamengo-4\/#primaryimage\"},\"image\":{\"@id\":\"https:\/\/www.gaveanews.com\/index.php\/2022\/06\/29\/andreas-pereira-manda-recado-para-a-torcida-do-flamengo-4\/#primaryimage\"},\"thumbnailUrl\":\"https:\/\/www.gaveanews.com\/wp-content\/uploads\/Andreas-em-jogo-do-Flamengo-contra-o-Fluminense-pelo-Campeonato-Brasileiro.webp\",\"datePublished\":\"2022-06-29T03:04:11+00:00\",\"author\":{\"@id\":\"https:\/\/www.gaveanews.com\/#\/schema\/person\/2ec14f73fb96be2caf28f91afb14749d\"},\"breadcrumb\":{\"@id\":\"https:\/\/www.gaveanews.com\/index.php\/2022\/06\/29\/andreas-pereira-manda-recado-para-a-torcida-do-flamengo-4\/#breadcrumb\"},\"inLanguage\":\"pt-BR\",\"potentialAction\":[{\"@type\":\"ReadAction\",\"target\":[\"https:\/\/www.gaveanews.com\/index.php\/2022\/06\/29\/andreas-pereira-manda-recado-para-a-torcida-do-flamengo-4\/\"]}]},{\"@type\":\"ImageObject\",\"inLanguage\":\"pt-BR\",\"@id\":\"https:\/\/www.gaveanews.com\/index.php\/2022\/06\/29\/andreas-pereira-manda-recado-para-a-torcida-do-flamengo-4\/#primaryimage\",\"url\":\"https:\/\/www.gaveanews.com\/wp-content\/uploads\/Andreas-em-jogo-do-Flamengo-contra-o-Fluminense-pelo-Campeonato-Brasileiro.webp\",\"contentUrl\":\"https:\/\/www.gaveanews.com\/wp-content\/uploads\/Andreas-em-jogo-do-Flamengo-contra-o-Fluminense-pelo-Campeonato-Brasileiro.webp\",\"width\":799,\"height\":533,\"caption\":\"Andreas em jogo do Flamengo contra o Fluminense pelo Campeonato Brasileiro (Foto: Alexandre Vidal\/Flamengo)\"},{\"@type\":\"BreadcrumbList\",\"@id\":\"https:\/\/www.gaveanews.com\/index.php\/2022\/06\/29\/andreas-pereira-manda-recado-para-a-torcida-do-flamengo-4\/#breadcrumb\",\"itemListElement\":[{\"@type\":\"ListItem\",\"position\":1,\"name\":\"Home\",\"item\":\"https:\/\/www.gaveanews.com\/\"},{\"@type\":\"ListItem\",\"position\":2,\"name\":\"Andreas Pereira manda recado para a torcida do Flamengo\"}]},{\"@type\":\"WebSite\",\"@id\":\"https:\/\/www.gaveanews.com\/#website\",\"url\":\"https:\/\/www.gaveanews.com\/\",\"name\":\"G\u00e1vea News\",\"description\":\"Veja todas as not\u00edcias sobre o Flamengo: Contrata\u00e7\u00f5es, categorias de base, resultados das partidas, tabela de classifica\u00e7\u00e3o, pr\u00f3ximos jogos!\",\"potentialAction\":[{\"@type\":\"SearchAction\",\"target\":{\"@type\":\"EntryPoint\",\"urlTemplate\":\"https:\/\/www.gaveanews.com\/?s={search_term_string}\"},\"query-input\":{\"@type\":\"PropertyValueSpecification\",\"valueRequired\":true,\"valueName\":\"search_term_string\"}}],\"inLanguage\":\"pt-BR\"},{\"@type\":\"Person\",\"@id\":\"https:\/\/www.gaveanews.com\/#\/schema\/person\/2ec14f73fb96be2caf28f91afb14749d\",\"name\":\"Equipe G\u00e1vea News\",\"image\":{\"@type\":\"ImageObject\",\"inLanguage\":\"pt-BR\",\"@id\":\"https:\/\/www.gaveanews.com\/#\/schema\/person\/image\/\",\"url\":\"https:\/\/secure.gravatar.com\/avatar\/1e1956f1facbffd3f8fa53a326721950116b3b9dc9bd44939c01180fd4a745a9?s=96&d=mm&r=g\",\"contentUrl\":\"https:\/\/secure.gravatar.com\/avatar\/1e1956f1facbffd3f8fa53a326721950116b3b9dc9bd44939c01180fd4a745a9?s=96&d=mm&r=g\",\"caption\":\"Equipe G\u00e1vea News\"}}]}<\/script>\n<!-- \/ Yoast SEO Premium plugin. -->","yoast_head_json":{"title":"Andreas Pereira manda recado para a torcida do Flamengo","robots":{"index":"index","follow":"follow","max-snippet":"max-snippet:-1","max-image-preview":"max-image-preview:large","max-video-preview":"max-video-preview:-1"},"canonical":"https:\/\/www.gaveanews.com\/index.php\/2022\/06\/29\/andreas-pereira-manda-recado-para-a-torcida-do-flamengo-4\/","og_locale":"pt_BR","og_type":"article","og_title":"Andreas Pereira manda recado para a torcida do Flamengo","og_description":"Andreas Pereira est\u00e1 cada vez mais perto de se despedir do Flamengo. Sem acordo com o Manchester United, o Rubro-Negro pode perder o meio-campista para o Fulham, da Premier League. Sendo assim, a \u00faltima partida do jogador pela equipe carioca deve acontecer nesta quarta-feira (29), contra o Tolima, v\u00e1lida pela ida das oitavas de final [&hellip;]","og_url":"https:\/\/www.gaveanews.com\/index.php\/2022\/06\/29\/andreas-pereira-manda-recado-para-a-torcida-do-flamengo-4\/","og_site_name":"G\u00e1vea News","article_publisher":"https:\/\/facebook.com\/gaveaNews\/","article_published_time":"2022-06-29T03:04:11+00:00","og_image":[{"width":799,"height":533,"url":"https:\/\/www.gaveanews.com\/wp-content\/uploads\/Andreas-em-jogo-do-Flamengo-contra-o-Fluminense-pelo-Campeonato-Brasileiro.webp","type":"image\/jpeg"}],"author":"Equipe G\u00e1vea News","twitter_card":"summary_large_image","twitter_misc":{"Escrito por":"Equipe G\u00e1vea News","Est. tempo de leitura":"2 minutos"},"schema":{"@context":"https:\/\/schema.org","@graph":[{"@type":"NewsArticle","@id":"https:\/\/www.gaveanews.com\/index.php\/2022\/06\/29\/andreas-pereira-manda-recado-para-a-torcida-do-flamengo-4\/#article","isPartOf":{"@id":"https:\/\/www.gaveanews.com\/index.php\/2022\/06\/29\/andreas-pereira-manda-recado-para-a-torcida-do-flamengo-4\/"},"author":{"name":"Equipe G\u00e1vea News","@id":"https:\/\/www.gaveanews.com\/#\/schema\/person\/2ec14f73fb96be2caf28f91afb14749d"},"headline":"Andreas Pereira manda recado para a torcida do Flamengo","datePublished":"2022-06-29T03:04:11+00:00","mainEntityOfPage":{"@id":"https:\/\/www.gaveanews.com\/index.php\/2022\/06\/29\/andreas-pereira-manda-recado-para-a-torcida-do-flamengo-4\/"},"wordCount":427,"commentCount":0,"image":{"@id":"https:\/\/www.gaveanews.com\/index.php\/2022\/06\/29\/andreas-pereira-manda-recado-para-a-torcida-do-flamengo-4\/#primaryimage"},"thumbnailUrl":"https:\/\/www.gaveanews.com\/wp-content\/uploads\/Andreas-em-jogo-do-Flamengo-contra-o-Fluminense-pelo-Campeonato-Brasileiro.webp","articleSection":["Negocia\u00e7\u00f5es"],"inLanguage":"pt-BR","potentialAction":[{"@type":"CommentAction","name":"Comment","target":["https:\/\/www.gaveanews.com\/index.php\/2022\/06\/29\/andreas-pereira-manda-recado-para-a-torcida-do-flamengo-4\/#respond"]}],"copyrightYear":"2022","copyrightHolder":{"@id":"https:\/\/www.gaveanews.com\/#organization"}},{"@type":"WebPage","@id":"https:\/\/www.gaveanews.com\/index.php\/2022\/06\/29\/andreas-pereira-manda-recado-para-a-torcida-do-flamengo-4\/","url":"https:\/\/www.gaveanews.com\/index.php\/2022\/06\/29\/andreas-pereira-manda-recado-para-a-torcida-do-flamengo-4\/","name":"Andreas Pereira manda recado para a torcida do Flamengo","isPartOf":{"@id":"https:\/\/www.gaveanews.com\/#website"},"primaryImageOfPage":{"@id":"https:\/\/www.gaveanews.com\/index.php\/2022\/06\/29\/andreas-pereira-manda-recado-para-a-torcida-do-flamengo-4\/#primaryimage"},"image":{"@id":"https:\/\/www.gaveanews.com\/index.php\/2022\/06\/29\/andreas-pereira-manda-recado-para-a-torcida-do-flamengo-4\/#primaryimage"},"thumbnailUrl":"https:\/\/www.gaveanews.com\/wp-content\/uploads\/Andreas-em-jogo-do-Flamengo-contra-o-Fluminense-pelo-Campeonato-Brasileiro.webp","datePublished":"2022-06-29T03:04:11+00:00","author":{"@id":"https:\/\/www.gaveanews.com\/#\/schema\/person\/2ec14f73fb96be2caf28f91afb14749d"},"breadcrumb":{"@id":"https:\/\/www.gaveanews.com\/index.php\/2022\/06\/29\/andreas-pereira-manda-recado-para-a-torcida-do-flamengo-4\/#breadcrumb"},"inLanguage":"pt-BR","potentialAction":[{"@type":"ReadAction","target":["https:\/\/www.gaveanews.com\/index.php\/2022\/06\/29\/andreas-pereira-manda-recado-para-a-torcida-do-flamengo-4\/"]}]},{"@type":"ImageObject","inLanguage":"pt-BR","@id":"https:\/\/www.gaveanews.com\/index.php\/2022\/06\/29\/andreas-pereira-manda-recado-para-a-torcida-do-flamengo-4\/#primaryimage","url":"https:\/\/www.gaveanews.com\/wp-content\/uploads\/Andreas-em-jogo-do-Flamengo-contra-o-Fluminense-pelo-Campeonato-Brasileiro.webp","contentUrl":"https:\/\/www.gaveanews.com\/wp-content\/uploads\/Andreas-em-jogo-do-Flamengo-contra-o-Fluminense-pelo-Campeonato-Brasileiro.webp","width":799,"height":533,"caption":"Andreas em jogo do Flamengo contra o Fluminense pelo Campeonato Brasileiro (Foto: Alexandre Vidal\/Flamengo)"},{"@type":"BreadcrumbList","@id":"https:\/\/www.gaveanews.com\/index.php\/2022\/06\/29\/andreas-pereira-manda-recado-para-a-torcida-do-flamengo-4\/#breadcrumb","itemListElement":[{"@type":"ListItem","position":1,"name":"Home","item":"https:\/\/www.gaveanews.com\/"},{"@type":"ListItem","position":2,"name":"Andreas Pereira manda recado para a torcida do Flamengo"}]},{"@type":"WebSite","@id":"https:\/\/www.gaveanews.com\/#website","url":"https:\/\/www.gaveanews.com\/","name":"G\u00e1vea News","description":"Veja todas as not\u00edcias sobre o Flamengo: Contrata\u00e7\u00f5es, categorias de base, resultados das partidas, tabela de classifica\u00e7\u00e3o, pr\u00f3ximos jogos!","potentialAction":[{"@type":"SearchAction","target":{"@type":"EntryPoint","urlTemplate":"https:\/\/www.gaveanews.com\/?s={search_term_string}"},"query-input":{"@type":"PropertyValueSpecification","valueRequired":true,"valueName":"search_term_string"}}],"inLanguage":"pt-BR"},{"@type":"Person","@id":"https:\/\/www.gaveanews.com\/#\/schema\/person\/2ec14f73fb96be2caf28f91afb14749d","name":"Equipe G\u00e1vea News","image":{"@type":"ImageObject","inLanguage":"pt-BR","@id":"https:\/\/www.gaveanews.com\/#\/schema\/person\/image\/","url":"https:\/\/secure.gravatar.com\/avatar\/1e1956f1facbffd3f8fa53a326721950116b3b9dc9bd44939c01180fd4a745a9?s=96&d=mm&r=g","contentUrl":"https:\/\/secure.gravatar.com\/avatar\/1e1956f1facbffd3f8fa53a326721950116b3b9dc9bd44939c01180fd4a745a9?s=96&d=mm&r=g","caption":"Equipe G\u00e1vea News"}}]}},"_links":{"self":[{"href":"https:\/\/www.gaveanews.com\/index.php\/wp-json\/wp\/v2\/posts\/83938","targetHints":{"allow":["GET"]}}],"collection":[{"href":"https:\/\/www.gaveanews.com\/index.php\/wp-json\/wp\/v2\/posts"}],"about":[{"href":"https:\/\/www.gaveanews.com\/index.php\/wp-json\/wp\/v2\/types\/post"}],"author":[{"embeddable":true,"href":"https:\/\/www.gaveanews.com\/index.php\/wp-json\/wp\/v2\/users\/1"}],"replies":[{"embeddable":true,"href":"https:\/\/www.gaveanews.com\/index.php\/wp-json\/wp\/v2\/comments?post=83938"}],"version-history":[{"count":0,"href":"https:\/\/www.gaveanews.com\/index.php\/wp-json\/wp\/v2\/posts\/83938\/revisions"}],"wp:featuredmedia":[{"embeddable":true,"href":"https:\/\/www.gaveanews.com\/index.php\/wp-json\/wp\/v2\/media\/82324"}],"wp:attachment":[{"href":"https:\/\/www.gaveanews.com\/index.php\/wp-json\/wp\/v2\/media?parent=83938"}],"wp:term":[{"taxonomy":"category","embeddable":true,"href":"https:\/\/www.gaveanews.com\/index.php\/wp-json\/wp\/v2\/categories?post=83938"},{"taxonomy":"post_tag","embeddable":true,"href":"https:\/\/www.gaveanews.com\/index.php\/wp-json\/wp\/v2\/tags?post=83938"}],"curies":[{"name":"wp","href":"https:\/\/api.w.org\/{rel}","templated":true}]}}