{"id":83942,"date":"2022-06-29T08:29:54","date_gmt":"2022-06-29T11:29:54","guid":{"rendered":"https:\/\/www.gaveanews.com\/?p=83942"},"modified":"2022-06-29T08:29:54","modified_gmt":"2022-06-29T11:29:54","slug":"andreas-pereira-fecha-ciclo-no-flamengo-diante-do-tolima","status":"publish","type":"post","link":"https:\/\/www.gaveanews.com\/index.php\/2022\/06\/29\/andreas-pereira-fecha-ciclo-no-flamengo-diante-do-tolima\/","title":{"rendered":"Andreas Pereira fecha ciclo no Flamengo diante do Tolima"},"content":{"rendered":"<p>Ap\u00f3s o fat\u00eddico erro na final contra o Palmeiras, que custou o t\u00edtulo da Libertadores para o Flamengo, Andreas Pereira prometeu \u00e0 Na\u00e7\u00e3o: &#8220;Eu vou reconquistar voc\u00eas!&#8221;. Seis meses depois, o meia faz nesta quarta, contra o Tolima, sua \u00faltima partida antes do encerramento do seu empr\u00e9stimo ao clube, e a perman\u00eancia no Ninho do Urubu \u00e9 improv\u00e1vel, apesar de Andreas viver um momento positivo no time.<\/p>\n<p>A bola rola \u00e0s 21h30 (de Bras\u00edlia), no Est\u00e1dio Manuel Murillo Toro, em Ibagu\u00e9, na Col\u00f5mbia, pela ida das oitavas de final da Libertadores.<\/p>\n<p>O erro na decis\u00e3o, \u00e9 claro, teve grande peso na avalia\u00e7\u00e3o da dire\u00e7\u00e3o, que, ainda na virada do ano, havia sinalizado ao Manchester United que exerceria a op\u00e7\u00e3o de compra estipulada em contrato, mas voltou atr\u00e1s. O Flamengo n\u00e3o pagar\u00e1 os 10 milh\u00f5es de euros pelo camisa 18, cujo destino mais prov\u00e1vel, por ora, \u00e9 retornar ao futebol ingl\u00eas.<\/p>\n<p>O Fulham j\u00e1 fez uma proposta para comprar o atleta dos Red Devils.<\/p>\n<p>O questionamento tamb\u00e9m existe entre os torcedores. Por mais que viva um bom momento t\u00e9cnico em meio aos resultados ruins do Flamengo, Andreas Pereira costuma ter uma recep\u00e7\u00e3o dividida no Maracan\u00e3, entre vaias e aplausos vindo das arquibancadas rubro-negras. Com o t\u00e9cnico Dorival J\u00fanior, contudo, o meia est\u00e1 em alta.<\/p>\n<p><em>\u2014 Para mim seria important\u00edssimo, e talvez a melhor contrata\u00e7\u00e3o que n\u00f3s far\u00edamos nesse momento seria a manuten\u00e7\u00e3o do Andreas. Tor\u00e7o para que o presidente consiga encontrar um caminho e consiga deix\u00e1-lo aqui, porque \u00e9 um jogador diferente<\/em> &#8211; afirmou Dorival J\u00fanior no \u00faltimo s\u00e1bado, ap\u00f3s a vit\u00f3ria do Flamengo sobre o Am\u00e9rica-MG.<\/p>\n<p>O jogo contra o Tolima se confirmar\u00e1 como a despedida de Andreas Pereira no Flamengo. Diante de um improv\u00e1vel desfecho que signifique a continuidade do meia no Ninho do Urubu, ele retornar\u00e1 com a delega\u00e7\u00e3o para o Brasil, na quinta, e iniciar\u00e1 um per\u00edodo de f\u00e9rias antes de apresentar-se ao seu novo clube ou ao Man United.<\/p>\n<p>Retirado de: Lance<\/p>\n","protected":false},"excerpt":{"rendered":"<p>Ap\u00f3s o fat\u00eddico erro na final contra o Palmeiras, que custou o t\u00edtulo da Libertadores para o Flamengo, Andreas Pereira prometeu \u00e0 Na\u00e7\u00e3o: &#8220;Eu vou reconquistar voc\u00eas!&#8221;. Seis meses depois, o meia faz nesta quarta, contra o Tolima, sua \u00faltima partida antes do encerramento do seu empr\u00e9stimo ao clube, e a perman\u00eancia no Ninho do [&hellip;]<\/p>\n","protected":false},"author":1,"featured_media":69980,"comment_status":"open","ping_status":"closed","sticky":false,"template":"","format":"standard","meta":{"footnotes":""},"categories":[1],"tags":[],"class_list":["post-83942","post","type-post","status-publish","format-standard","has-post-thumbnail","hentry","category-flamengo"],"yoast_head":"<!-- This site is optimized with the Yoast SEO Premium plugin v24.2 (Yoast SEO v26.9) - https:\/\/yoast.com\/product\/yoast-seo-premium-wordpress\/ -->\n<title>Andreas Pereira fecha ciclo no Flamengo diante do Tolima<\/title>\n<meta name=\"robots\" content=\"index, follow, max-snippet:-1, max-image-preview:large, max-video-preview:-1\" \/>\n<link rel=\"canonical\" href=\"https:\/\/www.gaveanews.com\/index.php\/2022\/06\/29\/andreas-pereira-fecha-ciclo-no-flamengo-diante-do-tolima\/\" \/>\n<meta property=\"og:locale\" content=\"pt_BR\" \/>\n<meta property=\"og:type\" content=\"article\" \/>\n<meta property=\"og:title\" content=\"Andreas Pereira fecha ciclo no Flamengo diante do Tolima\" \/>\n<meta property=\"og:description\" content=\"Ap\u00f3s o fat\u00eddico erro na final contra o Palmeiras, que custou o t\u00edtulo da Libertadores para o Flamengo, Andreas Pereira prometeu \u00e0 Na\u00e7\u00e3o: &#8220;Eu vou reconquistar voc\u00eas!&#8221;. Seis meses depois, o meia faz nesta quarta, contra o Tolima, sua \u00faltima partida antes do encerramento do seu empr\u00e9stimo ao clube, e a perman\u00eancia no Ninho do [&hellip;]\" \/>\n<meta property=\"og:url\" content=\"https:\/\/www.gaveanews.com\/index.php\/2022\/06\/29\/andreas-pereira-fecha-ciclo-no-flamengo-diante-do-tolima\/\" \/>\n<meta property=\"og:site_name\" content=\"G\u00e1vea News\" \/>\n<meta property=\"article:publisher\" content=\"https:\/\/facebook.com\/gaveaNews\/\" \/>\n<meta property=\"article:published_time\" content=\"2022-06-29T11:29:54+00:00\" \/>\n<meta property=\"og:image\" content=\"https:\/\/www.gaveanews.com\/wp-content\/uploads\/Andreas-Pereira-em-acao-pelo-Flamengo-contra-o-Juventude-no-Campeonato-Brasileiro-2021.webp\" \/>\n\t<meta property=\"og:image:width\" content=\"800\" \/>\n\t<meta property=\"og:image:height\" content=\"533\" \/>\n\t<meta property=\"og:image:type\" content=\"image\/jpeg\" \/>\n<meta name=\"author\" content=\"Equipe G\u00e1vea News\" \/>\n<meta name=\"twitter:card\" content=\"summary_large_image\" \/>\n<meta name=\"twitter:label1\" content=\"Escrito por\" \/>\n\t<meta name=\"twitter:data1\" content=\"Equipe G\u00e1vea News\" \/>\n\t<meta name=\"twitter:label2\" content=\"Est. tempo de leitura\" \/>\n\t<meta name=\"twitter:data2\" content=\"2 minutos\" \/>\n<script type=\"application\/ld+json\" class=\"yoast-schema-graph\">{\"@context\":\"https:\/\/schema.org\",\"@graph\":[{\"@type\":\"NewsArticle\",\"@id\":\"https:\/\/www.gaveanews.com\/index.php\/2022\/06\/29\/andreas-pereira-fecha-ciclo-no-flamengo-diante-do-tolima\/#article\",\"isPartOf\":{\"@id\":\"https:\/\/www.gaveanews.com\/index.php\/2022\/06\/29\/andreas-pereira-fecha-ciclo-no-flamengo-diante-do-tolima\/\"},\"author\":{\"name\":\"Equipe G\u00e1vea News\",\"@id\":\"https:\/\/www.gaveanews.com\/#\/schema\/person\/2ec14f73fb96be2caf28f91afb14749d\"},\"headline\":\"Andreas Pereira fecha ciclo no Flamengo diante do Tolima\",\"datePublished\":\"2022-06-29T11:29:54+00:00\",\"mainEntityOfPage\":{\"@id\":\"https:\/\/www.gaveanews.com\/index.php\/2022\/06\/29\/andreas-pereira-fecha-ciclo-no-flamengo-diante-do-tolima\/\"},\"wordCount\":368,\"commentCount\":0,\"image\":{\"@id\":\"https:\/\/www.gaveanews.com\/index.php\/2022\/06\/29\/andreas-pereira-fecha-ciclo-no-flamengo-diante-do-tolima\/#primaryimage\"},\"thumbnailUrl\":\"https:\/\/www.gaveanews.com\/wp-content\/uploads\/Andreas-Pereira-em-acao-pelo-Flamengo-contra-o-Juventude-no-Campeonato-Brasileiro-2021.webp\",\"articleSection\":[\"Flamengo\"],\"inLanguage\":\"pt-BR\",\"potentialAction\":[{\"@type\":\"CommentAction\",\"name\":\"Comment\",\"target\":[\"https:\/\/www.gaveanews.com\/index.php\/2022\/06\/29\/andreas-pereira-fecha-ciclo-no-flamengo-diante-do-tolima\/#respond\"]}],\"copyrightYear\":\"2022\",\"copyrightHolder\":{\"@id\":\"https:\/\/www.gaveanews.com\/#organization\"}},{\"@type\":\"WebPage\",\"@id\":\"https:\/\/www.gaveanews.com\/index.php\/2022\/06\/29\/andreas-pereira-fecha-ciclo-no-flamengo-diante-do-tolima\/\",\"url\":\"https:\/\/www.gaveanews.com\/index.php\/2022\/06\/29\/andreas-pereira-fecha-ciclo-no-flamengo-diante-do-tolima\/\",\"name\":\"Andreas Pereira fecha ciclo no Flamengo diante do Tolima\",\"isPartOf\":{\"@id\":\"https:\/\/www.gaveanews.com\/#website\"},\"primaryImageOfPage\":{\"@id\":\"https:\/\/www.gaveanews.com\/index.php\/2022\/06\/29\/andreas-pereira-fecha-ciclo-no-flamengo-diante-do-tolima\/#primaryimage\"},\"image\":{\"@id\":\"https:\/\/www.gaveanews.com\/index.php\/2022\/06\/29\/andreas-pereira-fecha-ciclo-no-flamengo-diante-do-tolima\/#primaryimage\"},\"thumbnailUrl\":\"https:\/\/www.gaveanews.com\/wp-content\/uploads\/Andreas-Pereira-em-acao-pelo-Flamengo-contra-o-Juventude-no-Campeonato-Brasileiro-2021.webp\",\"datePublished\":\"2022-06-29T11:29:54+00:00\",\"author\":{\"@id\":\"https:\/\/www.gaveanews.com\/#\/schema\/person\/2ec14f73fb96be2caf28f91afb14749d\"},\"breadcrumb\":{\"@id\":\"https:\/\/www.gaveanews.com\/index.php\/2022\/06\/29\/andreas-pereira-fecha-ciclo-no-flamengo-diante-do-tolima\/#breadcrumb\"},\"inLanguage\":\"pt-BR\",\"potentialAction\":[{\"@type\":\"ReadAction\",\"target\":[\"https:\/\/www.gaveanews.com\/index.php\/2022\/06\/29\/andreas-pereira-fecha-ciclo-no-flamengo-diante-do-tolima\/\"]}]},{\"@type\":\"ImageObject\",\"inLanguage\":\"pt-BR\",\"@id\":\"https:\/\/www.gaveanews.com\/index.php\/2022\/06\/29\/andreas-pereira-fecha-ciclo-no-flamengo-diante-do-tolima\/#primaryimage\",\"url\":\"https:\/\/www.gaveanews.com\/wp-content\/uploads\/Andreas-Pereira-em-acao-pelo-Flamengo-contra-o-Juventude-no-Campeonato-Brasileiro-2021.webp\",\"contentUrl\":\"https:\/\/www.gaveanews.com\/wp-content\/uploads\/Andreas-Pereira-em-acao-pelo-Flamengo-contra-o-Juventude-no-Campeonato-Brasileiro-2021.webp\",\"width\":800,\"height\":533,\"caption\":\"Andreas Pereira em a\u00e7\u00e3o pelo Flamengo contra o Juventude no Campeonato Brasileiro 2021 (Foto: Marcelo Cortes\/Flamengo)\"},{\"@type\":\"BreadcrumbList\",\"@id\":\"https:\/\/www.gaveanews.com\/index.php\/2022\/06\/29\/andreas-pereira-fecha-ciclo-no-flamengo-diante-do-tolima\/#breadcrumb\",\"itemListElement\":[{\"@type\":\"ListItem\",\"position\":1,\"name\":\"Home\",\"item\":\"https:\/\/www.gaveanews.com\/\"},{\"@type\":\"ListItem\",\"position\":2,\"name\":\"Andreas Pereira fecha ciclo no Flamengo diante do Tolima\"}]},{\"@type\":\"WebSite\",\"@id\":\"https:\/\/www.gaveanews.com\/#website\",\"url\":\"https:\/\/www.gaveanews.com\/\",\"name\":\"G\u00e1vea News\",\"description\":\"Veja todas as not\u00edcias sobre o Flamengo: Contrata\u00e7\u00f5es, categorias de base, resultados das partidas, tabela de classifica\u00e7\u00e3o, pr\u00f3ximos jogos!\",\"potentialAction\":[{\"@type\":\"SearchAction\",\"target\":{\"@type\":\"EntryPoint\",\"urlTemplate\":\"https:\/\/www.gaveanews.com\/?s={search_term_string}\"},\"query-input\":{\"@type\":\"PropertyValueSpecification\",\"valueRequired\":true,\"valueName\":\"search_term_string\"}}],\"inLanguage\":\"pt-BR\"},{\"@type\":\"Person\",\"@id\":\"https:\/\/www.gaveanews.com\/#\/schema\/person\/2ec14f73fb96be2caf28f91afb14749d\",\"name\":\"Equipe G\u00e1vea News\",\"image\":{\"@type\":\"ImageObject\",\"inLanguage\":\"pt-BR\",\"@id\":\"https:\/\/www.gaveanews.com\/#\/schema\/person\/image\/\",\"url\":\"https:\/\/secure.gravatar.com\/avatar\/1e1956f1facbffd3f8fa53a326721950116b3b9dc9bd44939c01180fd4a745a9?s=96&d=mm&r=g\",\"contentUrl\":\"https:\/\/secure.gravatar.com\/avatar\/1e1956f1facbffd3f8fa53a326721950116b3b9dc9bd44939c01180fd4a745a9?s=96&d=mm&r=g\",\"caption\":\"Equipe G\u00e1vea News\"}}]}<\/script>\n<!-- \/ Yoast SEO Premium plugin. -->","yoast_head_json":{"title":"Andreas Pereira fecha ciclo no Flamengo diante do Tolima","robots":{"index":"index","follow":"follow","max-snippet":"max-snippet:-1","max-image-preview":"max-image-preview:large","max-video-preview":"max-video-preview:-1"},"canonical":"https:\/\/www.gaveanews.com\/index.php\/2022\/06\/29\/andreas-pereira-fecha-ciclo-no-flamengo-diante-do-tolima\/","og_locale":"pt_BR","og_type":"article","og_title":"Andreas Pereira fecha ciclo no Flamengo diante do Tolima","og_description":"Ap\u00f3s o fat\u00eddico erro na final contra o Palmeiras, que custou o t\u00edtulo da Libertadores para o Flamengo, Andreas Pereira prometeu \u00e0 Na\u00e7\u00e3o: &#8220;Eu vou reconquistar voc\u00eas!&#8221;. Seis meses depois, o meia faz nesta quarta, contra o Tolima, sua \u00faltima partida antes do encerramento do seu empr\u00e9stimo ao clube, e a perman\u00eancia no Ninho do [&hellip;]","og_url":"https:\/\/www.gaveanews.com\/index.php\/2022\/06\/29\/andreas-pereira-fecha-ciclo-no-flamengo-diante-do-tolima\/","og_site_name":"G\u00e1vea News","article_publisher":"https:\/\/facebook.com\/gaveaNews\/","article_published_time":"2022-06-29T11:29:54+00:00","og_image":[{"width":800,"height":533,"url":"https:\/\/www.gaveanews.com\/wp-content\/uploads\/Andreas-Pereira-em-acao-pelo-Flamengo-contra-o-Juventude-no-Campeonato-Brasileiro-2021.webp","type":"image\/jpeg"}],"author":"Equipe G\u00e1vea News","twitter_card":"summary_large_image","twitter_misc":{"Escrito por":"Equipe G\u00e1vea News","Est. tempo de leitura":"2 minutos"},"schema":{"@context":"https:\/\/schema.org","@graph":[{"@type":"NewsArticle","@id":"https:\/\/www.gaveanews.com\/index.php\/2022\/06\/29\/andreas-pereira-fecha-ciclo-no-flamengo-diante-do-tolima\/#article","isPartOf":{"@id":"https:\/\/www.gaveanews.com\/index.php\/2022\/06\/29\/andreas-pereira-fecha-ciclo-no-flamengo-diante-do-tolima\/"},"author":{"name":"Equipe G\u00e1vea News","@id":"https:\/\/www.gaveanews.com\/#\/schema\/person\/2ec14f73fb96be2caf28f91afb14749d"},"headline":"Andreas Pereira fecha ciclo no Flamengo diante do Tolima","datePublished":"2022-06-29T11:29:54+00:00","mainEntityOfPage":{"@id":"https:\/\/www.gaveanews.com\/index.php\/2022\/06\/29\/andreas-pereira-fecha-ciclo-no-flamengo-diante-do-tolima\/"},"wordCount":368,"commentCount":0,"image":{"@id":"https:\/\/www.gaveanews.com\/index.php\/2022\/06\/29\/andreas-pereira-fecha-ciclo-no-flamengo-diante-do-tolima\/#primaryimage"},"thumbnailUrl":"https:\/\/www.gaveanews.com\/wp-content\/uploads\/Andreas-Pereira-em-acao-pelo-Flamengo-contra-o-Juventude-no-Campeonato-Brasileiro-2021.webp","articleSection":["Flamengo"],"inLanguage":"pt-BR","potentialAction":[{"@type":"CommentAction","name":"Comment","target":["https:\/\/www.gaveanews.com\/index.php\/2022\/06\/29\/andreas-pereira-fecha-ciclo-no-flamengo-diante-do-tolima\/#respond"]}],"copyrightYear":"2022","copyrightHolder":{"@id":"https:\/\/www.gaveanews.com\/#organization"}},{"@type":"WebPage","@id":"https:\/\/www.gaveanews.com\/index.php\/2022\/06\/29\/andreas-pereira-fecha-ciclo-no-flamengo-diante-do-tolima\/","url":"https:\/\/www.gaveanews.com\/index.php\/2022\/06\/29\/andreas-pereira-fecha-ciclo-no-flamengo-diante-do-tolima\/","name":"Andreas Pereira fecha ciclo no Flamengo diante do Tolima","isPartOf":{"@id":"https:\/\/www.gaveanews.com\/#website"},"primaryImageOfPage":{"@id":"https:\/\/www.gaveanews.com\/index.php\/2022\/06\/29\/andreas-pereira-fecha-ciclo-no-flamengo-diante-do-tolima\/#primaryimage"},"image":{"@id":"https:\/\/www.gaveanews.com\/index.php\/2022\/06\/29\/andreas-pereira-fecha-ciclo-no-flamengo-diante-do-tolima\/#primaryimage"},"thumbnailUrl":"https:\/\/www.gaveanews.com\/wp-content\/uploads\/Andreas-Pereira-em-acao-pelo-Flamengo-contra-o-Juventude-no-Campeonato-Brasileiro-2021.webp","datePublished":"2022-06-29T11:29:54+00:00","author":{"@id":"https:\/\/www.gaveanews.com\/#\/schema\/person\/2ec14f73fb96be2caf28f91afb14749d"},"breadcrumb":{"@id":"https:\/\/www.gaveanews.com\/index.php\/2022\/06\/29\/andreas-pereira-fecha-ciclo-no-flamengo-diante-do-tolima\/#breadcrumb"},"inLanguage":"pt-BR","potentialAction":[{"@type":"ReadAction","target":["https:\/\/www.gaveanews.com\/index.php\/2022\/06\/29\/andreas-pereira-fecha-ciclo-no-flamengo-diante-do-tolima\/"]}]},{"@type":"ImageObject","inLanguage":"pt-BR","@id":"https:\/\/www.gaveanews.com\/index.php\/2022\/06\/29\/andreas-pereira-fecha-ciclo-no-flamengo-diante-do-tolima\/#primaryimage","url":"https:\/\/www.gaveanews.com\/wp-content\/uploads\/Andreas-Pereira-em-acao-pelo-Flamengo-contra-o-Juventude-no-Campeonato-Brasileiro-2021.webp","contentUrl":"https:\/\/www.gaveanews.com\/wp-content\/uploads\/Andreas-Pereira-em-acao-pelo-Flamengo-contra-o-Juventude-no-Campeonato-Brasileiro-2021.webp","width":800,"height":533,"caption":"Andreas Pereira em a\u00e7\u00e3o pelo Flamengo contra o Juventude no Campeonato Brasileiro 2021 (Foto: Marcelo Cortes\/Flamengo)"},{"@type":"BreadcrumbList","@id":"https:\/\/www.gaveanews.com\/index.php\/2022\/06\/29\/andreas-pereira-fecha-ciclo-no-flamengo-diante-do-tolima\/#breadcrumb","itemListElement":[{"@type":"ListItem","position":1,"name":"Home","item":"https:\/\/www.gaveanews.com\/"},{"@type":"ListItem","position":2,"name":"Andreas Pereira fecha ciclo no Flamengo diante do Tolima"}]},{"@type":"WebSite","@id":"https:\/\/www.gaveanews.com\/#website","url":"https:\/\/www.gaveanews.com\/","name":"G\u00e1vea News","description":"Veja todas as not\u00edcias sobre o Flamengo: Contrata\u00e7\u00f5es, categorias de base, resultados das partidas, tabela de classifica\u00e7\u00e3o, pr\u00f3ximos jogos!","potentialAction":[{"@type":"SearchAction","target":{"@type":"EntryPoint","urlTemplate":"https:\/\/www.gaveanews.com\/?s={search_term_string}"},"query-input":{"@type":"PropertyValueSpecification","valueRequired":true,"valueName":"search_term_string"}}],"inLanguage":"pt-BR"},{"@type":"Person","@id":"https:\/\/www.gaveanews.com\/#\/schema\/person\/2ec14f73fb96be2caf28f91afb14749d","name":"Equipe G\u00e1vea News","image":{"@type":"ImageObject","inLanguage":"pt-BR","@id":"https:\/\/www.gaveanews.com\/#\/schema\/person\/image\/","url":"https:\/\/secure.gravatar.com\/avatar\/1e1956f1facbffd3f8fa53a326721950116b3b9dc9bd44939c01180fd4a745a9?s=96&d=mm&r=g","contentUrl":"https:\/\/secure.gravatar.com\/avatar\/1e1956f1facbffd3f8fa53a326721950116b3b9dc9bd44939c01180fd4a745a9?s=96&d=mm&r=g","caption":"Equipe G\u00e1vea News"}}]}},"_links":{"self":[{"href":"https:\/\/www.gaveanews.com\/index.php\/wp-json\/wp\/v2\/posts\/83942","targetHints":{"allow":["GET"]}}],"collection":[{"href":"https:\/\/www.gaveanews.com\/index.php\/wp-json\/wp\/v2\/posts"}],"about":[{"href":"https:\/\/www.gaveanews.com\/index.php\/wp-json\/wp\/v2\/types\/post"}],"author":[{"embeddable":true,"href":"https:\/\/www.gaveanews.com\/index.php\/wp-json\/wp\/v2\/users\/1"}],"replies":[{"embeddable":true,"href":"https:\/\/www.gaveanews.com\/index.php\/wp-json\/wp\/v2\/comments?post=83942"}],"version-history":[{"count":0,"href":"https:\/\/www.gaveanews.com\/index.php\/wp-json\/wp\/v2\/posts\/83942\/revisions"}],"wp:featuredmedia":[{"embeddable":true,"href":"https:\/\/www.gaveanews.com\/index.php\/wp-json\/wp\/v2\/media\/69980"}],"wp:attachment":[{"href":"https:\/\/www.gaveanews.com\/index.php\/wp-json\/wp\/v2\/media?parent=83942"}],"wp:term":[{"taxonomy":"category","embeddable":true,"href":"https:\/\/www.gaveanews.com\/index.php\/wp-json\/wp\/v2\/categories?post=83942"},{"taxonomy":"post_tag","embeddable":true,"href":"https:\/\/www.gaveanews.com\/index.php\/wp-json\/wp\/v2\/tags?post=83942"}],"curies":[{"name":"wp","href":"https:\/\/api.w.org\/{rel}","templated":true}]}}