{"id":83947,"date":"2022-06-29T10:34:12","date_gmt":"2022-06-29T13:34:12","guid":{"rendered":"https:\/\/www.gaveanews.com\/?p=83947"},"modified":"2022-06-29T10:34:12","modified_gmt":"2022-06-29T13:34:12","slug":"lateral-esta-insatisfeito-no-manchester-city-e-e-alternativa-para-o-flamengo-saiba-os-detalhes","status":"publish","type":"post","link":"https:\/\/www.gaveanews.com\/index.php\/2022\/06\/29\/lateral-esta-insatisfeito-no-manchester-city-e-e-alternativa-para-o-flamengo-saiba-os-detalhes\/","title":{"rendered":"Lateral est\u00e1 insatisfeito no Manchester City e \u00e9 alternativa para o Flamengo; saiba os detalhes"},"content":{"rendered":"<p>Antes de mais nada, o lateral-direito Yan Couto \u00e9 alternativa real para a lateral-direita do Flamengo. Fora dos planos do Manchester City, o jogador n\u00e3o ser\u00e1 aproveitado por Pep Guardiola nos treinos de pr\u00e9-temporada do clube ingl\u00eas.<\/p>\n<p>O site &#8216;Torcedores&#8217; apurou que Yan Couto j\u00e1 externou ao diretor esportivo Txiki Begiristain seu desejo de deixar o Manchester City na pr\u00f3xima janela de transfer\u00eancias. No entanto, pretende fazer tudo de maneira amig\u00e1vel, sem se desgastar com um poss\u00edvel desligamento.<\/p>\n<figure style=\"width: 600px\" class=\"wp-caption alignnone\"><img loading=\"lazy\" decoding=\"async\" src=\"https:\/\/s2.glbimg.com\/P9um5HiMGVX4mPHSS8GDKWf3KMI=\/0x0:1917x1280\/600x0\/smart\/filters:gifv():strip_icc()\/i.s3.glbimg.com\/v1\/AUTH_bc8228b6673f488aa253bbcb03c80ec5\/internal_photos\/bs\/2020\/1\/G\/5OncP3TASjgFz11zBZyw\/yancouto.webp\" alt=\"\" width=\"600\" height=\"401\" \/><figcaption class=\"wp-caption-text\">Yan Couto foi tetracampe\u00e3o do Mundial com a sele\u00e7\u00e3o brasileira sub-17 (Foto: Coritiba)<\/figcaption><\/figure>\n<p>A vontade do jogador em ir embora se d\u00e1 pela insatisfa\u00e7\u00e3o por ter sido emprestado em sequ\u00eancia ao Girona, da Espanha e, Braga, de Portugal, nas \u00faltimas temporadas. Afinal, o jogador deseja se transferir para um clube onde possa brigar por t\u00edtulos.<\/p>\n<p>Sem perspectiva de ser aproveitado pelo treinador espanhol, ele deseja deixar o futebol europeu para se reaproximar da fam\u00edlia, que est\u00e1 no Brasil, e, principalmente, da sele\u00e7\u00e3o brasileira.<\/p>\n<p>Ainda segundo apurou a reportagem, Yan Couto foi oferecido ao Flamengo por intermedi\u00e1rios ligados ao Manchester City. Agora, cabe ao t\u00e9cnico Dorival J\u00fanior aprovar ou n\u00e3o a contrata\u00e7\u00e3o do jogador de 20 anos.<\/p>\n<p>Al\u00e9m do Flamengo, o lateral-direito tamb\u00e9m est\u00e1 na mira da Fiorentina, da It\u00e1lia, Galatasaray, da Turquia, Getafe, da Espanha e Lille, da Fran\u00e7a. Neste cen\u00e1rio, o estafe do jogador entende que a melhor alternativa \u00e9 vestir a camisa rubro-negra nesta temporada.<\/p>\n<h3 id=\"h-yan-couto-rendeu-cifras-milionarias-ao-coritiba\"><strong>Yan Couto rendeu cifras milion\u00e1rias ao Coritiba<\/strong><\/h3>\n<p>Yan Couto chegou ao Manchester City em junho de 2020 e rendeu 6 milh\u00f5es de euros (R$ 30 milh\u00f5es, \u00e0 \u00e9poca) aos cofres do Coritiba. Entretanto, o clube pode receber at\u00e9 12 milh\u00f5es de euros de acordo com a performance do jogador na equipe inglesa.<\/p>\n<p>A transa\u00e7\u00e3o de Yan Couto est\u00e1, at\u00e9 hoje, na hist\u00f3ria do Coriitba. Afinal, supera o lateral-direito Rafinha, que trocou o Coxa pelo Schalke 04 por 5 milh\u00f5es de euros e se tornou a maior venda do clube alviverde.<\/p>\n<p>Ele se transferiu para o futebol ingl\u00eas ap\u00f3s se destacar na sele\u00e7\u00e3o brasileira sub-17 no Mundial da categoria. Na ocasi\u00e3o, o defensor deu assist\u00eancia para o gol da vit\u00f3ria sobre o M\u00e9xico. Com isso, ajudou a equipe canarinha a faturar o tetra da competi\u00e7\u00e3o.<\/p>\n<h3><strong>A carreira de Yan Couto<\/strong><\/h3>\n<p>Revelado pelas categorias de base do Coritiba, Yan Couto chegou no Alto da Gl\u00f3ria em 2013, quando tinha apenas 11 anos. Posteriormente, teve passagem destacada por todas as equipes amadoras do clube.<\/p>\n<p>Em 2020, ele foi promovido ao elenco profissional pelo t\u00e9cnico Eduardo Barroca. Por\u00e9m, deixou o clube ap\u00f3s disputar apenas duas partidas oficiais com a camisa alviverde. Logo ap\u00f3s ser contratado pelo Manchester City, Yan Couto foi repassado ao Girona, da Espanha.<\/p>\n<p>L\u00e1, representou a equipe em 29 oportunidades e assinalou dois gols. Na \u00faltima temporada, por exemplo, foi cedido ao Braga, de Portugal, que deseja renovar por mais um ano seu contrato de empr\u00e9stimo.<\/p>\n<p>Retirado de: Torcedores<\/p>\n","protected":false},"excerpt":{"rendered":"<p>Antes de mais nada, o lateral-direito Yan Couto \u00e9 alternativa real para a lateral-direita do Flamengo. Fora dos planos do Manchester City, o jogador n\u00e3o ser\u00e1 aproveitado por Pep Guardiola nos treinos de pr\u00e9-temporada do clube ingl\u00eas. O site &#8216;Torcedores&#8217; apurou que Yan Couto j\u00e1 externou ao diretor esportivo Txiki Begiristain seu desejo de deixar [&hellip;]<\/p>\n","protected":false},"author":1,"featured_media":78521,"comment_status":"open","ping_status":"closed","sticky":false,"template":"","format":"standard","meta":{"footnotes":""},"categories":[48],"tags":[],"class_list":["post-83947","post","type-post","status-publish","format-standard","has-post-thumbnail","hentry","category-negociacoes"],"yoast_head":"<!-- This site is optimized with the Yoast SEO Premium plugin v24.2 (Yoast SEO v26.9) - https:\/\/yoast.com\/product\/yoast-seo-premium-wordpress\/ -->\n<title>Lateral est\u00e1 insatisfeito no Manchester City e \u00e9 alternativa para o Flamengo; saiba os detalhes<\/title>\n<meta name=\"robots\" content=\"index, follow, max-snippet:-1, max-image-preview:large, max-video-preview:-1\" \/>\n<link rel=\"canonical\" href=\"https:\/\/www.gaveanews.com\/index.php\/2022\/06\/29\/lateral-esta-insatisfeito-no-manchester-city-e-e-alternativa-para-o-flamengo-saiba-os-detalhes\/\" \/>\n<meta property=\"og:locale\" content=\"pt_BR\" \/>\n<meta property=\"og:type\" content=\"article\" \/>\n<meta property=\"og:title\" content=\"Lateral est\u00e1 insatisfeito no Manchester City e \u00e9 alternativa para o Flamengo; saiba os detalhes\" \/>\n<meta property=\"og:description\" content=\"Antes de mais nada, o lateral-direito Yan Couto \u00e9 alternativa real para a lateral-direita do Flamengo. Fora dos planos do Manchester City, o jogador n\u00e3o ser\u00e1 aproveitado por Pep Guardiola nos treinos de pr\u00e9-temporada do clube ingl\u00eas. O site &#8216;Torcedores&#8217; apurou que Yan Couto j\u00e1 externou ao diretor esportivo Txiki Begiristain seu desejo de deixar [&hellip;]\" \/>\n<meta property=\"og:url\" content=\"https:\/\/www.gaveanews.com\/index.php\/2022\/06\/29\/lateral-esta-insatisfeito-no-manchester-city-e-e-alternativa-para-o-flamengo-saiba-os-detalhes\/\" \/>\n<meta property=\"og:site_name\" content=\"G\u00e1vea News\" \/>\n<meta property=\"article:publisher\" content=\"https:\/\/facebook.com\/gaveaNews\/\" \/>\n<meta property=\"article:published_time\" content=\"2022-06-29T13:34:12+00:00\" \/>\n<meta property=\"og:image\" content=\"https:\/\/www.gaveanews.com\/wp-content\/uploads\/Marcos-Braz-em-entrevista-coletiva-do-Flamengo-no-Ninho-do-Urubu.webp\" \/>\n\t<meta property=\"og:image:width\" content=\"799\" \/>\n\t<meta property=\"og:image:height\" content=\"533\" \/>\n\t<meta property=\"og:image:type\" content=\"image\/jpeg\" \/>\n<meta name=\"author\" content=\"Equipe G\u00e1vea News\" \/>\n<meta name=\"twitter:card\" content=\"summary_large_image\" \/>\n<meta name=\"twitter:label1\" content=\"Escrito por\" \/>\n\t<meta name=\"twitter:data1\" content=\"Equipe G\u00e1vea News\" \/>\n\t<meta name=\"twitter:label2\" content=\"Est. tempo de leitura\" \/>\n\t<meta name=\"twitter:data2\" content=\"3 minutos\" \/>\n<script type=\"application\/ld+json\" class=\"yoast-schema-graph\">{\"@context\":\"https:\/\/schema.org\",\"@graph\":[{\"@type\":\"NewsArticle\",\"@id\":\"https:\/\/www.gaveanews.com\/index.php\/2022\/06\/29\/lateral-esta-insatisfeito-no-manchester-city-e-e-alternativa-para-o-flamengo-saiba-os-detalhes\/#article\",\"isPartOf\":{\"@id\":\"https:\/\/www.gaveanews.com\/index.php\/2022\/06\/29\/lateral-esta-insatisfeito-no-manchester-city-e-e-alternativa-para-o-flamengo-saiba-os-detalhes\/\"},\"author\":{\"name\":\"Equipe G\u00e1vea News\",\"@id\":\"https:\/\/www.gaveanews.com\/#\/schema\/person\/2ec14f73fb96be2caf28f91afb14749d\"},\"headline\":\"Lateral est\u00e1 insatisfeito no Manchester City e \u00e9 alternativa para o Flamengo; saiba os detalhes\",\"datePublished\":\"2022-06-29T13:34:12+00:00\",\"mainEntityOfPage\":{\"@id\":\"https:\/\/www.gaveanews.com\/index.php\/2022\/06\/29\/lateral-esta-insatisfeito-no-manchester-city-e-e-alternativa-para-o-flamengo-saiba-os-detalhes\/\"},\"wordCount\":534,\"commentCount\":0,\"image\":{\"@id\":\"https:\/\/www.gaveanews.com\/index.php\/2022\/06\/29\/lateral-esta-insatisfeito-no-manchester-city-e-e-alternativa-para-o-flamengo-saiba-os-detalhes\/#primaryimage\"},\"thumbnailUrl\":\"https:\/\/www.gaveanews.com\/wp-content\/uploads\/Marcos-Braz-em-entrevista-coletiva-do-Flamengo-no-Ninho-do-Urubu.webp\",\"articleSection\":[\"Negocia\u00e7\u00f5es\"],\"inLanguage\":\"pt-BR\",\"potentialAction\":[{\"@type\":\"CommentAction\",\"name\":\"Comment\",\"target\":[\"https:\/\/www.gaveanews.com\/index.php\/2022\/06\/29\/lateral-esta-insatisfeito-no-manchester-city-e-e-alternativa-para-o-flamengo-saiba-os-detalhes\/#respond\"]}],\"copyrightYear\":\"2022\",\"copyrightHolder\":{\"@id\":\"https:\/\/www.gaveanews.com\/#organization\"}},{\"@type\":\"WebPage\",\"@id\":\"https:\/\/www.gaveanews.com\/index.php\/2022\/06\/29\/lateral-esta-insatisfeito-no-manchester-city-e-e-alternativa-para-o-flamengo-saiba-os-detalhes\/\",\"url\":\"https:\/\/www.gaveanews.com\/index.php\/2022\/06\/29\/lateral-esta-insatisfeito-no-manchester-city-e-e-alternativa-para-o-flamengo-saiba-os-detalhes\/\",\"name\":\"Lateral est\u00e1 insatisfeito no Manchester City e \u00e9 alternativa para o Flamengo; saiba os detalhes\",\"isPartOf\":{\"@id\":\"https:\/\/www.gaveanews.com\/#website\"},\"primaryImageOfPage\":{\"@id\":\"https:\/\/www.gaveanews.com\/index.php\/2022\/06\/29\/lateral-esta-insatisfeito-no-manchester-city-e-e-alternativa-para-o-flamengo-saiba-os-detalhes\/#primaryimage\"},\"image\":{\"@id\":\"https:\/\/www.gaveanews.com\/index.php\/2022\/06\/29\/lateral-esta-insatisfeito-no-manchester-city-e-e-alternativa-para-o-flamengo-saiba-os-detalhes\/#primaryimage\"},\"thumbnailUrl\":\"https:\/\/www.gaveanews.com\/wp-content\/uploads\/Marcos-Braz-em-entrevista-coletiva-do-Flamengo-no-Ninho-do-Urubu.webp\",\"datePublished\":\"2022-06-29T13:34:12+00:00\",\"author\":{\"@id\":\"https:\/\/www.gaveanews.com\/#\/schema\/person\/2ec14f73fb96be2caf28f91afb14749d\"},\"breadcrumb\":{\"@id\":\"https:\/\/www.gaveanews.com\/index.php\/2022\/06\/29\/lateral-esta-insatisfeito-no-manchester-city-e-e-alternativa-para-o-flamengo-saiba-os-detalhes\/#breadcrumb\"},\"inLanguage\":\"pt-BR\",\"potentialAction\":[{\"@type\":\"ReadAction\",\"target\":[\"https:\/\/www.gaveanews.com\/index.php\/2022\/06\/29\/lateral-esta-insatisfeito-no-manchester-city-e-e-alternativa-para-o-flamengo-saiba-os-detalhes\/\"]}]},{\"@type\":\"ImageObject\",\"inLanguage\":\"pt-BR\",\"@id\":\"https:\/\/www.gaveanews.com\/index.php\/2022\/06\/29\/lateral-esta-insatisfeito-no-manchester-city-e-e-alternativa-para-o-flamengo-saiba-os-detalhes\/#primaryimage\",\"url\":\"https:\/\/www.gaveanews.com\/wp-content\/uploads\/Marcos-Braz-em-entrevista-coletiva-do-Flamengo-no-Ninho-do-Urubu.webp\",\"contentUrl\":\"https:\/\/www.gaveanews.com\/wp-content\/uploads\/Marcos-Braz-em-entrevista-coletiva-do-Flamengo-no-Ninho-do-Urubu.webp\",\"width\":799,\"height\":533,\"caption\":\"Marcos Braz em entrevista coletiva do Flamengo no Ninho do Urubu (Foto: Gilvan de Souza\/Flamengo)\"},{\"@type\":\"BreadcrumbList\",\"@id\":\"https:\/\/www.gaveanews.com\/index.php\/2022\/06\/29\/lateral-esta-insatisfeito-no-manchester-city-e-e-alternativa-para-o-flamengo-saiba-os-detalhes\/#breadcrumb\",\"itemListElement\":[{\"@type\":\"ListItem\",\"position\":1,\"name\":\"Home\",\"item\":\"https:\/\/www.gaveanews.com\/\"},{\"@type\":\"ListItem\",\"position\":2,\"name\":\"Lateral est\u00e1 insatisfeito no Manchester City e \u00e9 alternativa para o Flamengo; saiba os detalhes\"}]},{\"@type\":\"WebSite\",\"@id\":\"https:\/\/www.gaveanews.com\/#website\",\"url\":\"https:\/\/www.gaveanews.com\/\",\"name\":\"G\u00e1vea News\",\"description\":\"Veja todas as not\u00edcias sobre o Flamengo: Contrata\u00e7\u00f5es, categorias de base, resultados das partidas, tabela de classifica\u00e7\u00e3o, pr\u00f3ximos jogos!\",\"potentialAction\":[{\"@type\":\"SearchAction\",\"target\":{\"@type\":\"EntryPoint\",\"urlTemplate\":\"https:\/\/www.gaveanews.com\/?s={search_term_string}\"},\"query-input\":{\"@type\":\"PropertyValueSpecification\",\"valueRequired\":true,\"valueName\":\"search_term_string\"}}],\"inLanguage\":\"pt-BR\"},{\"@type\":\"Person\",\"@id\":\"https:\/\/www.gaveanews.com\/#\/schema\/person\/2ec14f73fb96be2caf28f91afb14749d\",\"name\":\"Equipe G\u00e1vea News\",\"image\":{\"@type\":\"ImageObject\",\"inLanguage\":\"pt-BR\",\"@id\":\"https:\/\/www.gaveanews.com\/#\/schema\/person\/image\/\",\"url\":\"https:\/\/secure.gravatar.com\/avatar\/1e1956f1facbffd3f8fa53a326721950116b3b9dc9bd44939c01180fd4a745a9?s=96&d=mm&r=g\",\"contentUrl\":\"https:\/\/secure.gravatar.com\/avatar\/1e1956f1facbffd3f8fa53a326721950116b3b9dc9bd44939c01180fd4a745a9?s=96&d=mm&r=g\",\"caption\":\"Equipe G\u00e1vea News\"}}]}<\/script>\n<!-- \/ Yoast SEO Premium plugin. -->","yoast_head_json":{"title":"Lateral est\u00e1 insatisfeito no Manchester City e \u00e9 alternativa para o Flamengo; saiba os detalhes","robots":{"index":"index","follow":"follow","max-snippet":"max-snippet:-1","max-image-preview":"max-image-preview:large","max-video-preview":"max-video-preview:-1"},"canonical":"https:\/\/www.gaveanews.com\/index.php\/2022\/06\/29\/lateral-esta-insatisfeito-no-manchester-city-e-e-alternativa-para-o-flamengo-saiba-os-detalhes\/","og_locale":"pt_BR","og_type":"article","og_title":"Lateral est\u00e1 insatisfeito no Manchester City e \u00e9 alternativa para o Flamengo; saiba os detalhes","og_description":"Antes de mais nada, o lateral-direito Yan Couto \u00e9 alternativa real para a lateral-direita do Flamengo. Fora dos planos do Manchester City, o jogador n\u00e3o ser\u00e1 aproveitado por Pep Guardiola nos treinos de pr\u00e9-temporada do clube ingl\u00eas. O site &#8216;Torcedores&#8217; apurou que Yan Couto j\u00e1 externou ao diretor esportivo Txiki Begiristain seu desejo de deixar [&hellip;]","og_url":"https:\/\/www.gaveanews.com\/index.php\/2022\/06\/29\/lateral-esta-insatisfeito-no-manchester-city-e-e-alternativa-para-o-flamengo-saiba-os-detalhes\/","og_site_name":"G\u00e1vea News","article_publisher":"https:\/\/facebook.com\/gaveaNews\/","article_published_time":"2022-06-29T13:34:12+00:00","og_image":[{"width":799,"height":533,"url":"https:\/\/www.gaveanews.com\/wp-content\/uploads\/Marcos-Braz-em-entrevista-coletiva-do-Flamengo-no-Ninho-do-Urubu.webp","type":"image\/jpeg"}],"author":"Equipe G\u00e1vea News","twitter_card":"summary_large_image","twitter_misc":{"Escrito por":"Equipe G\u00e1vea News","Est. tempo de leitura":"3 minutos"},"schema":{"@context":"https:\/\/schema.org","@graph":[{"@type":"NewsArticle","@id":"https:\/\/www.gaveanews.com\/index.php\/2022\/06\/29\/lateral-esta-insatisfeito-no-manchester-city-e-e-alternativa-para-o-flamengo-saiba-os-detalhes\/#article","isPartOf":{"@id":"https:\/\/www.gaveanews.com\/index.php\/2022\/06\/29\/lateral-esta-insatisfeito-no-manchester-city-e-e-alternativa-para-o-flamengo-saiba-os-detalhes\/"},"author":{"name":"Equipe G\u00e1vea News","@id":"https:\/\/www.gaveanews.com\/#\/schema\/person\/2ec14f73fb96be2caf28f91afb14749d"},"headline":"Lateral est\u00e1 insatisfeito no Manchester City e \u00e9 alternativa para o Flamengo; saiba os detalhes","datePublished":"2022-06-29T13:34:12+00:00","mainEntityOfPage":{"@id":"https:\/\/www.gaveanews.com\/index.php\/2022\/06\/29\/lateral-esta-insatisfeito-no-manchester-city-e-e-alternativa-para-o-flamengo-saiba-os-detalhes\/"},"wordCount":534,"commentCount":0,"image":{"@id":"https:\/\/www.gaveanews.com\/index.php\/2022\/06\/29\/lateral-esta-insatisfeito-no-manchester-city-e-e-alternativa-para-o-flamengo-saiba-os-detalhes\/#primaryimage"},"thumbnailUrl":"https:\/\/www.gaveanews.com\/wp-content\/uploads\/Marcos-Braz-em-entrevista-coletiva-do-Flamengo-no-Ninho-do-Urubu.webp","articleSection":["Negocia\u00e7\u00f5es"],"inLanguage":"pt-BR","potentialAction":[{"@type":"CommentAction","name":"Comment","target":["https:\/\/www.gaveanews.com\/index.php\/2022\/06\/29\/lateral-esta-insatisfeito-no-manchester-city-e-e-alternativa-para-o-flamengo-saiba-os-detalhes\/#respond"]}],"copyrightYear":"2022","copyrightHolder":{"@id":"https:\/\/www.gaveanews.com\/#organization"}},{"@type":"WebPage","@id":"https:\/\/www.gaveanews.com\/index.php\/2022\/06\/29\/lateral-esta-insatisfeito-no-manchester-city-e-e-alternativa-para-o-flamengo-saiba-os-detalhes\/","url":"https:\/\/www.gaveanews.com\/index.php\/2022\/06\/29\/lateral-esta-insatisfeito-no-manchester-city-e-e-alternativa-para-o-flamengo-saiba-os-detalhes\/","name":"Lateral est\u00e1 insatisfeito no Manchester City e \u00e9 alternativa para o Flamengo; saiba os detalhes","isPartOf":{"@id":"https:\/\/www.gaveanews.com\/#website"},"primaryImageOfPage":{"@id":"https:\/\/www.gaveanews.com\/index.php\/2022\/06\/29\/lateral-esta-insatisfeito-no-manchester-city-e-e-alternativa-para-o-flamengo-saiba-os-detalhes\/#primaryimage"},"image":{"@id":"https:\/\/www.gaveanews.com\/index.php\/2022\/06\/29\/lateral-esta-insatisfeito-no-manchester-city-e-e-alternativa-para-o-flamengo-saiba-os-detalhes\/#primaryimage"},"thumbnailUrl":"https:\/\/www.gaveanews.com\/wp-content\/uploads\/Marcos-Braz-em-entrevista-coletiva-do-Flamengo-no-Ninho-do-Urubu.webp","datePublished":"2022-06-29T13:34:12+00:00","author":{"@id":"https:\/\/www.gaveanews.com\/#\/schema\/person\/2ec14f73fb96be2caf28f91afb14749d"},"breadcrumb":{"@id":"https:\/\/www.gaveanews.com\/index.php\/2022\/06\/29\/lateral-esta-insatisfeito-no-manchester-city-e-e-alternativa-para-o-flamengo-saiba-os-detalhes\/#breadcrumb"},"inLanguage":"pt-BR","potentialAction":[{"@type":"ReadAction","target":["https:\/\/www.gaveanews.com\/index.php\/2022\/06\/29\/lateral-esta-insatisfeito-no-manchester-city-e-e-alternativa-para-o-flamengo-saiba-os-detalhes\/"]}]},{"@type":"ImageObject","inLanguage":"pt-BR","@id":"https:\/\/www.gaveanews.com\/index.php\/2022\/06\/29\/lateral-esta-insatisfeito-no-manchester-city-e-e-alternativa-para-o-flamengo-saiba-os-detalhes\/#primaryimage","url":"https:\/\/www.gaveanews.com\/wp-content\/uploads\/Marcos-Braz-em-entrevista-coletiva-do-Flamengo-no-Ninho-do-Urubu.webp","contentUrl":"https:\/\/www.gaveanews.com\/wp-content\/uploads\/Marcos-Braz-em-entrevista-coletiva-do-Flamengo-no-Ninho-do-Urubu.webp","width":799,"height":533,"caption":"Marcos Braz em entrevista coletiva do Flamengo no Ninho do Urubu (Foto: Gilvan de Souza\/Flamengo)"},{"@type":"BreadcrumbList","@id":"https:\/\/www.gaveanews.com\/index.php\/2022\/06\/29\/lateral-esta-insatisfeito-no-manchester-city-e-e-alternativa-para-o-flamengo-saiba-os-detalhes\/#breadcrumb","itemListElement":[{"@type":"ListItem","position":1,"name":"Home","item":"https:\/\/www.gaveanews.com\/"},{"@type":"ListItem","position":2,"name":"Lateral est\u00e1 insatisfeito no Manchester City e \u00e9 alternativa para o Flamengo; saiba os detalhes"}]},{"@type":"WebSite","@id":"https:\/\/www.gaveanews.com\/#website","url":"https:\/\/www.gaveanews.com\/","name":"G\u00e1vea News","description":"Veja todas as not\u00edcias sobre o Flamengo: Contrata\u00e7\u00f5es, categorias de base, resultados das partidas, tabela de classifica\u00e7\u00e3o, pr\u00f3ximos jogos!","potentialAction":[{"@type":"SearchAction","target":{"@type":"EntryPoint","urlTemplate":"https:\/\/www.gaveanews.com\/?s={search_term_string}"},"query-input":{"@type":"PropertyValueSpecification","valueRequired":true,"valueName":"search_term_string"}}],"inLanguage":"pt-BR"},{"@type":"Person","@id":"https:\/\/www.gaveanews.com\/#\/schema\/person\/2ec14f73fb96be2caf28f91afb14749d","name":"Equipe G\u00e1vea News","image":{"@type":"ImageObject","inLanguage":"pt-BR","@id":"https:\/\/www.gaveanews.com\/#\/schema\/person\/image\/","url":"https:\/\/secure.gravatar.com\/avatar\/1e1956f1facbffd3f8fa53a326721950116b3b9dc9bd44939c01180fd4a745a9?s=96&d=mm&r=g","contentUrl":"https:\/\/secure.gravatar.com\/avatar\/1e1956f1facbffd3f8fa53a326721950116b3b9dc9bd44939c01180fd4a745a9?s=96&d=mm&r=g","caption":"Equipe G\u00e1vea News"}}]}},"_links":{"self":[{"href":"https:\/\/www.gaveanews.com\/index.php\/wp-json\/wp\/v2\/posts\/83947","targetHints":{"allow":["GET"]}}],"collection":[{"href":"https:\/\/www.gaveanews.com\/index.php\/wp-json\/wp\/v2\/posts"}],"about":[{"href":"https:\/\/www.gaveanews.com\/index.php\/wp-json\/wp\/v2\/types\/post"}],"author":[{"embeddable":true,"href":"https:\/\/www.gaveanews.com\/index.php\/wp-json\/wp\/v2\/users\/1"}],"replies":[{"embeddable":true,"href":"https:\/\/www.gaveanews.com\/index.php\/wp-json\/wp\/v2\/comments?post=83947"}],"version-history":[{"count":0,"href":"https:\/\/www.gaveanews.com\/index.php\/wp-json\/wp\/v2\/posts\/83947\/revisions"}],"wp:featuredmedia":[{"embeddable":true,"href":"https:\/\/www.gaveanews.com\/index.php\/wp-json\/wp\/v2\/media\/78521"}],"wp:attachment":[{"href":"https:\/\/www.gaveanews.com\/index.php\/wp-json\/wp\/v2\/media?parent=83947"}],"wp:term":[{"taxonomy":"category","embeddable":true,"href":"https:\/\/www.gaveanews.com\/index.php\/wp-json\/wp\/v2\/categories?post=83947"},{"taxonomy":"post_tag","embeddable":true,"href":"https:\/\/www.gaveanews.com\/index.php\/wp-json\/wp\/v2\/tags?post=83947"}],"curies":[{"name":"wp","href":"https:\/\/api.w.org\/{rel}","templated":true}]}}