{"id":83952,"date":"2022-06-29T12:00:45","date_gmt":"2022-06-29T15:00:45","guid":{"rendered":"https:\/\/www.gaveanews.com\/?p=83952"},"modified":"2022-06-29T12:00:45","modified_gmt":"2022-06-29T15:00:45","slug":"veja-a-provavel-escalacao-do-flamengo-para-o-jogo-contra-o-tolima","status":"publish","type":"post","link":"https:\/\/www.gaveanews.com\/index.php\/2022\/06\/29\/veja-a-provavel-escalacao-do-flamengo-para-o-jogo-contra-o-tolima\/","title":{"rendered":"Veja a prov\u00e1vel escala\u00e7\u00e3o do Flamengo para o jogo contra o Tolima"},"content":{"rendered":"<p>O Flamengo vai a campo nesta noite (29) para enfrentar o Tolima na Col\u00f4mbia e buscar vantagem no duelo por uma vaga nas quartas de final da Libertadores. O pontap\u00e9 inicial acontece \u00e0s 21h30 (hor\u00e1rio de Bras\u00edlia), no Est\u00e1dio Manuel Murillo Toro.<\/p>\n<ul>\n<li><a href=\"https:\/\/www.gaveanews.com\/index.php\/2022\/06\/27\/saiba-onde-assistir-tolima-x-flamengo-pela-copa-libertadores\/\">Saiba onde assistir Tolima x Flamengo<\/a><\/li>\n<\/ul>\n<p><a href=\"https:\/\/www.gaveanews.com\/index.php\/2022\/06\/27\/tolima-x-flamengo-rodrigo-caio-bruno-henrique-diego-alves-joao-gomes-willian-arao-fabricio-bruno-matheus-franca-daniel-cabral-kaua-e-matheus-cunha-serao-os-desfalques-do-rubro-negro\/\">Com nada menos que onze desfalques<\/a>, o time ter\u00e1 poucas op\u00e7\u00f5es para mudan\u00e7as e precisar\u00e1 ser mais assertivo em sua atua\u00e7\u00e3o para que os atletas acionados n\u00e3o desfalquem a equipe nos jogos da sequ\u00eancia.<\/p>\n<p>Sendo assim, Lucas Silvestre, auxiliar t\u00e9cnico e filho de Dorival J\u00fanior, ter\u00e1 aten\u00e7\u00e3o redobrada aos acontecimentos dentro de campo. <a href=\"https:\/\/www.gaveanews.com\/index.php\/2022\/06\/28\/dorival-junior-e-punido-pela-conmebol-e-nao-comandara-o-flamengo-no-jogo-de-ida-contra-o-tolima\/\">Vale lembrar que o treinador est\u00e1 suspenso e n\u00e3o poder\u00e1 ficar na \u00e1rea t\u00e9cnica.<\/a><\/p>\n<p>Quanto \u00e0s altera\u00e7\u00f5es na escala\u00e7\u00e3o, o time volta a ser configurado com tr\u00eas volantes e apenas um atacante de refer\u00eancia. Por\u00e9m, devido aos diversos desfalques no meio-de-campo, Diego Ribas ser\u00e1 acionado. A trinca de volantes ser\u00e1 composta pelo camisa 10, Andreas e Thiago Maia.<\/p>\n<p>Na zaga L\u00e9o Pereira permanece entre os titulares, ao contr\u00e1rio de Gustavo Henrique, que ser\u00e1 substitu\u00eddo por David Luiz. Filipe Lu\u00eds tamb\u00e9m retorna aos 11 iniciais no lugar de Ayrton Lucas. Pedro volta ao banco de reservas.<\/p>\n<h2>Prov\u00e1vel escala\u00e7\u00e3o do Flamengo:<\/h2>\n<p>Santos, Rodinei, David Luiz, L\u00e9o Pereira e Filipe Lu\u00eds; Diego Ribas, Andreas e Thiago Maia; Everton Ribeiro, Arrascaeta e Gabigol.<\/p>\n<p>&nbsp;<\/p>\n","protected":false},"excerpt":{"rendered":"<p>O Flamengo vai a campo nesta noite (29) para enfrentar o Tolima na Col\u00f4mbia e buscar vantagem no duelo por uma vaga nas quartas de final da Libertadores. O pontap\u00e9 inicial acontece \u00e0s 21h30 (hor\u00e1rio de Bras\u00edlia), no Est\u00e1dio Manuel Murillo Toro. Saiba onde assistir Tolima x Flamengo Com nada menos que onze desfalques, o [&hellip;]<\/p>\n","protected":false},"author":4,"featured_media":83817,"comment_status":"open","ping_status":"closed","sticky":false,"template":"","format":"standard","meta":{"footnotes":""},"categories":[1],"tags":[],"class_list":["post-83952","post","type-post","status-publish","format-standard","has-post-thumbnail","hentry","category-flamengo"],"yoast_head":"<!-- This site is optimized with the Yoast SEO Premium plugin v24.2 (Yoast SEO v26.9) - https:\/\/yoast.com\/product\/yoast-seo-premium-wordpress\/ -->\n<title>Veja a prov\u00e1vel escala\u00e7\u00e3o do Flamengo para o jogo contra o Tolima<\/title>\n<meta name=\"robots\" content=\"index, follow, max-snippet:-1, max-image-preview:large, max-video-preview:-1\" \/>\n<link rel=\"canonical\" href=\"https:\/\/www.gaveanews.com\/index.php\/2022\/06\/29\/veja-a-provavel-escalacao-do-flamengo-para-o-jogo-contra-o-tolima\/\" \/>\n<meta property=\"og:locale\" content=\"pt_BR\" \/>\n<meta property=\"og:type\" content=\"article\" \/>\n<meta property=\"og:title\" content=\"Veja a prov\u00e1vel escala\u00e7\u00e3o do Flamengo para o jogo contra o Tolima\" \/>\n<meta property=\"og:description\" content=\"O Flamengo vai a campo nesta noite (29) para enfrentar o Tolima na Col\u00f4mbia e buscar vantagem no duelo por uma vaga nas quartas de final da Libertadores. O pontap\u00e9 inicial acontece \u00e0s 21h30 (hor\u00e1rio de Bras\u00edlia), no Est\u00e1dio Manuel Murillo Toro. Saiba onde assistir Tolima x Flamengo Com nada menos que onze desfalques, o [&hellip;]\" \/>\n<meta property=\"og:url\" content=\"https:\/\/www.gaveanews.com\/index.php\/2022\/06\/29\/veja-a-provavel-escalacao-do-flamengo-para-o-jogo-contra-o-tolima\/\" \/>\n<meta property=\"og:site_name\" content=\"G\u00e1vea News\" \/>\n<meta property=\"article:publisher\" content=\"https:\/\/facebook.com\/gaveaNews\/\" \/>\n<meta property=\"article:published_time\" content=\"2022-06-29T15:00:45+00:00\" \/>\n<meta property=\"og:image\" content=\"https:\/\/www.gaveanews.com\/wp-content\/uploads\/Arrascaeta-marca-gol-pelo-Flamengo-em-jogo-contra-o-America-MG.webp\" \/>\n\t<meta property=\"og:image:width\" content=\"800\" \/>\n\t<meta property=\"og:image:height\" content=\"533\" \/>\n\t<meta property=\"og:image:type\" content=\"image\/jpeg\" \/>\n<meta name=\"author\" content=\"Let\u00edcia Gerheim\" \/>\n<meta name=\"twitter:card\" content=\"summary_large_image\" \/>\n<meta name=\"twitter:label1\" content=\"Escrito por\" \/>\n\t<meta name=\"twitter:data1\" content=\"Let\u00edcia Gerheim\" \/>\n\t<meta name=\"twitter:label2\" content=\"Est. tempo de leitura\" \/>\n\t<meta name=\"twitter:data2\" content=\"2 minutos\" \/>\n<script type=\"application\/ld+json\" class=\"yoast-schema-graph\">{\"@context\":\"https:\/\/schema.org\",\"@graph\":[{\"@type\":\"NewsArticle\",\"@id\":\"https:\/\/www.gaveanews.com\/index.php\/2022\/06\/29\/veja-a-provavel-escalacao-do-flamengo-para-o-jogo-contra-o-tolima\/#article\",\"isPartOf\":{\"@id\":\"https:\/\/www.gaveanews.com\/index.php\/2022\/06\/29\/veja-a-provavel-escalacao-do-flamengo-para-o-jogo-contra-o-tolima\/\"},\"author\":{\"name\":\"Let\u00edcia Gerheim\",\"@id\":\"https:\/\/www.gaveanews.com\/#\/schema\/person\/714c67050b836198af2450ba1c142a67\"},\"headline\":\"Veja a prov\u00e1vel escala\u00e7\u00e3o do Flamengo para o jogo contra o Tolima\",\"datePublished\":\"2022-06-29T15:00:45+00:00\",\"mainEntityOfPage\":{\"@id\":\"https:\/\/www.gaveanews.com\/index.php\/2022\/06\/29\/veja-a-provavel-escalacao-do-flamengo-para-o-jogo-contra-o-tolima\/\"},\"wordCount\":260,\"commentCount\":0,\"image\":{\"@id\":\"https:\/\/www.gaveanews.com\/index.php\/2022\/06\/29\/veja-a-provavel-escalacao-do-flamengo-para-o-jogo-contra-o-tolima\/#primaryimage\"},\"thumbnailUrl\":\"https:\/\/www.gaveanews.com\/wp-content\/uploads\/Arrascaeta-marca-gol-pelo-Flamengo-em-jogo-contra-o-America-MG.webp\",\"articleSection\":[\"Flamengo\"],\"inLanguage\":\"pt-BR\",\"potentialAction\":[{\"@type\":\"CommentAction\",\"name\":\"Comment\",\"target\":[\"https:\/\/www.gaveanews.com\/index.php\/2022\/06\/29\/veja-a-provavel-escalacao-do-flamengo-para-o-jogo-contra-o-tolima\/#respond\"]}],\"copyrightYear\":\"2022\",\"copyrightHolder\":{\"@id\":\"https:\/\/www.gaveanews.com\/#organization\"}},{\"@type\":\"WebPage\",\"@id\":\"https:\/\/www.gaveanews.com\/index.php\/2022\/06\/29\/veja-a-provavel-escalacao-do-flamengo-para-o-jogo-contra-o-tolima\/\",\"url\":\"https:\/\/www.gaveanews.com\/index.php\/2022\/06\/29\/veja-a-provavel-escalacao-do-flamengo-para-o-jogo-contra-o-tolima\/\",\"name\":\"Veja a prov\u00e1vel escala\u00e7\u00e3o do Flamengo para o jogo contra o Tolima\",\"isPartOf\":{\"@id\":\"https:\/\/www.gaveanews.com\/#website\"},\"primaryImageOfPage\":{\"@id\":\"https:\/\/www.gaveanews.com\/index.php\/2022\/06\/29\/veja-a-provavel-escalacao-do-flamengo-para-o-jogo-contra-o-tolima\/#primaryimage\"},\"image\":{\"@id\":\"https:\/\/www.gaveanews.com\/index.php\/2022\/06\/29\/veja-a-provavel-escalacao-do-flamengo-para-o-jogo-contra-o-tolima\/#primaryimage\"},\"thumbnailUrl\":\"https:\/\/www.gaveanews.com\/wp-content\/uploads\/Arrascaeta-marca-gol-pelo-Flamengo-em-jogo-contra-o-America-MG.webp\",\"datePublished\":\"2022-06-29T15:00:45+00:00\",\"author\":{\"@id\":\"https:\/\/www.gaveanews.com\/#\/schema\/person\/714c67050b836198af2450ba1c142a67\"},\"breadcrumb\":{\"@id\":\"https:\/\/www.gaveanews.com\/index.php\/2022\/06\/29\/veja-a-provavel-escalacao-do-flamengo-para-o-jogo-contra-o-tolima\/#breadcrumb\"},\"inLanguage\":\"pt-BR\",\"potentialAction\":[{\"@type\":\"ReadAction\",\"target\":[\"https:\/\/www.gaveanews.com\/index.php\/2022\/06\/29\/veja-a-provavel-escalacao-do-flamengo-para-o-jogo-contra-o-tolima\/\"]}]},{\"@type\":\"ImageObject\",\"inLanguage\":\"pt-BR\",\"@id\":\"https:\/\/www.gaveanews.com\/index.php\/2022\/06\/29\/veja-a-provavel-escalacao-do-flamengo-para-o-jogo-contra-o-tolima\/#primaryimage\",\"url\":\"https:\/\/www.gaveanews.com\/wp-content\/uploads\/Arrascaeta-marca-gol-pelo-Flamengo-em-jogo-contra-o-America-MG.webp\",\"contentUrl\":\"https:\/\/www.gaveanews.com\/wp-content\/uploads\/Arrascaeta-marca-gol-pelo-Flamengo-em-jogo-contra-o-America-MG.webp\",\"width\":800,\"height\":533,\"caption\":\"Arrascaeta marca gol pelo Flamengo em jogo contra o Am\u00e9rica-MG (Foto: Marcelo Cortes\/Flamengo)\"},{\"@type\":\"BreadcrumbList\",\"@id\":\"https:\/\/www.gaveanews.com\/index.php\/2022\/06\/29\/veja-a-provavel-escalacao-do-flamengo-para-o-jogo-contra-o-tolima\/#breadcrumb\",\"itemListElement\":[{\"@type\":\"ListItem\",\"position\":1,\"name\":\"Home\",\"item\":\"https:\/\/www.gaveanews.com\/\"},{\"@type\":\"ListItem\",\"position\":2,\"name\":\"Veja a prov\u00e1vel escala\u00e7\u00e3o do Flamengo para o jogo contra o Tolima\"}]},{\"@type\":\"WebSite\",\"@id\":\"https:\/\/www.gaveanews.com\/#website\",\"url\":\"https:\/\/www.gaveanews.com\/\",\"name\":\"G\u00e1vea News\",\"description\":\"Veja todas as not\u00edcias sobre o Flamengo: Contrata\u00e7\u00f5es, categorias de base, resultados das partidas, tabela de classifica\u00e7\u00e3o, pr\u00f3ximos jogos!\",\"potentialAction\":[{\"@type\":\"SearchAction\",\"target\":{\"@type\":\"EntryPoint\",\"urlTemplate\":\"https:\/\/www.gaveanews.com\/?s={search_term_string}\"},\"query-input\":{\"@type\":\"PropertyValueSpecification\",\"valueRequired\":true,\"valueName\":\"search_term_string\"}}],\"inLanguage\":\"pt-BR\"},{\"@type\":\"Person\",\"@id\":\"https:\/\/www.gaveanews.com\/#\/schema\/person\/714c67050b836198af2450ba1c142a67\",\"name\":\"Let\u00edcia Gerheim\",\"image\":{\"@type\":\"ImageObject\",\"inLanguage\":\"pt-BR\",\"@id\":\"https:\/\/www.gaveanews.com\/#\/schema\/person\/image\/\",\"url\":\"https:\/\/secure.gravatar.com\/avatar\/60734739c50fcebfbac509e2a826ccd0ff405c019bc73aab9354f19ecad1dcb4?s=96&d=mm&r=g\",\"contentUrl\":\"https:\/\/secure.gravatar.com\/avatar\/60734739c50fcebfbac509e2a826ccd0ff405c019bc73aab9354f19ecad1dcb4?s=96&d=mm&r=g\",\"caption\":\"Let\u00edcia Gerheim\"}}]}<\/script>\n<!-- \/ Yoast SEO Premium plugin. -->","yoast_head_json":{"title":"Veja a prov\u00e1vel escala\u00e7\u00e3o do Flamengo para o jogo contra o Tolima","robots":{"index":"index","follow":"follow","max-snippet":"max-snippet:-1","max-image-preview":"max-image-preview:large","max-video-preview":"max-video-preview:-1"},"canonical":"https:\/\/www.gaveanews.com\/index.php\/2022\/06\/29\/veja-a-provavel-escalacao-do-flamengo-para-o-jogo-contra-o-tolima\/","og_locale":"pt_BR","og_type":"article","og_title":"Veja a prov\u00e1vel escala\u00e7\u00e3o do Flamengo para o jogo contra o Tolima","og_description":"O Flamengo vai a campo nesta noite (29) para enfrentar o Tolima na Col\u00f4mbia e buscar vantagem no duelo por uma vaga nas quartas de final da Libertadores. O pontap\u00e9 inicial acontece \u00e0s 21h30 (hor\u00e1rio de Bras\u00edlia), no Est\u00e1dio Manuel Murillo Toro. Saiba onde assistir Tolima x Flamengo Com nada menos que onze desfalques, o [&hellip;]","og_url":"https:\/\/www.gaveanews.com\/index.php\/2022\/06\/29\/veja-a-provavel-escalacao-do-flamengo-para-o-jogo-contra-o-tolima\/","og_site_name":"G\u00e1vea News","article_publisher":"https:\/\/facebook.com\/gaveaNews\/","article_published_time":"2022-06-29T15:00:45+00:00","og_image":[{"width":800,"height":533,"url":"https:\/\/www.gaveanews.com\/wp-content\/uploads\/Arrascaeta-marca-gol-pelo-Flamengo-em-jogo-contra-o-America-MG.webp","type":"image\/jpeg"}],"author":"Let\u00edcia Gerheim","twitter_card":"summary_large_image","twitter_misc":{"Escrito por":"Let\u00edcia Gerheim","Est. tempo de leitura":"2 minutos"},"schema":{"@context":"https:\/\/schema.org","@graph":[{"@type":"NewsArticle","@id":"https:\/\/www.gaveanews.com\/index.php\/2022\/06\/29\/veja-a-provavel-escalacao-do-flamengo-para-o-jogo-contra-o-tolima\/#article","isPartOf":{"@id":"https:\/\/www.gaveanews.com\/index.php\/2022\/06\/29\/veja-a-provavel-escalacao-do-flamengo-para-o-jogo-contra-o-tolima\/"},"author":{"name":"Let\u00edcia Gerheim","@id":"https:\/\/www.gaveanews.com\/#\/schema\/person\/714c67050b836198af2450ba1c142a67"},"headline":"Veja a prov\u00e1vel escala\u00e7\u00e3o do Flamengo para o jogo contra o Tolima","datePublished":"2022-06-29T15:00:45+00:00","mainEntityOfPage":{"@id":"https:\/\/www.gaveanews.com\/index.php\/2022\/06\/29\/veja-a-provavel-escalacao-do-flamengo-para-o-jogo-contra-o-tolima\/"},"wordCount":260,"commentCount":0,"image":{"@id":"https:\/\/www.gaveanews.com\/index.php\/2022\/06\/29\/veja-a-provavel-escalacao-do-flamengo-para-o-jogo-contra-o-tolima\/#primaryimage"},"thumbnailUrl":"https:\/\/www.gaveanews.com\/wp-content\/uploads\/Arrascaeta-marca-gol-pelo-Flamengo-em-jogo-contra-o-America-MG.webp","articleSection":["Flamengo"],"inLanguage":"pt-BR","potentialAction":[{"@type":"CommentAction","name":"Comment","target":["https:\/\/www.gaveanews.com\/index.php\/2022\/06\/29\/veja-a-provavel-escalacao-do-flamengo-para-o-jogo-contra-o-tolima\/#respond"]}],"copyrightYear":"2022","copyrightHolder":{"@id":"https:\/\/www.gaveanews.com\/#organization"}},{"@type":"WebPage","@id":"https:\/\/www.gaveanews.com\/index.php\/2022\/06\/29\/veja-a-provavel-escalacao-do-flamengo-para-o-jogo-contra-o-tolima\/","url":"https:\/\/www.gaveanews.com\/index.php\/2022\/06\/29\/veja-a-provavel-escalacao-do-flamengo-para-o-jogo-contra-o-tolima\/","name":"Veja a prov\u00e1vel escala\u00e7\u00e3o do Flamengo para o jogo contra o Tolima","isPartOf":{"@id":"https:\/\/www.gaveanews.com\/#website"},"primaryImageOfPage":{"@id":"https:\/\/www.gaveanews.com\/index.php\/2022\/06\/29\/veja-a-provavel-escalacao-do-flamengo-para-o-jogo-contra-o-tolima\/#primaryimage"},"image":{"@id":"https:\/\/www.gaveanews.com\/index.php\/2022\/06\/29\/veja-a-provavel-escalacao-do-flamengo-para-o-jogo-contra-o-tolima\/#primaryimage"},"thumbnailUrl":"https:\/\/www.gaveanews.com\/wp-content\/uploads\/Arrascaeta-marca-gol-pelo-Flamengo-em-jogo-contra-o-America-MG.webp","datePublished":"2022-06-29T15:00:45+00:00","author":{"@id":"https:\/\/www.gaveanews.com\/#\/schema\/person\/714c67050b836198af2450ba1c142a67"},"breadcrumb":{"@id":"https:\/\/www.gaveanews.com\/index.php\/2022\/06\/29\/veja-a-provavel-escalacao-do-flamengo-para-o-jogo-contra-o-tolima\/#breadcrumb"},"inLanguage":"pt-BR","potentialAction":[{"@type":"ReadAction","target":["https:\/\/www.gaveanews.com\/index.php\/2022\/06\/29\/veja-a-provavel-escalacao-do-flamengo-para-o-jogo-contra-o-tolima\/"]}]},{"@type":"ImageObject","inLanguage":"pt-BR","@id":"https:\/\/www.gaveanews.com\/index.php\/2022\/06\/29\/veja-a-provavel-escalacao-do-flamengo-para-o-jogo-contra-o-tolima\/#primaryimage","url":"https:\/\/www.gaveanews.com\/wp-content\/uploads\/Arrascaeta-marca-gol-pelo-Flamengo-em-jogo-contra-o-America-MG.webp","contentUrl":"https:\/\/www.gaveanews.com\/wp-content\/uploads\/Arrascaeta-marca-gol-pelo-Flamengo-em-jogo-contra-o-America-MG.webp","width":800,"height":533,"caption":"Arrascaeta marca gol pelo Flamengo em jogo contra o Am\u00e9rica-MG (Foto: Marcelo Cortes\/Flamengo)"},{"@type":"BreadcrumbList","@id":"https:\/\/www.gaveanews.com\/index.php\/2022\/06\/29\/veja-a-provavel-escalacao-do-flamengo-para-o-jogo-contra-o-tolima\/#breadcrumb","itemListElement":[{"@type":"ListItem","position":1,"name":"Home","item":"https:\/\/www.gaveanews.com\/"},{"@type":"ListItem","position":2,"name":"Veja a prov\u00e1vel escala\u00e7\u00e3o do Flamengo para o jogo contra o Tolima"}]},{"@type":"WebSite","@id":"https:\/\/www.gaveanews.com\/#website","url":"https:\/\/www.gaveanews.com\/","name":"G\u00e1vea News","description":"Veja todas as not\u00edcias sobre o Flamengo: Contrata\u00e7\u00f5es, categorias de base, resultados das partidas, tabela de classifica\u00e7\u00e3o, pr\u00f3ximos jogos!","potentialAction":[{"@type":"SearchAction","target":{"@type":"EntryPoint","urlTemplate":"https:\/\/www.gaveanews.com\/?s={search_term_string}"},"query-input":{"@type":"PropertyValueSpecification","valueRequired":true,"valueName":"search_term_string"}}],"inLanguage":"pt-BR"},{"@type":"Person","@id":"https:\/\/www.gaveanews.com\/#\/schema\/person\/714c67050b836198af2450ba1c142a67","name":"Let\u00edcia Gerheim","image":{"@type":"ImageObject","inLanguage":"pt-BR","@id":"https:\/\/www.gaveanews.com\/#\/schema\/person\/image\/","url":"https:\/\/secure.gravatar.com\/avatar\/60734739c50fcebfbac509e2a826ccd0ff405c019bc73aab9354f19ecad1dcb4?s=96&d=mm&r=g","contentUrl":"https:\/\/secure.gravatar.com\/avatar\/60734739c50fcebfbac509e2a826ccd0ff405c019bc73aab9354f19ecad1dcb4?s=96&d=mm&r=g","caption":"Let\u00edcia Gerheim"}}]}},"_links":{"self":[{"href":"https:\/\/www.gaveanews.com\/index.php\/wp-json\/wp\/v2\/posts\/83952","targetHints":{"allow":["GET"]}}],"collection":[{"href":"https:\/\/www.gaveanews.com\/index.php\/wp-json\/wp\/v2\/posts"}],"about":[{"href":"https:\/\/www.gaveanews.com\/index.php\/wp-json\/wp\/v2\/types\/post"}],"author":[{"embeddable":true,"href":"https:\/\/www.gaveanews.com\/index.php\/wp-json\/wp\/v2\/users\/4"}],"replies":[{"embeddable":true,"href":"https:\/\/www.gaveanews.com\/index.php\/wp-json\/wp\/v2\/comments?post=83952"}],"version-history":[{"count":0,"href":"https:\/\/www.gaveanews.com\/index.php\/wp-json\/wp\/v2\/posts\/83952\/revisions"}],"wp:featuredmedia":[{"embeddable":true,"href":"https:\/\/www.gaveanews.com\/index.php\/wp-json\/wp\/v2\/media\/83817"}],"wp:attachment":[{"href":"https:\/\/www.gaveanews.com\/index.php\/wp-json\/wp\/v2\/media?parent=83952"}],"wp:term":[{"taxonomy":"category","embeddable":true,"href":"https:\/\/www.gaveanews.com\/index.php\/wp-json\/wp\/v2\/categories?post=83952"},{"taxonomy":"post_tag","embeddable":true,"href":"https:\/\/www.gaveanews.com\/index.php\/wp-json\/wp\/v2\/tags?post=83952"}],"curies":[{"name":"wp","href":"https:\/\/api.w.org\/{rel}","templated":true}]}}