{"id":83960,"date":"2022-06-29T13:46:48","date_gmt":"2022-06-29T16:46:48","guid":{"rendered":"https:\/\/www.gaveanews.com\/?p=83960"},"modified":"2022-06-29T13:46:48","modified_gmt":"2022-06-29T16:46:48","slug":"flamengo-entra-na-briga-com-o-botafogo-para-contratar-volante-do-benfica","status":"publish","type":"post","link":"https:\/\/www.gaveanews.com\/index.php\/2022\/06\/29\/flamengo-entra-na-briga-com-o-botafogo-para-contratar-volante-do-benfica\/","title":{"rendered":"Flamengo entra na briga com o Botafogo para contratar volante do Benfica"},"content":{"rendered":"<p>De acordo com o jornal portugu\u00eas \u201cA Bola\u201c, o Flamengo entrou na briga com o Botafogo pela contrata\u00e7\u00e3o do volante Gabriel Pires, do Benfica.<\/p>\n<p>O nome do jogador foi cogitado no rubro-negro no ano passado e, agora, em busca de op\u00e7\u00f5es para o meio-campo, voltou ao radar. Gabriel disputou a \u00faltima temporada emprestado ao Al-Gharafa, do Catar, e terminou com \u00f3timos n\u00fameros: sete gols e dez assist\u00eancias.<\/p>\n<p>Aos 28 anos, o volante tem contrato com o Benfica at\u00e9 junho de 2025, mas est\u00e1 fora dos planos do novo treinador. O Flamengo pode negociar um novo empr\u00e9stimo ou at\u00e9 mesmo a compra. A rela\u00e7\u00e3o entre as diretorias est\u00e1 boa ap\u00f3s a contrata\u00e7\u00e3o de Everton Cebolinha.<\/p>\n<p>Por sua vez, a pedida do Benfica no ano passado para vend\u00ea-lo era de 10 milh\u00f5es de euros, exatamente o que o Flamengo pagaria por Andreas Pereira. No entanto, o jogador se desvalorizou ap\u00f3s passar uma temporada no futebol catari.<\/p>\n<p>Retirado de: Mercado do Futebol<\/p>\n","protected":false},"excerpt":{"rendered":"<p>De acordo com o jornal portugu\u00eas \u201cA Bola\u201c, o Flamengo entrou na briga com o Botafogo pela contrata\u00e7\u00e3o do volante Gabriel Pires, do Benfica. O nome do jogador foi cogitado no rubro-negro no ano passado e, agora, em busca de op\u00e7\u00f5es para o meio-campo, voltou ao radar. Gabriel disputou a \u00faltima temporada emprestado ao Al-Gharafa, [&hellip;]<\/p>\n","protected":false},"author":1,"featured_media":83961,"comment_status":"open","ping_status":"closed","sticky":false,"template":"","format":"standard","meta":{"footnotes":""},"categories":[48],"tags":[],"class_list":["post-83960","post","type-post","status-publish","format-standard","has-post-thumbnail","hentry","category-negociacoes"],"yoast_head":"<!-- This site is optimized with the Yoast SEO Premium plugin v24.2 (Yoast SEO v26.9) - https:\/\/yoast.com\/product\/yoast-seo-premium-wordpress\/ -->\n<title>Flamengo entra na briga com o Botafogo para contratar volante do Benfica<\/title>\n<meta name=\"robots\" content=\"index, follow, max-snippet:-1, max-image-preview:large, max-video-preview:-1\" \/>\n<link rel=\"canonical\" href=\"https:\/\/www.gaveanews.com\/index.php\/2022\/06\/29\/flamengo-entra-na-briga-com-o-botafogo-para-contratar-volante-do-benfica\/\" \/>\n<meta property=\"og:locale\" content=\"pt_BR\" \/>\n<meta property=\"og:type\" content=\"article\" \/>\n<meta property=\"og:title\" content=\"Flamengo entra na briga com o Botafogo para contratar volante do Benfica\" \/>\n<meta property=\"og:description\" content=\"De acordo com o jornal portugu\u00eas \u201cA Bola\u201c, o Flamengo entrou na briga com o Botafogo pela contrata\u00e7\u00e3o do volante Gabriel Pires, do Benfica. O nome do jogador foi cogitado no rubro-negro no ano passado e, agora, em busca de op\u00e7\u00f5es para o meio-campo, voltou ao radar. Gabriel disputou a \u00faltima temporada emprestado ao Al-Gharafa, [&hellip;]\" \/>\n<meta property=\"og:url\" content=\"https:\/\/www.gaveanews.com\/index.php\/2022\/06\/29\/flamengo-entra-na-briga-com-o-botafogo-para-contratar-volante-do-benfica\/\" \/>\n<meta property=\"og:site_name\" content=\"G\u00e1vea News\" \/>\n<meta property=\"article:publisher\" content=\"https:\/\/facebook.com\/gaveaNews\/\" \/>\n<meta property=\"article:published_time\" content=\"2022-06-29T16:46:48+00:00\" \/>\n<meta property=\"og:image\" content=\"https:\/\/www.gaveanews.com\/wp-content\/uploads\/Gabriel-Pires-em-acao-pelo-Benfica.webp\" \/>\n\t<meta property=\"og:image:width\" content=\"1024\" \/>\n\t<meta property=\"og:image:height\" content=\"683\" \/>\n\t<meta property=\"og:image:type\" content=\"image\/webp\" \/>\n<meta name=\"author\" content=\"Equipe G\u00e1vea News\" \/>\n<meta name=\"twitter:card\" content=\"summary_large_image\" \/>\n<meta name=\"twitter:label1\" content=\"Escrito por\" \/>\n\t<meta name=\"twitter:data1\" content=\"Equipe G\u00e1vea News\" \/>\n\t<meta name=\"twitter:label2\" content=\"Est. tempo de leitura\" \/>\n\t<meta name=\"twitter:data2\" content=\"1 minuto\" \/>\n<script type=\"application\/ld+json\" class=\"yoast-schema-graph\">{\"@context\":\"https:\/\/schema.org\",\"@graph\":[{\"@type\":\"NewsArticle\",\"@id\":\"https:\/\/www.gaveanews.com\/index.php\/2022\/06\/29\/flamengo-entra-na-briga-com-o-botafogo-para-contratar-volante-do-benfica\/#article\",\"isPartOf\":{\"@id\":\"https:\/\/www.gaveanews.com\/index.php\/2022\/06\/29\/flamengo-entra-na-briga-com-o-botafogo-para-contratar-volante-do-benfica\/\"},\"author\":{\"name\":\"Equipe G\u00e1vea News\",\"@id\":\"https:\/\/www.gaveanews.com\/#\/schema\/person\/2ec14f73fb96be2caf28f91afb14749d\"},\"headline\":\"Flamengo entra na briga com o Botafogo para contratar volante do Benfica\",\"datePublished\":\"2022-06-29T16:46:48+00:00\",\"mainEntityOfPage\":{\"@id\":\"https:\/\/www.gaveanews.com\/index.php\/2022\/06\/29\/flamengo-entra-na-briga-com-o-botafogo-para-contratar-volante-do-benfica\/\"},\"wordCount\":180,\"commentCount\":0,\"image\":{\"@id\":\"https:\/\/www.gaveanews.com\/index.php\/2022\/06\/29\/flamengo-entra-na-briga-com-o-botafogo-para-contratar-volante-do-benfica\/#primaryimage\"},\"thumbnailUrl\":\"https:\/\/www.gaveanews.com\/wp-content\/uploads\/Gabriel-Pires-em-acao-pelo-Benfica.webp\",\"articleSection\":[\"Negocia\u00e7\u00f5es\"],\"inLanguage\":\"pt-BR\",\"potentialAction\":[{\"@type\":\"CommentAction\",\"name\":\"Comment\",\"target\":[\"https:\/\/www.gaveanews.com\/index.php\/2022\/06\/29\/flamengo-entra-na-briga-com-o-botafogo-para-contratar-volante-do-benfica\/#respond\"]}],\"copyrightYear\":\"2022\",\"copyrightHolder\":{\"@id\":\"https:\/\/www.gaveanews.com\/#organization\"}},{\"@type\":\"WebPage\",\"@id\":\"https:\/\/www.gaveanews.com\/index.php\/2022\/06\/29\/flamengo-entra-na-briga-com-o-botafogo-para-contratar-volante-do-benfica\/\",\"url\":\"https:\/\/www.gaveanews.com\/index.php\/2022\/06\/29\/flamengo-entra-na-briga-com-o-botafogo-para-contratar-volante-do-benfica\/\",\"name\":\"Flamengo entra na briga com o Botafogo para contratar volante do Benfica\",\"isPartOf\":{\"@id\":\"https:\/\/www.gaveanews.com\/#website\"},\"primaryImageOfPage\":{\"@id\":\"https:\/\/www.gaveanews.com\/index.php\/2022\/06\/29\/flamengo-entra-na-briga-com-o-botafogo-para-contratar-volante-do-benfica\/#primaryimage\"},\"image\":{\"@id\":\"https:\/\/www.gaveanews.com\/index.php\/2022\/06\/29\/flamengo-entra-na-briga-com-o-botafogo-para-contratar-volante-do-benfica\/#primaryimage\"},\"thumbnailUrl\":\"https:\/\/www.gaveanews.com\/wp-content\/uploads\/Gabriel-Pires-em-acao-pelo-Benfica.webp\",\"datePublished\":\"2022-06-29T16:46:48+00:00\",\"author\":{\"@id\":\"https:\/\/www.gaveanews.com\/#\/schema\/person\/2ec14f73fb96be2caf28f91afb14749d\"},\"breadcrumb\":{\"@id\":\"https:\/\/www.gaveanews.com\/index.php\/2022\/06\/29\/flamengo-entra-na-briga-com-o-botafogo-para-contratar-volante-do-benfica\/#breadcrumb\"},\"inLanguage\":\"pt-BR\",\"potentialAction\":[{\"@type\":\"ReadAction\",\"target\":[\"https:\/\/www.gaveanews.com\/index.php\/2022\/06\/29\/flamengo-entra-na-briga-com-o-botafogo-para-contratar-volante-do-benfica\/\"]}]},{\"@type\":\"ImageObject\",\"inLanguage\":\"pt-BR\",\"@id\":\"https:\/\/www.gaveanews.com\/index.php\/2022\/06\/29\/flamengo-entra-na-briga-com-o-botafogo-para-contratar-volante-do-benfica\/#primaryimage\",\"url\":\"https:\/\/www.gaveanews.com\/wp-content\/uploads\/Gabriel-Pires-em-acao-pelo-Benfica.webp\",\"contentUrl\":\"https:\/\/www.gaveanews.com\/wp-content\/uploads\/Gabriel-Pires-em-acao-pelo-Benfica.webp\",\"width\":1024,\"height\":683,\"caption\":\"Gabriel Pires em a\u00e7\u00e3o pelo Benfica (Foto: Divulga\u00e7\u00e3o)\"},{\"@type\":\"BreadcrumbList\",\"@id\":\"https:\/\/www.gaveanews.com\/index.php\/2022\/06\/29\/flamengo-entra-na-briga-com-o-botafogo-para-contratar-volante-do-benfica\/#breadcrumb\",\"itemListElement\":[{\"@type\":\"ListItem\",\"position\":1,\"name\":\"Home\",\"item\":\"https:\/\/www.gaveanews.com\/\"},{\"@type\":\"ListItem\",\"position\":2,\"name\":\"Flamengo entra na briga com o Botafogo para contratar volante do Benfica\"}]},{\"@type\":\"WebSite\",\"@id\":\"https:\/\/www.gaveanews.com\/#website\",\"url\":\"https:\/\/www.gaveanews.com\/\",\"name\":\"G\u00e1vea News\",\"description\":\"Veja todas as not\u00edcias sobre o Flamengo: Contrata\u00e7\u00f5es, categorias de base, resultados das partidas, tabela de classifica\u00e7\u00e3o, pr\u00f3ximos jogos!\",\"potentialAction\":[{\"@type\":\"SearchAction\",\"target\":{\"@type\":\"EntryPoint\",\"urlTemplate\":\"https:\/\/www.gaveanews.com\/?s={search_term_string}\"},\"query-input\":{\"@type\":\"PropertyValueSpecification\",\"valueRequired\":true,\"valueName\":\"search_term_string\"}}],\"inLanguage\":\"pt-BR\"},{\"@type\":\"Person\",\"@id\":\"https:\/\/www.gaveanews.com\/#\/schema\/person\/2ec14f73fb96be2caf28f91afb14749d\",\"name\":\"Equipe G\u00e1vea News\",\"image\":{\"@type\":\"ImageObject\",\"inLanguage\":\"pt-BR\",\"@id\":\"https:\/\/www.gaveanews.com\/#\/schema\/person\/image\/\",\"url\":\"https:\/\/secure.gravatar.com\/avatar\/1e1956f1facbffd3f8fa53a326721950116b3b9dc9bd44939c01180fd4a745a9?s=96&d=mm&r=g\",\"contentUrl\":\"https:\/\/secure.gravatar.com\/avatar\/1e1956f1facbffd3f8fa53a326721950116b3b9dc9bd44939c01180fd4a745a9?s=96&d=mm&r=g\",\"caption\":\"Equipe G\u00e1vea News\"}}]}<\/script>\n<!-- \/ Yoast SEO Premium plugin. -->","yoast_head_json":{"title":"Flamengo entra na briga com o Botafogo para contratar volante do Benfica","robots":{"index":"index","follow":"follow","max-snippet":"max-snippet:-1","max-image-preview":"max-image-preview:large","max-video-preview":"max-video-preview:-1"},"canonical":"https:\/\/www.gaveanews.com\/index.php\/2022\/06\/29\/flamengo-entra-na-briga-com-o-botafogo-para-contratar-volante-do-benfica\/","og_locale":"pt_BR","og_type":"article","og_title":"Flamengo entra na briga com o Botafogo para contratar volante do Benfica","og_description":"De acordo com o jornal portugu\u00eas \u201cA Bola\u201c, o Flamengo entrou na briga com o Botafogo pela contrata\u00e7\u00e3o do volante Gabriel Pires, do Benfica. O nome do jogador foi cogitado no rubro-negro no ano passado e, agora, em busca de op\u00e7\u00f5es para o meio-campo, voltou ao radar. Gabriel disputou a \u00faltima temporada emprestado ao Al-Gharafa, [&hellip;]","og_url":"https:\/\/www.gaveanews.com\/index.php\/2022\/06\/29\/flamengo-entra-na-briga-com-o-botafogo-para-contratar-volante-do-benfica\/","og_site_name":"G\u00e1vea News","article_publisher":"https:\/\/facebook.com\/gaveaNews\/","article_published_time":"2022-06-29T16:46:48+00:00","og_image":[{"width":1024,"height":683,"url":"https:\/\/www.gaveanews.com\/wp-content\/uploads\/Gabriel-Pires-em-acao-pelo-Benfica.webp","type":"image\/webp"}],"author":"Equipe G\u00e1vea News","twitter_card":"summary_large_image","twitter_misc":{"Escrito por":"Equipe G\u00e1vea News","Est. tempo de leitura":"1 minuto"},"schema":{"@context":"https:\/\/schema.org","@graph":[{"@type":"NewsArticle","@id":"https:\/\/www.gaveanews.com\/index.php\/2022\/06\/29\/flamengo-entra-na-briga-com-o-botafogo-para-contratar-volante-do-benfica\/#article","isPartOf":{"@id":"https:\/\/www.gaveanews.com\/index.php\/2022\/06\/29\/flamengo-entra-na-briga-com-o-botafogo-para-contratar-volante-do-benfica\/"},"author":{"name":"Equipe G\u00e1vea News","@id":"https:\/\/www.gaveanews.com\/#\/schema\/person\/2ec14f73fb96be2caf28f91afb14749d"},"headline":"Flamengo entra na briga com o Botafogo para contratar volante do Benfica","datePublished":"2022-06-29T16:46:48+00:00","mainEntityOfPage":{"@id":"https:\/\/www.gaveanews.com\/index.php\/2022\/06\/29\/flamengo-entra-na-briga-com-o-botafogo-para-contratar-volante-do-benfica\/"},"wordCount":180,"commentCount":0,"image":{"@id":"https:\/\/www.gaveanews.com\/index.php\/2022\/06\/29\/flamengo-entra-na-briga-com-o-botafogo-para-contratar-volante-do-benfica\/#primaryimage"},"thumbnailUrl":"https:\/\/www.gaveanews.com\/wp-content\/uploads\/Gabriel-Pires-em-acao-pelo-Benfica.webp","articleSection":["Negocia\u00e7\u00f5es"],"inLanguage":"pt-BR","potentialAction":[{"@type":"CommentAction","name":"Comment","target":["https:\/\/www.gaveanews.com\/index.php\/2022\/06\/29\/flamengo-entra-na-briga-com-o-botafogo-para-contratar-volante-do-benfica\/#respond"]}],"copyrightYear":"2022","copyrightHolder":{"@id":"https:\/\/www.gaveanews.com\/#organization"}},{"@type":"WebPage","@id":"https:\/\/www.gaveanews.com\/index.php\/2022\/06\/29\/flamengo-entra-na-briga-com-o-botafogo-para-contratar-volante-do-benfica\/","url":"https:\/\/www.gaveanews.com\/index.php\/2022\/06\/29\/flamengo-entra-na-briga-com-o-botafogo-para-contratar-volante-do-benfica\/","name":"Flamengo entra na briga com o Botafogo para contratar volante do Benfica","isPartOf":{"@id":"https:\/\/www.gaveanews.com\/#website"},"primaryImageOfPage":{"@id":"https:\/\/www.gaveanews.com\/index.php\/2022\/06\/29\/flamengo-entra-na-briga-com-o-botafogo-para-contratar-volante-do-benfica\/#primaryimage"},"image":{"@id":"https:\/\/www.gaveanews.com\/index.php\/2022\/06\/29\/flamengo-entra-na-briga-com-o-botafogo-para-contratar-volante-do-benfica\/#primaryimage"},"thumbnailUrl":"https:\/\/www.gaveanews.com\/wp-content\/uploads\/Gabriel-Pires-em-acao-pelo-Benfica.webp","datePublished":"2022-06-29T16:46:48+00:00","author":{"@id":"https:\/\/www.gaveanews.com\/#\/schema\/person\/2ec14f73fb96be2caf28f91afb14749d"},"breadcrumb":{"@id":"https:\/\/www.gaveanews.com\/index.php\/2022\/06\/29\/flamengo-entra-na-briga-com-o-botafogo-para-contratar-volante-do-benfica\/#breadcrumb"},"inLanguage":"pt-BR","potentialAction":[{"@type":"ReadAction","target":["https:\/\/www.gaveanews.com\/index.php\/2022\/06\/29\/flamengo-entra-na-briga-com-o-botafogo-para-contratar-volante-do-benfica\/"]}]},{"@type":"ImageObject","inLanguage":"pt-BR","@id":"https:\/\/www.gaveanews.com\/index.php\/2022\/06\/29\/flamengo-entra-na-briga-com-o-botafogo-para-contratar-volante-do-benfica\/#primaryimage","url":"https:\/\/www.gaveanews.com\/wp-content\/uploads\/Gabriel-Pires-em-acao-pelo-Benfica.webp","contentUrl":"https:\/\/www.gaveanews.com\/wp-content\/uploads\/Gabriel-Pires-em-acao-pelo-Benfica.webp","width":1024,"height":683,"caption":"Gabriel Pires em a\u00e7\u00e3o pelo Benfica (Foto: Divulga\u00e7\u00e3o)"},{"@type":"BreadcrumbList","@id":"https:\/\/www.gaveanews.com\/index.php\/2022\/06\/29\/flamengo-entra-na-briga-com-o-botafogo-para-contratar-volante-do-benfica\/#breadcrumb","itemListElement":[{"@type":"ListItem","position":1,"name":"Home","item":"https:\/\/www.gaveanews.com\/"},{"@type":"ListItem","position":2,"name":"Flamengo entra na briga com o Botafogo para contratar volante do Benfica"}]},{"@type":"WebSite","@id":"https:\/\/www.gaveanews.com\/#website","url":"https:\/\/www.gaveanews.com\/","name":"G\u00e1vea News","description":"Veja todas as not\u00edcias sobre o Flamengo: Contrata\u00e7\u00f5es, categorias de base, resultados das partidas, tabela de classifica\u00e7\u00e3o, pr\u00f3ximos jogos!","potentialAction":[{"@type":"SearchAction","target":{"@type":"EntryPoint","urlTemplate":"https:\/\/www.gaveanews.com\/?s={search_term_string}"},"query-input":{"@type":"PropertyValueSpecification","valueRequired":true,"valueName":"search_term_string"}}],"inLanguage":"pt-BR"},{"@type":"Person","@id":"https:\/\/www.gaveanews.com\/#\/schema\/person\/2ec14f73fb96be2caf28f91afb14749d","name":"Equipe G\u00e1vea News","image":{"@type":"ImageObject","inLanguage":"pt-BR","@id":"https:\/\/www.gaveanews.com\/#\/schema\/person\/image\/","url":"https:\/\/secure.gravatar.com\/avatar\/1e1956f1facbffd3f8fa53a326721950116b3b9dc9bd44939c01180fd4a745a9?s=96&d=mm&r=g","contentUrl":"https:\/\/secure.gravatar.com\/avatar\/1e1956f1facbffd3f8fa53a326721950116b3b9dc9bd44939c01180fd4a745a9?s=96&d=mm&r=g","caption":"Equipe G\u00e1vea News"}}]}},"_links":{"self":[{"href":"https:\/\/www.gaveanews.com\/index.php\/wp-json\/wp\/v2\/posts\/83960","targetHints":{"allow":["GET"]}}],"collection":[{"href":"https:\/\/www.gaveanews.com\/index.php\/wp-json\/wp\/v2\/posts"}],"about":[{"href":"https:\/\/www.gaveanews.com\/index.php\/wp-json\/wp\/v2\/types\/post"}],"author":[{"embeddable":true,"href":"https:\/\/www.gaveanews.com\/index.php\/wp-json\/wp\/v2\/users\/1"}],"replies":[{"embeddable":true,"href":"https:\/\/www.gaveanews.com\/index.php\/wp-json\/wp\/v2\/comments?post=83960"}],"version-history":[{"count":0,"href":"https:\/\/www.gaveanews.com\/index.php\/wp-json\/wp\/v2\/posts\/83960\/revisions"}],"wp:featuredmedia":[{"embeddable":true,"href":"https:\/\/www.gaveanews.com\/index.php\/wp-json\/wp\/v2\/media\/83961"}],"wp:attachment":[{"href":"https:\/\/www.gaveanews.com\/index.php\/wp-json\/wp\/v2\/media?parent=83960"}],"wp:term":[{"taxonomy":"category","embeddable":true,"href":"https:\/\/www.gaveanews.com\/index.php\/wp-json\/wp\/v2\/categories?post=83960"},{"taxonomy":"post_tag","embeddable":true,"href":"https:\/\/www.gaveanews.com\/index.php\/wp-json\/wp\/v2\/tags?post=83960"}],"curies":[{"name":"wp","href":"https:\/\/api.w.org\/{rel}","templated":true}]}}