{"id":83968,"date":"2022-06-29T17:56:25","date_gmt":"2022-06-29T20:56:25","guid":{"rendered":"https:\/\/www.gaveanews.com\/?p=83968"},"modified":"2024-01-28T08:31:59","modified_gmt":"2024-01-28T11:31:59","slug":"saiu-veja-a-escalacao-oficial-do-flamengo-para-o-jogo-contra-o-tolima","status":"publish","type":"post","link":"https:\/\/www.gaveanews.com\/index.php\/2022\/06\/29\/saiu-veja-a-escalacao-oficial-do-flamengo-para-o-jogo-contra-o-tolima\/","title":{"rendered":"Saiu! Veja a escala\u00e7\u00e3o oficial do Flamengo para o jogo contra o Tolima"},"content":{"rendered":"<p>Nesta noite (29), o Flamengo vai a campo pelo primeiro jogo v\u00e1lido pelas oitavas de final da Libertadores. A equipe da G\u00e1vea visita o Tolima no duelo que inicia \u00e0s 21h30 (hor\u00e1rio de Bras\u00edlia), no Manuel Murillo Toro.<\/p>\n<p>Ap\u00f3s vencer o Am\u00e9rica-MG em casa, o Mais Querido busca um saldo positivo e, \u00e9 claro, a vantagem para a decis\u00e3o por uma vaga nas quartas de final da competi\u00e7\u00e3o continental. Lembrando que o jogo da volta acontece na pr\u00f3xima quarta-feira (06), no Maracan\u00e3, neste mesmo hor\u00e1rio.<\/p>\n<p>Como de costume, o <a href=\"http:\/\/gaveanews.com\">G\u00e1vea News<\/a> preparou um apanhado com as principais informa\u00e7\u00f5es do jogo para o torcedor rubro-negro.\u00a0<strong>Confira as informa\u00e7\u00f5es abaixo:<\/strong><\/p>\n<h2><strong>Situa\u00e7\u00e3o do advers\u00e1rio<\/strong><\/h2>\n<p>No \u00faltimo final de semana, o time do Tolima amargurou a segunda coloca\u00e7\u00e3o no Campeonato Colombiano. No placar agregado, o Atl\u00e9tico Nacional venceu por 4&#215;3 e foi sagrou-se campe\u00e3o. Dado o resultado negativo, a torcida n\u00e3o ir\u00e1 lotar o est\u00e1dio. De forma antecipada, apenas 18 mil ingressos foram vendidos.<\/p>\n<p>Al\u00e9m dessa quest\u00e3o, cita-se o \u00f3timo retrospecto do Flamengo contra times colombianos na Libertadores. O Mais Querido n\u00e3o perde para um clube da Col\u00f4mbia h\u00e1 20 anos.<\/p>\n<h2><strong>Transmiss\u00e3o<\/strong><\/h2>\n<p>Desta vez, os canais Disney ficar\u00e3o respons\u00e1veis pela cobertura do evento. De acordo com a escala da emissora, o confronto ser\u00e1 transmitido pela ESPN e pelo Star+.<\/p>\n<h2><strong>Desfalques<\/strong><\/h2>\n<p>Ao todo o time contar\u00e1 com onze baixas. <a href=\"https:\/\/www.gaveanews.com\/index.php\/2022\/06\/28\/dorival-junior-e-punido-pela-conmebol-e-nao-comandara-o-flamengo-no-jogo-de-ida-contra-o-tolima\/\">A come\u00e7ar pela comiss\u00e3o t\u00e9cnica, Dorival J\u00fanior est\u00e1 suspenso devido a infra\u00e7\u00f5es enquanto comandava o Cear\u00e1.<\/a><\/p>\n<p>Quanto aos jogadores, Bruno Henrique e Rodrigo Caio est\u00e3o sob os cuidados do departamento m\u00e9dico. <a href=\"https:\/\/www.gaveanews.com\/index.php\/2022\/06\/26\/bruno-henrique-manda-recado-para-a-torcida-do-flamengo\/\">O atacante passou por cirurgia de reconstru\u00e7\u00e3o dos ligamentos do joelho direito<\/a>, enquanto <a href=\"https:\/\/www.gaveanews.com\/index.php\/2022\/06\/28\/rodrigo-caio-testa-negativo-para-covid-e-desfalca-o-flamengo-por-questao-fisica\/\">o camisa 3 trata tendinite no joelho esquerdo.<\/a><\/p>\n<p><a href=\"https:\/\/www.gaveanews.com\/index.php\/2022\/06\/27\/tolima-x-flamengo-rodrigo-caio-bruno-henrique-diego-alves-joao-gomes-willian-arao-fabricio-bruno-matheus-franca-daniel-cabral-kaua-e-matheus-cunha-serao-os-desfalques-do-rubro-negro\/\">A lista dos atletas que ficaram no Brasil ainda conta com Diego Alves, Matheus Cunha, Kau\u00e3, Fabr\u00edcio Bruno, Daniel Cabral, Willian Ar\u00e3o e Matheus Fran\u00e7a, todos estes com Covid.<\/a> Por fim, Jo\u00e3o Gomes cumpre suspens\u00e3o e tamb\u00e9m fica de fora.<\/p>\n<h2><strong>Escala\u00e7\u00e3o do Flamengo<\/strong><\/h2>\n<p>Santos; Rodinei, David Luiz, L\u00e9o Pereira e Filipe Lu\u00eds; Diego, Andreas e Thiago Maia; Everton Ribeiro, Arrascaeta e Gabigol.<\/p>\n<h2><strong>Banco de reservas do Flamengo<\/strong><\/h2>\n<p>Hugo, Matheuzinho, Wesley, Pablo, Gustavo Henrique, Cleiton, Ayrton Lucas, L\u00e1zaro, Marinho, Vitinho, Victor Hugo e Pedro.<\/p>\n<h2><strong>Escala\u00e7\u00e3o do Tolima<\/strong><\/h2>\n<p>Dominguez; Riascos, Qui\u00f1onez, Moya e Angulo; Rovira, Ure\u00f1a, Garcia; Miranda, Mina e Caicedo.<\/p>\n<h2><strong>Arbitragem<\/strong><\/h2>\n<ul class=\"content-unordered-list\">\n<li>\u00c1rbitro: Jesus Valenzuela (VEN)<\/li>\n<li>Assistente 1: Jorge Urrego (VEN)<\/li>\n<li>Assistente 2: T\u00falio Moreno (VEN)<\/li>\n<li>VAR: Andres Cunha (URU)<\/li>\n<\/ul>\n<h2><strong>Sua opini\u00e3o!<\/strong><\/h2>\n<p>E a\u00ed? O que voc\u00ea achou da escala\u00e7\u00e3o do Flamengo para esta noite? Conte para n\u00f3s sua opini\u00e3o nos coment\u00e1rios abaixo!<\/p>\n","protected":false},"excerpt":{"rendered":"<p>Nesta noite (29), o Flamengo vai a campo pelo primeiro jogo v\u00e1lido pelas oitavas de final da Libertadores. A equipe da G\u00e1vea visita o Tolima no duelo que inicia \u00e0s 21h30 (hor\u00e1rio de Bras\u00edlia), no Manuel Murillo Toro. Ap\u00f3s vencer o Am\u00e9rica-MG em casa, o Mais Querido busca um saldo positivo e, \u00e9 claro, a [&hellip;]<\/p>\n","protected":false},"author":4,"featured_media":83199,"comment_status":"open","ping_status":"closed","sticky":false,"template":"","format":"standard","meta":{"footnotes":""},"categories":[47],"tags":[],"class_list":["post-83968","post","type-post","status-publish","format-standard","has-post-thumbnail","hentry","category-destaques"],"yoast_head":"<!-- This site is optimized with the Yoast SEO Premium plugin v24.2 (Yoast SEO v26.9) - https:\/\/yoast.com\/product\/yoast-seo-premium-wordpress\/ -->\n<title>Saiu! Veja a escala\u00e7\u00e3o oficial do Flamengo para o jogo contra o Tolima<\/title>\n<meta name=\"robots\" content=\"index, follow, max-snippet:-1, max-image-preview:large, max-video-preview:-1\" \/>\n<link rel=\"canonical\" href=\"https:\/\/www.gaveanews.com\/index.php\/2022\/06\/29\/saiu-veja-a-escalacao-oficial-do-flamengo-para-o-jogo-contra-o-tolima\/\" \/>\n<meta property=\"og:locale\" content=\"pt_BR\" \/>\n<meta property=\"og:type\" content=\"article\" \/>\n<meta property=\"og:title\" content=\"Saiu! Veja a escala\u00e7\u00e3o oficial do Flamengo para o jogo contra o Tolima\" \/>\n<meta property=\"og:description\" content=\"Nesta noite (29), o Flamengo vai a campo pelo primeiro jogo v\u00e1lido pelas oitavas de final da Libertadores. A equipe da G\u00e1vea visita o Tolima no duelo que inicia \u00e0s 21h30 (hor\u00e1rio de Bras\u00edlia), no Manuel Murillo Toro. Ap\u00f3s vencer o Am\u00e9rica-MG em casa, o Mais Querido busca um saldo positivo e, \u00e9 claro, a [&hellip;]\" \/>\n<meta property=\"og:url\" content=\"https:\/\/www.gaveanews.com\/index.php\/2022\/06\/29\/saiu-veja-a-escalacao-oficial-do-flamengo-para-o-jogo-contra-o-tolima\/\" \/>\n<meta property=\"og:site_name\" content=\"G\u00e1vea News\" \/>\n<meta property=\"article:publisher\" content=\"https:\/\/facebook.com\/gaveaNews\/\" \/>\n<meta property=\"article:published_time\" content=\"2022-06-29T20:56:25+00:00\" \/>\n<meta property=\"article:modified_time\" content=\"2024-01-28T11:31:59+00:00\" \/>\n<meta property=\"og:image\" content=\"https:\/\/www.gaveanews.com\/wp-content\/uploads\/Escalacao-oficial-do-Flamengo.webp\" \/>\n\t<meta property=\"og:image:width\" content=\"2048\" \/>\n\t<meta property=\"og:image:height\" content=\"1363\" \/>\n\t<meta property=\"og:image:type\" content=\"image\/webp\" \/>\n<meta name=\"author\" content=\"Let\u00edcia Gerheim\" \/>\n<meta name=\"twitter:card\" content=\"summary_large_image\" \/>\n<meta name=\"twitter:label1\" content=\"Escrito por\" \/>\n\t<meta name=\"twitter:data1\" content=\"Let\u00edcia Gerheim\" \/>\n\t<meta name=\"twitter:label2\" content=\"Est. tempo de leitura\" \/>\n\t<meta name=\"twitter:data2\" content=\"3 minutos\" \/>\n<script type=\"application\/ld+json\" class=\"yoast-schema-graph\">{\"@context\":\"https:\/\/schema.org\",\"@graph\":[{\"@type\":\"NewsArticle\",\"@id\":\"https:\/\/www.gaveanews.com\/index.php\/2022\/06\/29\/saiu-veja-a-escalacao-oficial-do-flamengo-para-o-jogo-contra-o-tolima\/#article\",\"isPartOf\":{\"@id\":\"https:\/\/www.gaveanews.com\/index.php\/2022\/06\/29\/saiu-veja-a-escalacao-oficial-do-flamengo-para-o-jogo-contra-o-tolima\/\"},\"author\":{\"name\":\"Let\u00edcia Gerheim\",\"@id\":\"https:\/\/www.gaveanews.com\/#\/schema\/person\/714c67050b836198af2450ba1c142a67\"},\"headline\":\"Saiu! Veja a escala\u00e7\u00e3o oficial do Flamengo para o jogo contra o Tolima\",\"datePublished\":\"2022-06-29T20:56:25+00:00\",\"dateModified\":\"2024-01-28T11:31:59+00:00\",\"mainEntityOfPage\":{\"@id\":\"https:\/\/www.gaveanews.com\/index.php\/2022\/06\/29\/saiu-veja-a-escalacao-oficial-do-flamengo-para-o-jogo-contra-o-tolima\/\"},\"wordCount\":477,\"commentCount\":0,\"image\":{\"@id\":\"https:\/\/www.gaveanews.com\/index.php\/2022\/06\/29\/saiu-veja-a-escalacao-oficial-do-flamengo-para-o-jogo-contra-o-tolima\/#primaryimage\"},\"thumbnailUrl\":\"https:\/\/www.gaveanews.com\/wp-content\/uploads\/Escalacao-oficial-do-Flamengo.webp\",\"articleSection\":[\"Destaques\"],\"inLanguage\":\"pt-BR\",\"potentialAction\":[{\"@type\":\"CommentAction\",\"name\":\"Comment\",\"target\":[\"https:\/\/www.gaveanews.com\/index.php\/2022\/06\/29\/saiu-veja-a-escalacao-oficial-do-flamengo-para-o-jogo-contra-o-tolima\/#respond\"]}],\"copyrightYear\":\"2022\",\"copyrightHolder\":{\"@id\":\"https:\/\/www.gaveanews.com\/#organization\"}},{\"@type\":\"WebPage\",\"@id\":\"https:\/\/www.gaveanews.com\/index.php\/2022\/06\/29\/saiu-veja-a-escalacao-oficial-do-flamengo-para-o-jogo-contra-o-tolima\/\",\"url\":\"https:\/\/www.gaveanews.com\/index.php\/2022\/06\/29\/saiu-veja-a-escalacao-oficial-do-flamengo-para-o-jogo-contra-o-tolima\/\",\"name\":\"Saiu! Veja a escala\u00e7\u00e3o oficial do Flamengo para o jogo contra o Tolima\",\"isPartOf\":{\"@id\":\"https:\/\/www.gaveanews.com\/#website\"},\"primaryImageOfPage\":{\"@id\":\"https:\/\/www.gaveanews.com\/index.php\/2022\/06\/29\/saiu-veja-a-escalacao-oficial-do-flamengo-para-o-jogo-contra-o-tolima\/#primaryimage\"},\"image\":{\"@id\":\"https:\/\/www.gaveanews.com\/index.php\/2022\/06\/29\/saiu-veja-a-escalacao-oficial-do-flamengo-para-o-jogo-contra-o-tolima\/#primaryimage\"},\"thumbnailUrl\":\"https:\/\/www.gaveanews.com\/wp-content\/uploads\/Escalacao-oficial-do-Flamengo.webp\",\"datePublished\":\"2022-06-29T20:56:25+00:00\",\"dateModified\":\"2024-01-28T11:31:59+00:00\",\"author\":{\"@id\":\"https:\/\/www.gaveanews.com\/#\/schema\/person\/714c67050b836198af2450ba1c142a67\"},\"breadcrumb\":{\"@id\":\"https:\/\/www.gaveanews.com\/index.php\/2022\/06\/29\/saiu-veja-a-escalacao-oficial-do-flamengo-para-o-jogo-contra-o-tolima\/#breadcrumb\"},\"inLanguage\":\"pt-BR\",\"potentialAction\":[{\"@type\":\"ReadAction\",\"target\":[\"https:\/\/www.gaveanews.com\/index.php\/2022\/06\/29\/saiu-veja-a-escalacao-oficial-do-flamengo-para-o-jogo-contra-o-tolima\/\"]}]},{\"@type\":\"ImageObject\",\"inLanguage\":\"pt-BR\",\"@id\":\"https:\/\/www.gaveanews.com\/index.php\/2022\/06\/29\/saiu-veja-a-escalacao-oficial-do-flamengo-para-o-jogo-contra-o-tolima\/#primaryimage\",\"url\":\"https:\/\/www.gaveanews.com\/wp-content\/uploads\/Escalacao-oficial-do-Flamengo.webp\",\"contentUrl\":\"https:\/\/www.gaveanews.com\/wp-content\/uploads\/Escalacao-oficial-do-Flamengo.webp\",\"width\":2048,\"height\":1363,\"caption\":\"Escala\u00e7\u00e3o oficial do Flamengo (Ilustra\u00e7\u00e3o: Editoria de Arte\/GaveaNews.com)\"},{\"@type\":\"BreadcrumbList\",\"@id\":\"https:\/\/www.gaveanews.com\/index.php\/2022\/06\/29\/saiu-veja-a-escalacao-oficial-do-flamengo-para-o-jogo-contra-o-tolima\/#breadcrumb\",\"itemListElement\":[{\"@type\":\"ListItem\",\"position\":1,\"name\":\"Home\",\"item\":\"https:\/\/www.gaveanews.com\/\"},{\"@type\":\"ListItem\",\"position\":2,\"name\":\"Saiu! Veja a escala\u00e7\u00e3o oficial do Flamengo para o jogo contra o Tolima\"}]},{\"@type\":\"WebSite\",\"@id\":\"https:\/\/www.gaveanews.com\/#website\",\"url\":\"https:\/\/www.gaveanews.com\/\",\"name\":\"G\u00e1vea News\",\"description\":\"Veja todas as not\u00edcias sobre o Flamengo: Contrata\u00e7\u00f5es, categorias de base, resultados das partidas, tabela de classifica\u00e7\u00e3o, pr\u00f3ximos jogos!\",\"potentialAction\":[{\"@type\":\"SearchAction\",\"target\":{\"@type\":\"EntryPoint\",\"urlTemplate\":\"https:\/\/www.gaveanews.com\/?s={search_term_string}\"},\"query-input\":{\"@type\":\"PropertyValueSpecification\",\"valueRequired\":true,\"valueName\":\"search_term_string\"}}],\"inLanguage\":\"pt-BR\"},{\"@type\":\"Person\",\"@id\":\"https:\/\/www.gaveanews.com\/#\/schema\/person\/714c67050b836198af2450ba1c142a67\",\"name\":\"Let\u00edcia Gerheim\",\"image\":{\"@type\":\"ImageObject\",\"inLanguage\":\"pt-BR\",\"@id\":\"https:\/\/www.gaveanews.com\/#\/schema\/person\/image\/\",\"url\":\"https:\/\/secure.gravatar.com\/avatar\/60734739c50fcebfbac509e2a826ccd0ff405c019bc73aab9354f19ecad1dcb4?s=96&d=mm&r=g\",\"contentUrl\":\"https:\/\/secure.gravatar.com\/avatar\/60734739c50fcebfbac509e2a826ccd0ff405c019bc73aab9354f19ecad1dcb4?s=96&d=mm&r=g\",\"caption\":\"Let\u00edcia Gerheim\"}}]}<\/script>\n<!-- \/ Yoast SEO Premium plugin. -->","yoast_head_json":{"title":"Saiu! Veja a escala\u00e7\u00e3o oficial do Flamengo para o jogo contra o Tolima","robots":{"index":"index","follow":"follow","max-snippet":"max-snippet:-1","max-image-preview":"max-image-preview:large","max-video-preview":"max-video-preview:-1"},"canonical":"https:\/\/www.gaveanews.com\/index.php\/2022\/06\/29\/saiu-veja-a-escalacao-oficial-do-flamengo-para-o-jogo-contra-o-tolima\/","og_locale":"pt_BR","og_type":"article","og_title":"Saiu! Veja a escala\u00e7\u00e3o oficial do Flamengo para o jogo contra o Tolima","og_description":"Nesta noite (29), o Flamengo vai a campo pelo primeiro jogo v\u00e1lido pelas oitavas de final da Libertadores. A equipe da G\u00e1vea visita o Tolima no duelo que inicia \u00e0s 21h30 (hor\u00e1rio de Bras\u00edlia), no Manuel Murillo Toro. Ap\u00f3s vencer o Am\u00e9rica-MG em casa, o Mais Querido busca um saldo positivo e, \u00e9 claro, a [&hellip;]","og_url":"https:\/\/www.gaveanews.com\/index.php\/2022\/06\/29\/saiu-veja-a-escalacao-oficial-do-flamengo-para-o-jogo-contra-o-tolima\/","og_site_name":"G\u00e1vea News","article_publisher":"https:\/\/facebook.com\/gaveaNews\/","article_published_time":"2022-06-29T20:56:25+00:00","article_modified_time":"2024-01-28T11:31:59+00:00","og_image":[{"width":2048,"height":1363,"url":"https:\/\/www.gaveanews.com\/wp-content\/uploads\/Escalacao-oficial-do-Flamengo.webp","type":"image\/webp"}],"author":"Let\u00edcia Gerheim","twitter_card":"summary_large_image","twitter_misc":{"Escrito por":"Let\u00edcia Gerheim","Est. tempo de leitura":"3 minutos"},"schema":{"@context":"https:\/\/schema.org","@graph":[{"@type":"NewsArticle","@id":"https:\/\/www.gaveanews.com\/index.php\/2022\/06\/29\/saiu-veja-a-escalacao-oficial-do-flamengo-para-o-jogo-contra-o-tolima\/#article","isPartOf":{"@id":"https:\/\/www.gaveanews.com\/index.php\/2022\/06\/29\/saiu-veja-a-escalacao-oficial-do-flamengo-para-o-jogo-contra-o-tolima\/"},"author":{"name":"Let\u00edcia Gerheim","@id":"https:\/\/www.gaveanews.com\/#\/schema\/person\/714c67050b836198af2450ba1c142a67"},"headline":"Saiu! Veja a escala\u00e7\u00e3o oficial do Flamengo para o jogo contra o Tolima","datePublished":"2022-06-29T20:56:25+00:00","dateModified":"2024-01-28T11:31:59+00:00","mainEntityOfPage":{"@id":"https:\/\/www.gaveanews.com\/index.php\/2022\/06\/29\/saiu-veja-a-escalacao-oficial-do-flamengo-para-o-jogo-contra-o-tolima\/"},"wordCount":477,"commentCount":0,"image":{"@id":"https:\/\/www.gaveanews.com\/index.php\/2022\/06\/29\/saiu-veja-a-escalacao-oficial-do-flamengo-para-o-jogo-contra-o-tolima\/#primaryimage"},"thumbnailUrl":"https:\/\/www.gaveanews.com\/wp-content\/uploads\/Escalacao-oficial-do-Flamengo.webp","articleSection":["Destaques"],"inLanguage":"pt-BR","potentialAction":[{"@type":"CommentAction","name":"Comment","target":["https:\/\/www.gaveanews.com\/index.php\/2022\/06\/29\/saiu-veja-a-escalacao-oficial-do-flamengo-para-o-jogo-contra-o-tolima\/#respond"]}],"copyrightYear":"2022","copyrightHolder":{"@id":"https:\/\/www.gaveanews.com\/#organization"}},{"@type":"WebPage","@id":"https:\/\/www.gaveanews.com\/index.php\/2022\/06\/29\/saiu-veja-a-escalacao-oficial-do-flamengo-para-o-jogo-contra-o-tolima\/","url":"https:\/\/www.gaveanews.com\/index.php\/2022\/06\/29\/saiu-veja-a-escalacao-oficial-do-flamengo-para-o-jogo-contra-o-tolima\/","name":"Saiu! Veja a escala\u00e7\u00e3o oficial do Flamengo para o jogo contra o Tolima","isPartOf":{"@id":"https:\/\/www.gaveanews.com\/#website"},"primaryImageOfPage":{"@id":"https:\/\/www.gaveanews.com\/index.php\/2022\/06\/29\/saiu-veja-a-escalacao-oficial-do-flamengo-para-o-jogo-contra-o-tolima\/#primaryimage"},"image":{"@id":"https:\/\/www.gaveanews.com\/index.php\/2022\/06\/29\/saiu-veja-a-escalacao-oficial-do-flamengo-para-o-jogo-contra-o-tolima\/#primaryimage"},"thumbnailUrl":"https:\/\/www.gaveanews.com\/wp-content\/uploads\/Escalacao-oficial-do-Flamengo.webp","datePublished":"2022-06-29T20:56:25+00:00","dateModified":"2024-01-28T11:31:59+00:00","author":{"@id":"https:\/\/www.gaveanews.com\/#\/schema\/person\/714c67050b836198af2450ba1c142a67"},"breadcrumb":{"@id":"https:\/\/www.gaveanews.com\/index.php\/2022\/06\/29\/saiu-veja-a-escalacao-oficial-do-flamengo-para-o-jogo-contra-o-tolima\/#breadcrumb"},"inLanguage":"pt-BR","potentialAction":[{"@type":"ReadAction","target":["https:\/\/www.gaveanews.com\/index.php\/2022\/06\/29\/saiu-veja-a-escalacao-oficial-do-flamengo-para-o-jogo-contra-o-tolima\/"]}]},{"@type":"ImageObject","inLanguage":"pt-BR","@id":"https:\/\/www.gaveanews.com\/index.php\/2022\/06\/29\/saiu-veja-a-escalacao-oficial-do-flamengo-para-o-jogo-contra-o-tolima\/#primaryimage","url":"https:\/\/www.gaveanews.com\/wp-content\/uploads\/Escalacao-oficial-do-Flamengo.webp","contentUrl":"https:\/\/www.gaveanews.com\/wp-content\/uploads\/Escalacao-oficial-do-Flamengo.webp","width":2048,"height":1363,"caption":"Escala\u00e7\u00e3o oficial do Flamengo (Ilustra\u00e7\u00e3o: Editoria de Arte\/GaveaNews.com)"},{"@type":"BreadcrumbList","@id":"https:\/\/www.gaveanews.com\/index.php\/2022\/06\/29\/saiu-veja-a-escalacao-oficial-do-flamengo-para-o-jogo-contra-o-tolima\/#breadcrumb","itemListElement":[{"@type":"ListItem","position":1,"name":"Home","item":"https:\/\/www.gaveanews.com\/"},{"@type":"ListItem","position":2,"name":"Saiu! Veja a escala\u00e7\u00e3o oficial do Flamengo para o jogo contra o Tolima"}]},{"@type":"WebSite","@id":"https:\/\/www.gaveanews.com\/#website","url":"https:\/\/www.gaveanews.com\/","name":"G\u00e1vea News","description":"Veja todas as not\u00edcias sobre o Flamengo: Contrata\u00e7\u00f5es, categorias de base, resultados das partidas, tabela de classifica\u00e7\u00e3o, pr\u00f3ximos jogos!","potentialAction":[{"@type":"SearchAction","target":{"@type":"EntryPoint","urlTemplate":"https:\/\/www.gaveanews.com\/?s={search_term_string}"},"query-input":{"@type":"PropertyValueSpecification","valueRequired":true,"valueName":"search_term_string"}}],"inLanguage":"pt-BR"},{"@type":"Person","@id":"https:\/\/www.gaveanews.com\/#\/schema\/person\/714c67050b836198af2450ba1c142a67","name":"Let\u00edcia Gerheim","image":{"@type":"ImageObject","inLanguage":"pt-BR","@id":"https:\/\/www.gaveanews.com\/#\/schema\/person\/image\/","url":"https:\/\/secure.gravatar.com\/avatar\/60734739c50fcebfbac509e2a826ccd0ff405c019bc73aab9354f19ecad1dcb4?s=96&d=mm&r=g","contentUrl":"https:\/\/secure.gravatar.com\/avatar\/60734739c50fcebfbac509e2a826ccd0ff405c019bc73aab9354f19ecad1dcb4?s=96&d=mm&r=g","caption":"Let\u00edcia Gerheim"}}]}},"_links":{"self":[{"href":"https:\/\/www.gaveanews.com\/index.php\/wp-json\/wp\/v2\/posts\/83968","targetHints":{"allow":["GET"]}}],"collection":[{"href":"https:\/\/www.gaveanews.com\/index.php\/wp-json\/wp\/v2\/posts"}],"about":[{"href":"https:\/\/www.gaveanews.com\/index.php\/wp-json\/wp\/v2\/types\/post"}],"author":[{"embeddable":true,"href":"https:\/\/www.gaveanews.com\/index.php\/wp-json\/wp\/v2\/users\/4"}],"replies":[{"embeddable":true,"href":"https:\/\/www.gaveanews.com\/index.php\/wp-json\/wp\/v2\/comments?post=83968"}],"version-history":[{"count":0,"href":"https:\/\/www.gaveanews.com\/index.php\/wp-json\/wp\/v2\/posts\/83968\/revisions"}],"wp:featuredmedia":[{"embeddable":true,"href":"https:\/\/www.gaveanews.com\/index.php\/wp-json\/wp\/v2\/media\/83199"}],"wp:attachment":[{"href":"https:\/\/www.gaveanews.com\/index.php\/wp-json\/wp\/v2\/media?parent=83968"}],"wp:term":[{"taxonomy":"category","embeddable":true,"href":"https:\/\/www.gaveanews.com\/index.php\/wp-json\/wp\/v2\/categories?post=83968"},{"taxonomy":"post_tag","embeddable":true,"href":"https:\/\/www.gaveanews.com\/index.php\/wp-json\/wp\/v2\/tags?post=83968"}],"curies":[{"name":"wp","href":"https:\/\/api.w.org\/{rel}","templated":true}]}}