{"id":83981,"date":"2022-06-29T17:15:08","date_gmt":"2022-06-29T20:15:08","guid":{"rendered":"https:\/\/www.gaveanews.com\/?p=83981"},"modified":"2022-06-29T18:10:42","modified_gmt":"2022-06-29T21:10:42","slug":"antes-de-jogo-contra-o-flamengo-tolima-adverte-seus-torcedores-sobre-cantos-racistas-no-estadio","status":"publish","type":"post","link":"https:\/\/www.gaveanews.com\/index.php\/2022\/06\/29\/antes-de-jogo-contra-o-flamengo-tolima-adverte-seus-torcedores-sobre-cantos-racistas-no-estadio\/","title":{"rendered":"Antes de jogo contra o Flamengo, Tolima adverte seus torcedores sobre cantos racistas no est\u00e1dio"},"content":{"rendered":"<p>Faltando poucas horas para o come\u00e7o do duelo contra o Flamengo dentro de casa, o Tolima fez quest\u00e3o de orientar seus torcedores quanto aos visitantes.<\/p>\n<ul>\n<li><a href=\"https:\/\/www.gaveanews.com\/index.php\/2022\/06\/27\/saiba-onde-assistir-tolima-x-flamengo-pela-copa-libertadores\/\">Saiba onde assistir Tolima x Flamengo<\/a><\/li>\n<li><a href=\"https:\/\/www.gaveanews.com\/index.php\/2022\/06\/29\/veja-a-provavel-escalacao-do-flamengo-para-o-jogo-contra-o-tolima\/\">Confira a prov\u00e1vel escala\u00e7\u00e3o do Flamengo contra o Tolima<\/a><\/li>\n<\/ul>\n<p>Em publica\u00e7\u00e3o feita nas redes sociais, o clube afirmou que preza pelo respeito a quem est\u00e1 dentro e fora de campo e refor\u00e7ou aos torcedores que n\u00e3o ir\u00e1 tolerar cantos preconceituosos de qualquer tipo.<\/p>\n<h2>Confira a tradu\u00e7\u00e3o e a publica\u00e7\u00e3o na \u00edntegra:<\/h2>\n<p><em>&#8220;Em Ibagu\u00e9 o futebol \u00e9 vivido com respeito. Respeito \u00e0s autoridades, log\u00edsticas, normas de seguran\u00e7a, filas, escadas, port\u00f5es e todos os protagonistas do jogo: \u00e1rbitros e jogadores.<br \/>\n<\/em><em>N\u00e3o ser\u00e3o permitidos cantos racistas ou discriminat\u00f3rios de qualquer tipo.&#8221;<\/em><\/p>\n<blockquote class=\"twitter-tweet\" data-width=\"550\" data-dnt=\"true\">\n<p lang=\"es\" dir=\"ltr\">En Ibagu\u00e9 el f\u00fatbol se vive con respeto \ud83e\udef1\ud83c\udffb\u200d\ud83e\udef2\ud83c\udffc Respeto por las autoridades, log\u00edstica, normas de seguridad, filas, escaleras, vomitorios y todos los protagonistas del juego: \u00e1rbitros y jugadores. <\/p>\n<p>\u274c No se permiten cantos racistas o discriminatorios de cualquier tipo. <a href=\"https:\/\/t.co\/9ESDYx9fKO\">pic.twitter.com\/9ESDYx9fKO<\/a><\/p>\n<p>&mdash; Club Deportes Tolima (@cdtolima) <a href=\"https:\/\/twitter.com\/cdtolima\/status\/1542200384550322177?ref_src=twsrc%5Etfw\">June 29, 2022<\/a><\/p><\/blockquote>\n<p><script async src=\"https:\/\/platform.twitter.com\/widgets.js\" charset=\"utf-8\"><\/script><\/p>\n<p>Vale lembrar que os times brasileiros vem tendo uma s\u00e9rie de problemas relacionados a este na atual edi\u00e7\u00e3o da Libertadores. O Flamengo n\u00e3o foi poupado de tais atos lament\u00e1veis e tamb\u00e9m foi alvo de manifesta\u00e7\u00f5es racistas e vandalismo por parte da torcida da Universidad Cat\u00f3lica. <a href=\"https:\/\/www.gaveanews.com\/index.php\/2022\/05\/18\/universidad-catolica-e-punida-por-racismo-e-vandalismo-em-jogo-contra-o-flamengo\/\">A Conmebol j\u00e1 puniu os chilenos pelo epis\u00f3dio.<\/a><\/p>\n<p>Contudo, as san\u00e7\u00f5es da entidade n\u00e3o foram suficientes para inibir algumas destas pessoas. Ontem (28), por exemplo, o Corinthians recebeu o Boca Juniors e precisou agir contra a torcida visitante. Assim como aconteceu na fase de grupos, torcedores do time argentino tiveram atitudes racistas e chegaram a ser detidos pela pol\u00edcia local.<\/p>\n<p>Sabendo da import\u00e2ncia de se precaver e conscientizar o p\u00fablico sobre o tema citado, o Tolima recebe o Flamengo \u00e0s 21h30 (hor\u00e1rio de Bras\u00edlia), no Manuel Murillo Toro.<\/p>\n","protected":false},"excerpt":{"rendered":"<p>Faltando poucas horas para o come\u00e7o do duelo contra o Flamengo dentro de casa, o Tolima fez quest\u00e3o de orientar seus torcedores quanto aos visitantes. Saiba onde assistir Tolima x Flamengo Confira a prov\u00e1vel escala\u00e7\u00e3o do Flamengo contra o Tolima Em publica\u00e7\u00e3o feita nas redes sociais, o clube afirmou que preza pelo respeito a quem [&hellip;]<\/p>\n","protected":false},"author":4,"featured_media":80042,"comment_status":"open","ping_status":"closed","sticky":false,"template":"","format":"standard","meta":{"footnotes":""},"categories":[1],"tags":[],"class_list":["post-83981","post","type-post","status-publish","format-standard","has-post-thumbnail","hentry","category-flamengo"],"yoast_head":"<!-- This site is optimized with the Yoast SEO Premium plugin v24.2 (Yoast SEO v26.9) - https:\/\/yoast.com\/product\/yoast-seo-premium-wordpress\/ -->\n<title>Antes de jogo contra o Flamengo, Tolima adverte seus torcedores sobre cantos racistas no est\u00e1dio<\/title>\n<meta name=\"robots\" content=\"index, follow, max-snippet:-1, max-image-preview:large, max-video-preview:-1\" \/>\n<link rel=\"canonical\" href=\"https:\/\/www.gaveanews.com\/index.php\/2022\/06\/29\/antes-de-jogo-contra-o-flamengo-tolima-adverte-seus-torcedores-sobre-cantos-racistas-no-estadio\/\" \/>\n<meta property=\"og:locale\" content=\"pt_BR\" \/>\n<meta property=\"og:type\" content=\"article\" \/>\n<meta property=\"og:title\" content=\"Antes de jogo contra o Flamengo, Tolima adverte seus torcedores sobre cantos racistas no est\u00e1dio\" \/>\n<meta property=\"og:description\" content=\"Faltando poucas horas para o come\u00e7o do duelo contra o Flamengo dentro de casa, o Tolima fez quest\u00e3o de orientar seus torcedores quanto aos visitantes. Saiba onde assistir Tolima x Flamengo Confira a prov\u00e1vel escala\u00e7\u00e3o do Flamengo contra o Tolima Em publica\u00e7\u00e3o feita nas redes sociais, o clube afirmou que preza pelo respeito a quem [&hellip;]\" \/>\n<meta property=\"og:url\" content=\"https:\/\/www.gaveanews.com\/index.php\/2022\/06\/29\/antes-de-jogo-contra-o-flamengo-tolima-adverte-seus-torcedores-sobre-cantos-racistas-no-estadio\/\" \/>\n<meta property=\"og:site_name\" content=\"G\u00e1vea News\" \/>\n<meta property=\"article:publisher\" content=\"https:\/\/facebook.com\/gaveaNews\/\" \/>\n<meta property=\"article:published_time\" content=\"2022-06-29T20:15:08+00:00\" \/>\n<meta property=\"article:modified_time\" content=\"2022-06-29T21:10:42+00:00\" \/>\n<meta property=\"og:image\" content=\"https:\/\/www.gaveanews.com\/wp-content\/uploads\/Maracana-preparado-para-jogo-do-Flamengo-pela-Libertadores.webp\" \/>\n\t<meta property=\"og:image:width\" content=\"2048\" \/>\n\t<meta property=\"og:image:height\" content=\"1364\" \/>\n\t<meta property=\"og:image:type\" content=\"image\/jpeg\" \/>\n<meta name=\"author\" content=\"Let\u00edcia Gerheim\" \/>\n<meta name=\"twitter:card\" content=\"summary_large_image\" \/>\n<meta name=\"twitter:label1\" content=\"Escrito por\" \/>\n\t<meta name=\"twitter:data1\" content=\"Let\u00edcia Gerheim\" \/>\n\t<meta name=\"twitter:label2\" content=\"Est. tempo de leitura\" \/>\n\t<meta name=\"twitter:data2\" content=\"2 minutos\" \/>\n<script type=\"application\/ld+json\" class=\"yoast-schema-graph\">{\"@context\":\"https:\/\/schema.org\",\"@graph\":[{\"@type\":\"NewsArticle\",\"@id\":\"https:\/\/www.gaveanews.com\/index.php\/2022\/06\/29\/antes-de-jogo-contra-o-flamengo-tolima-adverte-seus-torcedores-sobre-cantos-racistas-no-estadio\/#article\",\"isPartOf\":{\"@id\":\"https:\/\/www.gaveanews.com\/index.php\/2022\/06\/29\/antes-de-jogo-contra-o-flamengo-tolima-adverte-seus-torcedores-sobre-cantos-racistas-no-estadio\/\"},\"author\":{\"name\":\"Let\u00edcia Gerheim\",\"@id\":\"https:\/\/www.gaveanews.com\/#\/schema\/person\/714c67050b836198af2450ba1c142a67\"},\"headline\":\"Antes de jogo contra o Flamengo, Tolima adverte seus torcedores sobre cantos racistas no est\u00e1dio\",\"datePublished\":\"2022-06-29T20:15:08+00:00\",\"dateModified\":\"2022-06-29T21:10:42+00:00\",\"mainEntityOfPage\":{\"@id\":\"https:\/\/www.gaveanews.com\/index.php\/2022\/06\/29\/antes-de-jogo-contra-o-flamengo-tolima-adverte-seus-torcedores-sobre-cantos-racistas-no-estadio\/\"},\"wordCount\":301,\"commentCount\":0,\"image\":{\"@id\":\"https:\/\/www.gaveanews.com\/index.php\/2022\/06\/29\/antes-de-jogo-contra-o-flamengo-tolima-adverte-seus-torcedores-sobre-cantos-racistas-no-estadio\/#primaryimage\"},\"thumbnailUrl\":\"https:\/\/www.gaveanews.com\/wp-content\/uploads\/Maracana-preparado-para-jogo-do-Flamengo-pela-Libertadores.webp\",\"articleSection\":[\"Flamengo\"],\"inLanguage\":\"pt-BR\",\"potentialAction\":[{\"@type\":\"CommentAction\",\"name\":\"Comment\",\"target\":[\"https:\/\/www.gaveanews.com\/index.php\/2022\/06\/29\/antes-de-jogo-contra-o-flamengo-tolima-adverte-seus-torcedores-sobre-cantos-racistas-no-estadio\/#respond\"]}],\"copyrightYear\":\"2022\",\"copyrightHolder\":{\"@id\":\"https:\/\/www.gaveanews.com\/#organization\"}},{\"@type\":\"WebPage\",\"@id\":\"https:\/\/www.gaveanews.com\/index.php\/2022\/06\/29\/antes-de-jogo-contra-o-flamengo-tolima-adverte-seus-torcedores-sobre-cantos-racistas-no-estadio\/\",\"url\":\"https:\/\/www.gaveanews.com\/index.php\/2022\/06\/29\/antes-de-jogo-contra-o-flamengo-tolima-adverte-seus-torcedores-sobre-cantos-racistas-no-estadio\/\",\"name\":\"Antes de jogo contra o Flamengo, Tolima adverte seus torcedores sobre cantos racistas no est\u00e1dio\",\"isPartOf\":{\"@id\":\"https:\/\/www.gaveanews.com\/#website\"},\"primaryImageOfPage\":{\"@id\":\"https:\/\/www.gaveanews.com\/index.php\/2022\/06\/29\/antes-de-jogo-contra-o-flamengo-tolima-adverte-seus-torcedores-sobre-cantos-racistas-no-estadio\/#primaryimage\"},\"image\":{\"@id\":\"https:\/\/www.gaveanews.com\/index.php\/2022\/06\/29\/antes-de-jogo-contra-o-flamengo-tolima-adverte-seus-torcedores-sobre-cantos-racistas-no-estadio\/#primaryimage\"},\"thumbnailUrl\":\"https:\/\/www.gaveanews.com\/wp-content\/uploads\/Maracana-preparado-para-jogo-do-Flamengo-pela-Libertadores.webp\",\"datePublished\":\"2022-06-29T20:15:08+00:00\",\"dateModified\":\"2022-06-29T21:10:42+00:00\",\"author\":{\"@id\":\"https:\/\/www.gaveanews.com\/#\/schema\/person\/714c67050b836198af2450ba1c142a67\"},\"breadcrumb\":{\"@id\":\"https:\/\/www.gaveanews.com\/index.php\/2022\/06\/29\/antes-de-jogo-contra-o-flamengo-tolima-adverte-seus-torcedores-sobre-cantos-racistas-no-estadio\/#breadcrumb\"},\"inLanguage\":\"pt-BR\",\"potentialAction\":[{\"@type\":\"ReadAction\",\"target\":[\"https:\/\/www.gaveanews.com\/index.php\/2022\/06\/29\/antes-de-jogo-contra-o-flamengo-tolima-adverte-seus-torcedores-sobre-cantos-racistas-no-estadio\/\"]}]},{\"@type\":\"ImageObject\",\"inLanguage\":\"pt-BR\",\"@id\":\"https:\/\/www.gaveanews.com\/index.php\/2022\/06\/29\/antes-de-jogo-contra-o-flamengo-tolima-adverte-seus-torcedores-sobre-cantos-racistas-no-estadio\/#primaryimage\",\"url\":\"https:\/\/www.gaveanews.com\/wp-content\/uploads\/Maracana-preparado-para-jogo-do-Flamengo-pela-Libertadores.webp\",\"contentUrl\":\"https:\/\/www.gaveanews.com\/wp-content\/uploads\/Maracana-preparado-para-jogo-do-Flamengo-pela-Libertadores.webp\",\"width\":2048,\"height\":1364,\"caption\":\"Maracan\u00e3 preparado para jogo do Flamengo pela Libertadores (Foto: Marcelo Cortes\/Flamengo)\"},{\"@type\":\"BreadcrumbList\",\"@id\":\"https:\/\/www.gaveanews.com\/index.php\/2022\/06\/29\/antes-de-jogo-contra-o-flamengo-tolima-adverte-seus-torcedores-sobre-cantos-racistas-no-estadio\/#breadcrumb\",\"itemListElement\":[{\"@type\":\"ListItem\",\"position\":1,\"name\":\"Home\",\"item\":\"https:\/\/www.gaveanews.com\/\"},{\"@type\":\"ListItem\",\"position\":2,\"name\":\"Antes de jogo contra o Flamengo, Tolima adverte seus torcedores sobre cantos racistas no est\u00e1dio\"}]},{\"@type\":\"WebSite\",\"@id\":\"https:\/\/www.gaveanews.com\/#website\",\"url\":\"https:\/\/www.gaveanews.com\/\",\"name\":\"G\u00e1vea News\",\"description\":\"Veja todas as not\u00edcias sobre o Flamengo: Contrata\u00e7\u00f5es, categorias de base, resultados das partidas, tabela de classifica\u00e7\u00e3o, pr\u00f3ximos jogos!\",\"potentialAction\":[{\"@type\":\"SearchAction\",\"target\":{\"@type\":\"EntryPoint\",\"urlTemplate\":\"https:\/\/www.gaveanews.com\/?s={search_term_string}\"},\"query-input\":{\"@type\":\"PropertyValueSpecification\",\"valueRequired\":true,\"valueName\":\"search_term_string\"}}],\"inLanguage\":\"pt-BR\"},{\"@type\":\"Person\",\"@id\":\"https:\/\/www.gaveanews.com\/#\/schema\/person\/714c67050b836198af2450ba1c142a67\",\"name\":\"Let\u00edcia Gerheim\",\"image\":{\"@type\":\"ImageObject\",\"inLanguage\":\"pt-BR\",\"@id\":\"https:\/\/www.gaveanews.com\/#\/schema\/person\/image\/\",\"url\":\"https:\/\/secure.gravatar.com\/avatar\/60734739c50fcebfbac509e2a826ccd0ff405c019bc73aab9354f19ecad1dcb4?s=96&d=mm&r=g\",\"contentUrl\":\"https:\/\/secure.gravatar.com\/avatar\/60734739c50fcebfbac509e2a826ccd0ff405c019bc73aab9354f19ecad1dcb4?s=96&d=mm&r=g\",\"caption\":\"Let\u00edcia Gerheim\"}}]}<\/script>\n<!-- \/ Yoast SEO Premium plugin. -->","yoast_head_json":{"title":"Antes de jogo contra o Flamengo, Tolima adverte seus torcedores sobre cantos racistas no est\u00e1dio","robots":{"index":"index","follow":"follow","max-snippet":"max-snippet:-1","max-image-preview":"max-image-preview:large","max-video-preview":"max-video-preview:-1"},"canonical":"https:\/\/www.gaveanews.com\/index.php\/2022\/06\/29\/antes-de-jogo-contra-o-flamengo-tolima-adverte-seus-torcedores-sobre-cantos-racistas-no-estadio\/","og_locale":"pt_BR","og_type":"article","og_title":"Antes de jogo contra o Flamengo, Tolima adverte seus torcedores sobre cantos racistas no est\u00e1dio","og_description":"Faltando poucas horas para o come\u00e7o do duelo contra o Flamengo dentro de casa, o Tolima fez quest\u00e3o de orientar seus torcedores quanto aos visitantes. Saiba onde assistir Tolima x Flamengo Confira a prov\u00e1vel escala\u00e7\u00e3o do Flamengo contra o Tolima Em publica\u00e7\u00e3o feita nas redes sociais, o clube afirmou que preza pelo respeito a quem [&hellip;]","og_url":"https:\/\/www.gaveanews.com\/index.php\/2022\/06\/29\/antes-de-jogo-contra-o-flamengo-tolima-adverte-seus-torcedores-sobre-cantos-racistas-no-estadio\/","og_site_name":"G\u00e1vea News","article_publisher":"https:\/\/facebook.com\/gaveaNews\/","article_published_time":"2022-06-29T20:15:08+00:00","article_modified_time":"2022-06-29T21:10:42+00:00","og_image":[{"width":2048,"height":1364,"url":"https:\/\/www.gaveanews.com\/wp-content\/uploads\/Maracana-preparado-para-jogo-do-Flamengo-pela-Libertadores.webp","type":"image\/jpeg"}],"author":"Let\u00edcia Gerheim","twitter_card":"summary_large_image","twitter_misc":{"Escrito por":"Let\u00edcia Gerheim","Est. tempo de leitura":"2 minutos"},"schema":{"@context":"https:\/\/schema.org","@graph":[{"@type":"NewsArticle","@id":"https:\/\/www.gaveanews.com\/index.php\/2022\/06\/29\/antes-de-jogo-contra-o-flamengo-tolima-adverte-seus-torcedores-sobre-cantos-racistas-no-estadio\/#article","isPartOf":{"@id":"https:\/\/www.gaveanews.com\/index.php\/2022\/06\/29\/antes-de-jogo-contra-o-flamengo-tolima-adverte-seus-torcedores-sobre-cantos-racistas-no-estadio\/"},"author":{"name":"Let\u00edcia Gerheim","@id":"https:\/\/www.gaveanews.com\/#\/schema\/person\/714c67050b836198af2450ba1c142a67"},"headline":"Antes de jogo contra o Flamengo, Tolima adverte seus torcedores sobre cantos racistas no est\u00e1dio","datePublished":"2022-06-29T20:15:08+00:00","dateModified":"2022-06-29T21:10:42+00:00","mainEntityOfPage":{"@id":"https:\/\/www.gaveanews.com\/index.php\/2022\/06\/29\/antes-de-jogo-contra-o-flamengo-tolima-adverte-seus-torcedores-sobre-cantos-racistas-no-estadio\/"},"wordCount":301,"commentCount":0,"image":{"@id":"https:\/\/www.gaveanews.com\/index.php\/2022\/06\/29\/antes-de-jogo-contra-o-flamengo-tolima-adverte-seus-torcedores-sobre-cantos-racistas-no-estadio\/#primaryimage"},"thumbnailUrl":"https:\/\/www.gaveanews.com\/wp-content\/uploads\/Maracana-preparado-para-jogo-do-Flamengo-pela-Libertadores.webp","articleSection":["Flamengo"],"inLanguage":"pt-BR","potentialAction":[{"@type":"CommentAction","name":"Comment","target":["https:\/\/www.gaveanews.com\/index.php\/2022\/06\/29\/antes-de-jogo-contra-o-flamengo-tolima-adverte-seus-torcedores-sobre-cantos-racistas-no-estadio\/#respond"]}],"copyrightYear":"2022","copyrightHolder":{"@id":"https:\/\/www.gaveanews.com\/#organization"}},{"@type":"WebPage","@id":"https:\/\/www.gaveanews.com\/index.php\/2022\/06\/29\/antes-de-jogo-contra-o-flamengo-tolima-adverte-seus-torcedores-sobre-cantos-racistas-no-estadio\/","url":"https:\/\/www.gaveanews.com\/index.php\/2022\/06\/29\/antes-de-jogo-contra-o-flamengo-tolima-adverte-seus-torcedores-sobre-cantos-racistas-no-estadio\/","name":"Antes de jogo contra o Flamengo, Tolima adverte seus torcedores sobre cantos racistas no est\u00e1dio","isPartOf":{"@id":"https:\/\/www.gaveanews.com\/#website"},"primaryImageOfPage":{"@id":"https:\/\/www.gaveanews.com\/index.php\/2022\/06\/29\/antes-de-jogo-contra-o-flamengo-tolima-adverte-seus-torcedores-sobre-cantos-racistas-no-estadio\/#primaryimage"},"image":{"@id":"https:\/\/www.gaveanews.com\/index.php\/2022\/06\/29\/antes-de-jogo-contra-o-flamengo-tolima-adverte-seus-torcedores-sobre-cantos-racistas-no-estadio\/#primaryimage"},"thumbnailUrl":"https:\/\/www.gaveanews.com\/wp-content\/uploads\/Maracana-preparado-para-jogo-do-Flamengo-pela-Libertadores.webp","datePublished":"2022-06-29T20:15:08+00:00","dateModified":"2022-06-29T21:10:42+00:00","author":{"@id":"https:\/\/www.gaveanews.com\/#\/schema\/person\/714c67050b836198af2450ba1c142a67"},"breadcrumb":{"@id":"https:\/\/www.gaveanews.com\/index.php\/2022\/06\/29\/antes-de-jogo-contra-o-flamengo-tolima-adverte-seus-torcedores-sobre-cantos-racistas-no-estadio\/#breadcrumb"},"inLanguage":"pt-BR","potentialAction":[{"@type":"ReadAction","target":["https:\/\/www.gaveanews.com\/index.php\/2022\/06\/29\/antes-de-jogo-contra-o-flamengo-tolima-adverte-seus-torcedores-sobre-cantos-racistas-no-estadio\/"]}]},{"@type":"ImageObject","inLanguage":"pt-BR","@id":"https:\/\/www.gaveanews.com\/index.php\/2022\/06\/29\/antes-de-jogo-contra-o-flamengo-tolima-adverte-seus-torcedores-sobre-cantos-racistas-no-estadio\/#primaryimage","url":"https:\/\/www.gaveanews.com\/wp-content\/uploads\/Maracana-preparado-para-jogo-do-Flamengo-pela-Libertadores.webp","contentUrl":"https:\/\/www.gaveanews.com\/wp-content\/uploads\/Maracana-preparado-para-jogo-do-Flamengo-pela-Libertadores.webp","width":2048,"height":1364,"caption":"Maracan\u00e3 preparado para jogo do Flamengo pela Libertadores (Foto: Marcelo Cortes\/Flamengo)"},{"@type":"BreadcrumbList","@id":"https:\/\/www.gaveanews.com\/index.php\/2022\/06\/29\/antes-de-jogo-contra-o-flamengo-tolima-adverte-seus-torcedores-sobre-cantos-racistas-no-estadio\/#breadcrumb","itemListElement":[{"@type":"ListItem","position":1,"name":"Home","item":"https:\/\/www.gaveanews.com\/"},{"@type":"ListItem","position":2,"name":"Antes de jogo contra o Flamengo, Tolima adverte seus torcedores sobre cantos racistas no est\u00e1dio"}]},{"@type":"WebSite","@id":"https:\/\/www.gaveanews.com\/#website","url":"https:\/\/www.gaveanews.com\/","name":"G\u00e1vea News","description":"Veja todas as not\u00edcias sobre o Flamengo: Contrata\u00e7\u00f5es, categorias de base, resultados das partidas, tabela de classifica\u00e7\u00e3o, pr\u00f3ximos jogos!","potentialAction":[{"@type":"SearchAction","target":{"@type":"EntryPoint","urlTemplate":"https:\/\/www.gaveanews.com\/?s={search_term_string}"},"query-input":{"@type":"PropertyValueSpecification","valueRequired":true,"valueName":"search_term_string"}}],"inLanguage":"pt-BR"},{"@type":"Person","@id":"https:\/\/www.gaveanews.com\/#\/schema\/person\/714c67050b836198af2450ba1c142a67","name":"Let\u00edcia Gerheim","image":{"@type":"ImageObject","inLanguage":"pt-BR","@id":"https:\/\/www.gaveanews.com\/#\/schema\/person\/image\/","url":"https:\/\/secure.gravatar.com\/avatar\/60734739c50fcebfbac509e2a826ccd0ff405c019bc73aab9354f19ecad1dcb4?s=96&d=mm&r=g","contentUrl":"https:\/\/secure.gravatar.com\/avatar\/60734739c50fcebfbac509e2a826ccd0ff405c019bc73aab9354f19ecad1dcb4?s=96&d=mm&r=g","caption":"Let\u00edcia Gerheim"}}]}},"_links":{"self":[{"href":"https:\/\/www.gaveanews.com\/index.php\/wp-json\/wp\/v2\/posts\/83981","targetHints":{"allow":["GET"]}}],"collection":[{"href":"https:\/\/www.gaveanews.com\/index.php\/wp-json\/wp\/v2\/posts"}],"about":[{"href":"https:\/\/www.gaveanews.com\/index.php\/wp-json\/wp\/v2\/types\/post"}],"author":[{"embeddable":true,"href":"https:\/\/www.gaveanews.com\/index.php\/wp-json\/wp\/v2\/users\/4"}],"replies":[{"embeddable":true,"href":"https:\/\/www.gaveanews.com\/index.php\/wp-json\/wp\/v2\/comments?post=83981"}],"version-history":[{"count":0,"href":"https:\/\/www.gaveanews.com\/index.php\/wp-json\/wp\/v2\/posts\/83981\/revisions"}],"wp:featuredmedia":[{"embeddable":true,"href":"https:\/\/www.gaveanews.com\/index.php\/wp-json\/wp\/v2\/media\/80042"}],"wp:attachment":[{"href":"https:\/\/www.gaveanews.com\/index.php\/wp-json\/wp\/v2\/media?parent=83981"}],"wp:term":[{"taxonomy":"category","embeddable":true,"href":"https:\/\/www.gaveanews.com\/index.php\/wp-json\/wp\/v2\/categories?post=83981"},{"taxonomy":"post_tag","embeddable":true,"href":"https:\/\/www.gaveanews.com\/index.php\/wp-json\/wp\/v2\/tags?post=83981"}],"curies":[{"name":"wp","href":"https:\/\/api.w.org\/{rel}","templated":true}]}}