{"id":83993,"date":"2022-06-29T19:43:23","date_gmt":"2022-06-29T22:43:23","guid":{"rendered":"https:\/\/www.gaveanews.com\/?p=83993"},"modified":"2022-06-29T19:43:23","modified_gmt":"2022-06-29T22:43:23","slug":"jornal-turco-diz-que-gabigol-esta-de-malas-prontas-para-sair-do-flamengo","status":"publish","type":"post","link":"https:\/\/www.gaveanews.com\/index.php\/2022\/06\/29\/jornal-turco-diz-que-gabigol-esta-de-malas-prontas-para-sair-do-flamengo\/","title":{"rendered":"Jornal turco diz que Gabigol est\u00e1 \u2018de malas prontas\u2019 para sair do Flamengo"},"content":{"rendered":"<p class=\"has-text-align-justify\">Gabigol vem sendo muito questionado pela torcida pelo seu desempenho nos \u00faltimos jogos, mas n\u00e3o deixa de ser um dos grandes \u00eddolos da hist\u00f3ria recente do Flamengo. De acordo com o portal turco \u201c<em>Fotma\u00e7<\/em><strong><em>\u201d<\/em><\/strong>, o camisa 9 estaria \u201cde malas prontas\u201d para jogar na Turquia.<\/p>\n<p class=\"has-text-align-justify\">Apesar de ter gerado d\u00favidas pelo alto investimento, Jorge Jesus e Fenerbah\u00e7e alinharam uma proposta que deve ser enviada ao Flamengo para contratar Gabigol. A publica\u00e7\u00e3o garante que o neg\u00f3cio ser\u00e1 por empr\u00e9stimo, com op\u00e7\u00e3o de compra fixada.<\/p>\n<p class=\"has-text-align-justify\"><em>\u2014 Com medo do alto custo do atacante brasileiro de 25 anos, os jogadores amarelo-azul escuro v\u00e3o ativar a loca\u00e7\u00e3o com op\u00e7\u00e3o de compra de f\u00f3rmula em primeiro lugar. Afirmou-se que (Gabriel) Barbosa, que tem grande respeito pelo professor portugu\u00eas (Jorge Jesus), est\u00e1 de malas prontas pelo interesse do Fenerbah\u00e7e<\/em>, afirma o portal.<\/p>\n<p class=\"has-text-align-justify\">Por sua vez, \u00e9 improv\u00e1vel que o Flamengo aceite essa proposta, se vier, do Fenerbah\u00e7e. O Rubro-Negro j\u00e1 recebeu uma proposta de empr\u00e9stimo do West Ham pelo centroavante, mas garantiu que Gabigol s\u00f3 sai do Flamengo em uma venda definitiva, com valores acima de 30 milh\u00f5es de euros.<\/p>\n<p>Retirado de: Mercado do Futebol<\/p>\n","protected":false},"excerpt":{"rendered":"<p>Gabigol vem sendo muito questionado pela torcida pelo seu desempenho nos \u00faltimos jogos, mas n\u00e3o deixa de ser um dos grandes \u00eddolos da hist\u00f3ria recente do Flamengo. De acordo com o portal turco \u201cFotma\u00e7\u201d, o camisa 9 estaria \u201cde malas prontas\u201d para jogar na Turquia. Apesar de ter gerado d\u00favidas pelo alto investimento, Jorge Jesus [&hellip;]<\/p>\n","protected":false},"author":1,"featured_media":66313,"comment_status":"open","ping_status":"closed","sticky":false,"template":"","format":"standard","meta":{"footnotes":""},"categories":[48],"tags":[],"class_list":["post-83993","post","type-post","status-publish","format-standard","has-post-thumbnail","hentry","category-negociacoes"],"yoast_head":"<!-- This site is optimized with the Yoast SEO Premium plugin v24.2 (Yoast SEO v26.9) - https:\/\/yoast.com\/product\/yoast-seo-premium-wordpress\/ -->\n<title>Jornal turco diz que Gabigol est\u00e1 \u2018de malas prontas\u2019 para sair do Flamengo<\/title>\n<meta name=\"robots\" content=\"index, follow, max-snippet:-1, max-image-preview:large, max-video-preview:-1\" \/>\n<link rel=\"canonical\" href=\"https:\/\/www.gaveanews.com\/index.php\/2022\/06\/29\/jornal-turco-diz-que-gabigol-esta-de-malas-prontas-para-sair-do-flamengo\/\" \/>\n<meta property=\"og:locale\" content=\"pt_BR\" \/>\n<meta property=\"og:type\" content=\"article\" \/>\n<meta property=\"og:title\" content=\"Jornal turco diz que Gabigol est\u00e1 \u2018de malas prontas\u2019 para sair do Flamengo\" \/>\n<meta property=\"og:description\" content=\"Gabigol vem sendo muito questionado pela torcida pelo seu desempenho nos \u00faltimos jogos, mas n\u00e3o deixa de ser um dos grandes \u00eddolos da hist\u00f3ria recente do Flamengo. De acordo com o portal turco \u201cFotma\u00e7\u201d, o camisa 9 estaria \u201cde malas prontas\u201d para jogar na Turquia. Apesar de ter gerado d\u00favidas pelo alto investimento, Jorge Jesus [&hellip;]\" \/>\n<meta property=\"og:url\" content=\"https:\/\/www.gaveanews.com\/index.php\/2022\/06\/29\/jornal-turco-diz-que-gabigol-esta-de-malas-prontas-para-sair-do-flamengo\/\" \/>\n<meta property=\"og:site_name\" content=\"G\u00e1vea News\" \/>\n<meta property=\"article:publisher\" content=\"https:\/\/facebook.com\/gaveaNews\/\" \/>\n<meta property=\"article:published_time\" content=\"2022-06-29T22:43:23+00:00\" \/>\n<meta property=\"og:image\" content=\"https:\/\/www.gaveanews.com\/wp-content\/uploads\/Gabigol-em-acao-pelo-Flamengo-durante-a-partida-contra-o-Olimpia-pela-Copa-Libertadores-da-temporada-de-2021.webp\" \/>\n\t<meta property=\"og:image:width\" content=\"799\" \/>\n\t<meta property=\"og:image:height\" content=\"533\" \/>\n\t<meta property=\"og:image:type\" content=\"image\/webp\" \/>\n<meta name=\"author\" content=\"Equipe G\u00e1vea News\" \/>\n<meta name=\"twitter:card\" content=\"summary_large_image\" \/>\n<meta name=\"twitter:label1\" content=\"Escrito por\" \/>\n\t<meta name=\"twitter:data1\" content=\"Equipe G\u00e1vea News\" \/>\n\t<meta name=\"twitter:label2\" content=\"Est. tempo de leitura\" \/>\n\t<meta name=\"twitter:data2\" content=\"2 minutos\" \/>\n<script type=\"application\/ld+json\" class=\"yoast-schema-graph\">{\"@context\":\"https:\/\/schema.org\",\"@graph\":[{\"@type\":\"NewsArticle\",\"@id\":\"https:\/\/www.gaveanews.com\/index.php\/2022\/06\/29\/jornal-turco-diz-que-gabigol-esta-de-malas-prontas-para-sair-do-flamengo\/#article\",\"isPartOf\":{\"@id\":\"https:\/\/www.gaveanews.com\/index.php\/2022\/06\/29\/jornal-turco-diz-que-gabigol-esta-de-malas-prontas-para-sair-do-flamengo\/\"},\"author\":{\"name\":\"Equipe G\u00e1vea News\",\"@id\":\"https:\/\/www.gaveanews.com\/#\/schema\/person\/2ec14f73fb96be2caf28f91afb14749d\"},\"headline\":\"Jornal turco diz que Gabigol est\u00e1 \u2018de malas prontas\u2019 para sair do Flamengo\",\"datePublished\":\"2022-06-29T22:43:23+00:00\",\"mainEntityOfPage\":{\"@id\":\"https:\/\/www.gaveanews.com\/index.php\/2022\/06\/29\/jornal-turco-diz-que-gabigol-esta-de-malas-prontas-para-sair-do-flamengo\/\"},\"wordCount\":215,\"commentCount\":0,\"image\":{\"@id\":\"https:\/\/www.gaveanews.com\/index.php\/2022\/06\/29\/jornal-turco-diz-que-gabigol-esta-de-malas-prontas-para-sair-do-flamengo\/#primaryimage\"},\"thumbnailUrl\":\"https:\/\/www.gaveanews.com\/wp-content\/uploads\/Gabigol-em-acao-pelo-Flamengo-durante-a-partida-contra-o-Olimpia-pela-Copa-Libertadores-da-temporada-de-2021.webp\",\"articleSection\":[\"Negocia\u00e7\u00f5es\"],\"inLanguage\":\"pt-BR\",\"potentialAction\":[{\"@type\":\"CommentAction\",\"name\":\"Comment\",\"target\":[\"https:\/\/www.gaveanews.com\/index.php\/2022\/06\/29\/jornal-turco-diz-que-gabigol-esta-de-malas-prontas-para-sair-do-flamengo\/#respond\"]}],\"copyrightYear\":\"2022\",\"copyrightHolder\":{\"@id\":\"https:\/\/www.gaveanews.com\/#organization\"}},{\"@type\":\"WebPage\",\"@id\":\"https:\/\/www.gaveanews.com\/index.php\/2022\/06\/29\/jornal-turco-diz-que-gabigol-esta-de-malas-prontas-para-sair-do-flamengo\/\",\"url\":\"https:\/\/www.gaveanews.com\/index.php\/2022\/06\/29\/jornal-turco-diz-que-gabigol-esta-de-malas-prontas-para-sair-do-flamengo\/\",\"name\":\"Jornal turco diz que Gabigol est\u00e1 \u2018de malas prontas\u2019 para sair do Flamengo\",\"isPartOf\":{\"@id\":\"https:\/\/www.gaveanews.com\/#website\"},\"primaryImageOfPage\":{\"@id\":\"https:\/\/www.gaveanews.com\/index.php\/2022\/06\/29\/jornal-turco-diz-que-gabigol-esta-de-malas-prontas-para-sair-do-flamengo\/#primaryimage\"},\"image\":{\"@id\":\"https:\/\/www.gaveanews.com\/index.php\/2022\/06\/29\/jornal-turco-diz-que-gabigol-esta-de-malas-prontas-para-sair-do-flamengo\/#primaryimage\"},\"thumbnailUrl\":\"https:\/\/www.gaveanews.com\/wp-content\/uploads\/Gabigol-em-acao-pelo-Flamengo-durante-a-partida-contra-o-Olimpia-pela-Copa-Libertadores-da-temporada-de-2021.webp\",\"datePublished\":\"2022-06-29T22:43:23+00:00\",\"author\":{\"@id\":\"https:\/\/www.gaveanews.com\/#\/schema\/person\/2ec14f73fb96be2caf28f91afb14749d\"},\"breadcrumb\":{\"@id\":\"https:\/\/www.gaveanews.com\/index.php\/2022\/06\/29\/jornal-turco-diz-que-gabigol-esta-de-malas-prontas-para-sair-do-flamengo\/#breadcrumb\"},\"inLanguage\":\"pt-BR\",\"potentialAction\":[{\"@type\":\"ReadAction\",\"target\":[\"https:\/\/www.gaveanews.com\/index.php\/2022\/06\/29\/jornal-turco-diz-que-gabigol-esta-de-malas-prontas-para-sair-do-flamengo\/\"]}]},{\"@type\":\"ImageObject\",\"inLanguage\":\"pt-BR\",\"@id\":\"https:\/\/www.gaveanews.com\/index.php\/2022\/06\/29\/jornal-turco-diz-que-gabigol-esta-de-malas-prontas-para-sair-do-flamengo\/#primaryimage\",\"url\":\"https:\/\/www.gaveanews.com\/wp-content\/uploads\/Gabigol-em-acao-pelo-Flamengo-durante-a-partida-contra-o-Olimpia-pela-Copa-Libertadores-da-temporada-de-2021.webp\",\"contentUrl\":\"https:\/\/www.gaveanews.com\/wp-content\/uploads\/Gabigol-em-acao-pelo-Flamengo-durante-a-partida-contra-o-Olimpia-pela-Copa-Libertadores-da-temporada-de-2021.webp\",\"width\":799,\"height\":533,\"caption\":\"Gabigol em a\u00e7\u00e3o pelo Flamengo durante a partida contra o Olimpia pela Copa Libertadores da temporada de 2021 (Foto: Alexandre Vidal\/Flamengo)\"},{\"@type\":\"BreadcrumbList\",\"@id\":\"https:\/\/www.gaveanews.com\/index.php\/2022\/06\/29\/jornal-turco-diz-que-gabigol-esta-de-malas-prontas-para-sair-do-flamengo\/#breadcrumb\",\"itemListElement\":[{\"@type\":\"ListItem\",\"position\":1,\"name\":\"Home\",\"item\":\"https:\/\/www.gaveanews.com\/\"},{\"@type\":\"ListItem\",\"position\":2,\"name\":\"Jornal turco diz que Gabigol est\u00e1 \u2018de malas prontas\u2019 para sair do Flamengo\"}]},{\"@type\":\"WebSite\",\"@id\":\"https:\/\/www.gaveanews.com\/#website\",\"url\":\"https:\/\/www.gaveanews.com\/\",\"name\":\"G\u00e1vea News\",\"description\":\"Veja todas as not\u00edcias sobre o Flamengo: Contrata\u00e7\u00f5es, categorias de base, resultados das partidas, tabela de classifica\u00e7\u00e3o, pr\u00f3ximos jogos!\",\"potentialAction\":[{\"@type\":\"SearchAction\",\"target\":{\"@type\":\"EntryPoint\",\"urlTemplate\":\"https:\/\/www.gaveanews.com\/?s={search_term_string}\"},\"query-input\":{\"@type\":\"PropertyValueSpecification\",\"valueRequired\":true,\"valueName\":\"search_term_string\"}}],\"inLanguage\":\"pt-BR\"},{\"@type\":\"Person\",\"@id\":\"https:\/\/www.gaveanews.com\/#\/schema\/person\/2ec14f73fb96be2caf28f91afb14749d\",\"name\":\"Equipe G\u00e1vea News\",\"image\":{\"@type\":\"ImageObject\",\"inLanguage\":\"pt-BR\",\"@id\":\"https:\/\/www.gaveanews.com\/#\/schema\/person\/image\/\",\"url\":\"https:\/\/secure.gravatar.com\/avatar\/1e1956f1facbffd3f8fa53a326721950116b3b9dc9bd44939c01180fd4a745a9?s=96&d=mm&r=g\",\"contentUrl\":\"https:\/\/secure.gravatar.com\/avatar\/1e1956f1facbffd3f8fa53a326721950116b3b9dc9bd44939c01180fd4a745a9?s=96&d=mm&r=g\",\"caption\":\"Equipe G\u00e1vea News\"}}]}<\/script>\n<!-- \/ Yoast SEO Premium plugin. -->","yoast_head_json":{"title":"Jornal turco diz que Gabigol est\u00e1 \u2018de malas prontas\u2019 para sair do Flamengo","robots":{"index":"index","follow":"follow","max-snippet":"max-snippet:-1","max-image-preview":"max-image-preview:large","max-video-preview":"max-video-preview:-1"},"canonical":"https:\/\/www.gaveanews.com\/index.php\/2022\/06\/29\/jornal-turco-diz-que-gabigol-esta-de-malas-prontas-para-sair-do-flamengo\/","og_locale":"pt_BR","og_type":"article","og_title":"Jornal turco diz que Gabigol est\u00e1 \u2018de malas prontas\u2019 para sair do Flamengo","og_description":"Gabigol vem sendo muito questionado pela torcida pelo seu desempenho nos \u00faltimos jogos, mas n\u00e3o deixa de ser um dos grandes \u00eddolos da hist\u00f3ria recente do Flamengo. De acordo com o portal turco \u201cFotma\u00e7\u201d, o camisa 9 estaria \u201cde malas prontas\u201d para jogar na Turquia. Apesar de ter gerado d\u00favidas pelo alto investimento, Jorge Jesus [&hellip;]","og_url":"https:\/\/www.gaveanews.com\/index.php\/2022\/06\/29\/jornal-turco-diz-que-gabigol-esta-de-malas-prontas-para-sair-do-flamengo\/","og_site_name":"G\u00e1vea News","article_publisher":"https:\/\/facebook.com\/gaveaNews\/","article_published_time":"2022-06-29T22:43:23+00:00","og_image":[{"width":799,"height":533,"url":"https:\/\/www.gaveanews.com\/wp-content\/uploads\/Gabigol-em-acao-pelo-Flamengo-durante-a-partida-contra-o-Olimpia-pela-Copa-Libertadores-da-temporada-de-2021.webp","type":"image\/webp"}],"author":"Equipe G\u00e1vea News","twitter_card":"summary_large_image","twitter_misc":{"Escrito por":"Equipe G\u00e1vea News","Est. tempo de leitura":"2 minutos"},"schema":{"@context":"https:\/\/schema.org","@graph":[{"@type":"NewsArticle","@id":"https:\/\/www.gaveanews.com\/index.php\/2022\/06\/29\/jornal-turco-diz-que-gabigol-esta-de-malas-prontas-para-sair-do-flamengo\/#article","isPartOf":{"@id":"https:\/\/www.gaveanews.com\/index.php\/2022\/06\/29\/jornal-turco-diz-que-gabigol-esta-de-malas-prontas-para-sair-do-flamengo\/"},"author":{"name":"Equipe G\u00e1vea News","@id":"https:\/\/www.gaveanews.com\/#\/schema\/person\/2ec14f73fb96be2caf28f91afb14749d"},"headline":"Jornal turco diz que Gabigol est\u00e1 \u2018de malas prontas\u2019 para sair do Flamengo","datePublished":"2022-06-29T22:43:23+00:00","mainEntityOfPage":{"@id":"https:\/\/www.gaveanews.com\/index.php\/2022\/06\/29\/jornal-turco-diz-que-gabigol-esta-de-malas-prontas-para-sair-do-flamengo\/"},"wordCount":215,"commentCount":0,"image":{"@id":"https:\/\/www.gaveanews.com\/index.php\/2022\/06\/29\/jornal-turco-diz-que-gabigol-esta-de-malas-prontas-para-sair-do-flamengo\/#primaryimage"},"thumbnailUrl":"https:\/\/www.gaveanews.com\/wp-content\/uploads\/Gabigol-em-acao-pelo-Flamengo-durante-a-partida-contra-o-Olimpia-pela-Copa-Libertadores-da-temporada-de-2021.webp","articleSection":["Negocia\u00e7\u00f5es"],"inLanguage":"pt-BR","potentialAction":[{"@type":"CommentAction","name":"Comment","target":["https:\/\/www.gaveanews.com\/index.php\/2022\/06\/29\/jornal-turco-diz-que-gabigol-esta-de-malas-prontas-para-sair-do-flamengo\/#respond"]}],"copyrightYear":"2022","copyrightHolder":{"@id":"https:\/\/www.gaveanews.com\/#organization"}},{"@type":"WebPage","@id":"https:\/\/www.gaveanews.com\/index.php\/2022\/06\/29\/jornal-turco-diz-que-gabigol-esta-de-malas-prontas-para-sair-do-flamengo\/","url":"https:\/\/www.gaveanews.com\/index.php\/2022\/06\/29\/jornal-turco-diz-que-gabigol-esta-de-malas-prontas-para-sair-do-flamengo\/","name":"Jornal turco diz que Gabigol est\u00e1 \u2018de malas prontas\u2019 para sair do Flamengo","isPartOf":{"@id":"https:\/\/www.gaveanews.com\/#website"},"primaryImageOfPage":{"@id":"https:\/\/www.gaveanews.com\/index.php\/2022\/06\/29\/jornal-turco-diz-que-gabigol-esta-de-malas-prontas-para-sair-do-flamengo\/#primaryimage"},"image":{"@id":"https:\/\/www.gaveanews.com\/index.php\/2022\/06\/29\/jornal-turco-diz-que-gabigol-esta-de-malas-prontas-para-sair-do-flamengo\/#primaryimage"},"thumbnailUrl":"https:\/\/www.gaveanews.com\/wp-content\/uploads\/Gabigol-em-acao-pelo-Flamengo-durante-a-partida-contra-o-Olimpia-pela-Copa-Libertadores-da-temporada-de-2021.webp","datePublished":"2022-06-29T22:43:23+00:00","author":{"@id":"https:\/\/www.gaveanews.com\/#\/schema\/person\/2ec14f73fb96be2caf28f91afb14749d"},"breadcrumb":{"@id":"https:\/\/www.gaveanews.com\/index.php\/2022\/06\/29\/jornal-turco-diz-que-gabigol-esta-de-malas-prontas-para-sair-do-flamengo\/#breadcrumb"},"inLanguage":"pt-BR","potentialAction":[{"@type":"ReadAction","target":["https:\/\/www.gaveanews.com\/index.php\/2022\/06\/29\/jornal-turco-diz-que-gabigol-esta-de-malas-prontas-para-sair-do-flamengo\/"]}]},{"@type":"ImageObject","inLanguage":"pt-BR","@id":"https:\/\/www.gaveanews.com\/index.php\/2022\/06\/29\/jornal-turco-diz-que-gabigol-esta-de-malas-prontas-para-sair-do-flamengo\/#primaryimage","url":"https:\/\/www.gaveanews.com\/wp-content\/uploads\/Gabigol-em-acao-pelo-Flamengo-durante-a-partida-contra-o-Olimpia-pela-Copa-Libertadores-da-temporada-de-2021.webp","contentUrl":"https:\/\/www.gaveanews.com\/wp-content\/uploads\/Gabigol-em-acao-pelo-Flamengo-durante-a-partida-contra-o-Olimpia-pela-Copa-Libertadores-da-temporada-de-2021.webp","width":799,"height":533,"caption":"Gabigol em a\u00e7\u00e3o pelo Flamengo durante a partida contra o Olimpia pela Copa Libertadores da temporada de 2021 (Foto: Alexandre Vidal\/Flamengo)"},{"@type":"BreadcrumbList","@id":"https:\/\/www.gaveanews.com\/index.php\/2022\/06\/29\/jornal-turco-diz-que-gabigol-esta-de-malas-prontas-para-sair-do-flamengo\/#breadcrumb","itemListElement":[{"@type":"ListItem","position":1,"name":"Home","item":"https:\/\/www.gaveanews.com\/"},{"@type":"ListItem","position":2,"name":"Jornal turco diz que Gabigol est\u00e1 \u2018de malas prontas\u2019 para sair do Flamengo"}]},{"@type":"WebSite","@id":"https:\/\/www.gaveanews.com\/#website","url":"https:\/\/www.gaveanews.com\/","name":"G\u00e1vea News","description":"Veja todas as not\u00edcias sobre o Flamengo: Contrata\u00e7\u00f5es, categorias de base, resultados das partidas, tabela de classifica\u00e7\u00e3o, pr\u00f3ximos jogos!","potentialAction":[{"@type":"SearchAction","target":{"@type":"EntryPoint","urlTemplate":"https:\/\/www.gaveanews.com\/?s={search_term_string}"},"query-input":{"@type":"PropertyValueSpecification","valueRequired":true,"valueName":"search_term_string"}}],"inLanguage":"pt-BR"},{"@type":"Person","@id":"https:\/\/www.gaveanews.com\/#\/schema\/person\/2ec14f73fb96be2caf28f91afb14749d","name":"Equipe G\u00e1vea News","image":{"@type":"ImageObject","inLanguage":"pt-BR","@id":"https:\/\/www.gaveanews.com\/#\/schema\/person\/image\/","url":"https:\/\/secure.gravatar.com\/avatar\/1e1956f1facbffd3f8fa53a326721950116b3b9dc9bd44939c01180fd4a745a9?s=96&d=mm&r=g","contentUrl":"https:\/\/secure.gravatar.com\/avatar\/1e1956f1facbffd3f8fa53a326721950116b3b9dc9bd44939c01180fd4a745a9?s=96&d=mm&r=g","caption":"Equipe G\u00e1vea News"}}]}},"_links":{"self":[{"href":"https:\/\/www.gaveanews.com\/index.php\/wp-json\/wp\/v2\/posts\/83993","targetHints":{"allow":["GET"]}}],"collection":[{"href":"https:\/\/www.gaveanews.com\/index.php\/wp-json\/wp\/v2\/posts"}],"about":[{"href":"https:\/\/www.gaveanews.com\/index.php\/wp-json\/wp\/v2\/types\/post"}],"author":[{"embeddable":true,"href":"https:\/\/www.gaveanews.com\/index.php\/wp-json\/wp\/v2\/users\/1"}],"replies":[{"embeddable":true,"href":"https:\/\/www.gaveanews.com\/index.php\/wp-json\/wp\/v2\/comments?post=83993"}],"version-history":[{"count":0,"href":"https:\/\/www.gaveanews.com\/index.php\/wp-json\/wp\/v2\/posts\/83993\/revisions"}],"wp:featuredmedia":[{"embeddable":true,"href":"https:\/\/www.gaveanews.com\/index.php\/wp-json\/wp\/v2\/media\/66313"}],"wp:attachment":[{"href":"https:\/\/www.gaveanews.com\/index.php\/wp-json\/wp\/v2\/media?parent=83993"}],"wp:term":[{"taxonomy":"category","embeddable":true,"href":"https:\/\/www.gaveanews.com\/index.php\/wp-json\/wp\/v2\/categories?post=83993"},{"taxonomy":"post_tag","embeddable":true,"href":"https:\/\/www.gaveanews.com\/index.php\/wp-json\/wp\/v2\/tags?post=83993"}],"curies":[{"name":"wp","href":"https:\/\/api.w.org\/{rel}","templated":true}]}}