{"id":84030,"date":"2022-06-30T08:01:11","date_gmt":"2022-06-30T11:01:11","guid":{"rendered":"https:\/\/www.gaveanews.com\/?p=84030"},"modified":"2022-06-30T08:01:11","modified_gmt":"2022-06-30T11:01:11","slug":"andreas-vai-de-ate-nunca-mais-a-valeu-pela-saideira-no-flamengo","status":"publish","type":"post","link":"https:\/\/www.gaveanews.com\/index.php\/2022\/06\/30\/andreas-vai-de-ate-nunca-mais-a-valeu-pela-saideira-no-flamengo\/","title":{"rendered":"Andreas vai de &#8220;at\u00e9 nunca mais&#8221; a &#8220;valeu pela saideira&#8221; no Flamengo"},"content":{"rendered":"<p>Foi uma noite incomum, quase suis generis, para o Flamengo em Ibagu\u00e9.\u00a0Escala\u00e7\u00e3o inicial bizarra de um Dorival J\u00fanior que nem p\u00f4de ficar \u00e0 beira do campo, por conta de suspens\u00e3o da Conmebol ainda dos tempos de Cear\u00e1 na Sul-Americana.<\/p>\n<p>Com as aus\u00eancias de Jo\u00e3o Gomes, suspenso, e Willian Ar\u00e3o, que testou positivo para Covid, Diego Ribas iniciou centralizado \u00e0 frente da defesa em um 4-3-3 que protegia mal a \u00faltima linha defensiva. Depois o camisa dez e capit\u00e3o foi para o lado esquerdo, para transformar o setor, com Filipe Lu\u00eds, no &#8220;mapa da mina&#8221; do Tolima. O time colombiano atacava forte com Riascos, mesmo sem a dupla titular Marulanda e Plata.<\/p>\n<p>Na frente, Everton Ribeiro n\u00e3o conseguia dar sequ\u00eancia \u00e0s jogadas e o lado direito passou a depender fundamentalmente de Rodinei. Sim, o contestado lateral que novamente foi o grande escape em uma equipe sem profundidade desde a grave les\u00e3o de Bruno Henrique. De novo com Gabigol praticamente nulo, sem finalizar na dire\u00e7\u00e3o da meta do inseguro Dom\u00ednguez.<\/p>\n<p>Para piorar, a falta de inspira\u00e7\u00e3o de Arrascaeta, mais uma vez muito inconstante e errando demais tecnicamente para o seu alto n\u00edvel. Assim coube a um personagem controverso ser o protagonista, justo em sua despedida do clube.<\/p>\n<p>Andreas Pereira foi o mais regular e efetivo do meio-campo, ajudando na recomposi\u00e7\u00e3o, fechando o meio e tamb\u00e9m auxiliando o lateral, ainda aparecendo na frente. Assim marcou o belo gol da vit\u00f3ria, em chute que deixou o goleiro advers\u00e1rio im\u00f3vel. Tamb\u00e9m chegou a driblar Dom\u00ednguez, mas a\u00ed comprovou sua inconst\u00e2ncia errando a assist\u00eancia de forma at\u00e9 grotesca.<\/p>\n<p>Um retrato da passagem que chega ao fim com o encerramento do empr\u00e9stimo e o Flamengo roendo a corda de um acordo alinhado com o Manchester United em fevereiro para pagar dez milh\u00f5es de euros pelo meio-campista. Andreas n\u00e3o vale isso, porque na maior parte do tempo foi um jogador at\u00e9 \u00fatil, mas nunca decisivo. Pior: sua interven\u00e7\u00e3o mais memor\u00e1vel foi traum\u00e1tica, em Montevid\u00e9u na final da Libertadores do ano passado.<\/p>\n<p>Pelo menos a \u00faltima imagem foi positiva, antes de voltar e provavelmente partir para o Fullham. Boas atua\u00e7\u00f5es nos jogos mais recentes e um gol em vit\u00f3ria fundamental. Completando a &#8220;Fam\u00edlia Pereira&#8221; de protagonistas inesperados com o zagueiro L\u00e9o, que carregou a &#8220;Fam\u00edlia Lu\u00eds(iz)&#8221; &#8211; David e Filipe &#8211; nas costas. Ainda salvou em cima da linha a sa\u00edda de bola desastrosa do goleiro Santos, que compensou sendo importante em outros momentos com boas defesas.<\/p>\n<p>O Flamengo construiu vantagem importante para a volta no Maracan\u00e3 e o retorno com f\u00f4lego renovado de Jo\u00e3o Gomes, suspenso tamb\u00e9m no Brasileiro e fora do jogo contra o Santos, s\u00e1bado na Vila Belmiro, ser\u00e1 fundamental. Mas n\u00e3o h\u00e1 nada decidido. O Tolima venceu o Atl\u00e9tico no Mineir\u00e3o na fase de grupos e provavelmente vir\u00e1 ao Rio de Janeiro mais completo e menos traumatizado pela perda do t\u00edtulo colombiano em circunst\u00e2ncias inacredit\u00e1veis.<\/p>\n<p>E Dorival n\u00e3o ter\u00e1 Andreas, que foi de &#8220;at\u00e9 nunca mais&#8221; a &#8220;valeu pela saideira&#8221;, pelo menos com a parte mais tolerante da torcida. Por incr\u00edvel que possa parecer, o meio-campista que os rubro-negros queriam ver pelas costas vai fazer falta at\u00e9 o setor ser refor\u00e7ado e os contratados estiverem regularizados, a partir do dia 18 de julho. Mais um problema para a equipe que segue viva em tr\u00eas frentes, mas sofre com a irregularidade.<\/p>\n<p>Justamente a marca da trajet\u00f3ria de Andreas Pereira no Flamengo.<\/p>\n<p>Retirado de: UOL &#8211; Andr\u00e9 Rocha<\/p>\n","protected":false},"excerpt":{"rendered":"<p>Foi uma noite incomum, quase suis generis, para o Flamengo em Ibagu\u00e9.\u00a0Escala\u00e7\u00e3o inicial bizarra de um Dorival J\u00fanior que nem p\u00f4de ficar \u00e0 beira do campo, por conta de suspens\u00e3o da Conmebol ainda dos tempos de Cear\u00e1 na Sul-Americana. Com as aus\u00eancias de Jo\u00e3o Gomes, suspenso, e Willian Ar\u00e3o, que testou positivo para Covid, Diego [&hellip;]<\/p>\n","protected":false},"author":1,"featured_media":81843,"comment_status":"open","ping_status":"closed","sticky":false,"template":"","format":"standard","meta":{"footnotes":""},"categories":[1],"tags":[],"class_list":["post-84030","post","type-post","status-publish","format-standard","has-post-thumbnail","hentry","category-flamengo"],"yoast_head":"<!-- This site is optimized with the Yoast SEO Premium plugin v24.2 (Yoast SEO v26.9) - https:\/\/yoast.com\/product\/yoast-seo-premium-wordpress\/ -->\n<title>Andreas vai de &quot;at\u00e9 nunca mais&quot; a &quot;valeu pela saideira&quot; no Flamengo<\/title>\n<meta name=\"robots\" content=\"index, follow, max-snippet:-1, max-image-preview:large, max-video-preview:-1\" \/>\n<link rel=\"canonical\" href=\"https:\/\/www.gaveanews.com\/index.php\/2022\/06\/30\/andreas-vai-de-ate-nunca-mais-a-valeu-pela-saideira-no-flamengo\/\" \/>\n<meta property=\"og:locale\" content=\"pt_BR\" \/>\n<meta property=\"og:type\" content=\"article\" \/>\n<meta property=\"og:title\" content=\"Andreas vai de &quot;at\u00e9 nunca mais&quot; a &quot;valeu pela saideira&quot; no Flamengo\" \/>\n<meta property=\"og:description\" content=\"Foi uma noite incomum, quase suis generis, para o Flamengo em Ibagu\u00e9.\u00a0Escala\u00e7\u00e3o inicial bizarra de um Dorival J\u00fanior que nem p\u00f4de ficar \u00e0 beira do campo, por conta de suspens\u00e3o da Conmebol ainda dos tempos de Cear\u00e1 na Sul-Americana. Com as aus\u00eancias de Jo\u00e3o Gomes, suspenso, e Willian Ar\u00e3o, que testou positivo para Covid, Diego [&hellip;]\" \/>\n<meta property=\"og:url\" content=\"https:\/\/www.gaveanews.com\/index.php\/2022\/06\/30\/andreas-vai-de-ate-nunca-mais-a-valeu-pela-saideira-no-flamengo\/\" \/>\n<meta property=\"og:site_name\" content=\"G\u00e1vea News\" \/>\n<meta property=\"article:publisher\" content=\"https:\/\/facebook.com\/gaveaNews\/\" \/>\n<meta property=\"article:published_time\" content=\"2022-06-30T11:01:11+00:00\" \/>\n<meta property=\"og:image\" content=\"https:\/\/www.gaveanews.com\/wp-content\/uploads\/Bruno-Henrique-Andreas-e-Arrascaeta-em-jogo-do-Flamengo-no-Maracana.webp\" \/>\n\t<meta property=\"og:image:width\" content=\"799\" \/>\n\t<meta property=\"og:image:height\" content=\"533\" \/>\n\t<meta property=\"og:image:type\" content=\"image\/jpeg\" \/>\n<meta name=\"author\" content=\"Equipe G\u00e1vea News\" \/>\n<meta name=\"twitter:card\" content=\"summary_large_image\" \/>\n<meta name=\"twitter:label1\" content=\"Escrito por\" \/>\n\t<meta name=\"twitter:data1\" content=\"Equipe G\u00e1vea News\" \/>\n\t<meta name=\"twitter:label2\" content=\"Est. tempo de leitura\" \/>\n\t<meta name=\"twitter:data2\" content=\"4 minutos\" \/>\n<script type=\"application\/ld+json\" class=\"yoast-schema-graph\">{\"@context\":\"https:\/\/schema.org\",\"@graph\":[{\"@type\":\"NewsArticle\",\"@id\":\"https:\/\/www.gaveanews.com\/index.php\/2022\/06\/30\/andreas-vai-de-ate-nunca-mais-a-valeu-pela-saideira-no-flamengo\/#article\",\"isPartOf\":{\"@id\":\"https:\/\/www.gaveanews.com\/index.php\/2022\/06\/30\/andreas-vai-de-ate-nunca-mais-a-valeu-pela-saideira-no-flamengo\/\"},\"author\":{\"name\":\"Equipe G\u00e1vea News\",\"@id\":\"https:\/\/www.gaveanews.com\/#\/schema\/person\/2ec14f73fb96be2caf28f91afb14749d\"},\"headline\":\"Andreas vai de &#8220;at\u00e9 nunca mais&#8221; a &#8220;valeu pela saideira&#8221; no Flamengo\",\"datePublished\":\"2022-06-30T11:01:11+00:00\",\"mainEntityOfPage\":{\"@id\":\"https:\/\/www.gaveanews.com\/index.php\/2022\/06\/30\/andreas-vai-de-ate-nunca-mais-a-valeu-pela-saideira-no-flamengo\/\"},\"wordCount\":637,\"commentCount\":0,\"image\":{\"@id\":\"https:\/\/www.gaveanews.com\/index.php\/2022\/06\/30\/andreas-vai-de-ate-nunca-mais-a-valeu-pela-saideira-no-flamengo\/#primaryimage\"},\"thumbnailUrl\":\"https:\/\/www.gaveanews.com\/wp-content\/uploads\/Bruno-Henrique-Andreas-e-Arrascaeta-em-jogo-do-Flamengo-no-Maracana.webp\",\"articleSection\":[\"Flamengo\"],\"inLanguage\":\"pt-BR\",\"potentialAction\":[{\"@type\":\"CommentAction\",\"name\":\"Comment\",\"target\":[\"https:\/\/www.gaveanews.com\/index.php\/2022\/06\/30\/andreas-vai-de-ate-nunca-mais-a-valeu-pela-saideira-no-flamengo\/#respond\"]}],\"copyrightYear\":\"2022\",\"copyrightHolder\":{\"@id\":\"https:\/\/www.gaveanews.com\/#organization\"}},{\"@type\":\"WebPage\",\"@id\":\"https:\/\/www.gaveanews.com\/index.php\/2022\/06\/30\/andreas-vai-de-ate-nunca-mais-a-valeu-pela-saideira-no-flamengo\/\",\"url\":\"https:\/\/www.gaveanews.com\/index.php\/2022\/06\/30\/andreas-vai-de-ate-nunca-mais-a-valeu-pela-saideira-no-flamengo\/\",\"name\":\"Andreas vai de \\\"at\u00e9 nunca mais\\\" a \\\"valeu pela saideira\\\" no Flamengo\",\"isPartOf\":{\"@id\":\"https:\/\/www.gaveanews.com\/#website\"},\"primaryImageOfPage\":{\"@id\":\"https:\/\/www.gaveanews.com\/index.php\/2022\/06\/30\/andreas-vai-de-ate-nunca-mais-a-valeu-pela-saideira-no-flamengo\/#primaryimage\"},\"image\":{\"@id\":\"https:\/\/www.gaveanews.com\/index.php\/2022\/06\/30\/andreas-vai-de-ate-nunca-mais-a-valeu-pela-saideira-no-flamengo\/#primaryimage\"},\"thumbnailUrl\":\"https:\/\/www.gaveanews.com\/wp-content\/uploads\/Bruno-Henrique-Andreas-e-Arrascaeta-em-jogo-do-Flamengo-no-Maracana.webp\",\"datePublished\":\"2022-06-30T11:01:11+00:00\",\"author\":{\"@id\":\"https:\/\/www.gaveanews.com\/#\/schema\/person\/2ec14f73fb96be2caf28f91afb14749d\"},\"breadcrumb\":{\"@id\":\"https:\/\/www.gaveanews.com\/index.php\/2022\/06\/30\/andreas-vai-de-ate-nunca-mais-a-valeu-pela-saideira-no-flamengo\/#breadcrumb\"},\"inLanguage\":\"pt-BR\",\"potentialAction\":[{\"@type\":\"ReadAction\",\"target\":[\"https:\/\/www.gaveanews.com\/index.php\/2022\/06\/30\/andreas-vai-de-ate-nunca-mais-a-valeu-pela-saideira-no-flamengo\/\"]}]},{\"@type\":\"ImageObject\",\"inLanguage\":\"pt-BR\",\"@id\":\"https:\/\/www.gaveanews.com\/index.php\/2022\/06\/30\/andreas-vai-de-ate-nunca-mais-a-valeu-pela-saideira-no-flamengo\/#primaryimage\",\"url\":\"https:\/\/www.gaveanews.com\/wp-content\/uploads\/Bruno-Henrique-Andreas-e-Arrascaeta-em-jogo-do-Flamengo-no-Maracana.webp\",\"contentUrl\":\"https:\/\/www.gaveanews.com\/wp-content\/uploads\/Bruno-Henrique-Andreas-e-Arrascaeta-em-jogo-do-Flamengo-no-Maracana.webp\",\"width\":799,\"height\":533,\"caption\":\"Bruno Henrique, Andreas e Arrascaeta em jogo do Flamengo no Maracan\u00e3 (Foto: Alexandre Vidal\/Flamengo)\"},{\"@type\":\"BreadcrumbList\",\"@id\":\"https:\/\/www.gaveanews.com\/index.php\/2022\/06\/30\/andreas-vai-de-ate-nunca-mais-a-valeu-pela-saideira-no-flamengo\/#breadcrumb\",\"itemListElement\":[{\"@type\":\"ListItem\",\"position\":1,\"name\":\"Home\",\"item\":\"https:\/\/www.gaveanews.com\/\"},{\"@type\":\"ListItem\",\"position\":2,\"name\":\"Andreas vai de &#8220;at\u00e9 nunca mais&#8221; a &#8220;valeu pela saideira&#8221; no Flamengo\"}]},{\"@type\":\"WebSite\",\"@id\":\"https:\/\/www.gaveanews.com\/#website\",\"url\":\"https:\/\/www.gaveanews.com\/\",\"name\":\"G\u00e1vea News\",\"description\":\"Veja todas as not\u00edcias sobre o Flamengo: Contrata\u00e7\u00f5es, categorias de base, resultados das partidas, tabela de classifica\u00e7\u00e3o, pr\u00f3ximos jogos!\",\"potentialAction\":[{\"@type\":\"SearchAction\",\"target\":{\"@type\":\"EntryPoint\",\"urlTemplate\":\"https:\/\/www.gaveanews.com\/?s={search_term_string}\"},\"query-input\":{\"@type\":\"PropertyValueSpecification\",\"valueRequired\":true,\"valueName\":\"search_term_string\"}}],\"inLanguage\":\"pt-BR\"},{\"@type\":\"Person\",\"@id\":\"https:\/\/www.gaveanews.com\/#\/schema\/person\/2ec14f73fb96be2caf28f91afb14749d\",\"name\":\"Equipe G\u00e1vea News\",\"image\":{\"@type\":\"ImageObject\",\"inLanguage\":\"pt-BR\",\"@id\":\"https:\/\/www.gaveanews.com\/#\/schema\/person\/image\/\",\"url\":\"https:\/\/secure.gravatar.com\/avatar\/1e1956f1facbffd3f8fa53a326721950116b3b9dc9bd44939c01180fd4a745a9?s=96&d=mm&r=g\",\"contentUrl\":\"https:\/\/secure.gravatar.com\/avatar\/1e1956f1facbffd3f8fa53a326721950116b3b9dc9bd44939c01180fd4a745a9?s=96&d=mm&r=g\",\"caption\":\"Equipe G\u00e1vea News\"}}]}<\/script>\n<!-- \/ Yoast SEO Premium plugin. -->","yoast_head_json":{"title":"Andreas vai de \"at\u00e9 nunca mais\" a \"valeu pela saideira\" no Flamengo","robots":{"index":"index","follow":"follow","max-snippet":"max-snippet:-1","max-image-preview":"max-image-preview:large","max-video-preview":"max-video-preview:-1"},"canonical":"https:\/\/www.gaveanews.com\/index.php\/2022\/06\/30\/andreas-vai-de-ate-nunca-mais-a-valeu-pela-saideira-no-flamengo\/","og_locale":"pt_BR","og_type":"article","og_title":"Andreas vai de \"at\u00e9 nunca mais\" a \"valeu pela saideira\" no Flamengo","og_description":"Foi uma noite incomum, quase suis generis, para o Flamengo em Ibagu\u00e9.\u00a0Escala\u00e7\u00e3o inicial bizarra de um Dorival J\u00fanior que nem p\u00f4de ficar \u00e0 beira do campo, por conta de suspens\u00e3o da Conmebol ainda dos tempos de Cear\u00e1 na Sul-Americana. Com as aus\u00eancias de Jo\u00e3o Gomes, suspenso, e Willian Ar\u00e3o, que testou positivo para Covid, Diego [&hellip;]","og_url":"https:\/\/www.gaveanews.com\/index.php\/2022\/06\/30\/andreas-vai-de-ate-nunca-mais-a-valeu-pela-saideira-no-flamengo\/","og_site_name":"G\u00e1vea News","article_publisher":"https:\/\/facebook.com\/gaveaNews\/","article_published_time":"2022-06-30T11:01:11+00:00","og_image":[{"width":799,"height":533,"url":"https:\/\/www.gaveanews.com\/wp-content\/uploads\/Bruno-Henrique-Andreas-e-Arrascaeta-em-jogo-do-Flamengo-no-Maracana.webp","type":"image\/jpeg"}],"author":"Equipe G\u00e1vea News","twitter_card":"summary_large_image","twitter_misc":{"Escrito por":"Equipe G\u00e1vea News","Est. tempo de leitura":"4 minutos"},"schema":{"@context":"https:\/\/schema.org","@graph":[{"@type":"NewsArticle","@id":"https:\/\/www.gaveanews.com\/index.php\/2022\/06\/30\/andreas-vai-de-ate-nunca-mais-a-valeu-pela-saideira-no-flamengo\/#article","isPartOf":{"@id":"https:\/\/www.gaveanews.com\/index.php\/2022\/06\/30\/andreas-vai-de-ate-nunca-mais-a-valeu-pela-saideira-no-flamengo\/"},"author":{"name":"Equipe G\u00e1vea News","@id":"https:\/\/www.gaveanews.com\/#\/schema\/person\/2ec14f73fb96be2caf28f91afb14749d"},"headline":"Andreas vai de &#8220;at\u00e9 nunca mais&#8221; a &#8220;valeu pela saideira&#8221; no Flamengo","datePublished":"2022-06-30T11:01:11+00:00","mainEntityOfPage":{"@id":"https:\/\/www.gaveanews.com\/index.php\/2022\/06\/30\/andreas-vai-de-ate-nunca-mais-a-valeu-pela-saideira-no-flamengo\/"},"wordCount":637,"commentCount":0,"image":{"@id":"https:\/\/www.gaveanews.com\/index.php\/2022\/06\/30\/andreas-vai-de-ate-nunca-mais-a-valeu-pela-saideira-no-flamengo\/#primaryimage"},"thumbnailUrl":"https:\/\/www.gaveanews.com\/wp-content\/uploads\/Bruno-Henrique-Andreas-e-Arrascaeta-em-jogo-do-Flamengo-no-Maracana.webp","articleSection":["Flamengo"],"inLanguage":"pt-BR","potentialAction":[{"@type":"CommentAction","name":"Comment","target":["https:\/\/www.gaveanews.com\/index.php\/2022\/06\/30\/andreas-vai-de-ate-nunca-mais-a-valeu-pela-saideira-no-flamengo\/#respond"]}],"copyrightYear":"2022","copyrightHolder":{"@id":"https:\/\/www.gaveanews.com\/#organization"}},{"@type":"WebPage","@id":"https:\/\/www.gaveanews.com\/index.php\/2022\/06\/30\/andreas-vai-de-ate-nunca-mais-a-valeu-pela-saideira-no-flamengo\/","url":"https:\/\/www.gaveanews.com\/index.php\/2022\/06\/30\/andreas-vai-de-ate-nunca-mais-a-valeu-pela-saideira-no-flamengo\/","name":"Andreas vai de \"at\u00e9 nunca mais\" a \"valeu pela saideira\" no Flamengo","isPartOf":{"@id":"https:\/\/www.gaveanews.com\/#website"},"primaryImageOfPage":{"@id":"https:\/\/www.gaveanews.com\/index.php\/2022\/06\/30\/andreas-vai-de-ate-nunca-mais-a-valeu-pela-saideira-no-flamengo\/#primaryimage"},"image":{"@id":"https:\/\/www.gaveanews.com\/index.php\/2022\/06\/30\/andreas-vai-de-ate-nunca-mais-a-valeu-pela-saideira-no-flamengo\/#primaryimage"},"thumbnailUrl":"https:\/\/www.gaveanews.com\/wp-content\/uploads\/Bruno-Henrique-Andreas-e-Arrascaeta-em-jogo-do-Flamengo-no-Maracana.webp","datePublished":"2022-06-30T11:01:11+00:00","author":{"@id":"https:\/\/www.gaveanews.com\/#\/schema\/person\/2ec14f73fb96be2caf28f91afb14749d"},"breadcrumb":{"@id":"https:\/\/www.gaveanews.com\/index.php\/2022\/06\/30\/andreas-vai-de-ate-nunca-mais-a-valeu-pela-saideira-no-flamengo\/#breadcrumb"},"inLanguage":"pt-BR","potentialAction":[{"@type":"ReadAction","target":["https:\/\/www.gaveanews.com\/index.php\/2022\/06\/30\/andreas-vai-de-ate-nunca-mais-a-valeu-pela-saideira-no-flamengo\/"]}]},{"@type":"ImageObject","inLanguage":"pt-BR","@id":"https:\/\/www.gaveanews.com\/index.php\/2022\/06\/30\/andreas-vai-de-ate-nunca-mais-a-valeu-pela-saideira-no-flamengo\/#primaryimage","url":"https:\/\/www.gaveanews.com\/wp-content\/uploads\/Bruno-Henrique-Andreas-e-Arrascaeta-em-jogo-do-Flamengo-no-Maracana.webp","contentUrl":"https:\/\/www.gaveanews.com\/wp-content\/uploads\/Bruno-Henrique-Andreas-e-Arrascaeta-em-jogo-do-Flamengo-no-Maracana.webp","width":799,"height":533,"caption":"Bruno Henrique, Andreas e Arrascaeta em jogo do Flamengo no Maracan\u00e3 (Foto: Alexandre Vidal\/Flamengo)"},{"@type":"BreadcrumbList","@id":"https:\/\/www.gaveanews.com\/index.php\/2022\/06\/30\/andreas-vai-de-ate-nunca-mais-a-valeu-pela-saideira-no-flamengo\/#breadcrumb","itemListElement":[{"@type":"ListItem","position":1,"name":"Home","item":"https:\/\/www.gaveanews.com\/"},{"@type":"ListItem","position":2,"name":"Andreas vai de &#8220;at\u00e9 nunca mais&#8221; a &#8220;valeu pela saideira&#8221; no Flamengo"}]},{"@type":"WebSite","@id":"https:\/\/www.gaveanews.com\/#website","url":"https:\/\/www.gaveanews.com\/","name":"G\u00e1vea News","description":"Veja todas as not\u00edcias sobre o Flamengo: Contrata\u00e7\u00f5es, categorias de base, resultados das partidas, tabela de classifica\u00e7\u00e3o, pr\u00f3ximos jogos!","potentialAction":[{"@type":"SearchAction","target":{"@type":"EntryPoint","urlTemplate":"https:\/\/www.gaveanews.com\/?s={search_term_string}"},"query-input":{"@type":"PropertyValueSpecification","valueRequired":true,"valueName":"search_term_string"}}],"inLanguage":"pt-BR"},{"@type":"Person","@id":"https:\/\/www.gaveanews.com\/#\/schema\/person\/2ec14f73fb96be2caf28f91afb14749d","name":"Equipe G\u00e1vea News","image":{"@type":"ImageObject","inLanguage":"pt-BR","@id":"https:\/\/www.gaveanews.com\/#\/schema\/person\/image\/","url":"https:\/\/secure.gravatar.com\/avatar\/1e1956f1facbffd3f8fa53a326721950116b3b9dc9bd44939c01180fd4a745a9?s=96&d=mm&r=g","contentUrl":"https:\/\/secure.gravatar.com\/avatar\/1e1956f1facbffd3f8fa53a326721950116b3b9dc9bd44939c01180fd4a745a9?s=96&d=mm&r=g","caption":"Equipe G\u00e1vea News"}}]}},"_links":{"self":[{"href":"https:\/\/www.gaveanews.com\/index.php\/wp-json\/wp\/v2\/posts\/84030","targetHints":{"allow":["GET"]}}],"collection":[{"href":"https:\/\/www.gaveanews.com\/index.php\/wp-json\/wp\/v2\/posts"}],"about":[{"href":"https:\/\/www.gaveanews.com\/index.php\/wp-json\/wp\/v2\/types\/post"}],"author":[{"embeddable":true,"href":"https:\/\/www.gaveanews.com\/index.php\/wp-json\/wp\/v2\/users\/1"}],"replies":[{"embeddable":true,"href":"https:\/\/www.gaveanews.com\/index.php\/wp-json\/wp\/v2\/comments?post=84030"}],"version-history":[{"count":0,"href":"https:\/\/www.gaveanews.com\/index.php\/wp-json\/wp\/v2\/posts\/84030\/revisions"}],"wp:featuredmedia":[{"embeddable":true,"href":"https:\/\/www.gaveanews.com\/index.php\/wp-json\/wp\/v2\/media\/81843"}],"wp:attachment":[{"href":"https:\/\/www.gaveanews.com\/index.php\/wp-json\/wp\/v2\/media?parent=84030"}],"wp:term":[{"taxonomy":"category","embeddable":true,"href":"https:\/\/www.gaveanews.com\/index.php\/wp-json\/wp\/v2\/categories?post=84030"},{"taxonomy":"post_tag","embeddable":true,"href":"https:\/\/www.gaveanews.com\/index.php\/wp-json\/wp\/v2\/tags?post=84030"}],"curies":[{"name":"wp","href":"https:\/\/api.w.org\/{rel}","templated":true}]}}