{"id":84103,"date":"2022-07-01T11:52:45","date_gmt":"2022-07-01T14:52:45","guid":{"rendered":"https:\/\/www.gaveanews.com\/?p=84103"},"modified":"2022-07-01T11:52:45","modified_gmt":"2022-07-01T14:52:45","slug":"monitorado-pelo-flamengo-wendel-curte-publicacoes-sobre-suposta-ida-ao-rubro-negro","status":"publish","type":"post","link":"https:\/\/www.gaveanews.com\/index.php\/2022\/07\/01\/monitorado-pelo-flamengo-wendel-curte-publicacoes-sobre-suposta-ida-ao-rubro-negro\/","title":{"rendered":"Monitorado pelo Flamengo, Wendel curte publica\u00e7\u00f5es sobre suposta ida ao Rubro-Negro"},"content":{"rendered":"<p>Com a sa\u00edda de Andreas na \u00faltima quinta-feira (30), o Flamengo agora procura com uma certa urg\u00eancia por um volante. Tendo Jo\u00e3o Gomes, Thiago Maia, Willian Ar\u00e3o e Diego Ribas para a posi\u00e7\u00e3o, o clube entende a necessidade de trazer mais op\u00e7\u00f5es para o meio-de-campo.<\/p>\n<p>Um dos nomes avaliados pelo Mais Querido \u00e9 Wendel, do Zenit. <a href=\"https:\/\/www.gaveanews.com\/index.php\/2022\/07\/01\/wendel-no-flamengo-dois-fatores-seduzem-o-volante-para-voltar-ao-brasil\/\">O jogador v\u00ea com bons olhos o retorno ao futebol brasileiro<\/a> e est\u00e1 bastante receptivo \u00e0 possibilidade.<\/p>\n<p>Uma das provas disso est\u00e1 nas redes sociais do meia. No Twitter, o atleta curtiu diversas publica\u00e7\u00f5es que ligam seu nome ao Flamengo e uma poss\u00edvel transfer\u00eancia.<\/p>\n<h2>Veja as intera\u00e7\u00f5es:<\/h2>\n<p><img loading=\"lazy\" decoding=\"async\" class=\"alignnone size-medium\" src=\"https:\/\/pbs.twimg.com\/media\/FWlrBnTX0AA_T_s?format=jpg\" width=\"648\" height=\"1200\" \/><\/p>\n<p><img loading=\"lazy\" decoding=\"async\" class=\"alignnone size-medium\" src=\"https:\/\/pbs.twimg.com\/media\/FWlq9T2XwAAitu4?format=jpg\" width=\"828\" height=\"1123\" \/><\/p>\n<p><img decoding=\"async\" src=\"https:\/\/pbs.twimg.com\/media\/FWlq5V_XoAIoSIu?format=jpg\" \/><\/p>\n<p>Com o atleta receptivo e o Flamengo com a inten\u00e7\u00e3o de investir, a negocia\u00e7\u00e3o pode ter um desfecho positivo na janela de transfer\u00eancias que abre neste m\u00eas. A partir do dia 18, al\u00e9m de registrar novos refor\u00e7os, <a href=\"https:\/\/www.gaveanews.com\/index.php\/2022\/06\/20\/flamengo-anuncia-a-chegada-de-everton-cebolinha-benfica-revela-valores\/\">o Mais Querido tamb\u00e9m poder\u00e1 regularizar Everton Cebolinha, anunciado pelo clube recentemente.<\/a><\/p>\n<ul>\n<li><a href=\"https:\/\/www.gaveanews.com\/index.php\/2022\/06\/21\/saiba-em-qual-jogo-everton-cebolinha-deve-estrear-pelo-flamengo\/\">Saiba quando Everton Cebolinha poder\u00e1 estrear pelo Flamengo<\/a><\/li>\n<li><a href=\"https:\/\/www.gaveanews.com\/index.php\/2022\/06\/30\/santos-x-flamengo-dorival-junior-vai-ganhar-dois-reforcos\/\">Flamengo ter\u00e1 &#8220;refor\u00e7os&#8221; para o jogo contra o Santos deste final de semana<\/a><\/li>\n<\/ul>\n","protected":false},"excerpt":{"rendered":"<p>Com a sa\u00edda de Andreas na \u00faltima quinta-feira (30), o Flamengo agora procura com uma certa urg\u00eancia por um volante. Tendo Jo\u00e3o Gomes, Thiago Maia, Willian Ar\u00e3o e Diego Ribas para a posi\u00e7\u00e3o, o clube entende a necessidade de trazer mais op\u00e7\u00f5es para o meio-de-campo. Um dos nomes avaliados pelo Mais Querido \u00e9 Wendel, do [&hellip;]<\/p>\n","protected":false},"author":4,"featured_media":83824,"comment_status":"open","ping_status":"closed","sticky":false,"template":"","format":"standard","meta":{"footnotes":""},"categories":[1],"tags":[],"class_list":["post-84103","post","type-post","status-publish","format-standard","has-post-thumbnail","hentry","category-flamengo"],"yoast_head":"<!-- This site is optimized with the Yoast SEO Premium plugin v24.2 (Yoast SEO v26.9) - https:\/\/yoast.com\/product\/yoast-seo-premium-wordpress\/ -->\n<title>Monitorado pelo Flamengo, Wendel curte publica\u00e7\u00f5es sobre suposta ida ao Rubro-Negro<\/title>\n<meta name=\"robots\" content=\"index, follow, max-snippet:-1, max-image-preview:large, max-video-preview:-1\" \/>\n<link rel=\"canonical\" href=\"https:\/\/www.gaveanews.com\/index.php\/2022\/07\/01\/monitorado-pelo-flamengo-wendel-curte-publicacoes-sobre-suposta-ida-ao-rubro-negro\/\" \/>\n<meta property=\"og:locale\" content=\"pt_BR\" \/>\n<meta property=\"og:type\" content=\"article\" \/>\n<meta property=\"og:title\" content=\"Monitorado pelo Flamengo, Wendel curte publica\u00e7\u00f5es sobre suposta ida ao Rubro-Negro\" \/>\n<meta property=\"og:description\" content=\"Com a sa\u00edda de Andreas na \u00faltima quinta-feira (30), o Flamengo agora procura com uma certa urg\u00eancia por um volante. Tendo Jo\u00e3o Gomes, Thiago Maia, Willian Ar\u00e3o e Diego Ribas para a posi\u00e7\u00e3o, o clube entende a necessidade de trazer mais op\u00e7\u00f5es para o meio-de-campo. Um dos nomes avaliados pelo Mais Querido \u00e9 Wendel, do [&hellip;]\" \/>\n<meta property=\"og:url\" content=\"https:\/\/www.gaveanews.com\/index.php\/2022\/07\/01\/monitorado-pelo-flamengo-wendel-curte-publicacoes-sobre-suposta-ida-ao-rubro-negro\/\" \/>\n<meta property=\"og:site_name\" content=\"G\u00e1vea News\" \/>\n<meta property=\"article:publisher\" content=\"https:\/\/facebook.com\/gaveaNews\/\" \/>\n<meta property=\"article:published_time\" content=\"2022-07-01T14:52:45+00:00\" \/>\n<meta property=\"og:image\" content=\"https:\/\/www.gaveanews.com\/wp-content\/uploads\/Wendel-volante-do-Zenit.webp\" \/>\n\t<meta property=\"og:image:width\" content=\"1080\" \/>\n\t<meta property=\"og:image:height\" content=\"720\" \/>\n\t<meta property=\"og:image:type\" content=\"image\/webp\" \/>\n<meta name=\"author\" content=\"Let\u00edcia Gerheim\" \/>\n<meta name=\"twitter:card\" content=\"summary_large_image\" \/>\n<meta name=\"twitter:label1\" content=\"Escrito por\" \/>\n\t<meta name=\"twitter:data1\" content=\"Let\u00edcia Gerheim\" \/>\n\t<meta name=\"twitter:label2\" content=\"Est. tempo de leitura\" \/>\n\t<meta name=\"twitter:data2\" content=\"2 minutos\" \/>\n<script type=\"application\/ld+json\" class=\"yoast-schema-graph\">{\"@context\":\"https:\/\/schema.org\",\"@graph\":[{\"@type\":\"NewsArticle\",\"@id\":\"https:\/\/www.gaveanews.com\/index.php\/2022\/07\/01\/monitorado-pelo-flamengo-wendel-curte-publicacoes-sobre-suposta-ida-ao-rubro-negro\/#article\",\"isPartOf\":{\"@id\":\"https:\/\/www.gaveanews.com\/index.php\/2022\/07\/01\/monitorado-pelo-flamengo-wendel-curte-publicacoes-sobre-suposta-ida-ao-rubro-negro\/\"},\"author\":{\"name\":\"Let\u00edcia Gerheim\",\"@id\":\"https:\/\/www.gaveanews.com\/#\/schema\/person\/714c67050b836198af2450ba1c142a67\"},\"headline\":\"Monitorado pelo Flamengo, Wendel curte publica\u00e7\u00f5es sobre suposta ida ao Rubro-Negro\",\"datePublished\":\"2022-07-01T14:52:45+00:00\",\"mainEntityOfPage\":{\"@id\":\"https:\/\/www.gaveanews.com\/index.php\/2022\/07\/01\/monitorado-pelo-flamengo-wendel-curte-publicacoes-sobre-suposta-ida-ao-rubro-negro\/\"},\"wordCount\":199,\"commentCount\":0,\"image\":{\"@id\":\"https:\/\/www.gaveanews.com\/index.php\/2022\/07\/01\/monitorado-pelo-flamengo-wendel-curte-publicacoes-sobre-suposta-ida-ao-rubro-negro\/#primaryimage\"},\"thumbnailUrl\":\"https:\/\/www.gaveanews.com\/wp-content\/uploads\/Wendel-volante-do-Zenit.webp\",\"articleSection\":[\"Flamengo\"],\"inLanguage\":\"pt-BR\",\"potentialAction\":[{\"@type\":\"CommentAction\",\"name\":\"Comment\",\"target\":[\"https:\/\/www.gaveanews.com\/index.php\/2022\/07\/01\/monitorado-pelo-flamengo-wendel-curte-publicacoes-sobre-suposta-ida-ao-rubro-negro\/#respond\"]}],\"copyrightYear\":\"2022\",\"copyrightHolder\":{\"@id\":\"https:\/\/www.gaveanews.com\/#organization\"}},{\"@type\":\"WebPage\",\"@id\":\"https:\/\/www.gaveanews.com\/index.php\/2022\/07\/01\/monitorado-pelo-flamengo-wendel-curte-publicacoes-sobre-suposta-ida-ao-rubro-negro\/\",\"url\":\"https:\/\/www.gaveanews.com\/index.php\/2022\/07\/01\/monitorado-pelo-flamengo-wendel-curte-publicacoes-sobre-suposta-ida-ao-rubro-negro\/\",\"name\":\"Monitorado pelo Flamengo, Wendel curte publica\u00e7\u00f5es sobre suposta ida ao Rubro-Negro\",\"isPartOf\":{\"@id\":\"https:\/\/www.gaveanews.com\/#website\"},\"primaryImageOfPage\":{\"@id\":\"https:\/\/www.gaveanews.com\/index.php\/2022\/07\/01\/monitorado-pelo-flamengo-wendel-curte-publicacoes-sobre-suposta-ida-ao-rubro-negro\/#primaryimage\"},\"image\":{\"@id\":\"https:\/\/www.gaveanews.com\/index.php\/2022\/07\/01\/monitorado-pelo-flamengo-wendel-curte-publicacoes-sobre-suposta-ida-ao-rubro-negro\/#primaryimage\"},\"thumbnailUrl\":\"https:\/\/www.gaveanews.com\/wp-content\/uploads\/Wendel-volante-do-Zenit.webp\",\"datePublished\":\"2022-07-01T14:52:45+00:00\",\"author\":{\"@id\":\"https:\/\/www.gaveanews.com\/#\/schema\/person\/714c67050b836198af2450ba1c142a67\"},\"breadcrumb\":{\"@id\":\"https:\/\/www.gaveanews.com\/index.php\/2022\/07\/01\/monitorado-pelo-flamengo-wendel-curte-publicacoes-sobre-suposta-ida-ao-rubro-negro\/#breadcrumb\"},\"inLanguage\":\"pt-BR\",\"potentialAction\":[{\"@type\":\"ReadAction\",\"target\":[\"https:\/\/www.gaveanews.com\/index.php\/2022\/07\/01\/monitorado-pelo-flamengo-wendel-curte-publicacoes-sobre-suposta-ida-ao-rubro-negro\/\"]}]},{\"@type\":\"ImageObject\",\"inLanguage\":\"pt-BR\",\"@id\":\"https:\/\/www.gaveanews.com\/index.php\/2022\/07\/01\/monitorado-pelo-flamengo-wendel-curte-publicacoes-sobre-suposta-ida-ao-rubro-negro\/#primaryimage\",\"url\":\"https:\/\/www.gaveanews.com\/wp-content\/uploads\/Wendel-volante-do-Zenit.webp\",\"contentUrl\":\"https:\/\/www.gaveanews.com\/wp-content\/uploads\/Wendel-volante-do-Zenit.webp\",\"width\":1080,\"height\":720,\"caption\":\"Wendel, volante do Zenit (Foto: Divulga\u00e7\u00e3o\/Zenit)\"},{\"@type\":\"BreadcrumbList\",\"@id\":\"https:\/\/www.gaveanews.com\/index.php\/2022\/07\/01\/monitorado-pelo-flamengo-wendel-curte-publicacoes-sobre-suposta-ida-ao-rubro-negro\/#breadcrumb\",\"itemListElement\":[{\"@type\":\"ListItem\",\"position\":1,\"name\":\"Home\",\"item\":\"https:\/\/www.gaveanews.com\/\"},{\"@type\":\"ListItem\",\"position\":2,\"name\":\"Monitorado pelo Flamengo, Wendel curte publica\u00e7\u00f5es sobre suposta ida ao Rubro-Negro\"}]},{\"@type\":\"WebSite\",\"@id\":\"https:\/\/www.gaveanews.com\/#website\",\"url\":\"https:\/\/www.gaveanews.com\/\",\"name\":\"G\u00e1vea News\",\"description\":\"Veja todas as not\u00edcias sobre o Flamengo: Contrata\u00e7\u00f5es, categorias de base, resultados das partidas, tabela de classifica\u00e7\u00e3o, pr\u00f3ximos jogos!\",\"potentialAction\":[{\"@type\":\"SearchAction\",\"target\":{\"@type\":\"EntryPoint\",\"urlTemplate\":\"https:\/\/www.gaveanews.com\/?s={search_term_string}\"},\"query-input\":{\"@type\":\"PropertyValueSpecification\",\"valueRequired\":true,\"valueName\":\"search_term_string\"}}],\"inLanguage\":\"pt-BR\"},{\"@type\":\"Person\",\"@id\":\"https:\/\/www.gaveanews.com\/#\/schema\/person\/714c67050b836198af2450ba1c142a67\",\"name\":\"Let\u00edcia Gerheim\",\"image\":{\"@type\":\"ImageObject\",\"inLanguage\":\"pt-BR\",\"@id\":\"https:\/\/www.gaveanews.com\/#\/schema\/person\/image\/\",\"url\":\"https:\/\/secure.gravatar.com\/avatar\/60734739c50fcebfbac509e2a826ccd0ff405c019bc73aab9354f19ecad1dcb4?s=96&d=mm&r=g\",\"contentUrl\":\"https:\/\/secure.gravatar.com\/avatar\/60734739c50fcebfbac509e2a826ccd0ff405c019bc73aab9354f19ecad1dcb4?s=96&d=mm&r=g\",\"caption\":\"Let\u00edcia Gerheim\"}}]}<\/script>\n<!-- \/ Yoast SEO Premium plugin. -->","yoast_head_json":{"title":"Monitorado pelo Flamengo, Wendel curte publica\u00e7\u00f5es sobre suposta ida ao Rubro-Negro","robots":{"index":"index","follow":"follow","max-snippet":"max-snippet:-1","max-image-preview":"max-image-preview:large","max-video-preview":"max-video-preview:-1"},"canonical":"https:\/\/www.gaveanews.com\/index.php\/2022\/07\/01\/monitorado-pelo-flamengo-wendel-curte-publicacoes-sobre-suposta-ida-ao-rubro-negro\/","og_locale":"pt_BR","og_type":"article","og_title":"Monitorado pelo Flamengo, Wendel curte publica\u00e7\u00f5es sobre suposta ida ao Rubro-Negro","og_description":"Com a sa\u00edda de Andreas na \u00faltima quinta-feira (30), o Flamengo agora procura com uma certa urg\u00eancia por um volante. Tendo Jo\u00e3o Gomes, Thiago Maia, Willian Ar\u00e3o e Diego Ribas para a posi\u00e7\u00e3o, o clube entende a necessidade de trazer mais op\u00e7\u00f5es para o meio-de-campo. Um dos nomes avaliados pelo Mais Querido \u00e9 Wendel, do [&hellip;]","og_url":"https:\/\/www.gaveanews.com\/index.php\/2022\/07\/01\/monitorado-pelo-flamengo-wendel-curte-publicacoes-sobre-suposta-ida-ao-rubro-negro\/","og_site_name":"G\u00e1vea News","article_publisher":"https:\/\/facebook.com\/gaveaNews\/","article_published_time":"2022-07-01T14:52:45+00:00","og_image":[{"width":1080,"height":720,"url":"https:\/\/www.gaveanews.com\/wp-content\/uploads\/Wendel-volante-do-Zenit.webp","type":"image\/webp"}],"author":"Let\u00edcia Gerheim","twitter_card":"summary_large_image","twitter_misc":{"Escrito por":"Let\u00edcia Gerheim","Est. tempo de leitura":"2 minutos"},"schema":{"@context":"https:\/\/schema.org","@graph":[{"@type":"NewsArticle","@id":"https:\/\/www.gaveanews.com\/index.php\/2022\/07\/01\/monitorado-pelo-flamengo-wendel-curte-publicacoes-sobre-suposta-ida-ao-rubro-negro\/#article","isPartOf":{"@id":"https:\/\/www.gaveanews.com\/index.php\/2022\/07\/01\/monitorado-pelo-flamengo-wendel-curte-publicacoes-sobre-suposta-ida-ao-rubro-negro\/"},"author":{"name":"Let\u00edcia Gerheim","@id":"https:\/\/www.gaveanews.com\/#\/schema\/person\/714c67050b836198af2450ba1c142a67"},"headline":"Monitorado pelo Flamengo, Wendel curte publica\u00e7\u00f5es sobre suposta ida ao Rubro-Negro","datePublished":"2022-07-01T14:52:45+00:00","mainEntityOfPage":{"@id":"https:\/\/www.gaveanews.com\/index.php\/2022\/07\/01\/monitorado-pelo-flamengo-wendel-curte-publicacoes-sobre-suposta-ida-ao-rubro-negro\/"},"wordCount":199,"commentCount":0,"image":{"@id":"https:\/\/www.gaveanews.com\/index.php\/2022\/07\/01\/monitorado-pelo-flamengo-wendel-curte-publicacoes-sobre-suposta-ida-ao-rubro-negro\/#primaryimage"},"thumbnailUrl":"https:\/\/www.gaveanews.com\/wp-content\/uploads\/Wendel-volante-do-Zenit.webp","articleSection":["Flamengo"],"inLanguage":"pt-BR","potentialAction":[{"@type":"CommentAction","name":"Comment","target":["https:\/\/www.gaveanews.com\/index.php\/2022\/07\/01\/monitorado-pelo-flamengo-wendel-curte-publicacoes-sobre-suposta-ida-ao-rubro-negro\/#respond"]}],"copyrightYear":"2022","copyrightHolder":{"@id":"https:\/\/www.gaveanews.com\/#organization"}},{"@type":"WebPage","@id":"https:\/\/www.gaveanews.com\/index.php\/2022\/07\/01\/monitorado-pelo-flamengo-wendel-curte-publicacoes-sobre-suposta-ida-ao-rubro-negro\/","url":"https:\/\/www.gaveanews.com\/index.php\/2022\/07\/01\/monitorado-pelo-flamengo-wendel-curte-publicacoes-sobre-suposta-ida-ao-rubro-negro\/","name":"Monitorado pelo Flamengo, Wendel curte publica\u00e7\u00f5es sobre suposta ida ao Rubro-Negro","isPartOf":{"@id":"https:\/\/www.gaveanews.com\/#website"},"primaryImageOfPage":{"@id":"https:\/\/www.gaveanews.com\/index.php\/2022\/07\/01\/monitorado-pelo-flamengo-wendel-curte-publicacoes-sobre-suposta-ida-ao-rubro-negro\/#primaryimage"},"image":{"@id":"https:\/\/www.gaveanews.com\/index.php\/2022\/07\/01\/monitorado-pelo-flamengo-wendel-curte-publicacoes-sobre-suposta-ida-ao-rubro-negro\/#primaryimage"},"thumbnailUrl":"https:\/\/www.gaveanews.com\/wp-content\/uploads\/Wendel-volante-do-Zenit.webp","datePublished":"2022-07-01T14:52:45+00:00","author":{"@id":"https:\/\/www.gaveanews.com\/#\/schema\/person\/714c67050b836198af2450ba1c142a67"},"breadcrumb":{"@id":"https:\/\/www.gaveanews.com\/index.php\/2022\/07\/01\/monitorado-pelo-flamengo-wendel-curte-publicacoes-sobre-suposta-ida-ao-rubro-negro\/#breadcrumb"},"inLanguage":"pt-BR","potentialAction":[{"@type":"ReadAction","target":["https:\/\/www.gaveanews.com\/index.php\/2022\/07\/01\/monitorado-pelo-flamengo-wendel-curte-publicacoes-sobre-suposta-ida-ao-rubro-negro\/"]}]},{"@type":"ImageObject","inLanguage":"pt-BR","@id":"https:\/\/www.gaveanews.com\/index.php\/2022\/07\/01\/monitorado-pelo-flamengo-wendel-curte-publicacoes-sobre-suposta-ida-ao-rubro-negro\/#primaryimage","url":"https:\/\/www.gaveanews.com\/wp-content\/uploads\/Wendel-volante-do-Zenit.webp","contentUrl":"https:\/\/www.gaveanews.com\/wp-content\/uploads\/Wendel-volante-do-Zenit.webp","width":1080,"height":720,"caption":"Wendel, volante do Zenit (Foto: Divulga\u00e7\u00e3o\/Zenit)"},{"@type":"BreadcrumbList","@id":"https:\/\/www.gaveanews.com\/index.php\/2022\/07\/01\/monitorado-pelo-flamengo-wendel-curte-publicacoes-sobre-suposta-ida-ao-rubro-negro\/#breadcrumb","itemListElement":[{"@type":"ListItem","position":1,"name":"Home","item":"https:\/\/www.gaveanews.com\/"},{"@type":"ListItem","position":2,"name":"Monitorado pelo Flamengo, Wendel curte publica\u00e7\u00f5es sobre suposta ida ao Rubro-Negro"}]},{"@type":"WebSite","@id":"https:\/\/www.gaveanews.com\/#website","url":"https:\/\/www.gaveanews.com\/","name":"G\u00e1vea News","description":"Veja todas as not\u00edcias sobre o Flamengo: Contrata\u00e7\u00f5es, categorias de base, resultados das partidas, tabela de classifica\u00e7\u00e3o, pr\u00f3ximos jogos!","potentialAction":[{"@type":"SearchAction","target":{"@type":"EntryPoint","urlTemplate":"https:\/\/www.gaveanews.com\/?s={search_term_string}"},"query-input":{"@type":"PropertyValueSpecification","valueRequired":true,"valueName":"search_term_string"}}],"inLanguage":"pt-BR"},{"@type":"Person","@id":"https:\/\/www.gaveanews.com\/#\/schema\/person\/714c67050b836198af2450ba1c142a67","name":"Let\u00edcia Gerheim","image":{"@type":"ImageObject","inLanguage":"pt-BR","@id":"https:\/\/www.gaveanews.com\/#\/schema\/person\/image\/","url":"https:\/\/secure.gravatar.com\/avatar\/60734739c50fcebfbac509e2a826ccd0ff405c019bc73aab9354f19ecad1dcb4?s=96&d=mm&r=g","contentUrl":"https:\/\/secure.gravatar.com\/avatar\/60734739c50fcebfbac509e2a826ccd0ff405c019bc73aab9354f19ecad1dcb4?s=96&d=mm&r=g","caption":"Let\u00edcia Gerheim"}}]}},"_links":{"self":[{"href":"https:\/\/www.gaveanews.com\/index.php\/wp-json\/wp\/v2\/posts\/84103","targetHints":{"allow":["GET"]}}],"collection":[{"href":"https:\/\/www.gaveanews.com\/index.php\/wp-json\/wp\/v2\/posts"}],"about":[{"href":"https:\/\/www.gaveanews.com\/index.php\/wp-json\/wp\/v2\/types\/post"}],"author":[{"embeddable":true,"href":"https:\/\/www.gaveanews.com\/index.php\/wp-json\/wp\/v2\/users\/4"}],"replies":[{"embeddable":true,"href":"https:\/\/www.gaveanews.com\/index.php\/wp-json\/wp\/v2\/comments?post=84103"}],"version-history":[{"count":0,"href":"https:\/\/www.gaveanews.com\/index.php\/wp-json\/wp\/v2\/posts\/84103\/revisions"}],"wp:featuredmedia":[{"embeddable":true,"href":"https:\/\/www.gaveanews.com\/index.php\/wp-json\/wp\/v2\/media\/83824"}],"wp:attachment":[{"href":"https:\/\/www.gaveanews.com\/index.php\/wp-json\/wp\/v2\/media?parent=84103"}],"wp:term":[{"taxonomy":"category","embeddable":true,"href":"https:\/\/www.gaveanews.com\/index.php\/wp-json\/wp\/v2\/categories?post=84103"},{"taxonomy":"post_tag","embeddable":true,"href":"https:\/\/www.gaveanews.com\/index.php\/wp-json\/wp\/v2\/tags?post=84103"}],"curies":[{"name":"wp","href":"https:\/\/api.w.org\/{rel}","templated":true}]}}