{"id":84170,"date":"2022-07-03T14:20:22","date_gmt":"2022-07-03T17:20:22","guid":{"rendered":"https:\/\/www.gaveanews.com\/?p=84170"},"modified":"2022-07-03T14:20:22","modified_gmt":"2022-07-03T17:20:22","slug":"diego-ribas-do-flamengo-manda-recado-para-torcida-do-santos","status":"publish","type":"post","link":"https:\/\/www.gaveanews.com\/index.php\/2022\/07\/03\/diego-ribas-do-flamengo-manda-recado-para-torcida-do-santos\/","title":{"rendered":"Diego Ribas, do Flamengo, manda recado para torcida do Santos"},"content":{"rendered":"<p>Capit\u00e3o do Flamengo e revelado pelo Santos, Diego Ribas viveu um misto de emo\u00e7\u00f5es na noite deste s\u00e1bado (2). Pelo Rubro-Negro ele venceu o clube que o formou para o futebol, mas tratou de reconhecer as origens atrav\u00e9s de uma postagem nas redes sociais.<\/p>\n<p>O capit\u00e3o Rubro-Negro falou sobre sua trajet\u00f3ria enquanto jogador, chegando ao alojamento santista com 11 anos at\u00e9 virar profissional. &#8220;C<em>lube<\/em><em>\u00a0que aprendi a amar e me entregar&#8221;, escreveu o jogador.<\/em><\/p>\n<p><strong>Confira o recado de Diego para o Santos:<\/strong><\/p>\n<p><em>&#8220;Feliz pela vit\u00f3ria e por voltar a jogar nesse est\u00e1dio t\u00e3o especial na minha vida. Aqui eu cheguei aos 11 anos, para morar no alojamento, embaixo das arquibancadas! Fui gandula muitas vezes e ao 16 anos, fiz minha estreia no profissional. 21 anos depois, vestindo a camisa do Flamengo, clube que aprendi a amar e me entregar, volto a ter o privil\u00e9gio de jogar e recordar os momentos inesquec\u00edveis que aqui vivi. O tempo passa, mas a minha gratid\u00e3o e respeito estar\u00e3o sempre intactos por aqueles que me ajudaram a construir minha hist\u00f3ria at\u00e9 aqui. Obrigado, Santos. Obrigado, Vila Belmiro.&#8221;<\/em><\/p>\n<p>Retirado de: TNT Sports<\/p>\n","protected":false},"excerpt":{"rendered":"<p>Capit\u00e3o do Flamengo e revelado pelo Santos, Diego Ribas viveu um misto de emo\u00e7\u00f5es na noite deste s\u00e1bado (2). Pelo Rubro-Negro ele venceu o clube que o formou para o futebol, mas tratou de reconhecer as origens atrav\u00e9s de uma postagem nas redes sociais. O capit\u00e3o Rubro-Negro falou sobre sua trajet\u00f3ria enquanto jogador, chegando ao [&hellip;]<\/p>\n","protected":false},"author":1,"featured_media":46700,"comment_status":"open","ping_status":"closed","sticky":false,"template":"","format":"standard","meta":{"footnotes":""},"categories":[1],"tags":[],"class_list":["post-84170","post","type-post","status-publish","format-standard","has-post-thumbnail","hentry","category-flamengo"],"yoast_head":"<!-- This site is optimized with the Yoast SEO Premium plugin v24.2 (Yoast SEO v26.9) - https:\/\/yoast.com\/product\/yoast-seo-premium-wordpress\/ -->\n<title>Diego Ribas, do Flamengo, manda recado para torcida do Santos<\/title>\n<meta name=\"robots\" content=\"index, follow, max-snippet:-1, max-image-preview:large, max-video-preview:-1\" \/>\n<link rel=\"canonical\" href=\"https:\/\/www.gaveanews.com\/index.php\/2022\/07\/03\/diego-ribas-do-flamengo-manda-recado-para-torcida-do-santos\/\" \/>\n<meta property=\"og:locale\" content=\"pt_BR\" \/>\n<meta property=\"og:type\" content=\"article\" \/>\n<meta property=\"og:title\" content=\"Diego Ribas, do Flamengo, manda recado para torcida do Santos\" \/>\n<meta property=\"og:description\" content=\"Capit\u00e3o do Flamengo e revelado pelo Santos, Diego Ribas viveu um misto de emo\u00e7\u00f5es na noite deste s\u00e1bado (2). Pelo Rubro-Negro ele venceu o clube que o formou para o futebol, mas tratou de reconhecer as origens atrav\u00e9s de uma postagem nas redes sociais. O capit\u00e3o Rubro-Negro falou sobre sua trajet\u00f3ria enquanto jogador, chegando ao [&hellip;]\" \/>\n<meta property=\"og:url\" content=\"https:\/\/www.gaveanews.com\/index.php\/2022\/07\/03\/diego-ribas-do-flamengo-manda-recado-para-torcida-do-santos\/\" \/>\n<meta property=\"og:site_name\" content=\"G\u00e1vea News\" \/>\n<meta property=\"article:publisher\" content=\"https:\/\/facebook.com\/gaveaNews\/\" \/>\n<meta property=\"article:published_time\" content=\"2022-07-03T17:20:22+00:00\" \/>\n<meta property=\"og:image\" content=\"https:\/\/www.gaveanews.com\/wp-content\/uploads\/Diego-Ribas-em-acao-pelo-Flamengo-na-partida-contra-o-Santos.webp\" \/>\n\t<meta property=\"og:image:width\" content=\"800\" \/>\n\t<meta property=\"og:image:height\" content=\"533\" \/>\n\t<meta property=\"og:image:type\" content=\"image\/jpeg\" \/>\n<meta name=\"author\" content=\"Equipe G\u00e1vea News\" \/>\n<meta name=\"twitter:card\" content=\"summary_large_image\" \/>\n<meta name=\"twitter:label1\" content=\"Escrito por\" \/>\n\t<meta name=\"twitter:data1\" content=\"Equipe G\u00e1vea News\" \/>\n\t<meta name=\"twitter:label2\" content=\"Est. tempo de leitura\" \/>\n\t<meta name=\"twitter:data2\" content=\"2 minutos\" \/>\n<script type=\"application\/ld+json\" class=\"yoast-schema-graph\">{\"@context\":\"https:\/\/schema.org\",\"@graph\":[{\"@type\":\"NewsArticle\",\"@id\":\"https:\/\/www.gaveanews.com\/index.php\/2022\/07\/03\/diego-ribas-do-flamengo-manda-recado-para-torcida-do-santos\/#article\",\"isPartOf\":{\"@id\":\"https:\/\/www.gaveanews.com\/index.php\/2022\/07\/03\/diego-ribas-do-flamengo-manda-recado-para-torcida-do-santos\/\"},\"author\":{\"name\":\"Equipe G\u00e1vea News\",\"@id\":\"https:\/\/www.gaveanews.com\/#\/schema\/person\/2ec14f73fb96be2caf28f91afb14749d\"},\"headline\":\"Diego Ribas, do Flamengo, manda recado para torcida do Santos\",\"datePublished\":\"2022-07-03T17:20:22+00:00\",\"mainEntityOfPage\":{\"@id\":\"https:\/\/www.gaveanews.com\/index.php\/2022\/07\/03\/diego-ribas-do-flamengo-manda-recado-para-torcida-do-santos\/\"},\"wordCount\":205,\"commentCount\":0,\"image\":{\"@id\":\"https:\/\/www.gaveanews.com\/index.php\/2022\/07\/03\/diego-ribas-do-flamengo-manda-recado-para-torcida-do-santos\/#primaryimage\"},\"thumbnailUrl\":\"https:\/\/www.gaveanews.com\/wp-content\/uploads\/Diego-Ribas-em-acao-pelo-Flamengo-na-partida-contra-o-Santos.webp\",\"articleSection\":[\"Flamengo\"],\"inLanguage\":\"pt-BR\",\"potentialAction\":[{\"@type\":\"CommentAction\",\"name\":\"Comment\",\"target\":[\"https:\/\/www.gaveanews.com\/index.php\/2022\/07\/03\/diego-ribas-do-flamengo-manda-recado-para-torcida-do-santos\/#respond\"]}],\"copyrightYear\":\"2022\",\"copyrightHolder\":{\"@id\":\"https:\/\/www.gaveanews.com\/#organization\"}},{\"@type\":\"WebPage\",\"@id\":\"https:\/\/www.gaveanews.com\/index.php\/2022\/07\/03\/diego-ribas-do-flamengo-manda-recado-para-torcida-do-santos\/\",\"url\":\"https:\/\/www.gaveanews.com\/index.php\/2022\/07\/03\/diego-ribas-do-flamengo-manda-recado-para-torcida-do-santos\/\",\"name\":\"Diego Ribas, do Flamengo, manda recado para torcida do Santos\",\"isPartOf\":{\"@id\":\"https:\/\/www.gaveanews.com\/#website\"},\"primaryImageOfPage\":{\"@id\":\"https:\/\/www.gaveanews.com\/index.php\/2022\/07\/03\/diego-ribas-do-flamengo-manda-recado-para-torcida-do-santos\/#primaryimage\"},\"image\":{\"@id\":\"https:\/\/www.gaveanews.com\/index.php\/2022\/07\/03\/diego-ribas-do-flamengo-manda-recado-para-torcida-do-santos\/#primaryimage\"},\"thumbnailUrl\":\"https:\/\/www.gaveanews.com\/wp-content\/uploads\/Diego-Ribas-em-acao-pelo-Flamengo-na-partida-contra-o-Santos.webp\",\"datePublished\":\"2022-07-03T17:20:22+00:00\",\"author\":{\"@id\":\"https:\/\/www.gaveanews.com\/#\/schema\/person\/2ec14f73fb96be2caf28f91afb14749d\"},\"breadcrumb\":{\"@id\":\"https:\/\/www.gaveanews.com\/index.php\/2022\/07\/03\/diego-ribas-do-flamengo-manda-recado-para-torcida-do-santos\/#breadcrumb\"},\"inLanguage\":\"pt-BR\",\"potentialAction\":[{\"@type\":\"ReadAction\",\"target\":[\"https:\/\/www.gaveanews.com\/index.php\/2022\/07\/03\/diego-ribas-do-flamengo-manda-recado-para-torcida-do-santos\/\"]}]},{\"@type\":\"ImageObject\",\"inLanguage\":\"pt-BR\",\"@id\":\"https:\/\/www.gaveanews.com\/index.php\/2022\/07\/03\/diego-ribas-do-flamengo-manda-recado-para-torcida-do-santos\/#primaryimage\",\"url\":\"https:\/\/www.gaveanews.com\/wp-content\/uploads\/Diego-Ribas-em-acao-pelo-Flamengo-na-partida-contra-o-Santos.webp\",\"contentUrl\":\"https:\/\/www.gaveanews.com\/wp-content\/uploads\/Diego-Ribas-em-acao-pelo-Flamengo-na-partida-contra-o-Santos.webp\",\"width\":800,\"height\":533,\"caption\":\"Diego Ribas em a\u00e7\u00e3o pelo Flamengo na partida contra o Santos (Foto: Alexandre Vidal\/Flamengo)\"},{\"@type\":\"BreadcrumbList\",\"@id\":\"https:\/\/www.gaveanews.com\/index.php\/2022\/07\/03\/diego-ribas-do-flamengo-manda-recado-para-torcida-do-santos\/#breadcrumb\",\"itemListElement\":[{\"@type\":\"ListItem\",\"position\":1,\"name\":\"Home\",\"item\":\"https:\/\/www.gaveanews.com\/\"},{\"@type\":\"ListItem\",\"position\":2,\"name\":\"Diego Ribas, do Flamengo, manda recado para torcida do Santos\"}]},{\"@type\":\"WebSite\",\"@id\":\"https:\/\/www.gaveanews.com\/#website\",\"url\":\"https:\/\/www.gaveanews.com\/\",\"name\":\"G\u00e1vea News\",\"description\":\"Veja todas as not\u00edcias sobre o Flamengo: Contrata\u00e7\u00f5es, categorias de base, resultados das partidas, tabela de classifica\u00e7\u00e3o, pr\u00f3ximos jogos!\",\"potentialAction\":[{\"@type\":\"SearchAction\",\"target\":{\"@type\":\"EntryPoint\",\"urlTemplate\":\"https:\/\/www.gaveanews.com\/?s={search_term_string}\"},\"query-input\":{\"@type\":\"PropertyValueSpecification\",\"valueRequired\":true,\"valueName\":\"search_term_string\"}}],\"inLanguage\":\"pt-BR\"},{\"@type\":\"Person\",\"@id\":\"https:\/\/www.gaveanews.com\/#\/schema\/person\/2ec14f73fb96be2caf28f91afb14749d\",\"name\":\"Equipe G\u00e1vea News\",\"image\":{\"@type\":\"ImageObject\",\"inLanguage\":\"pt-BR\",\"@id\":\"https:\/\/www.gaveanews.com\/#\/schema\/person\/image\/\",\"url\":\"https:\/\/secure.gravatar.com\/avatar\/1e1956f1facbffd3f8fa53a326721950116b3b9dc9bd44939c01180fd4a745a9?s=96&d=mm&r=g\",\"contentUrl\":\"https:\/\/secure.gravatar.com\/avatar\/1e1956f1facbffd3f8fa53a326721950116b3b9dc9bd44939c01180fd4a745a9?s=96&d=mm&r=g\",\"caption\":\"Equipe G\u00e1vea News\"}}]}<\/script>\n<!-- \/ Yoast SEO Premium plugin. -->","yoast_head_json":{"title":"Diego Ribas, do Flamengo, manda recado para torcida do Santos","robots":{"index":"index","follow":"follow","max-snippet":"max-snippet:-1","max-image-preview":"max-image-preview:large","max-video-preview":"max-video-preview:-1"},"canonical":"https:\/\/www.gaveanews.com\/index.php\/2022\/07\/03\/diego-ribas-do-flamengo-manda-recado-para-torcida-do-santos\/","og_locale":"pt_BR","og_type":"article","og_title":"Diego Ribas, do Flamengo, manda recado para torcida do Santos","og_description":"Capit\u00e3o do Flamengo e revelado pelo Santos, Diego Ribas viveu um misto de emo\u00e7\u00f5es na noite deste s\u00e1bado (2). Pelo Rubro-Negro ele venceu o clube que o formou para o futebol, mas tratou de reconhecer as origens atrav\u00e9s de uma postagem nas redes sociais. O capit\u00e3o Rubro-Negro falou sobre sua trajet\u00f3ria enquanto jogador, chegando ao [&hellip;]","og_url":"https:\/\/www.gaveanews.com\/index.php\/2022\/07\/03\/diego-ribas-do-flamengo-manda-recado-para-torcida-do-santos\/","og_site_name":"G\u00e1vea News","article_publisher":"https:\/\/facebook.com\/gaveaNews\/","article_published_time":"2022-07-03T17:20:22+00:00","og_image":[{"width":800,"height":533,"url":"https:\/\/www.gaveanews.com\/wp-content\/uploads\/Diego-Ribas-em-acao-pelo-Flamengo-na-partida-contra-o-Santos.webp","type":"image\/jpeg"}],"author":"Equipe G\u00e1vea News","twitter_card":"summary_large_image","twitter_misc":{"Escrito por":"Equipe G\u00e1vea News","Est. tempo de leitura":"2 minutos"},"schema":{"@context":"https:\/\/schema.org","@graph":[{"@type":"NewsArticle","@id":"https:\/\/www.gaveanews.com\/index.php\/2022\/07\/03\/diego-ribas-do-flamengo-manda-recado-para-torcida-do-santos\/#article","isPartOf":{"@id":"https:\/\/www.gaveanews.com\/index.php\/2022\/07\/03\/diego-ribas-do-flamengo-manda-recado-para-torcida-do-santos\/"},"author":{"name":"Equipe G\u00e1vea News","@id":"https:\/\/www.gaveanews.com\/#\/schema\/person\/2ec14f73fb96be2caf28f91afb14749d"},"headline":"Diego Ribas, do Flamengo, manda recado para torcida do Santos","datePublished":"2022-07-03T17:20:22+00:00","mainEntityOfPage":{"@id":"https:\/\/www.gaveanews.com\/index.php\/2022\/07\/03\/diego-ribas-do-flamengo-manda-recado-para-torcida-do-santos\/"},"wordCount":205,"commentCount":0,"image":{"@id":"https:\/\/www.gaveanews.com\/index.php\/2022\/07\/03\/diego-ribas-do-flamengo-manda-recado-para-torcida-do-santos\/#primaryimage"},"thumbnailUrl":"https:\/\/www.gaveanews.com\/wp-content\/uploads\/Diego-Ribas-em-acao-pelo-Flamengo-na-partida-contra-o-Santos.webp","articleSection":["Flamengo"],"inLanguage":"pt-BR","potentialAction":[{"@type":"CommentAction","name":"Comment","target":["https:\/\/www.gaveanews.com\/index.php\/2022\/07\/03\/diego-ribas-do-flamengo-manda-recado-para-torcida-do-santos\/#respond"]}],"copyrightYear":"2022","copyrightHolder":{"@id":"https:\/\/www.gaveanews.com\/#organization"}},{"@type":"WebPage","@id":"https:\/\/www.gaveanews.com\/index.php\/2022\/07\/03\/diego-ribas-do-flamengo-manda-recado-para-torcida-do-santos\/","url":"https:\/\/www.gaveanews.com\/index.php\/2022\/07\/03\/diego-ribas-do-flamengo-manda-recado-para-torcida-do-santos\/","name":"Diego Ribas, do Flamengo, manda recado para torcida do Santos","isPartOf":{"@id":"https:\/\/www.gaveanews.com\/#website"},"primaryImageOfPage":{"@id":"https:\/\/www.gaveanews.com\/index.php\/2022\/07\/03\/diego-ribas-do-flamengo-manda-recado-para-torcida-do-santos\/#primaryimage"},"image":{"@id":"https:\/\/www.gaveanews.com\/index.php\/2022\/07\/03\/diego-ribas-do-flamengo-manda-recado-para-torcida-do-santos\/#primaryimage"},"thumbnailUrl":"https:\/\/www.gaveanews.com\/wp-content\/uploads\/Diego-Ribas-em-acao-pelo-Flamengo-na-partida-contra-o-Santos.webp","datePublished":"2022-07-03T17:20:22+00:00","author":{"@id":"https:\/\/www.gaveanews.com\/#\/schema\/person\/2ec14f73fb96be2caf28f91afb14749d"},"breadcrumb":{"@id":"https:\/\/www.gaveanews.com\/index.php\/2022\/07\/03\/diego-ribas-do-flamengo-manda-recado-para-torcida-do-santos\/#breadcrumb"},"inLanguage":"pt-BR","potentialAction":[{"@type":"ReadAction","target":["https:\/\/www.gaveanews.com\/index.php\/2022\/07\/03\/diego-ribas-do-flamengo-manda-recado-para-torcida-do-santos\/"]}]},{"@type":"ImageObject","inLanguage":"pt-BR","@id":"https:\/\/www.gaveanews.com\/index.php\/2022\/07\/03\/diego-ribas-do-flamengo-manda-recado-para-torcida-do-santos\/#primaryimage","url":"https:\/\/www.gaveanews.com\/wp-content\/uploads\/Diego-Ribas-em-acao-pelo-Flamengo-na-partida-contra-o-Santos.webp","contentUrl":"https:\/\/www.gaveanews.com\/wp-content\/uploads\/Diego-Ribas-em-acao-pelo-Flamengo-na-partida-contra-o-Santos.webp","width":800,"height":533,"caption":"Diego Ribas em a\u00e7\u00e3o pelo Flamengo na partida contra o Santos (Foto: Alexandre Vidal\/Flamengo)"},{"@type":"BreadcrumbList","@id":"https:\/\/www.gaveanews.com\/index.php\/2022\/07\/03\/diego-ribas-do-flamengo-manda-recado-para-torcida-do-santos\/#breadcrumb","itemListElement":[{"@type":"ListItem","position":1,"name":"Home","item":"https:\/\/www.gaveanews.com\/"},{"@type":"ListItem","position":2,"name":"Diego Ribas, do Flamengo, manda recado para torcida do Santos"}]},{"@type":"WebSite","@id":"https:\/\/www.gaveanews.com\/#website","url":"https:\/\/www.gaveanews.com\/","name":"G\u00e1vea News","description":"Veja todas as not\u00edcias sobre o Flamengo: Contrata\u00e7\u00f5es, categorias de base, resultados das partidas, tabela de classifica\u00e7\u00e3o, pr\u00f3ximos jogos!","potentialAction":[{"@type":"SearchAction","target":{"@type":"EntryPoint","urlTemplate":"https:\/\/www.gaveanews.com\/?s={search_term_string}"},"query-input":{"@type":"PropertyValueSpecification","valueRequired":true,"valueName":"search_term_string"}}],"inLanguage":"pt-BR"},{"@type":"Person","@id":"https:\/\/www.gaveanews.com\/#\/schema\/person\/2ec14f73fb96be2caf28f91afb14749d","name":"Equipe G\u00e1vea News","image":{"@type":"ImageObject","inLanguage":"pt-BR","@id":"https:\/\/www.gaveanews.com\/#\/schema\/person\/image\/","url":"https:\/\/secure.gravatar.com\/avatar\/1e1956f1facbffd3f8fa53a326721950116b3b9dc9bd44939c01180fd4a745a9?s=96&d=mm&r=g","contentUrl":"https:\/\/secure.gravatar.com\/avatar\/1e1956f1facbffd3f8fa53a326721950116b3b9dc9bd44939c01180fd4a745a9?s=96&d=mm&r=g","caption":"Equipe G\u00e1vea News"}}]}},"_links":{"self":[{"href":"https:\/\/www.gaveanews.com\/index.php\/wp-json\/wp\/v2\/posts\/84170","targetHints":{"allow":["GET"]}}],"collection":[{"href":"https:\/\/www.gaveanews.com\/index.php\/wp-json\/wp\/v2\/posts"}],"about":[{"href":"https:\/\/www.gaveanews.com\/index.php\/wp-json\/wp\/v2\/types\/post"}],"author":[{"embeddable":true,"href":"https:\/\/www.gaveanews.com\/index.php\/wp-json\/wp\/v2\/users\/1"}],"replies":[{"embeddable":true,"href":"https:\/\/www.gaveanews.com\/index.php\/wp-json\/wp\/v2\/comments?post=84170"}],"version-history":[{"count":0,"href":"https:\/\/www.gaveanews.com\/index.php\/wp-json\/wp\/v2\/posts\/84170\/revisions"}],"wp:featuredmedia":[{"embeddable":true,"href":"https:\/\/www.gaveanews.com\/index.php\/wp-json\/wp\/v2\/media\/46700"}],"wp:attachment":[{"href":"https:\/\/www.gaveanews.com\/index.php\/wp-json\/wp\/v2\/media?parent=84170"}],"wp:term":[{"taxonomy":"category","embeddable":true,"href":"https:\/\/www.gaveanews.com\/index.php\/wp-json\/wp\/v2\/categories?post=84170"},{"taxonomy":"post_tag","embeddable":true,"href":"https:\/\/www.gaveanews.com\/index.php\/wp-json\/wp\/v2\/tags?post=84170"}],"curies":[{"name":"wp","href":"https:\/\/api.w.org\/{rel}","templated":true}]}}