{"id":84188,"date":"2022-07-03T18:58:12","date_gmt":"2022-07-03T21:58:12","guid":{"rendered":"https:\/\/www.gaveanews.com\/?p=84188"},"modified":"2024-04-06T23:57:02","modified_gmt":"2024-04-07T02:57:02","slug":"rodolfo-landim-e-o-responsavel-por-buscar-investidores-para-o-estadio-do-flamengo","status":"publish","type":"post","link":"https:\/\/www.gaveanews.com\/index.php\/2022\/07\/03\/rodolfo-landim-e-o-responsavel-por-buscar-investidores-para-o-estadio-do-flamengo\/","title":{"rendered":"Rodolfo Landim \u00e9 o respons\u00e1vel por buscar investidores para o est\u00e1dio do Flamengo"},"content":{"rendered":"<p>H\u00e1 um m\u00eas a diretoria do Flamengo negava de forma perempt\u00f3ria a exist\u00eancia de um projeto para a constru\u00e7\u00e3o de um est\u00e1dio pr\u00f3prio. Agora, os dirigentes rubro-negros j\u00e1 se movimentam para viabilizar a ideia. No meio do caminho, a briga com o Vasco pelo uso do Maracan\u00e3 que gerou medo de interfer\u00eancias pol\u00edticas em qualquer concess\u00e3o da arena.<\/p>\n<p>Atualmente, Flamengo e Fluminense t\u00eam uma concess\u00e3o provis\u00f3ria do Maracan\u00e3. S\u00e3o respons\u00e1veis por comercializar camarotes e patroc\u00ednio, e t\u00eam que pagar pela manuten\u00e7\u00e3o e outorga para o governo do Estado.<\/p>\n<p>Neste cen\u00e1rio, o Vasco requisitou para ao cons\u00f3rcio Maracan\u00e3 \u2013 comandado pela dupla Fla-Flu \u2013 que pudesse jogar em 3 de junho, diante do Sport. Os gestores do est\u00e1dio rejeitaram o pedido.<\/p>\n<p>O Vasco foi \u00e0 Justi\u00e7a e conseguiu uma decis\u00e3o que lhe deu raz\u00e3o, ontem (27). Em primeira inst\u00e2ncia, a Justi\u00e7a determinou que o est\u00e1dio \u00e9 p\u00fablico e que os termos da concess\u00e3o obrigam que seja cedido aos outros times do Rio de Janeiro. Na disputa, o governo do Estado, dono do Maracan\u00e3, ficou ao lado do time cruz-maltino.<\/p>\n<p>Diante do imbr\u00f3glio, a diretoria do Flamengo entende que o Maracan\u00e3 est\u00e1 sujeito a interfer\u00eancias pol\u00edticas em uma concess\u00e3o. Assim, haveria inseguran\u00e7a em rela\u00e7\u00e3o a disputar para ter o est\u00e1dio por um per\u00edodo mais longo. Essa tese \u00e9 rejeitada pelo Vasco, que v\u00ea o seu direito de jogar pela concess\u00e3o.<\/p>\n<p>Outra quest\u00e3o \u00e9 a licita\u00e7\u00e3o cujas regras obrigam 70 partidas no Maracan\u00e3. Isso induz o est\u00e1dio a ter tr\u00eas clubes na gest\u00e3o. O Vasco quer participar, ainda que jogue um n\u00famero menor de vezes.<\/p>\n<p>Como noticiado primeiro pelo jornal O Globo, o Flamengo procurou o prefeito do Rio, Eduardo Paes, para conversar sobre a poss\u00edvel constru\u00e7\u00e3o de um est\u00e1dio no Parque Ol\u00edmpico. H\u00e1 a previs\u00e3o de um encontro com o pol\u00edtico, que est\u00e1 fora do Brasil, at\u00e9 o final da semana. Foi intermediado pelo deputado Pedro Paulo (PMDB-RJ).<\/p>\n<p>S\u00f3 que o pr\u00f3prio Paes j\u00e1 esfriou a inten\u00e7\u00e3o do clube em qualquer proposta para o espa\u00e7o em uma manifesta\u00e7\u00e3o no twitter: \u201cSempre \u00e0 disposi\u00e7\u00e3o para ajudar qq clube do Rio mas gostaria de lembrar q o Parque Ol\u00edmpico \u00e9 uma \u00e1rea totalmente privada, c exce\u00e7\u00e3o de algumas arenas. Foi dessa forma que conseguimos fazer as Olimp\u00edadas sem gastar recursos p\u00fablicos na constru\u00e7\u00e3o de Est\u00e1dios\u201d, disse o prefeito do Rio sobre o Parque Ol\u00edmpico.<\/p>\n<p>H\u00e1 um m\u00eas, perguntei a dirigentes do Flamengo sobre projeto de est\u00e1dio pr\u00f3prio: \u201cTudo mentira\u201d, responderam. Nesta semana, perguntei de novo e a resposta foi que \u201co clube come\u00e7ou a se mexer por um projeto\u201d.<\/p>\n<p>O presidente do clube, Rodolfo Landim, est\u00e1 tocando pessoalmente o projeto e buscar\u00e1 poss\u00edveis investidores. A ideia seria construir um est\u00e1dio menor do que o Maracan\u00e3.<\/p>\n<p>Mas, pelo que apurou o blog, o Flamengo est\u00e1 longe de desistir do Maracan\u00e3. Todas as possibilidades est\u00e3o em aberto, inclusive iniciar um projeto de est\u00e1dio e disputar a concess\u00e3o para jogar apenas partidas maiores.<\/p>\n<p>A quest\u00e3o \u00e9 que o clube decidiu procurar uma alternativa. Pode funcionar apenas como um elemento de press\u00e3o sobre o Estado ou de fato se tornar uma futura proposta de nova casa.<\/p>\n<p>Retirado de: Blog do Rodrigo Mattos<\/p>\n","protected":false},"excerpt":{"rendered":"<p>H\u00e1 um m\u00eas a diretoria do Flamengo negava de forma perempt\u00f3ria a exist\u00eancia de um projeto para a constru\u00e7\u00e3o de um est\u00e1dio pr\u00f3prio. Agora, os dirigentes rubro-negros j\u00e1 se movimentam para viabilizar a ideia. No meio do caminho, a briga com o Vasco pelo uso do Maracan\u00e3 que gerou medo de interfer\u00eancias pol\u00edticas em qualquer [&hellip;]<\/p>\n","protected":false},"author":1,"featured_media":84096,"comment_status":"open","ping_status":"closed","sticky":false,"template":"","format":"standard","meta":{"footnotes":""},"categories":[47],"tags":[172],"class_list":["post-84188","post","type-post","status-publish","format-standard","has-post-thumbnail","hentry","category-destaques","tag-luiz-rodolfo-landim-machado"],"yoast_head":"<!-- This site is optimized with the Yoast SEO Premium plugin v24.2 (Yoast SEO v26.9) - https:\/\/yoast.com\/product\/yoast-seo-premium-wordpress\/ -->\n<title>Rodolfo Landim \u00e9 o respons\u00e1vel por buscar investidores para o est\u00e1dio do Flamengo<\/title>\n<meta name=\"robots\" content=\"index, follow, max-snippet:-1, max-image-preview:large, max-video-preview:-1\" \/>\n<link rel=\"canonical\" href=\"https:\/\/www.gaveanews.com\/index.php\/2022\/07\/03\/rodolfo-landim-e-o-responsavel-por-buscar-investidores-para-o-estadio-do-flamengo\/\" \/>\n<meta property=\"og:locale\" content=\"pt_BR\" \/>\n<meta property=\"og:type\" content=\"article\" \/>\n<meta property=\"og:title\" content=\"Rodolfo Landim \u00e9 o respons\u00e1vel por buscar investidores para o est\u00e1dio do Flamengo\" \/>\n<meta property=\"og:description\" content=\"H\u00e1 um m\u00eas a diretoria do Flamengo negava de forma perempt\u00f3ria a exist\u00eancia de um projeto para a constru\u00e7\u00e3o de um est\u00e1dio pr\u00f3prio. Agora, os dirigentes rubro-negros j\u00e1 se movimentam para viabilizar a ideia. No meio do caminho, a briga com o Vasco pelo uso do Maracan\u00e3 que gerou medo de interfer\u00eancias pol\u00edticas em qualquer [&hellip;]\" \/>\n<meta property=\"og:url\" content=\"https:\/\/www.gaveanews.com\/index.php\/2022\/07\/03\/rodolfo-landim-e-o-responsavel-por-buscar-investidores-para-o-estadio-do-flamengo\/\" \/>\n<meta property=\"og:site_name\" content=\"G\u00e1vea News\" \/>\n<meta property=\"article:publisher\" content=\"https:\/\/facebook.com\/gaveaNews\/\" \/>\n<meta property=\"article:published_time\" content=\"2022-07-03T21:58:12+00:00\" \/>\n<meta property=\"article:modified_time\" content=\"2024-04-07T02:57:02+00:00\" \/>\n<meta property=\"og:image\" content=\"https:\/\/www.gaveanews.com\/wp-content\/uploads\/Parque-Olimpico.webp\" \/>\n\t<meta property=\"og:image:width\" content=\"1000\" \/>\n\t<meta property=\"og:image:height\" content=\"667\" \/>\n\t<meta property=\"og:image:type\" content=\"image\/webp\" \/>\n<meta name=\"author\" content=\"Equipe G\u00e1vea News\" \/>\n<meta name=\"twitter:card\" content=\"summary_large_image\" \/>\n<meta name=\"twitter:label1\" content=\"Escrito por\" \/>\n\t<meta name=\"twitter:data1\" content=\"Equipe G\u00e1vea News\" \/>\n\t<meta name=\"twitter:label2\" content=\"Est. tempo de leitura\" \/>\n\t<meta name=\"twitter:data2\" content=\"3 minutos\" \/>\n<script type=\"application\/ld+json\" class=\"yoast-schema-graph\">{\"@context\":\"https:\/\/schema.org\",\"@graph\":[{\"@type\":\"NewsArticle\",\"@id\":\"https:\/\/www.gaveanews.com\/index.php\/2022\/07\/03\/rodolfo-landim-e-o-responsavel-por-buscar-investidores-para-o-estadio-do-flamengo\/#article\",\"isPartOf\":{\"@id\":\"https:\/\/www.gaveanews.com\/index.php\/2022\/07\/03\/rodolfo-landim-e-o-responsavel-por-buscar-investidores-para-o-estadio-do-flamengo\/\"},\"author\":{\"name\":\"Equipe G\u00e1vea News\",\"@id\":\"https:\/\/www.gaveanews.com\/#\/schema\/person\/2ec14f73fb96be2caf28f91afb14749d\"},\"headline\":\"Rodolfo Landim \u00e9 o respons\u00e1vel por buscar investidores para o est\u00e1dio do Flamengo\",\"datePublished\":\"2022-07-03T21:58:12+00:00\",\"dateModified\":\"2024-04-07T02:57:02+00:00\",\"mainEntityOfPage\":{\"@id\":\"https:\/\/www.gaveanews.com\/index.php\/2022\/07\/03\/rodolfo-landim-e-o-responsavel-por-buscar-investidores-para-o-estadio-do-flamengo\/\"},\"wordCount\":598,\"commentCount\":0,\"image\":{\"@id\":\"https:\/\/www.gaveanews.com\/index.php\/2022\/07\/03\/rodolfo-landim-e-o-responsavel-por-buscar-investidores-para-o-estadio-do-flamengo\/#primaryimage\"},\"thumbnailUrl\":\"https:\/\/www.gaveanews.com\/wp-content\/uploads\/Parque-Olimpico.webp\",\"keywords\":[\"Luiz Rodolfo Landim Machado\"],\"articleSection\":[\"Destaques\"],\"inLanguage\":\"pt-BR\",\"potentialAction\":[{\"@type\":\"CommentAction\",\"name\":\"Comment\",\"target\":[\"https:\/\/www.gaveanews.com\/index.php\/2022\/07\/03\/rodolfo-landim-e-o-responsavel-por-buscar-investidores-para-o-estadio-do-flamengo\/#respond\"]}],\"copyrightYear\":\"2022\",\"copyrightHolder\":{\"@id\":\"https:\/\/www.gaveanews.com\/#organization\"}},{\"@type\":\"WebPage\",\"@id\":\"https:\/\/www.gaveanews.com\/index.php\/2022\/07\/03\/rodolfo-landim-e-o-responsavel-por-buscar-investidores-para-o-estadio-do-flamengo\/\",\"url\":\"https:\/\/www.gaveanews.com\/index.php\/2022\/07\/03\/rodolfo-landim-e-o-responsavel-por-buscar-investidores-para-o-estadio-do-flamengo\/\",\"name\":\"Rodolfo Landim \u00e9 o respons\u00e1vel por buscar investidores para o est\u00e1dio do Flamengo\",\"isPartOf\":{\"@id\":\"https:\/\/www.gaveanews.com\/#website\"},\"primaryImageOfPage\":{\"@id\":\"https:\/\/www.gaveanews.com\/index.php\/2022\/07\/03\/rodolfo-landim-e-o-responsavel-por-buscar-investidores-para-o-estadio-do-flamengo\/#primaryimage\"},\"image\":{\"@id\":\"https:\/\/www.gaveanews.com\/index.php\/2022\/07\/03\/rodolfo-landim-e-o-responsavel-por-buscar-investidores-para-o-estadio-do-flamengo\/#primaryimage\"},\"thumbnailUrl\":\"https:\/\/www.gaveanews.com\/wp-content\/uploads\/Parque-Olimpico.webp\",\"datePublished\":\"2022-07-03T21:58:12+00:00\",\"dateModified\":\"2024-04-07T02:57:02+00:00\",\"author\":{\"@id\":\"https:\/\/www.gaveanews.com\/#\/schema\/person\/2ec14f73fb96be2caf28f91afb14749d\"},\"breadcrumb\":{\"@id\":\"https:\/\/www.gaveanews.com\/index.php\/2022\/07\/03\/rodolfo-landim-e-o-responsavel-por-buscar-investidores-para-o-estadio-do-flamengo\/#breadcrumb\"},\"inLanguage\":\"pt-BR\",\"potentialAction\":[{\"@type\":\"ReadAction\",\"target\":[\"https:\/\/www.gaveanews.com\/index.php\/2022\/07\/03\/rodolfo-landim-e-o-responsavel-por-buscar-investidores-para-o-estadio-do-flamengo\/\"]}]},{\"@type\":\"ImageObject\",\"inLanguage\":\"pt-BR\",\"@id\":\"https:\/\/www.gaveanews.com\/index.php\/2022\/07\/03\/rodolfo-landim-e-o-responsavel-por-buscar-investidores-para-o-estadio-do-flamengo\/#primaryimage\",\"url\":\"https:\/\/www.gaveanews.com\/wp-content\/uploads\/Parque-Olimpico.webp\",\"contentUrl\":\"https:\/\/www.gaveanews.com\/wp-content\/uploads\/Parque-Olimpico.webp\",\"width\":1000,\"height\":667,\"caption\":\"Parque Ol\u00edmpico dos jogos de 2016 no Rio de Janeiro (Foto: Gabriel Heusi\/Brasil2016.gov.br)\"},{\"@type\":\"BreadcrumbList\",\"@id\":\"https:\/\/www.gaveanews.com\/index.php\/2022\/07\/03\/rodolfo-landim-e-o-responsavel-por-buscar-investidores-para-o-estadio-do-flamengo\/#breadcrumb\",\"itemListElement\":[{\"@type\":\"ListItem\",\"position\":1,\"name\":\"Home\",\"item\":\"https:\/\/www.gaveanews.com\/\"},{\"@type\":\"ListItem\",\"position\":2,\"name\":\"Rodolfo Landim \u00e9 o respons\u00e1vel por buscar investidores para o est\u00e1dio do Flamengo\"}]},{\"@type\":\"WebSite\",\"@id\":\"https:\/\/www.gaveanews.com\/#website\",\"url\":\"https:\/\/www.gaveanews.com\/\",\"name\":\"G\u00e1vea News\",\"description\":\"Veja todas as not\u00edcias sobre o Flamengo: Contrata\u00e7\u00f5es, categorias de base, resultados das partidas, tabela de classifica\u00e7\u00e3o, pr\u00f3ximos jogos!\",\"potentialAction\":[{\"@type\":\"SearchAction\",\"target\":{\"@type\":\"EntryPoint\",\"urlTemplate\":\"https:\/\/www.gaveanews.com\/?s={search_term_string}\"},\"query-input\":{\"@type\":\"PropertyValueSpecification\",\"valueRequired\":true,\"valueName\":\"search_term_string\"}}],\"inLanguage\":\"pt-BR\"},{\"@type\":\"Person\",\"@id\":\"https:\/\/www.gaveanews.com\/#\/schema\/person\/2ec14f73fb96be2caf28f91afb14749d\",\"name\":\"Equipe G\u00e1vea News\",\"image\":{\"@type\":\"ImageObject\",\"inLanguage\":\"pt-BR\",\"@id\":\"https:\/\/www.gaveanews.com\/#\/schema\/person\/image\/\",\"url\":\"https:\/\/secure.gravatar.com\/avatar\/1e1956f1facbffd3f8fa53a326721950116b3b9dc9bd44939c01180fd4a745a9?s=96&d=mm&r=g\",\"contentUrl\":\"https:\/\/secure.gravatar.com\/avatar\/1e1956f1facbffd3f8fa53a326721950116b3b9dc9bd44939c01180fd4a745a9?s=96&d=mm&r=g\",\"caption\":\"Equipe G\u00e1vea News\"}}]}<\/script>\n<!-- \/ Yoast SEO Premium plugin. -->","yoast_head_json":{"title":"Rodolfo Landim \u00e9 o respons\u00e1vel por buscar investidores para o est\u00e1dio do Flamengo","robots":{"index":"index","follow":"follow","max-snippet":"max-snippet:-1","max-image-preview":"max-image-preview:large","max-video-preview":"max-video-preview:-1"},"canonical":"https:\/\/www.gaveanews.com\/index.php\/2022\/07\/03\/rodolfo-landim-e-o-responsavel-por-buscar-investidores-para-o-estadio-do-flamengo\/","og_locale":"pt_BR","og_type":"article","og_title":"Rodolfo Landim \u00e9 o respons\u00e1vel por buscar investidores para o est\u00e1dio do Flamengo","og_description":"H\u00e1 um m\u00eas a diretoria do Flamengo negava de forma perempt\u00f3ria a exist\u00eancia de um projeto para a constru\u00e7\u00e3o de um est\u00e1dio pr\u00f3prio. Agora, os dirigentes rubro-negros j\u00e1 se movimentam para viabilizar a ideia. No meio do caminho, a briga com o Vasco pelo uso do Maracan\u00e3 que gerou medo de interfer\u00eancias pol\u00edticas em qualquer [&hellip;]","og_url":"https:\/\/www.gaveanews.com\/index.php\/2022\/07\/03\/rodolfo-landim-e-o-responsavel-por-buscar-investidores-para-o-estadio-do-flamengo\/","og_site_name":"G\u00e1vea News","article_publisher":"https:\/\/facebook.com\/gaveaNews\/","article_published_time":"2022-07-03T21:58:12+00:00","article_modified_time":"2024-04-07T02:57:02+00:00","og_image":[{"width":1000,"height":667,"url":"https:\/\/www.gaveanews.com\/wp-content\/uploads\/Parque-Olimpico.webp","type":"image\/webp"}],"author":"Equipe G\u00e1vea News","twitter_card":"summary_large_image","twitter_misc":{"Escrito por":"Equipe G\u00e1vea News","Est. tempo de leitura":"3 minutos"},"schema":{"@context":"https:\/\/schema.org","@graph":[{"@type":"NewsArticle","@id":"https:\/\/www.gaveanews.com\/index.php\/2022\/07\/03\/rodolfo-landim-e-o-responsavel-por-buscar-investidores-para-o-estadio-do-flamengo\/#article","isPartOf":{"@id":"https:\/\/www.gaveanews.com\/index.php\/2022\/07\/03\/rodolfo-landim-e-o-responsavel-por-buscar-investidores-para-o-estadio-do-flamengo\/"},"author":{"name":"Equipe G\u00e1vea News","@id":"https:\/\/www.gaveanews.com\/#\/schema\/person\/2ec14f73fb96be2caf28f91afb14749d"},"headline":"Rodolfo Landim \u00e9 o respons\u00e1vel por buscar investidores para o est\u00e1dio do Flamengo","datePublished":"2022-07-03T21:58:12+00:00","dateModified":"2024-04-07T02:57:02+00:00","mainEntityOfPage":{"@id":"https:\/\/www.gaveanews.com\/index.php\/2022\/07\/03\/rodolfo-landim-e-o-responsavel-por-buscar-investidores-para-o-estadio-do-flamengo\/"},"wordCount":598,"commentCount":0,"image":{"@id":"https:\/\/www.gaveanews.com\/index.php\/2022\/07\/03\/rodolfo-landim-e-o-responsavel-por-buscar-investidores-para-o-estadio-do-flamengo\/#primaryimage"},"thumbnailUrl":"https:\/\/www.gaveanews.com\/wp-content\/uploads\/Parque-Olimpico.webp","keywords":["Luiz Rodolfo Landim Machado"],"articleSection":["Destaques"],"inLanguage":"pt-BR","potentialAction":[{"@type":"CommentAction","name":"Comment","target":["https:\/\/www.gaveanews.com\/index.php\/2022\/07\/03\/rodolfo-landim-e-o-responsavel-por-buscar-investidores-para-o-estadio-do-flamengo\/#respond"]}],"copyrightYear":"2022","copyrightHolder":{"@id":"https:\/\/www.gaveanews.com\/#organization"}},{"@type":"WebPage","@id":"https:\/\/www.gaveanews.com\/index.php\/2022\/07\/03\/rodolfo-landim-e-o-responsavel-por-buscar-investidores-para-o-estadio-do-flamengo\/","url":"https:\/\/www.gaveanews.com\/index.php\/2022\/07\/03\/rodolfo-landim-e-o-responsavel-por-buscar-investidores-para-o-estadio-do-flamengo\/","name":"Rodolfo Landim \u00e9 o respons\u00e1vel por buscar investidores para o est\u00e1dio do Flamengo","isPartOf":{"@id":"https:\/\/www.gaveanews.com\/#website"},"primaryImageOfPage":{"@id":"https:\/\/www.gaveanews.com\/index.php\/2022\/07\/03\/rodolfo-landim-e-o-responsavel-por-buscar-investidores-para-o-estadio-do-flamengo\/#primaryimage"},"image":{"@id":"https:\/\/www.gaveanews.com\/index.php\/2022\/07\/03\/rodolfo-landim-e-o-responsavel-por-buscar-investidores-para-o-estadio-do-flamengo\/#primaryimage"},"thumbnailUrl":"https:\/\/www.gaveanews.com\/wp-content\/uploads\/Parque-Olimpico.webp","datePublished":"2022-07-03T21:58:12+00:00","dateModified":"2024-04-07T02:57:02+00:00","author":{"@id":"https:\/\/www.gaveanews.com\/#\/schema\/person\/2ec14f73fb96be2caf28f91afb14749d"},"breadcrumb":{"@id":"https:\/\/www.gaveanews.com\/index.php\/2022\/07\/03\/rodolfo-landim-e-o-responsavel-por-buscar-investidores-para-o-estadio-do-flamengo\/#breadcrumb"},"inLanguage":"pt-BR","potentialAction":[{"@type":"ReadAction","target":["https:\/\/www.gaveanews.com\/index.php\/2022\/07\/03\/rodolfo-landim-e-o-responsavel-por-buscar-investidores-para-o-estadio-do-flamengo\/"]}]},{"@type":"ImageObject","inLanguage":"pt-BR","@id":"https:\/\/www.gaveanews.com\/index.php\/2022\/07\/03\/rodolfo-landim-e-o-responsavel-por-buscar-investidores-para-o-estadio-do-flamengo\/#primaryimage","url":"https:\/\/www.gaveanews.com\/wp-content\/uploads\/Parque-Olimpico.webp","contentUrl":"https:\/\/www.gaveanews.com\/wp-content\/uploads\/Parque-Olimpico.webp","width":1000,"height":667,"caption":"Parque Ol\u00edmpico dos jogos de 2016 no Rio de Janeiro (Foto: Gabriel Heusi\/Brasil2016.gov.br)"},{"@type":"BreadcrumbList","@id":"https:\/\/www.gaveanews.com\/index.php\/2022\/07\/03\/rodolfo-landim-e-o-responsavel-por-buscar-investidores-para-o-estadio-do-flamengo\/#breadcrumb","itemListElement":[{"@type":"ListItem","position":1,"name":"Home","item":"https:\/\/www.gaveanews.com\/"},{"@type":"ListItem","position":2,"name":"Rodolfo Landim \u00e9 o respons\u00e1vel por buscar investidores para o est\u00e1dio do Flamengo"}]},{"@type":"WebSite","@id":"https:\/\/www.gaveanews.com\/#website","url":"https:\/\/www.gaveanews.com\/","name":"G\u00e1vea News","description":"Veja todas as not\u00edcias sobre o Flamengo: Contrata\u00e7\u00f5es, categorias de base, resultados das partidas, tabela de classifica\u00e7\u00e3o, pr\u00f3ximos jogos!","potentialAction":[{"@type":"SearchAction","target":{"@type":"EntryPoint","urlTemplate":"https:\/\/www.gaveanews.com\/?s={search_term_string}"},"query-input":{"@type":"PropertyValueSpecification","valueRequired":true,"valueName":"search_term_string"}}],"inLanguage":"pt-BR"},{"@type":"Person","@id":"https:\/\/www.gaveanews.com\/#\/schema\/person\/2ec14f73fb96be2caf28f91afb14749d","name":"Equipe G\u00e1vea News","image":{"@type":"ImageObject","inLanguage":"pt-BR","@id":"https:\/\/www.gaveanews.com\/#\/schema\/person\/image\/","url":"https:\/\/secure.gravatar.com\/avatar\/1e1956f1facbffd3f8fa53a326721950116b3b9dc9bd44939c01180fd4a745a9?s=96&d=mm&r=g","contentUrl":"https:\/\/secure.gravatar.com\/avatar\/1e1956f1facbffd3f8fa53a326721950116b3b9dc9bd44939c01180fd4a745a9?s=96&d=mm&r=g","caption":"Equipe G\u00e1vea News"}}]}},"_links":{"self":[{"href":"https:\/\/www.gaveanews.com\/index.php\/wp-json\/wp\/v2\/posts\/84188","targetHints":{"allow":["GET"]}}],"collection":[{"href":"https:\/\/www.gaveanews.com\/index.php\/wp-json\/wp\/v2\/posts"}],"about":[{"href":"https:\/\/www.gaveanews.com\/index.php\/wp-json\/wp\/v2\/types\/post"}],"author":[{"embeddable":true,"href":"https:\/\/www.gaveanews.com\/index.php\/wp-json\/wp\/v2\/users\/1"}],"replies":[{"embeddable":true,"href":"https:\/\/www.gaveanews.com\/index.php\/wp-json\/wp\/v2\/comments?post=84188"}],"version-history":[{"count":1,"href":"https:\/\/www.gaveanews.com\/index.php\/wp-json\/wp\/v2\/posts\/84188\/revisions"}],"predecessor-version":[{"id":135455,"href":"https:\/\/www.gaveanews.com\/index.php\/wp-json\/wp\/v2\/posts\/84188\/revisions\/135455"}],"wp:featuredmedia":[{"embeddable":true,"href":"https:\/\/www.gaveanews.com\/index.php\/wp-json\/wp\/v2\/media\/84096"}],"wp:attachment":[{"href":"https:\/\/www.gaveanews.com\/index.php\/wp-json\/wp\/v2\/media?parent=84188"}],"wp:term":[{"taxonomy":"category","embeddable":true,"href":"https:\/\/www.gaveanews.com\/index.php\/wp-json\/wp\/v2\/categories?post=84188"},{"taxonomy":"post_tag","embeddable":true,"href":"https:\/\/www.gaveanews.com\/index.php\/wp-json\/wp\/v2\/tags?post=84188"}],"curies":[{"name":"wp","href":"https:\/\/api.w.org\/{rel}","templated":true}]}}