{"id":84214,"date":"2022-07-04T09:30:25","date_gmt":"2022-07-04T12:30:25","guid":{"rendered":"https:\/\/www.gaveanews.com\/?p=84214"},"modified":"2022-07-04T09:30:27","modified_gmt":"2022-07-04T12:30:27","slug":"empresario-de-david-luiz-do-flamengo-ironiza-noticia-sobre-a-inter-de-milao","status":"publish","type":"post","link":"https:\/\/www.gaveanews.com\/index.php\/2022\/07\/04\/empresario-de-david-luiz-do-flamengo-ironiza-noticia-sobre-a-inter-de-milao\/","title":{"rendered":"Empres\u00e1rio de David Luiz, do Flamengo, ironiza not\u00edcia sobre a Inter de Mil\u00e3o"},"content":{"rendered":"\n<p>Com o Flamengo agitando o mercado da bola, ap\u00f3s contratar Everton Cebolinha (j\u00e1 anunciado), Vidal (assina nesta segunda-feira) e se aproximar de Luis Henrique, do Olympique de Marselha, especula\u00e7\u00f5es envolvendo sa\u00edda de de atletas, como aconteceu envolvendo David Luiz, come\u00e7am a surgir.<\/p>\n\n\n\n<p>Neste domingo, um portal brasileiro noticiou que o zagueiro planeja exercer a cl\u00e1usula de libera\u00e7\u00e3o de gra\u00e7a prevista em contrato para deixar o Flamengo j\u00e1 nesta janela de transfer\u00eancia e que o nome do agueiro havia sido oferecido para a Inter de Mil\u00e3o, da It\u00e1lia. Por\u00e9m, minutos depois, David Luiz usou as redes sociais para negar a informa\u00e7\u00e3o e tratou o assunto como \u201cfake news\u201d.<\/p>\n\n\n\n<p>Segundo apurou a reportagem, a informa\u00e7\u00e3o incomodou demais a David Luiz e seus representantes. Em contato com um dos empres\u00e1rios do zagueiro respondeu:<\/p>\n\n\n\n<p><em>\u2014 N\u00e3o sei como esses caras inventam isso. Voc\u00ea acha que o David \u00e9 um cara para ser oferecido? Voc\u00ea acha que ir\u00edamos oferecer?<\/em><\/p>\n\n\n\n<p>David Luiz tem contrato com o Flamengo at\u00e9 dezembro e pretende cumprir o v\u00ednculo. Figurante importante no bastidores do clube, principalmente durante a passagem de Paulo Sousa, o defensor \u00e9 uma das refer\u00eancias do elenco.<\/p>\n\n\n\n<p>Retirado de: O Dia<\/p>\n","protected":false},"excerpt":{"rendered":"<p>Com o Flamengo agitando o mercado da bola, ap\u00f3s contratar Everton Cebolinha (j\u00e1 anunciado), Vidal (assina nesta segunda-feira) e se aproximar de Luis Henrique, do Olympique de Marselha, especula\u00e7\u00f5es envolvendo sa\u00edda de de atletas, como aconteceu envolvendo David Luiz, come\u00e7am a surgir. Neste domingo, um portal brasileiro noticiou que o zagueiro planeja exercer a cl\u00e1usula [&hellip;]<\/p>\n","protected":false},"author":1,"featured_media":78508,"comment_status":"open","ping_status":"closed","sticky":false,"template":"","format":"standard","meta":{"footnotes":""},"categories":[48],"tags":[],"class_list":["post-84214","post","type-post","status-publish","format-standard","has-post-thumbnail","hentry","category-negociacoes"],"yoast_head":"<!-- This site is optimized with the Yoast SEO Premium plugin v24.2 (Yoast SEO v26.9) - https:\/\/yoast.com\/product\/yoast-seo-premium-wordpress\/ -->\n<title>Empres\u00e1rio de David Luiz, do Flamengo, ironiza not\u00edcia sobre a Inter de Mil\u00e3o<\/title>\n<meta name=\"robots\" content=\"index, follow, max-snippet:-1, max-image-preview:large, max-video-preview:-1\" \/>\n<link rel=\"canonical\" href=\"https:\/\/www.gaveanews.com\/index.php\/2022\/07\/04\/empresario-de-david-luiz-do-flamengo-ironiza-noticia-sobre-a-inter-de-milao\/\" \/>\n<meta property=\"og:locale\" content=\"pt_BR\" \/>\n<meta property=\"og:type\" content=\"article\" \/>\n<meta property=\"og:title\" content=\"Empres\u00e1rio de David Luiz, do Flamengo, ironiza not\u00edcia sobre a Inter de Mil\u00e3o\" \/>\n<meta property=\"og:description\" content=\"Com o Flamengo agitando o mercado da bola, ap\u00f3s contratar Everton Cebolinha (j\u00e1 anunciado), Vidal (assina nesta segunda-feira) e se aproximar de Luis Henrique, do Olympique de Marselha, especula\u00e7\u00f5es envolvendo sa\u00edda de de atletas, como aconteceu envolvendo David Luiz, come\u00e7am a surgir. Neste domingo, um portal brasileiro noticiou que o zagueiro planeja exercer a cl\u00e1usula [&hellip;]\" \/>\n<meta property=\"og:url\" content=\"https:\/\/www.gaveanews.com\/index.php\/2022\/07\/04\/empresario-de-david-luiz-do-flamengo-ironiza-noticia-sobre-a-inter-de-milao\/\" \/>\n<meta property=\"og:site_name\" content=\"G\u00e1vea News\" \/>\n<meta property=\"article:publisher\" content=\"https:\/\/facebook.com\/gaveaNews\/\" \/>\n<meta property=\"article:published_time\" content=\"2022-07-04T12:30:25+00:00\" \/>\n<meta property=\"article:modified_time\" content=\"2022-07-04T12:30:27+00:00\" \/>\n<meta property=\"og:image\" content=\"https:\/\/www.gaveanews.com\/wp-content\/uploads\/David-Luiz-em-acao-pelo-Flamengo-contra-o-Vasco.webp\" \/>\n\t<meta property=\"og:image:width\" content=\"800\" \/>\n\t<meta property=\"og:image:height\" content=\"533\" \/>\n\t<meta property=\"og:image:type\" content=\"image\/jpeg\" \/>\n<meta name=\"author\" content=\"Equipe G\u00e1vea News\" \/>\n<meta name=\"twitter:card\" content=\"summary_large_image\" \/>\n<meta name=\"twitter:label1\" content=\"Escrito por\" \/>\n\t<meta name=\"twitter:data1\" content=\"Equipe G\u00e1vea News\" \/>\n\t<meta name=\"twitter:label2\" content=\"Est. tempo de leitura\" \/>\n\t<meta name=\"twitter:data2\" content=\"2 minutos\" \/>\n<script type=\"application\/ld+json\" class=\"yoast-schema-graph\">{\"@context\":\"https:\/\/schema.org\",\"@graph\":[{\"@type\":\"NewsArticle\",\"@id\":\"https:\/\/www.gaveanews.com\/index.php\/2022\/07\/04\/empresario-de-david-luiz-do-flamengo-ironiza-noticia-sobre-a-inter-de-milao\/#article\",\"isPartOf\":{\"@id\":\"https:\/\/www.gaveanews.com\/index.php\/2022\/07\/04\/empresario-de-david-luiz-do-flamengo-ironiza-noticia-sobre-a-inter-de-milao\/\"},\"author\":{\"name\":\"Equipe G\u00e1vea News\",\"@id\":\"https:\/\/www.gaveanews.com\/#\/schema\/person\/2ec14f73fb96be2caf28f91afb14749d\"},\"headline\":\"Empres\u00e1rio de David Luiz, do Flamengo, ironiza not\u00edcia sobre a Inter de Mil\u00e3o\",\"datePublished\":\"2022-07-04T12:30:25+00:00\",\"dateModified\":\"2022-07-04T12:30:27+00:00\",\"mainEntityOfPage\":{\"@id\":\"https:\/\/www.gaveanews.com\/index.php\/2022\/07\/04\/empresario-de-david-luiz-do-flamengo-ironiza-noticia-sobre-a-inter-de-milao\/\"},\"wordCount\":224,\"commentCount\":0,\"image\":{\"@id\":\"https:\/\/www.gaveanews.com\/index.php\/2022\/07\/04\/empresario-de-david-luiz-do-flamengo-ironiza-noticia-sobre-a-inter-de-milao\/#primaryimage\"},\"thumbnailUrl\":\"https:\/\/www.gaveanews.com\/wp-content\/uploads\/David-Luiz-em-acao-pelo-Flamengo-contra-o-Vasco.webp\",\"articleSection\":[\"Negocia\u00e7\u00f5es\"],\"inLanguage\":\"pt-BR\",\"potentialAction\":[{\"@type\":\"CommentAction\",\"name\":\"Comment\",\"target\":[\"https:\/\/www.gaveanews.com\/index.php\/2022\/07\/04\/empresario-de-david-luiz-do-flamengo-ironiza-noticia-sobre-a-inter-de-milao\/#respond\"]}],\"copyrightYear\":\"2022\",\"copyrightHolder\":{\"@id\":\"https:\/\/www.gaveanews.com\/#organization\"}},{\"@type\":\"WebPage\",\"@id\":\"https:\/\/www.gaveanews.com\/index.php\/2022\/07\/04\/empresario-de-david-luiz-do-flamengo-ironiza-noticia-sobre-a-inter-de-milao\/\",\"url\":\"https:\/\/www.gaveanews.com\/index.php\/2022\/07\/04\/empresario-de-david-luiz-do-flamengo-ironiza-noticia-sobre-a-inter-de-milao\/\",\"name\":\"Empres\u00e1rio de David Luiz, do Flamengo, ironiza not\u00edcia sobre a Inter de Mil\u00e3o\",\"isPartOf\":{\"@id\":\"https:\/\/www.gaveanews.com\/#website\"},\"primaryImageOfPage\":{\"@id\":\"https:\/\/www.gaveanews.com\/index.php\/2022\/07\/04\/empresario-de-david-luiz-do-flamengo-ironiza-noticia-sobre-a-inter-de-milao\/#primaryimage\"},\"image\":{\"@id\":\"https:\/\/www.gaveanews.com\/index.php\/2022\/07\/04\/empresario-de-david-luiz-do-flamengo-ironiza-noticia-sobre-a-inter-de-milao\/#primaryimage\"},\"thumbnailUrl\":\"https:\/\/www.gaveanews.com\/wp-content\/uploads\/David-Luiz-em-acao-pelo-Flamengo-contra-o-Vasco.webp\",\"datePublished\":\"2022-07-04T12:30:25+00:00\",\"dateModified\":\"2022-07-04T12:30:27+00:00\",\"author\":{\"@id\":\"https:\/\/www.gaveanews.com\/#\/schema\/person\/2ec14f73fb96be2caf28f91afb14749d\"},\"breadcrumb\":{\"@id\":\"https:\/\/www.gaveanews.com\/index.php\/2022\/07\/04\/empresario-de-david-luiz-do-flamengo-ironiza-noticia-sobre-a-inter-de-milao\/#breadcrumb\"},\"inLanguage\":\"pt-BR\",\"potentialAction\":[{\"@type\":\"ReadAction\",\"target\":[\"https:\/\/www.gaveanews.com\/index.php\/2022\/07\/04\/empresario-de-david-luiz-do-flamengo-ironiza-noticia-sobre-a-inter-de-milao\/\"]}]},{\"@type\":\"ImageObject\",\"inLanguage\":\"pt-BR\",\"@id\":\"https:\/\/www.gaveanews.com\/index.php\/2022\/07\/04\/empresario-de-david-luiz-do-flamengo-ironiza-noticia-sobre-a-inter-de-milao\/#primaryimage\",\"url\":\"https:\/\/www.gaveanews.com\/wp-content\/uploads\/David-Luiz-em-acao-pelo-Flamengo-contra-o-Vasco.webp\",\"contentUrl\":\"https:\/\/www.gaveanews.com\/wp-content\/uploads\/David-Luiz-em-acao-pelo-Flamengo-contra-o-Vasco.webp\",\"width\":800,\"height\":533,\"caption\":\"David Luiz em a\u00e7\u00e3o pelo Flamengo contra o Vasco (Foto: Marcelo Cortes\/Flamengo)\"},{\"@type\":\"BreadcrumbList\",\"@id\":\"https:\/\/www.gaveanews.com\/index.php\/2022\/07\/04\/empresario-de-david-luiz-do-flamengo-ironiza-noticia-sobre-a-inter-de-milao\/#breadcrumb\",\"itemListElement\":[{\"@type\":\"ListItem\",\"position\":1,\"name\":\"Home\",\"item\":\"https:\/\/www.gaveanews.com\/\"},{\"@type\":\"ListItem\",\"position\":2,\"name\":\"Empres\u00e1rio de David Luiz, do Flamengo, ironiza not\u00edcia sobre a Inter de Mil\u00e3o\"}]},{\"@type\":\"WebSite\",\"@id\":\"https:\/\/www.gaveanews.com\/#website\",\"url\":\"https:\/\/www.gaveanews.com\/\",\"name\":\"G\u00e1vea News\",\"description\":\"Veja todas as not\u00edcias sobre o Flamengo: Contrata\u00e7\u00f5es, categorias de base, resultados das partidas, tabela de classifica\u00e7\u00e3o, pr\u00f3ximos jogos!\",\"potentialAction\":[{\"@type\":\"SearchAction\",\"target\":{\"@type\":\"EntryPoint\",\"urlTemplate\":\"https:\/\/www.gaveanews.com\/?s={search_term_string}\"},\"query-input\":{\"@type\":\"PropertyValueSpecification\",\"valueRequired\":true,\"valueName\":\"search_term_string\"}}],\"inLanguage\":\"pt-BR\"},{\"@type\":\"Person\",\"@id\":\"https:\/\/www.gaveanews.com\/#\/schema\/person\/2ec14f73fb96be2caf28f91afb14749d\",\"name\":\"Equipe G\u00e1vea News\",\"image\":{\"@type\":\"ImageObject\",\"inLanguage\":\"pt-BR\",\"@id\":\"https:\/\/www.gaveanews.com\/#\/schema\/person\/image\/\",\"url\":\"https:\/\/secure.gravatar.com\/avatar\/1e1956f1facbffd3f8fa53a326721950116b3b9dc9bd44939c01180fd4a745a9?s=96&d=mm&r=g\",\"contentUrl\":\"https:\/\/secure.gravatar.com\/avatar\/1e1956f1facbffd3f8fa53a326721950116b3b9dc9bd44939c01180fd4a745a9?s=96&d=mm&r=g\",\"caption\":\"Equipe G\u00e1vea News\"}}]}<\/script>\n<!-- \/ Yoast SEO Premium plugin. -->","yoast_head_json":{"title":"Empres\u00e1rio de David Luiz, do Flamengo, ironiza not\u00edcia sobre a Inter de Mil\u00e3o","robots":{"index":"index","follow":"follow","max-snippet":"max-snippet:-1","max-image-preview":"max-image-preview:large","max-video-preview":"max-video-preview:-1"},"canonical":"https:\/\/www.gaveanews.com\/index.php\/2022\/07\/04\/empresario-de-david-luiz-do-flamengo-ironiza-noticia-sobre-a-inter-de-milao\/","og_locale":"pt_BR","og_type":"article","og_title":"Empres\u00e1rio de David Luiz, do Flamengo, ironiza not\u00edcia sobre a Inter de Mil\u00e3o","og_description":"Com o Flamengo agitando o mercado da bola, ap\u00f3s contratar Everton Cebolinha (j\u00e1 anunciado), Vidal (assina nesta segunda-feira) e se aproximar de Luis Henrique, do Olympique de Marselha, especula\u00e7\u00f5es envolvendo sa\u00edda de de atletas, como aconteceu envolvendo David Luiz, come\u00e7am a surgir. Neste domingo, um portal brasileiro noticiou que o zagueiro planeja exercer a cl\u00e1usula [&hellip;]","og_url":"https:\/\/www.gaveanews.com\/index.php\/2022\/07\/04\/empresario-de-david-luiz-do-flamengo-ironiza-noticia-sobre-a-inter-de-milao\/","og_site_name":"G\u00e1vea News","article_publisher":"https:\/\/facebook.com\/gaveaNews\/","article_published_time":"2022-07-04T12:30:25+00:00","article_modified_time":"2022-07-04T12:30:27+00:00","og_image":[{"width":800,"height":533,"url":"https:\/\/www.gaveanews.com\/wp-content\/uploads\/David-Luiz-em-acao-pelo-Flamengo-contra-o-Vasco.webp","type":"image\/jpeg"}],"author":"Equipe G\u00e1vea News","twitter_card":"summary_large_image","twitter_misc":{"Escrito por":"Equipe G\u00e1vea News","Est. tempo de leitura":"2 minutos"},"schema":{"@context":"https:\/\/schema.org","@graph":[{"@type":"NewsArticle","@id":"https:\/\/www.gaveanews.com\/index.php\/2022\/07\/04\/empresario-de-david-luiz-do-flamengo-ironiza-noticia-sobre-a-inter-de-milao\/#article","isPartOf":{"@id":"https:\/\/www.gaveanews.com\/index.php\/2022\/07\/04\/empresario-de-david-luiz-do-flamengo-ironiza-noticia-sobre-a-inter-de-milao\/"},"author":{"name":"Equipe G\u00e1vea News","@id":"https:\/\/www.gaveanews.com\/#\/schema\/person\/2ec14f73fb96be2caf28f91afb14749d"},"headline":"Empres\u00e1rio de David Luiz, do Flamengo, ironiza not\u00edcia sobre a Inter de Mil\u00e3o","datePublished":"2022-07-04T12:30:25+00:00","dateModified":"2022-07-04T12:30:27+00:00","mainEntityOfPage":{"@id":"https:\/\/www.gaveanews.com\/index.php\/2022\/07\/04\/empresario-de-david-luiz-do-flamengo-ironiza-noticia-sobre-a-inter-de-milao\/"},"wordCount":224,"commentCount":0,"image":{"@id":"https:\/\/www.gaveanews.com\/index.php\/2022\/07\/04\/empresario-de-david-luiz-do-flamengo-ironiza-noticia-sobre-a-inter-de-milao\/#primaryimage"},"thumbnailUrl":"https:\/\/www.gaveanews.com\/wp-content\/uploads\/David-Luiz-em-acao-pelo-Flamengo-contra-o-Vasco.webp","articleSection":["Negocia\u00e7\u00f5es"],"inLanguage":"pt-BR","potentialAction":[{"@type":"CommentAction","name":"Comment","target":["https:\/\/www.gaveanews.com\/index.php\/2022\/07\/04\/empresario-de-david-luiz-do-flamengo-ironiza-noticia-sobre-a-inter-de-milao\/#respond"]}],"copyrightYear":"2022","copyrightHolder":{"@id":"https:\/\/www.gaveanews.com\/#organization"}},{"@type":"WebPage","@id":"https:\/\/www.gaveanews.com\/index.php\/2022\/07\/04\/empresario-de-david-luiz-do-flamengo-ironiza-noticia-sobre-a-inter-de-milao\/","url":"https:\/\/www.gaveanews.com\/index.php\/2022\/07\/04\/empresario-de-david-luiz-do-flamengo-ironiza-noticia-sobre-a-inter-de-milao\/","name":"Empres\u00e1rio de David Luiz, do Flamengo, ironiza not\u00edcia sobre a Inter de Mil\u00e3o","isPartOf":{"@id":"https:\/\/www.gaveanews.com\/#website"},"primaryImageOfPage":{"@id":"https:\/\/www.gaveanews.com\/index.php\/2022\/07\/04\/empresario-de-david-luiz-do-flamengo-ironiza-noticia-sobre-a-inter-de-milao\/#primaryimage"},"image":{"@id":"https:\/\/www.gaveanews.com\/index.php\/2022\/07\/04\/empresario-de-david-luiz-do-flamengo-ironiza-noticia-sobre-a-inter-de-milao\/#primaryimage"},"thumbnailUrl":"https:\/\/www.gaveanews.com\/wp-content\/uploads\/David-Luiz-em-acao-pelo-Flamengo-contra-o-Vasco.webp","datePublished":"2022-07-04T12:30:25+00:00","dateModified":"2022-07-04T12:30:27+00:00","author":{"@id":"https:\/\/www.gaveanews.com\/#\/schema\/person\/2ec14f73fb96be2caf28f91afb14749d"},"breadcrumb":{"@id":"https:\/\/www.gaveanews.com\/index.php\/2022\/07\/04\/empresario-de-david-luiz-do-flamengo-ironiza-noticia-sobre-a-inter-de-milao\/#breadcrumb"},"inLanguage":"pt-BR","potentialAction":[{"@type":"ReadAction","target":["https:\/\/www.gaveanews.com\/index.php\/2022\/07\/04\/empresario-de-david-luiz-do-flamengo-ironiza-noticia-sobre-a-inter-de-milao\/"]}]},{"@type":"ImageObject","inLanguage":"pt-BR","@id":"https:\/\/www.gaveanews.com\/index.php\/2022\/07\/04\/empresario-de-david-luiz-do-flamengo-ironiza-noticia-sobre-a-inter-de-milao\/#primaryimage","url":"https:\/\/www.gaveanews.com\/wp-content\/uploads\/David-Luiz-em-acao-pelo-Flamengo-contra-o-Vasco.webp","contentUrl":"https:\/\/www.gaveanews.com\/wp-content\/uploads\/David-Luiz-em-acao-pelo-Flamengo-contra-o-Vasco.webp","width":800,"height":533,"caption":"David Luiz em a\u00e7\u00e3o pelo Flamengo contra o Vasco (Foto: Marcelo Cortes\/Flamengo)"},{"@type":"BreadcrumbList","@id":"https:\/\/www.gaveanews.com\/index.php\/2022\/07\/04\/empresario-de-david-luiz-do-flamengo-ironiza-noticia-sobre-a-inter-de-milao\/#breadcrumb","itemListElement":[{"@type":"ListItem","position":1,"name":"Home","item":"https:\/\/www.gaveanews.com\/"},{"@type":"ListItem","position":2,"name":"Empres\u00e1rio de David Luiz, do Flamengo, ironiza not\u00edcia sobre a Inter de Mil\u00e3o"}]},{"@type":"WebSite","@id":"https:\/\/www.gaveanews.com\/#website","url":"https:\/\/www.gaveanews.com\/","name":"G\u00e1vea News","description":"Veja todas as not\u00edcias sobre o Flamengo: Contrata\u00e7\u00f5es, categorias de base, resultados das partidas, tabela de classifica\u00e7\u00e3o, pr\u00f3ximos jogos!","potentialAction":[{"@type":"SearchAction","target":{"@type":"EntryPoint","urlTemplate":"https:\/\/www.gaveanews.com\/?s={search_term_string}"},"query-input":{"@type":"PropertyValueSpecification","valueRequired":true,"valueName":"search_term_string"}}],"inLanguage":"pt-BR"},{"@type":"Person","@id":"https:\/\/www.gaveanews.com\/#\/schema\/person\/2ec14f73fb96be2caf28f91afb14749d","name":"Equipe G\u00e1vea News","image":{"@type":"ImageObject","inLanguage":"pt-BR","@id":"https:\/\/www.gaveanews.com\/#\/schema\/person\/image\/","url":"https:\/\/secure.gravatar.com\/avatar\/1e1956f1facbffd3f8fa53a326721950116b3b9dc9bd44939c01180fd4a745a9?s=96&d=mm&r=g","contentUrl":"https:\/\/secure.gravatar.com\/avatar\/1e1956f1facbffd3f8fa53a326721950116b3b9dc9bd44939c01180fd4a745a9?s=96&d=mm&r=g","caption":"Equipe G\u00e1vea News"}}]}},"_links":{"self":[{"href":"https:\/\/www.gaveanews.com\/index.php\/wp-json\/wp\/v2\/posts\/84214","targetHints":{"allow":["GET"]}}],"collection":[{"href":"https:\/\/www.gaveanews.com\/index.php\/wp-json\/wp\/v2\/posts"}],"about":[{"href":"https:\/\/www.gaveanews.com\/index.php\/wp-json\/wp\/v2\/types\/post"}],"author":[{"embeddable":true,"href":"https:\/\/www.gaveanews.com\/index.php\/wp-json\/wp\/v2\/users\/1"}],"replies":[{"embeddable":true,"href":"https:\/\/www.gaveanews.com\/index.php\/wp-json\/wp\/v2\/comments?post=84214"}],"version-history":[{"count":0,"href":"https:\/\/www.gaveanews.com\/index.php\/wp-json\/wp\/v2\/posts\/84214\/revisions"}],"wp:featuredmedia":[{"embeddable":true,"href":"https:\/\/www.gaveanews.com\/index.php\/wp-json\/wp\/v2\/media\/78508"}],"wp:attachment":[{"href":"https:\/\/www.gaveanews.com\/index.php\/wp-json\/wp\/v2\/media?parent=84214"}],"wp:term":[{"taxonomy":"category","embeddable":true,"href":"https:\/\/www.gaveanews.com\/index.php\/wp-json\/wp\/v2\/categories?post=84214"},{"taxonomy":"post_tag","embeddable":true,"href":"https:\/\/www.gaveanews.com\/index.php\/wp-json\/wp\/v2\/tags?post=84214"}],"curies":[{"name":"wp","href":"https:\/\/api.w.org\/{rel}","templated":true}]}}