{"id":84221,"date":"2022-07-04T11:31:35","date_gmt":"2022-07-04T14:31:35","guid":{"rendered":"https:\/\/www.gaveanews.com\/?p=84221"},"modified":"2022-07-04T11:31:37","modified_gmt":"2022-07-04T14:31:37","slug":"flamengo-x-tolima-veja-quantos-ingressos-ja-foram-vendidos","status":"publish","type":"post","link":"https:\/\/www.gaveanews.com\/index.php\/2022\/07\/04\/flamengo-x-tolima-veja-quantos-ingressos-ja-foram-vendidos\/","title":{"rendered":"Flamengo x Tolima: Veja quantos ingressos j\u00e1 foram vendidos"},"content":{"rendered":"\n<p>Ap\u00f3s o importante passo dado na \u00faltima semana, em Ibagu\u00e9, com vit\u00f3ria por 1 a 0 sobre o Tolima, o Flamengo reencontro os colombianos na partida de volta pelas oitavas de final da Libertadores na pr\u00f3xima quarta-feira, \u00e0s 21h30 (de Bras\u00edlia), no Maracan\u00e3. At\u00e9 o momento foram vendidos 41 mil ingressos.<\/p>\n\n\n\n<p>Os valor dos bilhetes varia de R$ 30 a R$ 500. \u00c9 poss\u00edvel compr\u00e1-los no site\u00a0<a href=\"http:\/\/flamengo.superingresso.com.br\/\" target=\"_blank\" rel=\"noreferrer noopener\">flamengo.superingresso.com.br<\/a>. No mesmo, o torcedor tem acesso aos descontos e condi\u00e7\u00f5es.<\/p>\n\n\n\n<h2 class=\"wp-block-heading\" id=\"h-pontos-de-venda-e-troca\">Pontos de venda e troca<\/h2>\n\n\n\n<h2 class=\"wp-block-heading\" id=\"h-maracana-bilheteria-02\">Maracan\u00e3 \u2013 Bilheteria 02<\/h2>\n\n\n\n<p>Dia 01\/07\/2022 &#8211; Hor\u00e1rio de 10h \u00e0s 17h<br>Dia 04\/07\/2022 &#8211; Hor\u00e1rio de 10h \u00e0s 17h.<br>Dia 05\/07\/2022 &#8211; Hor\u00e1rio de 10h \u00e0s 17h.<\/p>\n\n\n\n<h2 class=\"wp-block-heading\" id=\"h-gavea-balcao-ao-lado-do-setor-de-cobranca\">G\u00e1vea &#8211; Balc\u00e3o ao lado do setor de cobran\u00e7a<\/h2>\n\n\n\n<p>Avenida Borges de Medeiros, n\u00b0997 &#8211; Lagoa &#8211; Rio de Janeiro \u2013 RJ.<\/p>\n\n\n\n<p>Dia 01\/07\/2022 &#8211; Hor\u00e1rio de 10h \u00e0s 17h.<br>Dia 02\/07\/2022 &#8211; Hor\u00e1rio de 10h \u00e0s 17h.<br>Dia 03\/07\/2022 &#8211; Hor\u00e1rio de 10h \u00e0s 17h.<br>Dia 04\/07\/2022 &#8211; Hor\u00e1rio de 10h \u00e0s 18h.<br>Dia 05\/07\/2022 &#8211; Hor\u00e1rio de 10h \u00e0s 18h.<br>Dia 06\/07\/2022- Hor\u00e1rio de 10h \u00e0s 17h.<\/p>\n\n\n\n<h2 class=\"wp-block-heading\" id=\"h-gavea-externo\">G\u00e1vea (Externo)<\/h2>\n\n\n\n<p>Rua Ministro Raul Machado, pr\u00f3ximo \u00e0 Pra\u00e7a Nossa Senhora Auxiliadora.<\/p>\n\n\n\n<p>Dia 01\/07\/2022 &#8211; Hor\u00e1rio de 10h \u00e0s 17h.<br>Dia 02\/07\/2022 &#8211; Hor\u00e1rio de 10h \u00e0s 17h.<br>Dia 03\/07\/2022 &#8211; Hor\u00e1rio de 10h \u00e0s 17h.<br>Dia 04\/07\/2022 &#8211; Hor\u00e1rio de 10h \u00e0s 18h.<br>Dia 05\/07\/2022 &#8211; Hor\u00e1rio de 10h \u00e0s 18h.<br>Dia 06\/07\/2022- Hor\u00e1rio de 10h \u00e0s 17h.<\/p>\n\n\n\n<h2 class=\"wp-block-heading\" id=\"h-lojas-oficiais-do-flamengo\">Lojas oficiais do\u00a0Flamengo:<\/h2>\n\n\n\n<p><strong>Espa\u00e7o Rubro-Negro (G\u00e1vea)<\/strong><\/p>\n\n\n\n<p>Avenida Borges de Medeiros, n\u00b0997, Lagoa, Rio de Janeiro \u2013 RJ.<\/p>\n\n\n\n<p>Dia 01\/07\/2022 &#8211; Hor\u00e1rio de 10h \u00e0s 17h.<br>Dia 02\/07\/2022 &#8211; Hor\u00e1rio de 10h \u00e0s 17h.<br>Dia 03\/07\/2022 &#8211; Hor\u00e1rio de 10h \u00e0s 17h.<br>Dia 04\/07\/2022 &#8211; Hor\u00e1rio de 10h \u00e0s 18h.<br>Dia 05\/07\/2022 &#8211; Hor\u00e1rio de 10h \u00e0s 18h.<br>Dia 06\/07\/2022- Hor\u00e1rio de 10h \u00e0s 17h.<\/p>\n\n\n\n<p><strong>Na\u00e7\u00e3o Rubro-Negra (Downtown)<\/strong><\/p>\n\n\n\n<p>Avenida das Am\u00e9ricas n\u00ba500, Barra, Rio de Janeiro &#8211; RJ.<\/p>\n\n\n\n<p>Dia 01\/07\/2022 &#8211; Hor\u00e1rio de 10h \u00e0s 17h.<br>Dia 02\/07\/2022 &#8211; Hor\u00e1rio de 10h \u00e0s 17h.<br>Dia 03\/07\/2022 &#8211; Hor\u00e1rio de 13h \u00e0s 20h.<br>Dia 04\/07\/2022 &#8211; Hor\u00e1rio de 10h \u00e0s 20h.<br>Dia 05\/07\/2022 &#8211; Hor\u00e1rio de 10h \u00e0s 20h.<br>Dia 06\/07\/2022- Hor\u00e1rio de 10h \u00e0s 17h.<\/p>\n\n\n\n<p><strong>Espa\u00e7o Rubro-Negro (Via Parque)<\/strong><\/p>\n\n\n\n<p>Avenida Ayrton Senna n\u00ba3000, Barra, Rio de Janeiro &#8211; RJ.<\/p>\n\n\n\n<p>Dia 01\/07\/2022 &#8211; Hor\u00e1rio de 10h \u00e0s 17h.<br>Dia 02\/07\/2022 &#8211; Hor\u00e1rio de 10h \u00e0s 17h.<br>Dia 03\/07\/2022 &#8211; Hor\u00e1rio de 13h \u00e0s 20h.<br>Dia 04\/07\/2022 &#8211; Hor\u00e1rio de 10h \u00e0s 20h.<br>Dia 05\/07\/2022 &#8211; Hor\u00e1rio de 10h \u00e0s 20h.<br>Dia 06\/07\/2022- Hor\u00e1rio de 10h \u00e0s 17h.<\/p>\n\n\n\n<p><strong>Loja Na\u00e7\u00e3o Rubro-Negra (Rodovi\u00e1ria)<\/strong><\/p>\n\n\n\n<p>Avenida Francisco Bicalho, 01, Loja 4, setor 1B, Setor de Embarque- Santo Cristo &#8211; RJ.<\/p>\n\n\n\n<p>Dia 01\/07\/2022 &#8211; Hor\u00e1rio de 10h \u00e0s 17h.<br>Dia 02\/07\/2022 &#8211; Hor\u00e1rio de 10h \u00e0s 17h.<br>Dia 03\/07\/2022 &#8211; Hor\u00e1rio de 13h \u00e0s 20h.<br>Dia 04\/07\/2022 &#8211; Hor\u00e1rio de 10h \u00e0s 20h.<br>Dia 05\/07\/2022 &#8211; Hor\u00e1rio de 10h \u00e0s 20h.<br>Dia 06\/07\/2022- Hor\u00e1rio de 10h \u00e0s 17h.<\/p>\n\n\n\n<p><strong>Espa\u00e7o Rubro-Negro (Quitanda)<\/strong><\/p>\n\n\n\n<p>Rua da Quitanda, n\u00ba87 &#8211; Centro, Rio de Janeiro &#8211; RJ.<\/p>\n\n\n\n<p>Dia 01\/07\/2022 &#8211; Hor\u00e1rio de 10h \u00e0s 17h.<br>Dia 04\/07\/2022 &#8211; Hor\u00e1rio de 10h \u00e0s 20h.<br>Dia 05\/07\/2022 &#8211; Hor\u00e1rio de 10h \u00e0s 20h.<br>Dia 06\/07\/2022- Hor\u00e1rio de 10h \u00e0s 17h.<\/p>\n\n\n\n<p><strong>Espa\u00e7o Rubro-Negro (Centro)<\/strong><\/p>\n\n\n\n<p>Rua da Buenos Aires, n\u00ba113 &#8211; Centro, Rio de Janeiro \u2013 RJ.<\/p>\n\n\n\n<p>Dia 01\/07\/2022 &#8211; Hor\u00e1rio de 10h \u00e0s 17h.<br>Dia 04\/07\/2022 &#8211; Hor\u00e1rio de 10h \u00e0s 19h.<br>Dia 05\/07\/2022 &#8211; Hor\u00e1rio de 10h \u00e0s 19h.<br>Dia 06\/07\/2022- Hor\u00e1rio de 10h \u00e0s 17h.<\/p>\n\n\n\n<p><strong>Espa\u00e7o Rubro-Negro (Shopping Nova Am\u00e9rica)<\/strong><\/p>\n\n\n\n<p>Av. Pastor Martin Luther King Jr., n\u00ba126, 1\u00bapiso &#8211; Del Castilho, Rio de Janeiro \u2013 RJ.<\/p>\n\n\n\n<p>Dia 01\/07\/2022 &#8211; Hor\u00e1rio de 10h \u00e0s 17h.<br>Dia 02\/07\/2022 &#8211; Hor\u00e1rio de 10h \u00e0s 17h.<br>Dia 03\/07\/2022 &#8211; Hor\u00e1rio de 13h \u00e0s 20h.<br>Dia 04\/07\/2022 &#8211; Hor\u00e1rio de 10h \u00e0s 20h.<br>Dia 05\/07\/2022 &#8211; Hor\u00e1rio de 10h \u00e0s 20h.<br>Dia 06\/07\/2022- Hor\u00e1rio de 10h \u00e0s 17h.<\/p>\n\n\n\n<p><strong>Espa\u00e7o Rubro-Negro (Shopping Nova Am\u00e9rica 2)<\/strong><\/p>\n\n\n\n<p>Av. Pastor Martin Luther King Jr., n\u00ba126, 1\u00bapiso n\u00ba402 &#8211; Del Castilho, Rio de Janeiro \u2013 RJ.<\/p>\n\n\n\n<p>Dia 01\/07\/2022 &#8211; Hor\u00e1rio de 10h \u00e0s 17h.<br>Dia 02\/07\/2022 &#8211; Hor\u00e1rio de 10h \u00e0s 17h.<br>Dia 03\/07\/2022 &#8211; Hor\u00e1rio de 13h \u00e0s 20h.<br>Dia 04\/07\/2022 &#8211; Hor\u00e1rio de 10h \u00e0s 20h.<br>Dia 05\/07\/2022 &#8211; Hor\u00e1rio de 10h \u00e0s 20h.<br>Dia 06\/07\/2022- Hor\u00e1rio de 10h \u00e0s 17h.<\/p>\n\n\n\n<p><strong>Espa\u00e7o Rubro-Negro (Norte Shopping 2)<\/strong><\/p>\n\n\n\n<p>Av. Dom Helder C\u00e2mara, n\u00ba5474 Loja 713, 1\u00b0piso Rio de Janeiro \u2013 RJ.<\/p>\n\n\n\n<p>Dia 01\/07\/2022 &#8211; Hor\u00e1rio de 10h \u00e0s 17h.<br>Dia 02\/07\/2022 &#8211; Hor\u00e1rio de 10h \u00e0s 17h.<br>Dia 03\/07\/2022 &#8211; Hor\u00e1rio de 13h \u00e0s 20h.<br>Dia 04\/07\/2022 &#8211; Hor\u00e1rio de 10h \u00e0s 20h.<br>Dia 05\/07\/2022 &#8211; Hor\u00e1rio de 10h \u00e0s 20h.<br>Dia 06\/07\/2022- Hor\u00e1rio de 10h \u00e0s 17h.<\/p>\n\n\n\n<p><strong>Espa\u00e7o Rubro-Negro Madureira (Shopping Madureira)<\/strong><\/p>\n\n\n\n<p>Estrada do Portela, n\u00ba222, 3\u00ba piso \u2013 Madureira, Rio de Janeiro &#8211; RJ.<\/p>\n\n\n\n<p>Dia 01\/07\/2022 &#8211; Hor\u00e1rio de 10h \u00e0s 17h.<br>Dia 02\/07\/2022 &#8211; Hor\u00e1rio de 10h \u00e0s 17h.<br>Dia 03\/07\/2022 &#8211; Hor\u00e1rio de 15h \u00e0s 20h.<br>Dia 04\/07\/2022 &#8211; Hor\u00e1rio de 10h \u00e0s 20h.<br>Dia 05\/07\/2022 &#8211; Hor\u00e1rio de 10h \u00e0s 20h.<br>Dia 06\/07\/2022- Hor\u00e1rio de 10h \u00e0s 17h.<\/p>\n\n\n\n<p><strong>Loja Na\u00e7\u00e3o Rubro-Negra (Park Jacarepagu\u00e1)<\/strong><\/p>\n\n\n\n<p>Estrada de Jacarepagu\u00e1, n\u00ba6069, Loja 120 A\/B \u2013 Anil, Rio de Janeiro &#8211; RJ.<\/p>\n\n\n\n<p>Dia 01\/07\/2022 &#8211; Hor\u00e1rio de 10h \u00e0s 17h.<br>Dia 02\/07\/2022 &#8211; Hor\u00e1rio de 10h \u00e0s 17h.<br>Dia 03\/07\/2022 &#8211; Hor\u00e1rio de 13h \u00e0s 20h.<br>Dia 04\/07\/2022 &#8211; Hor\u00e1rio de 10h \u00e0s 20h.<br>Dia 05\/07\/2022 &#8211; Hor\u00e1rio de 10h \u00e0s 20h.<br>Dia 06\/07\/2022- Hor\u00e1rio de 10h \u00e0s 17h.<\/p>\n\n\n\n<p><strong>Espa\u00e7o Rubro-Negro (Via Brasil)<\/strong><\/p>\n\n\n\n<p>Rua Itapera, 500, Loja 329, Iraj\u00e1, Rio de Janeiro &#8211; RJ.<\/p>\n\n\n\n<p>Dia 01\/07\/2022 &#8211; Hor\u00e1rio de 10h \u00e0s 17h.<br>Dia 02\/07\/2022 &#8211; Hor\u00e1rio de 10h \u00e0s 17h.<br>Dia 03\/07\/2022 &#8211; Hor\u00e1rio de 13h \u00e0s 20h.<br>Dia 04\/07\/2022 &#8211; Hor\u00e1rio de 10h \u00e0s 20h.<br>Dia 05\/07\/2022 &#8211; Hor\u00e1rio de 10h \u00e0s 20h.<br>Dia 06\/07\/2022- Hor\u00e1rio de 10h \u00e0s 17h.<\/p>\n\n\n\n<p><strong>Espa\u00e7o Rubro-Negro (Ilha Plaza Shopping)<\/strong><\/p>\n\n\n\n<p>Av. Maestro Paulo e Silva, 400 &#8211; Jardim Carioca, Rio de Janeiro &#8211; RJ.<\/p>\n\n\n\n<p>Dia 01\/07\/2022 &#8211; Hor\u00e1rio de 10h \u00e0s 17h.<br>Dia 02\/07\/2022 &#8211; Hor\u00e1rio de 10h \u00e0s 17h.<br>Dia 03\/07\/2022 &#8211; Hor\u00e1rio de 13h \u00e0s 20h.<br>Dia 04\/07\/2022 &#8211; Hor\u00e1rio de 10h \u00e0s 20h.<br>Dia 05\/07\/2022 &#8211; Hor\u00e1rio de 10h \u00e0s 20h.<br>Dia 06\/07\/2022- Hor\u00e1rio de 10h \u00e0s 17h.<\/p>\n\n\n\n<p><strong>Espa\u00e7o Rubro-Negro (Shopping Plaza Niter\u00f3i)<\/strong><\/p>\n\n\n\n<p>Rua Quinze de Novembro, n\u00ba8, Niter\u00f3i \u2013 RJ.<\/p>\n\n\n\n<p>Dia 01\/07\/2022 &#8211; Hor\u00e1rio de 10h \u00e0s 17h.<br>Dia 02\/07\/2022 &#8211; Hor\u00e1rio de 10h \u00e0s 17h.<br>Dia 03\/07\/2022 &#8211; Hor\u00e1rio de 13h \u00e0s 20h.<br>Dia 04\/07\/2022 &#8211; Hor\u00e1rio de 10h \u00e0s 20h.<br>Dia 05\/07\/2022 &#8211; Hor\u00e1rio de 10h \u00e0s 20h.<br>Dia 06\/07\/2022- Hor\u00e1rio de 10h \u00e0s 17h.<\/p>\n\n\n\n<p><strong>Espa\u00e7o Rubro-Negro (Partage Shopping S\u00e3o Gon\u00e7alo)<\/strong><\/p>\n\n\n\n<p>Avenida Presidente Kennedy, 425 &#8211; Sal\u00e3o Comercial 340, 3\u00b0 piso\/L3 &#8211; Centro &#8211; S\u00e3o Gon\u00e7alo &#8211; RJ.<\/p>\n\n\n\n<p>Dia 01\/07\/2022 &#8211; Hor\u00e1rio de 10h \u00e0s 17h.<br>Dia 02\/07\/2022 &#8211; Hor\u00e1rio de 10h \u00e0s 17h.<br>Dia 03\/07\/2022 &#8211; Hor\u00e1rio de 13h \u00e0s 20h.<br>Dia 04\/07\/2022 &#8211; Hor\u00e1rio de 10h \u00e0s 20h.<br>Dia 05\/07\/2022 &#8211; Hor\u00e1rio de 10h \u00e0s 20h.<br>Dia 06\/07\/2022- Hor\u00e1rio de 10h \u00e0s 17h.<\/p>\n\n\n\n<p><strong>Espa\u00e7o Rubro-Negro (Shopping Grande Rio)<\/strong><\/p>\n\n\n\n<p>Rua Maria Soares Sendas, n\u00b0111 LOJA: 303, Parque Barreto, S\u00e3o Jo\u00e3o de Meriti &#8211; RJ.<\/p>\n\n\n\n<p>Dia 01\/07\/2022 &#8211; Hor\u00e1rio de 10h \u00e0s 17h.<br>Dia 02\/07\/2022 &#8211; Hor\u00e1rio de 10h \u00e0s 17h.<br>Dia 03\/07\/2022 &#8211; Hor\u00e1rio de 13h \u00e0s 20h.<br>Dia 04\/07\/2022 &#8211; Hor\u00e1rio de 10h \u00e0s 20h.<br>Dia 05\/07\/2022 &#8211; Hor\u00e1rio de 10h \u00e0s 20h.<br>Dia 06\/07\/2022- Hor\u00e1rio de 10h \u00e0s 17h.<\/p>\n\n\n\n<p><strong>Espa\u00e7o Rubro-Negro (Shopping Unigranrio)<\/strong><\/p>\n\n\n\n<p>Rua Professor Jos\u00e9 de Souza Herdy, 1216 BOX 101 1 PAV &#8211; Duque de Caxias \u2013 RJ<\/p>\n\n\n\n<p>Dia 01\/07\/2022 &#8211; Hor\u00e1rio de 10h \u00e0s 17h.<br>Dia 02\/07\/2022 &#8211; Hor\u00e1rio de 10h \u00e0s 17h.<br>Dia 03\/07\/2022 &#8211; Hor\u00e1rio de 13h \u00e0s 20h.<br>Dia 04\/07\/2022 &#8211; Hor\u00e1rio de 10h \u00e0s 20h.<br>Dia 05\/07\/2022 &#8211; Hor\u00e1rio de 10h \u00e0s 20h.<br>Dia 06\/07\/2022- Hor\u00e1rio de 10h \u00e0s 17h.<\/p>\n\n\n\n<p><strong>Espa\u00e7o Rubro-Negro (Bangu Shopping)<\/strong><\/p>\n\n\n\n<p>Rua Fonseca, n\u00b0240, LOJA 102 B PISO I &#8211; Bangu, Rio de Janeiro \u2013 RJ<\/p>\n\n\n\n<p>Dia 01\/07\/2022 &#8211; Hor\u00e1rio de 10h \u00e0s 17h.<br>Dia 02\/07\/2022 &#8211; Hor\u00e1rio de 10h \u00e0s 17h.<br>Dia 03\/07\/2022 &#8211; Hor\u00e1rio de 13h \u00e0s 20h.<br>Dia 04\/07\/2022 &#8211; Hor\u00e1rio de 10h \u00e0s 20h.<br>Dia 05\/07\/2022 &#8211; Hor\u00e1rio de 10h \u00e0s 20h.<br>Dia 06\/07\/2022- Hor\u00e1rio de 10h \u00e0s 17h.<\/p>\n\n\n\n<p><strong>Espa\u00e7o Rubro-Negro Campo Grande (ParkShopping)<\/strong><\/p>\n\n\n\n<p>Estrada do Monteiro, n\u00b01200, Campo Grande, Rio de Janeiro &#8211; RJ.<\/p>\n\n\n\n<p>Dia 01\/07\/2022 &#8211; Hor\u00e1rio de 10h \u00e0s 17h.<br>Dia 02\/07\/2022 &#8211; Hor\u00e1rio de 10h \u00e0s 17h.<br>Dia 03\/07\/2022 &#8211; Hor\u00e1rio de 13h \u00e0s 20h.<br>Dia 04\/07\/2022 &#8211; Hor\u00e1rio de 10h \u00e0s 20h.<br>Dia 05\/07\/2022 &#8211; Hor\u00e1rio de 10h \u00e0s 20h.<br>Dia 06\/07\/2022- Hor\u00e1rio de 10h \u00e0s 17h.<\/p>\n\n\n\n<p><strong>Espa\u00e7o Rubro-Negro (Shopping Nova Igua\u00e7u)<\/strong><\/p>\n\n\n\n<p>Av. Ab\u00edlio Augusto T\u00e1vora, n\u00b01111, Luz, Nova Igua\u00e7u \u2013 RJ<\/p>\n\n\n\n<p>Dia 01\/07\/2022 &#8211; Hor\u00e1rio de 10h \u00e0s 17h.<br>Dia 02\/07\/2022 &#8211; Hor\u00e1rio de 10h \u00e0s 17h.<br>Dia 03\/07\/2022 &#8211; Hor\u00e1rio de 13h \u00e0s 20h.<br>Dia 04\/07\/2022 &#8211; Hor\u00e1rio de 10h \u00e0s 20h.<br>Dia 05\/07\/2022 &#8211; Hor\u00e1rio de 10h \u00e0s 20h.<br>Dia 06\/07\/2022- Hor\u00e1rio de 10h \u00e0s 17h.<\/p>\n\n\n\n<p><em>*Fique atento, pois altera\u00e7\u00f5es podem ocorrer de acordo com a organiza\u00e7\u00e3o do evento e das autoridades competentes.<\/em><\/p>\n\n\n\n<p>Adaptado de: Globo Esporte<\/p>\n","protected":false},"excerpt":{"rendered":"<p>Ap\u00f3s o importante passo dado na \u00faltima semana, em Ibagu\u00e9, com vit\u00f3ria por 1 a 0 sobre o Tolima, o Flamengo reencontro os colombianos na partida de volta pelas oitavas de final da Libertadores na pr\u00f3xima quarta-feira, \u00e0s 21h30 (de Bras\u00edlia), no Maracan\u00e3. At\u00e9 o momento foram vendidos 41 mil ingressos. Os valor dos bilhetes [&hellip;]<\/p>\n","protected":false},"author":1,"featured_media":78690,"comment_status":"open","ping_status":"closed","sticky":false,"template":"","format":"standard","meta":{"footnotes":""},"categories":[1],"tags":[],"class_list":["post-84221","post","type-post","status-publish","format-standard","has-post-thumbnail","hentry","category-flamengo"],"yoast_head":"<!-- This site is optimized with the Yoast SEO Premium plugin v24.2 (Yoast SEO v26.9) - https:\/\/yoast.com\/product\/yoast-seo-premium-wordpress\/ -->\n<title>Flamengo x Tolima: Veja quantos ingressos j\u00e1 foram vendidos<\/title>\n<meta name=\"robots\" content=\"index, follow, max-snippet:-1, max-image-preview:large, max-video-preview:-1\" \/>\n<link rel=\"canonical\" href=\"https:\/\/www.gaveanews.com\/index.php\/2022\/07\/04\/flamengo-x-tolima-veja-quantos-ingressos-ja-foram-vendidos\/\" \/>\n<meta property=\"og:locale\" content=\"pt_BR\" \/>\n<meta property=\"og:type\" content=\"article\" \/>\n<meta property=\"og:title\" content=\"Flamengo x Tolima: Veja quantos ingressos j\u00e1 foram vendidos\" \/>\n<meta property=\"og:description\" content=\"Ap\u00f3s o importante passo dado na \u00faltima semana, em Ibagu\u00e9, com vit\u00f3ria por 1 a 0 sobre o Tolima, o Flamengo reencontro os colombianos na partida de volta pelas oitavas de final da Libertadores na pr\u00f3xima quarta-feira, \u00e0s 21h30 (de Bras\u00edlia), no Maracan\u00e3. At\u00e9 o momento foram vendidos 41 mil ingressos. Os valor dos bilhetes [&hellip;]\" \/>\n<meta property=\"og:url\" content=\"https:\/\/www.gaveanews.com\/index.php\/2022\/07\/04\/flamengo-x-tolima-veja-quantos-ingressos-ja-foram-vendidos\/\" \/>\n<meta property=\"og:site_name\" content=\"G\u00e1vea News\" \/>\n<meta property=\"article:publisher\" content=\"https:\/\/facebook.com\/gaveaNews\/\" \/>\n<meta property=\"article:published_time\" content=\"2022-07-04T14:31:35+00:00\" \/>\n<meta property=\"article:modified_time\" content=\"2022-07-04T14:31:37+00:00\" \/>\n<meta property=\"og:image\" content=\"https:\/\/www.gaveanews.com\/wp-content\/uploads\/Torcida-do-Flamengo-comparece-ao-classico-contra-o-Vasco-pelas-semifinais-do-Campeonato-Carioca.webp\" \/>\n\t<meta property=\"og:image:width\" content=\"800\" \/>\n\t<meta property=\"og:image:height\" content=\"532\" \/>\n\t<meta property=\"og:image:type\" content=\"image\/jpeg\" \/>\n<meta name=\"author\" content=\"Equipe G\u00e1vea News\" \/>\n<meta name=\"twitter:card\" content=\"summary_large_image\" \/>\n<meta name=\"twitter:label1\" content=\"Escrito por\" \/>\n\t<meta name=\"twitter:data1\" content=\"Equipe G\u00e1vea News\" \/>\n\t<meta name=\"twitter:label2\" content=\"Est. tempo de leitura\" \/>\n\t<meta name=\"twitter:data2\" content=\"8 minutos\" \/>\n<script type=\"application\/ld+json\" class=\"yoast-schema-graph\">{\"@context\":\"https:\/\/schema.org\",\"@graph\":[{\"@type\":\"NewsArticle\",\"@id\":\"https:\/\/www.gaveanews.com\/index.php\/2022\/07\/04\/flamengo-x-tolima-veja-quantos-ingressos-ja-foram-vendidos\/#article\",\"isPartOf\":{\"@id\":\"https:\/\/www.gaveanews.com\/index.php\/2022\/07\/04\/flamengo-x-tolima-veja-quantos-ingressos-ja-foram-vendidos\/\"},\"author\":{\"name\":\"Equipe G\u00e1vea News\",\"@id\":\"https:\/\/www.gaveanews.com\/#\/schema\/person\/2ec14f73fb96be2caf28f91afb14749d\"},\"headline\":\"Flamengo x Tolima: Veja quantos ingressos j\u00e1 foram vendidos\",\"datePublished\":\"2022-07-04T14:31:35+00:00\",\"dateModified\":\"2022-07-04T14:31:37+00:00\",\"mainEntityOfPage\":{\"@id\":\"https:\/\/www.gaveanews.com\/index.php\/2022\/07\/04\/flamengo-x-tolima-veja-quantos-ingressos-ja-foram-vendidos\/\"},\"wordCount\":1571,\"commentCount\":0,\"image\":{\"@id\":\"https:\/\/www.gaveanews.com\/index.php\/2022\/07\/04\/flamengo-x-tolima-veja-quantos-ingressos-ja-foram-vendidos\/#primaryimage\"},\"thumbnailUrl\":\"https:\/\/www.gaveanews.com\/wp-content\/uploads\/Torcida-do-Flamengo-comparece-ao-classico-contra-o-Vasco-pelas-semifinais-do-Campeonato-Carioca.webp\",\"articleSection\":[\"Flamengo\"],\"inLanguage\":\"pt-BR\",\"potentialAction\":[{\"@type\":\"CommentAction\",\"name\":\"Comment\",\"target\":[\"https:\/\/www.gaveanews.com\/index.php\/2022\/07\/04\/flamengo-x-tolima-veja-quantos-ingressos-ja-foram-vendidos\/#respond\"]}],\"copyrightYear\":\"2022\",\"copyrightHolder\":{\"@id\":\"https:\/\/www.gaveanews.com\/#organization\"}},{\"@type\":\"WebPage\",\"@id\":\"https:\/\/www.gaveanews.com\/index.php\/2022\/07\/04\/flamengo-x-tolima-veja-quantos-ingressos-ja-foram-vendidos\/\",\"url\":\"https:\/\/www.gaveanews.com\/index.php\/2022\/07\/04\/flamengo-x-tolima-veja-quantos-ingressos-ja-foram-vendidos\/\",\"name\":\"Flamengo x Tolima: Veja quantos ingressos j\u00e1 foram vendidos\",\"isPartOf\":{\"@id\":\"https:\/\/www.gaveanews.com\/#website\"},\"primaryImageOfPage\":{\"@id\":\"https:\/\/www.gaveanews.com\/index.php\/2022\/07\/04\/flamengo-x-tolima-veja-quantos-ingressos-ja-foram-vendidos\/#primaryimage\"},\"image\":{\"@id\":\"https:\/\/www.gaveanews.com\/index.php\/2022\/07\/04\/flamengo-x-tolima-veja-quantos-ingressos-ja-foram-vendidos\/#primaryimage\"},\"thumbnailUrl\":\"https:\/\/www.gaveanews.com\/wp-content\/uploads\/Torcida-do-Flamengo-comparece-ao-classico-contra-o-Vasco-pelas-semifinais-do-Campeonato-Carioca.webp\",\"datePublished\":\"2022-07-04T14:31:35+00:00\",\"dateModified\":\"2022-07-04T14:31:37+00:00\",\"author\":{\"@id\":\"https:\/\/www.gaveanews.com\/#\/schema\/person\/2ec14f73fb96be2caf28f91afb14749d\"},\"breadcrumb\":{\"@id\":\"https:\/\/www.gaveanews.com\/index.php\/2022\/07\/04\/flamengo-x-tolima-veja-quantos-ingressos-ja-foram-vendidos\/#breadcrumb\"},\"inLanguage\":\"pt-BR\",\"potentialAction\":[{\"@type\":\"ReadAction\",\"target\":[\"https:\/\/www.gaveanews.com\/index.php\/2022\/07\/04\/flamengo-x-tolima-veja-quantos-ingressos-ja-foram-vendidos\/\"]}]},{\"@type\":\"ImageObject\",\"inLanguage\":\"pt-BR\",\"@id\":\"https:\/\/www.gaveanews.com\/index.php\/2022\/07\/04\/flamengo-x-tolima-veja-quantos-ingressos-ja-foram-vendidos\/#primaryimage\",\"url\":\"https:\/\/www.gaveanews.com\/wp-content\/uploads\/Torcida-do-Flamengo-comparece-ao-classico-contra-o-Vasco-pelas-semifinais-do-Campeonato-Carioca.webp\",\"contentUrl\":\"https:\/\/www.gaveanews.com\/wp-content\/uploads\/Torcida-do-Flamengo-comparece-ao-classico-contra-o-Vasco-pelas-semifinais-do-Campeonato-Carioca.webp\",\"width\":800,\"height\":532,\"caption\":\"Torcida do Flamengo comparece ao cl\u00e1ssico contra o Vasco pelas semifinais do Campeonato Carioca (Foto: Paula Reis\/Flamengo)\"},{\"@type\":\"BreadcrumbList\",\"@id\":\"https:\/\/www.gaveanews.com\/index.php\/2022\/07\/04\/flamengo-x-tolima-veja-quantos-ingressos-ja-foram-vendidos\/#breadcrumb\",\"itemListElement\":[{\"@type\":\"ListItem\",\"position\":1,\"name\":\"Home\",\"item\":\"https:\/\/www.gaveanews.com\/\"},{\"@type\":\"ListItem\",\"position\":2,\"name\":\"Flamengo x Tolima: Veja quantos ingressos j\u00e1 foram vendidos\"}]},{\"@type\":\"WebSite\",\"@id\":\"https:\/\/www.gaveanews.com\/#website\",\"url\":\"https:\/\/www.gaveanews.com\/\",\"name\":\"G\u00e1vea News\",\"description\":\"Veja todas as not\u00edcias sobre o Flamengo: Contrata\u00e7\u00f5es, categorias de base, resultados das partidas, tabela de classifica\u00e7\u00e3o, pr\u00f3ximos jogos!\",\"potentialAction\":[{\"@type\":\"SearchAction\",\"target\":{\"@type\":\"EntryPoint\",\"urlTemplate\":\"https:\/\/www.gaveanews.com\/?s={search_term_string}\"},\"query-input\":{\"@type\":\"PropertyValueSpecification\",\"valueRequired\":true,\"valueName\":\"search_term_string\"}}],\"inLanguage\":\"pt-BR\"},{\"@type\":\"Person\",\"@id\":\"https:\/\/www.gaveanews.com\/#\/schema\/person\/2ec14f73fb96be2caf28f91afb14749d\",\"name\":\"Equipe G\u00e1vea News\",\"image\":{\"@type\":\"ImageObject\",\"inLanguage\":\"pt-BR\",\"@id\":\"https:\/\/www.gaveanews.com\/#\/schema\/person\/image\/\",\"url\":\"https:\/\/secure.gravatar.com\/avatar\/1e1956f1facbffd3f8fa53a326721950116b3b9dc9bd44939c01180fd4a745a9?s=96&d=mm&r=g\",\"contentUrl\":\"https:\/\/secure.gravatar.com\/avatar\/1e1956f1facbffd3f8fa53a326721950116b3b9dc9bd44939c01180fd4a745a9?s=96&d=mm&r=g\",\"caption\":\"Equipe G\u00e1vea News\"}}]}<\/script>\n<!-- \/ Yoast SEO Premium plugin. -->","yoast_head_json":{"title":"Flamengo x Tolima: Veja quantos ingressos j\u00e1 foram vendidos","robots":{"index":"index","follow":"follow","max-snippet":"max-snippet:-1","max-image-preview":"max-image-preview:large","max-video-preview":"max-video-preview:-1"},"canonical":"https:\/\/www.gaveanews.com\/index.php\/2022\/07\/04\/flamengo-x-tolima-veja-quantos-ingressos-ja-foram-vendidos\/","og_locale":"pt_BR","og_type":"article","og_title":"Flamengo x Tolima: Veja quantos ingressos j\u00e1 foram vendidos","og_description":"Ap\u00f3s o importante passo dado na \u00faltima semana, em Ibagu\u00e9, com vit\u00f3ria por 1 a 0 sobre o Tolima, o Flamengo reencontro os colombianos na partida de volta pelas oitavas de final da Libertadores na pr\u00f3xima quarta-feira, \u00e0s 21h30 (de Bras\u00edlia), no Maracan\u00e3. At\u00e9 o momento foram vendidos 41 mil ingressos. Os valor dos bilhetes [&hellip;]","og_url":"https:\/\/www.gaveanews.com\/index.php\/2022\/07\/04\/flamengo-x-tolima-veja-quantos-ingressos-ja-foram-vendidos\/","og_site_name":"G\u00e1vea News","article_publisher":"https:\/\/facebook.com\/gaveaNews\/","article_published_time":"2022-07-04T14:31:35+00:00","article_modified_time":"2022-07-04T14:31:37+00:00","og_image":[{"width":800,"height":532,"url":"https:\/\/www.gaveanews.com\/wp-content\/uploads\/Torcida-do-Flamengo-comparece-ao-classico-contra-o-Vasco-pelas-semifinais-do-Campeonato-Carioca.webp","type":"image\/jpeg"}],"author":"Equipe G\u00e1vea News","twitter_card":"summary_large_image","twitter_misc":{"Escrito por":"Equipe G\u00e1vea News","Est. tempo de leitura":"8 minutos"},"schema":{"@context":"https:\/\/schema.org","@graph":[{"@type":"NewsArticle","@id":"https:\/\/www.gaveanews.com\/index.php\/2022\/07\/04\/flamengo-x-tolima-veja-quantos-ingressos-ja-foram-vendidos\/#article","isPartOf":{"@id":"https:\/\/www.gaveanews.com\/index.php\/2022\/07\/04\/flamengo-x-tolima-veja-quantos-ingressos-ja-foram-vendidos\/"},"author":{"name":"Equipe G\u00e1vea News","@id":"https:\/\/www.gaveanews.com\/#\/schema\/person\/2ec14f73fb96be2caf28f91afb14749d"},"headline":"Flamengo x Tolima: Veja quantos ingressos j\u00e1 foram vendidos","datePublished":"2022-07-04T14:31:35+00:00","dateModified":"2022-07-04T14:31:37+00:00","mainEntityOfPage":{"@id":"https:\/\/www.gaveanews.com\/index.php\/2022\/07\/04\/flamengo-x-tolima-veja-quantos-ingressos-ja-foram-vendidos\/"},"wordCount":1571,"commentCount":0,"image":{"@id":"https:\/\/www.gaveanews.com\/index.php\/2022\/07\/04\/flamengo-x-tolima-veja-quantos-ingressos-ja-foram-vendidos\/#primaryimage"},"thumbnailUrl":"https:\/\/www.gaveanews.com\/wp-content\/uploads\/Torcida-do-Flamengo-comparece-ao-classico-contra-o-Vasco-pelas-semifinais-do-Campeonato-Carioca.webp","articleSection":["Flamengo"],"inLanguage":"pt-BR","potentialAction":[{"@type":"CommentAction","name":"Comment","target":["https:\/\/www.gaveanews.com\/index.php\/2022\/07\/04\/flamengo-x-tolima-veja-quantos-ingressos-ja-foram-vendidos\/#respond"]}],"copyrightYear":"2022","copyrightHolder":{"@id":"https:\/\/www.gaveanews.com\/#organization"}},{"@type":"WebPage","@id":"https:\/\/www.gaveanews.com\/index.php\/2022\/07\/04\/flamengo-x-tolima-veja-quantos-ingressos-ja-foram-vendidos\/","url":"https:\/\/www.gaveanews.com\/index.php\/2022\/07\/04\/flamengo-x-tolima-veja-quantos-ingressos-ja-foram-vendidos\/","name":"Flamengo x Tolima: Veja quantos ingressos j\u00e1 foram vendidos","isPartOf":{"@id":"https:\/\/www.gaveanews.com\/#website"},"primaryImageOfPage":{"@id":"https:\/\/www.gaveanews.com\/index.php\/2022\/07\/04\/flamengo-x-tolima-veja-quantos-ingressos-ja-foram-vendidos\/#primaryimage"},"image":{"@id":"https:\/\/www.gaveanews.com\/index.php\/2022\/07\/04\/flamengo-x-tolima-veja-quantos-ingressos-ja-foram-vendidos\/#primaryimage"},"thumbnailUrl":"https:\/\/www.gaveanews.com\/wp-content\/uploads\/Torcida-do-Flamengo-comparece-ao-classico-contra-o-Vasco-pelas-semifinais-do-Campeonato-Carioca.webp","datePublished":"2022-07-04T14:31:35+00:00","dateModified":"2022-07-04T14:31:37+00:00","author":{"@id":"https:\/\/www.gaveanews.com\/#\/schema\/person\/2ec14f73fb96be2caf28f91afb14749d"},"breadcrumb":{"@id":"https:\/\/www.gaveanews.com\/index.php\/2022\/07\/04\/flamengo-x-tolima-veja-quantos-ingressos-ja-foram-vendidos\/#breadcrumb"},"inLanguage":"pt-BR","potentialAction":[{"@type":"ReadAction","target":["https:\/\/www.gaveanews.com\/index.php\/2022\/07\/04\/flamengo-x-tolima-veja-quantos-ingressos-ja-foram-vendidos\/"]}]},{"@type":"ImageObject","inLanguage":"pt-BR","@id":"https:\/\/www.gaveanews.com\/index.php\/2022\/07\/04\/flamengo-x-tolima-veja-quantos-ingressos-ja-foram-vendidos\/#primaryimage","url":"https:\/\/www.gaveanews.com\/wp-content\/uploads\/Torcida-do-Flamengo-comparece-ao-classico-contra-o-Vasco-pelas-semifinais-do-Campeonato-Carioca.webp","contentUrl":"https:\/\/www.gaveanews.com\/wp-content\/uploads\/Torcida-do-Flamengo-comparece-ao-classico-contra-o-Vasco-pelas-semifinais-do-Campeonato-Carioca.webp","width":800,"height":532,"caption":"Torcida do Flamengo comparece ao cl\u00e1ssico contra o Vasco pelas semifinais do Campeonato Carioca (Foto: Paula Reis\/Flamengo)"},{"@type":"BreadcrumbList","@id":"https:\/\/www.gaveanews.com\/index.php\/2022\/07\/04\/flamengo-x-tolima-veja-quantos-ingressos-ja-foram-vendidos\/#breadcrumb","itemListElement":[{"@type":"ListItem","position":1,"name":"Home","item":"https:\/\/www.gaveanews.com\/"},{"@type":"ListItem","position":2,"name":"Flamengo x Tolima: Veja quantos ingressos j\u00e1 foram vendidos"}]},{"@type":"WebSite","@id":"https:\/\/www.gaveanews.com\/#website","url":"https:\/\/www.gaveanews.com\/","name":"G\u00e1vea News","description":"Veja todas as not\u00edcias sobre o Flamengo: Contrata\u00e7\u00f5es, categorias de base, resultados das partidas, tabela de classifica\u00e7\u00e3o, pr\u00f3ximos jogos!","potentialAction":[{"@type":"SearchAction","target":{"@type":"EntryPoint","urlTemplate":"https:\/\/www.gaveanews.com\/?s={search_term_string}"},"query-input":{"@type":"PropertyValueSpecification","valueRequired":true,"valueName":"search_term_string"}}],"inLanguage":"pt-BR"},{"@type":"Person","@id":"https:\/\/www.gaveanews.com\/#\/schema\/person\/2ec14f73fb96be2caf28f91afb14749d","name":"Equipe G\u00e1vea News","image":{"@type":"ImageObject","inLanguage":"pt-BR","@id":"https:\/\/www.gaveanews.com\/#\/schema\/person\/image\/","url":"https:\/\/secure.gravatar.com\/avatar\/1e1956f1facbffd3f8fa53a326721950116b3b9dc9bd44939c01180fd4a745a9?s=96&d=mm&r=g","contentUrl":"https:\/\/secure.gravatar.com\/avatar\/1e1956f1facbffd3f8fa53a326721950116b3b9dc9bd44939c01180fd4a745a9?s=96&d=mm&r=g","caption":"Equipe G\u00e1vea News"}}]}},"_links":{"self":[{"href":"https:\/\/www.gaveanews.com\/index.php\/wp-json\/wp\/v2\/posts\/84221","targetHints":{"allow":["GET"]}}],"collection":[{"href":"https:\/\/www.gaveanews.com\/index.php\/wp-json\/wp\/v2\/posts"}],"about":[{"href":"https:\/\/www.gaveanews.com\/index.php\/wp-json\/wp\/v2\/types\/post"}],"author":[{"embeddable":true,"href":"https:\/\/www.gaveanews.com\/index.php\/wp-json\/wp\/v2\/users\/1"}],"replies":[{"embeddable":true,"href":"https:\/\/www.gaveanews.com\/index.php\/wp-json\/wp\/v2\/comments?post=84221"}],"version-history":[{"count":0,"href":"https:\/\/www.gaveanews.com\/index.php\/wp-json\/wp\/v2\/posts\/84221\/revisions"}],"wp:featuredmedia":[{"embeddable":true,"href":"https:\/\/www.gaveanews.com\/index.php\/wp-json\/wp\/v2\/media\/78690"}],"wp:attachment":[{"href":"https:\/\/www.gaveanews.com\/index.php\/wp-json\/wp\/v2\/media?parent=84221"}],"wp:term":[{"taxonomy":"category","embeddable":true,"href":"https:\/\/www.gaveanews.com\/index.php\/wp-json\/wp\/v2\/categories?post=84221"},{"taxonomy":"post_tag","embeddable":true,"href":"https:\/\/www.gaveanews.com\/index.php\/wp-json\/wp\/v2\/tags?post=84221"}],"curies":[{"name":"wp","href":"https:\/\/api.w.org\/{rel}","templated":true}]}}