{"id":84223,"date":"2022-07-04T12:49:36","date_gmt":"2022-07-04T15:49:36","guid":{"rendered":"https:\/\/www.gaveanews.com\/?p=84223"},"modified":"2022-07-04T12:49:38","modified_gmt":"2022-07-04T15:49:38","slug":"flamengo-tem-projeto-a-longo-prazo-para-retorno-de-andreas-pereira-entenda","status":"publish","type":"post","link":"https:\/\/www.gaveanews.com\/index.php\/2022\/07\/04\/flamengo-tem-projeto-a-longo-prazo-para-retorno-de-andreas-pereira-entenda\/","title":{"rendered":"Flamengo tem projeto a longo prazo para retorno de Andreas Pereira; entenda"},"content":{"rendered":"\n<p>A despedida de Andreas do elenco do Flamengo foi bastante melanc\u00f3lica. Ap\u00f3s meses de indecis\u00e3o de parte dos dirigentes do clube, o volante precisou deixar a equipe da G\u00e1vea e retornar ao Manchester United.<\/p>\n\n\n\n<p>Contudo, embora a compra n\u00e3o tenha acontecido desta vez, o Mais Querido n\u00e3o desistiu de ter o atleta permanentemente. Mas o novo projeto pela compra ser\u00e1 um pouco mais demorado.<\/p>\n\n\n\n<p>De acordo com o jornalista Pablo Raphael, o Flamengo pretende esperar at\u00e9 o final deste ano e assinar um pr\u00e9-contrato com o jogador em janeiro de 2023. Vale ressaltar que a transa\u00e7\u00e3o ser\u00e1 poss\u00edvel pois o atleta tem contrato com o time ingl\u00eas apenas at\u00e9 junho do ano que vem.<\/p>\n\n\n\n<p>Com isso, o Mais Querido deixa expresso que deseja contar com Andreas para a renova\u00e7\u00e3o do atual elenco. Na fun\u00e7\u00e3o exercida pelo belga-brasileiro, o Flamengo conta com dois nomes que dever\u00e3o deixar o time.<\/p>\n\n\n\n<p>Diego Ribas tem contrato com o clube somente at\u00e9 o final deste ano e n\u00e3o ter\u00e1 v\u00ednculo renovado. Willian Ar\u00e3o, por sua vez, entrou na lista de &#8220;negoci\u00e1veis&#8221; e deve deixar o clube quando chegar uma proposta interessante a ambas as partes.<\/p>\n\n\n\n<p>Por ora, o Fla acertou com Arturo Vidal para refor\u00e7ar o setor. O contrato que ser\u00e1 assinado pelo chileno ter\u00e1 um ano e meio de dura\u00e7\u00e3o, terminando em dezembro de 2023. Contudo, caso mostre boas condi\u00e7\u00f5es, o atleta poder\u00e1 ter v\u00ednculo renovado com o Mais Querido.<\/p>\n","protected":false},"excerpt":{"rendered":"<p>A despedida de Andreas do elenco do Flamengo foi bastante melanc\u00f3lica. Ap\u00f3s meses de indecis\u00e3o de parte dos dirigentes do clube, o volante precisou deixar a equipe da G\u00e1vea e retornar ao Manchester United. Contudo, embora a compra n\u00e3o tenha acontecido desta vez, o Mais Querido n\u00e3o desistiu de ter o atleta permanentemente. Mas o [&hellip;]<\/p>\n","protected":false},"author":4,"featured_media":82324,"comment_status":"open","ping_status":"closed","sticky":false,"template":"","format":"standard","meta":{"footnotes":""},"categories":[1],"tags":[],"class_list":["post-84223","post","type-post","status-publish","format-standard","has-post-thumbnail","hentry","category-flamengo"],"yoast_head":"<!-- This site is optimized with the Yoast SEO Premium plugin v24.2 (Yoast SEO v26.9) - https:\/\/yoast.com\/product\/yoast-seo-premium-wordpress\/ -->\n<title>Flamengo tem projeto a longo prazo para retorno de Andreas Pereira; entenda<\/title>\n<meta name=\"robots\" content=\"index, follow, max-snippet:-1, max-image-preview:large, max-video-preview:-1\" \/>\n<link rel=\"canonical\" href=\"https:\/\/www.gaveanews.com\/index.php\/2022\/07\/04\/flamengo-tem-projeto-a-longo-prazo-para-retorno-de-andreas-pereira-entenda\/\" \/>\n<meta property=\"og:locale\" content=\"pt_BR\" \/>\n<meta property=\"og:type\" content=\"article\" \/>\n<meta property=\"og:title\" content=\"Flamengo tem projeto a longo prazo para retorno de Andreas Pereira; entenda\" \/>\n<meta property=\"og:description\" content=\"A despedida de Andreas do elenco do Flamengo foi bastante melanc\u00f3lica. Ap\u00f3s meses de indecis\u00e3o de parte dos dirigentes do clube, o volante precisou deixar a equipe da G\u00e1vea e retornar ao Manchester United. Contudo, embora a compra n\u00e3o tenha acontecido desta vez, o Mais Querido n\u00e3o desistiu de ter o atleta permanentemente. Mas o [&hellip;]\" \/>\n<meta property=\"og:url\" content=\"https:\/\/www.gaveanews.com\/index.php\/2022\/07\/04\/flamengo-tem-projeto-a-longo-prazo-para-retorno-de-andreas-pereira-entenda\/\" \/>\n<meta property=\"og:site_name\" content=\"G\u00e1vea News\" \/>\n<meta property=\"article:publisher\" content=\"https:\/\/facebook.com\/gaveaNews\/\" \/>\n<meta property=\"article:published_time\" content=\"2022-07-04T15:49:36+00:00\" \/>\n<meta property=\"article:modified_time\" content=\"2022-07-04T15:49:38+00:00\" \/>\n<meta property=\"og:image\" content=\"https:\/\/www.gaveanews.com\/wp-content\/uploads\/Andreas-em-jogo-do-Flamengo-contra-o-Fluminense-pelo-Campeonato-Brasileiro.webp\" \/>\n\t<meta property=\"og:image:width\" content=\"799\" \/>\n\t<meta property=\"og:image:height\" content=\"533\" \/>\n\t<meta property=\"og:image:type\" content=\"image\/jpeg\" \/>\n<meta name=\"author\" content=\"Let\u00edcia Gerheim\" \/>\n<meta name=\"twitter:card\" content=\"summary_large_image\" \/>\n<meta name=\"twitter:label1\" content=\"Escrito por\" \/>\n\t<meta name=\"twitter:data1\" content=\"Let\u00edcia Gerheim\" \/>\n\t<meta name=\"twitter:label2\" content=\"Est. tempo de leitura\" \/>\n\t<meta name=\"twitter:data2\" content=\"2 minutos\" \/>\n<script type=\"application\/ld+json\" class=\"yoast-schema-graph\">{\"@context\":\"https:\/\/schema.org\",\"@graph\":[{\"@type\":\"NewsArticle\",\"@id\":\"https:\/\/www.gaveanews.com\/index.php\/2022\/07\/04\/flamengo-tem-projeto-a-longo-prazo-para-retorno-de-andreas-pereira-entenda\/#article\",\"isPartOf\":{\"@id\":\"https:\/\/www.gaveanews.com\/index.php\/2022\/07\/04\/flamengo-tem-projeto-a-longo-prazo-para-retorno-de-andreas-pereira-entenda\/\"},\"author\":{\"name\":\"Let\u00edcia Gerheim\",\"@id\":\"https:\/\/www.gaveanews.com\/#\/schema\/person\/714c67050b836198af2450ba1c142a67\"},\"headline\":\"Flamengo tem projeto a longo prazo para retorno de Andreas Pereira; entenda\",\"datePublished\":\"2022-07-04T15:49:36+00:00\",\"dateModified\":\"2022-07-04T15:49:38+00:00\",\"mainEntityOfPage\":{\"@id\":\"https:\/\/www.gaveanews.com\/index.php\/2022\/07\/04\/flamengo-tem-projeto-a-longo-prazo-para-retorno-de-andreas-pereira-entenda\/\"},\"wordCount\":267,\"commentCount\":0,\"image\":{\"@id\":\"https:\/\/www.gaveanews.com\/index.php\/2022\/07\/04\/flamengo-tem-projeto-a-longo-prazo-para-retorno-de-andreas-pereira-entenda\/#primaryimage\"},\"thumbnailUrl\":\"https:\/\/www.gaveanews.com\/wp-content\/uploads\/Andreas-em-jogo-do-Flamengo-contra-o-Fluminense-pelo-Campeonato-Brasileiro.webp\",\"articleSection\":[\"Flamengo\"],\"inLanguage\":\"pt-BR\",\"potentialAction\":[{\"@type\":\"CommentAction\",\"name\":\"Comment\",\"target\":[\"https:\/\/www.gaveanews.com\/index.php\/2022\/07\/04\/flamengo-tem-projeto-a-longo-prazo-para-retorno-de-andreas-pereira-entenda\/#respond\"]}],\"copyrightYear\":\"2022\",\"copyrightHolder\":{\"@id\":\"https:\/\/www.gaveanews.com\/#organization\"}},{\"@type\":\"WebPage\",\"@id\":\"https:\/\/www.gaveanews.com\/index.php\/2022\/07\/04\/flamengo-tem-projeto-a-longo-prazo-para-retorno-de-andreas-pereira-entenda\/\",\"url\":\"https:\/\/www.gaveanews.com\/index.php\/2022\/07\/04\/flamengo-tem-projeto-a-longo-prazo-para-retorno-de-andreas-pereira-entenda\/\",\"name\":\"Flamengo tem projeto a longo prazo para retorno de Andreas Pereira; entenda\",\"isPartOf\":{\"@id\":\"https:\/\/www.gaveanews.com\/#website\"},\"primaryImageOfPage\":{\"@id\":\"https:\/\/www.gaveanews.com\/index.php\/2022\/07\/04\/flamengo-tem-projeto-a-longo-prazo-para-retorno-de-andreas-pereira-entenda\/#primaryimage\"},\"image\":{\"@id\":\"https:\/\/www.gaveanews.com\/index.php\/2022\/07\/04\/flamengo-tem-projeto-a-longo-prazo-para-retorno-de-andreas-pereira-entenda\/#primaryimage\"},\"thumbnailUrl\":\"https:\/\/www.gaveanews.com\/wp-content\/uploads\/Andreas-em-jogo-do-Flamengo-contra-o-Fluminense-pelo-Campeonato-Brasileiro.webp\",\"datePublished\":\"2022-07-04T15:49:36+00:00\",\"dateModified\":\"2022-07-04T15:49:38+00:00\",\"author\":{\"@id\":\"https:\/\/www.gaveanews.com\/#\/schema\/person\/714c67050b836198af2450ba1c142a67\"},\"breadcrumb\":{\"@id\":\"https:\/\/www.gaveanews.com\/index.php\/2022\/07\/04\/flamengo-tem-projeto-a-longo-prazo-para-retorno-de-andreas-pereira-entenda\/#breadcrumb\"},\"inLanguage\":\"pt-BR\",\"potentialAction\":[{\"@type\":\"ReadAction\",\"target\":[\"https:\/\/www.gaveanews.com\/index.php\/2022\/07\/04\/flamengo-tem-projeto-a-longo-prazo-para-retorno-de-andreas-pereira-entenda\/\"]}]},{\"@type\":\"ImageObject\",\"inLanguage\":\"pt-BR\",\"@id\":\"https:\/\/www.gaveanews.com\/index.php\/2022\/07\/04\/flamengo-tem-projeto-a-longo-prazo-para-retorno-de-andreas-pereira-entenda\/#primaryimage\",\"url\":\"https:\/\/www.gaveanews.com\/wp-content\/uploads\/Andreas-em-jogo-do-Flamengo-contra-o-Fluminense-pelo-Campeonato-Brasileiro.webp\",\"contentUrl\":\"https:\/\/www.gaveanews.com\/wp-content\/uploads\/Andreas-em-jogo-do-Flamengo-contra-o-Fluminense-pelo-Campeonato-Brasileiro.webp\",\"width\":799,\"height\":533,\"caption\":\"Andreas em jogo do Flamengo contra o Fluminense pelo Campeonato Brasileiro (Foto: Alexandre Vidal\/Flamengo)\"},{\"@type\":\"BreadcrumbList\",\"@id\":\"https:\/\/www.gaveanews.com\/index.php\/2022\/07\/04\/flamengo-tem-projeto-a-longo-prazo-para-retorno-de-andreas-pereira-entenda\/#breadcrumb\",\"itemListElement\":[{\"@type\":\"ListItem\",\"position\":1,\"name\":\"Home\",\"item\":\"https:\/\/www.gaveanews.com\/\"},{\"@type\":\"ListItem\",\"position\":2,\"name\":\"Flamengo tem projeto a longo prazo para retorno de Andreas Pereira; entenda\"}]},{\"@type\":\"WebSite\",\"@id\":\"https:\/\/www.gaveanews.com\/#website\",\"url\":\"https:\/\/www.gaveanews.com\/\",\"name\":\"G\u00e1vea News\",\"description\":\"Veja todas as not\u00edcias sobre o Flamengo: Contrata\u00e7\u00f5es, categorias de base, resultados das partidas, tabela de classifica\u00e7\u00e3o, pr\u00f3ximos jogos!\",\"potentialAction\":[{\"@type\":\"SearchAction\",\"target\":{\"@type\":\"EntryPoint\",\"urlTemplate\":\"https:\/\/www.gaveanews.com\/?s={search_term_string}\"},\"query-input\":{\"@type\":\"PropertyValueSpecification\",\"valueRequired\":true,\"valueName\":\"search_term_string\"}}],\"inLanguage\":\"pt-BR\"},{\"@type\":\"Person\",\"@id\":\"https:\/\/www.gaveanews.com\/#\/schema\/person\/714c67050b836198af2450ba1c142a67\",\"name\":\"Let\u00edcia Gerheim\",\"image\":{\"@type\":\"ImageObject\",\"inLanguage\":\"pt-BR\",\"@id\":\"https:\/\/www.gaveanews.com\/#\/schema\/person\/image\/\",\"url\":\"https:\/\/secure.gravatar.com\/avatar\/60734739c50fcebfbac509e2a826ccd0ff405c019bc73aab9354f19ecad1dcb4?s=96&d=mm&r=g\",\"contentUrl\":\"https:\/\/secure.gravatar.com\/avatar\/60734739c50fcebfbac509e2a826ccd0ff405c019bc73aab9354f19ecad1dcb4?s=96&d=mm&r=g\",\"caption\":\"Let\u00edcia Gerheim\"}}]}<\/script>\n<!-- \/ Yoast SEO Premium plugin. -->","yoast_head_json":{"title":"Flamengo tem projeto a longo prazo para retorno de Andreas Pereira; entenda","robots":{"index":"index","follow":"follow","max-snippet":"max-snippet:-1","max-image-preview":"max-image-preview:large","max-video-preview":"max-video-preview:-1"},"canonical":"https:\/\/www.gaveanews.com\/index.php\/2022\/07\/04\/flamengo-tem-projeto-a-longo-prazo-para-retorno-de-andreas-pereira-entenda\/","og_locale":"pt_BR","og_type":"article","og_title":"Flamengo tem projeto a longo prazo para retorno de Andreas Pereira; entenda","og_description":"A despedida de Andreas do elenco do Flamengo foi bastante melanc\u00f3lica. Ap\u00f3s meses de indecis\u00e3o de parte dos dirigentes do clube, o volante precisou deixar a equipe da G\u00e1vea e retornar ao Manchester United. Contudo, embora a compra n\u00e3o tenha acontecido desta vez, o Mais Querido n\u00e3o desistiu de ter o atleta permanentemente. Mas o [&hellip;]","og_url":"https:\/\/www.gaveanews.com\/index.php\/2022\/07\/04\/flamengo-tem-projeto-a-longo-prazo-para-retorno-de-andreas-pereira-entenda\/","og_site_name":"G\u00e1vea News","article_publisher":"https:\/\/facebook.com\/gaveaNews\/","article_published_time":"2022-07-04T15:49:36+00:00","article_modified_time":"2022-07-04T15:49:38+00:00","og_image":[{"width":799,"height":533,"url":"https:\/\/www.gaveanews.com\/wp-content\/uploads\/Andreas-em-jogo-do-Flamengo-contra-o-Fluminense-pelo-Campeonato-Brasileiro.webp","type":"image\/jpeg"}],"author":"Let\u00edcia Gerheim","twitter_card":"summary_large_image","twitter_misc":{"Escrito por":"Let\u00edcia Gerheim","Est. tempo de leitura":"2 minutos"},"schema":{"@context":"https:\/\/schema.org","@graph":[{"@type":"NewsArticle","@id":"https:\/\/www.gaveanews.com\/index.php\/2022\/07\/04\/flamengo-tem-projeto-a-longo-prazo-para-retorno-de-andreas-pereira-entenda\/#article","isPartOf":{"@id":"https:\/\/www.gaveanews.com\/index.php\/2022\/07\/04\/flamengo-tem-projeto-a-longo-prazo-para-retorno-de-andreas-pereira-entenda\/"},"author":{"name":"Let\u00edcia Gerheim","@id":"https:\/\/www.gaveanews.com\/#\/schema\/person\/714c67050b836198af2450ba1c142a67"},"headline":"Flamengo tem projeto a longo prazo para retorno de Andreas Pereira; entenda","datePublished":"2022-07-04T15:49:36+00:00","dateModified":"2022-07-04T15:49:38+00:00","mainEntityOfPage":{"@id":"https:\/\/www.gaveanews.com\/index.php\/2022\/07\/04\/flamengo-tem-projeto-a-longo-prazo-para-retorno-de-andreas-pereira-entenda\/"},"wordCount":267,"commentCount":0,"image":{"@id":"https:\/\/www.gaveanews.com\/index.php\/2022\/07\/04\/flamengo-tem-projeto-a-longo-prazo-para-retorno-de-andreas-pereira-entenda\/#primaryimage"},"thumbnailUrl":"https:\/\/www.gaveanews.com\/wp-content\/uploads\/Andreas-em-jogo-do-Flamengo-contra-o-Fluminense-pelo-Campeonato-Brasileiro.webp","articleSection":["Flamengo"],"inLanguage":"pt-BR","potentialAction":[{"@type":"CommentAction","name":"Comment","target":["https:\/\/www.gaveanews.com\/index.php\/2022\/07\/04\/flamengo-tem-projeto-a-longo-prazo-para-retorno-de-andreas-pereira-entenda\/#respond"]}],"copyrightYear":"2022","copyrightHolder":{"@id":"https:\/\/www.gaveanews.com\/#organization"}},{"@type":"WebPage","@id":"https:\/\/www.gaveanews.com\/index.php\/2022\/07\/04\/flamengo-tem-projeto-a-longo-prazo-para-retorno-de-andreas-pereira-entenda\/","url":"https:\/\/www.gaveanews.com\/index.php\/2022\/07\/04\/flamengo-tem-projeto-a-longo-prazo-para-retorno-de-andreas-pereira-entenda\/","name":"Flamengo tem projeto a longo prazo para retorno de Andreas Pereira; entenda","isPartOf":{"@id":"https:\/\/www.gaveanews.com\/#website"},"primaryImageOfPage":{"@id":"https:\/\/www.gaveanews.com\/index.php\/2022\/07\/04\/flamengo-tem-projeto-a-longo-prazo-para-retorno-de-andreas-pereira-entenda\/#primaryimage"},"image":{"@id":"https:\/\/www.gaveanews.com\/index.php\/2022\/07\/04\/flamengo-tem-projeto-a-longo-prazo-para-retorno-de-andreas-pereira-entenda\/#primaryimage"},"thumbnailUrl":"https:\/\/www.gaveanews.com\/wp-content\/uploads\/Andreas-em-jogo-do-Flamengo-contra-o-Fluminense-pelo-Campeonato-Brasileiro.webp","datePublished":"2022-07-04T15:49:36+00:00","dateModified":"2022-07-04T15:49:38+00:00","author":{"@id":"https:\/\/www.gaveanews.com\/#\/schema\/person\/714c67050b836198af2450ba1c142a67"},"breadcrumb":{"@id":"https:\/\/www.gaveanews.com\/index.php\/2022\/07\/04\/flamengo-tem-projeto-a-longo-prazo-para-retorno-de-andreas-pereira-entenda\/#breadcrumb"},"inLanguage":"pt-BR","potentialAction":[{"@type":"ReadAction","target":["https:\/\/www.gaveanews.com\/index.php\/2022\/07\/04\/flamengo-tem-projeto-a-longo-prazo-para-retorno-de-andreas-pereira-entenda\/"]}]},{"@type":"ImageObject","inLanguage":"pt-BR","@id":"https:\/\/www.gaveanews.com\/index.php\/2022\/07\/04\/flamengo-tem-projeto-a-longo-prazo-para-retorno-de-andreas-pereira-entenda\/#primaryimage","url":"https:\/\/www.gaveanews.com\/wp-content\/uploads\/Andreas-em-jogo-do-Flamengo-contra-o-Fluminense-pelo-Campeonato-Brasileiro.webp","contentUrl":"https:\/\/www.gaveanews.com\/wp-content\/uploads\/Andreas-em-jogo-do-Flamengo-contra-o-Fluminense-pelo-Campeonato-Brasileiro.webp","width":799,"height":533,"caption":"Andreas em jogo do Flamengo contra o Fluminense pelo Campeonato Brasileiro (Foto: Alexandre Vidal\/Flamengo)"},{"@type":"BreadcrumbList","@id":"https:\/\/www.gaveanews.com\/index.php\/2022\/07\/04\/flamengo-tem-projeto-a-longo-prazo-para-retorno-de-andreas-pereira-entenda\/#breadcrumb","itemListElement":[{"@type":"ListItem","position":1,"name":"Home","item":"https:\/\/www.gaveanews.com\/"},{"@type":"ListItem","position":2,"name":"Flamengo tem projeto a longo prazo para retorno de Andreas Pereira; entenda"}]},{"@type":"WebSite","@id":"https:\/\/www.gaveanews.com\/#website","url":"https:\/\/www.gaveanews.com\/","name":"G\u00e1vea News","description":"Veja todas as not\u00edcias sobre o Flamengo: Contrata\u00e7\u00f5es, categorias de base, resultados das partidas, tabela de classifica\u00e7\u00e3o, pr\u00f3ximos jogos!","potentialAction":[{"@type":"SearchAction","target":{"@type":"EntryPoint","urlTemplate":"https:\/\/www.gaveanews.com\/?s={search_term_string}"},"query-input":{"@type":"PropertyValueSpecification","valueRequired":true,"valueName":"search_term_string"}}],"inLanguage":"pt-BR"},{"@type":"Person","@id":"https:\/\/www.gaveanews.com\/#\/schema\/person\/714c67050b836198af2450ba1c142a67","name":"Let\u00edcia Gerheim","image":{"@type":"ImageObject","inLanguage":"pt-BR","@id":"https:\/\/www.gaveanews.com\/#\/schema\/person\/image\/","url":"https:\/\/secure.gravatar.com\/avatar\/60734739c50fcebfbac509e2a826ccd0ff405c019bc73aab9354f19ecad1dcb4?s=96&d=mm&r=g","contentUrl":"https:\/\/secure.gravatar.com\/avatar\/60734739c50fcebfbac509e2a826ccd0ff405c019bc73aab9354f19ecad1dcb4?s=96&d=mm&r=g","caption":"Let\u00edcia Gerheim"}}]}},"_links":{"self":[{"href":"https:\/\/www.gaveanews.com\/index.php\/wp-json\/wp\/v2\/posts\/84223","targetHints":{"allow":["GET"]}}],"collection":[{"href":"https:\/\/www.gaveanews.com\/index.php\/wp-json\/wp\/v2\/posts"}],"about":[{"href":"https:\/\/www.gaveanews.com\/index.php\/wp-json\/wp\/v2\/types\/post"}],"author":[{"embeddable":true,"href":"https:\/\/www.gaveanews.com\/index.php\/wp-json\/wp\/v2\/users\/4"}],"replies":[{"embeddable":true,"href":"https:\/\/www.gaveanews.com\/index.php\/wp-json\/wp\/v2\/comments?post=84223"}],"version-history":[{"count":0,"href":"https:\/\/www.gaveanews.com\/index.php\/wp-json\/wp\/v2\/posts\/84223\/revisions"}],"wp:featuredmedia":[{"embeddable":true,"href":"https:\/\/www.gaveanews.com\/index.php\/wp-json\/wp\/v2\/media\/82324"}],"wp:attachment":[{"href":"https:\/\/www.gaveanews.com\/index.php\/wp-json\/wp\/v2\/media?parent=84223"}],"wp:term":[{"taxonomy":"category","embeddable":true,"href":"https:\/\/www.gaveanews.com\/index.php\/wp-json\/wp\/v2\/categories?post=84223"},{"taxonomy":"post_tag","embeddable":true,"href":"https:\/\/www.gaveanews.com\/index.php\/wp-json\/wp\/v2\/tags?post=84223"}],"curies":[{"name":"wp","href":"https:\/\/api.w.org\/{rel}","templated":true}]}}