{"id":84225,"date":"2022-07-04T13:11:23","date_gmt":"2022-07-04T16:11:23","guid":{"rendered":"https:\/\/www.gaveanews.com\/?p=84225"},"modified":"2022-07-04T13:11:24","modified_gmt":"2022-07-04T16:11:24","slug":"flamengo-fecha-a-contratacao-de-seu-terceiro-reforco","status":"publish","type":"post","link":"https:\/\/www.gaveanews.com\/index.php\/2022\/07\/04\/flamengo-fecha-a-contratacao-de-seu-terceiro-reforco\/","title":{"rendered":"Flamengo fecha a contrata\u00e7\u00e3o de seu terceiro refor\u00e7o"},"content":{"rendered":"\n<p>A pr\u00f3xima janela de transfer\u00eancias come\u00e7ar\u00e1 apenas no dia 18, ou seja, daqui a duas semanas. Mas, nos bastidores, a diretoria do Flamengo segue trabalhando para acelerar as negocia\u00e7\u00f5es. N\u00e3o \u00e0 toa, o Meng\u00e3o j\u00e1 acertou a chegada de tr\u00eas jogadores. O primeiro nome, foi Everton Cebolinha, que e<a href=\"https:\/\/www.gaveanews.com\/index.php\/2022\/06\/21\/flamengo-paga-primeira-parcela-da-compra-de-everton-cebolinha-junto-ao-benfica\/\">stava no Benfica<\/a> e foi comprado h\u00e1 algumas semanas atr\u00e1s. Inclusive, o <a href=\"https:\/\/www.gaveanews.com\/index.php\/2022\/06\/27\/video-everton-cebolinha-treina-pela-primeira-vez-no-ninho-do-urubu-e-manda-recado-para-a-torcida-do-flamengo\/\">atacante j\u00e1 est\u00e1 treinando no Ninho do Urubu.<\/a><\/p>\n\n\n\n<p>J\u00e1 neste final de semana, a negocia\u00e7\u00e3o por Arturo Vidal teve um final feliz. O chileno aceitou os termos apresentados pelo Mais Querido e aceitou vestir o Manto Sagrado. Al\u00e9m do Fla, o Boca Juniors, da Argentina, tamb\u00e9m estava interessado em Vidal. O seu contrato \u00e9 v\u00e1lido at\u00e9 <\/p>\n\n\n\n<ul class=\"wp-block-list\"><li><a href=\"https:\/\/www.gaveanews.com\/index.php\/2022\/07\/03\/veja-quanto-arturo-vidal-ira-receber-no-flamengo\/\">Refor\u00e7o na G\u00e1vea: Veja quanto Arturo Vidal ir\u00e1 receber <\/a><\/li><\/ul>\n\n\n\n<p>Por fim, mas n\u00e3o menos importante, Luis Henrique tamb\u00e9m fechou com o Flamengo. O atacante recebeu sondagens do rubro-negro e do Botafogo. Por\u00e9m, o projeto flamenguista foi o mais atraente e ele optou por n\u00e3o retornar ao clube que o revelou.<\/p>\n\n\n\n<p>Luis estava no Olympique de Marselha desde 2020. Na \u00e9poca, o clube franc\u00eas pagou 3,9 milh\u00f5es de euros pelo atleta. Entretanto, na Europa, ele n\u00e3o conseguiu despontar. Em duas temporadas ele disputou apenas 49 jogos e marcou um \u00fanico gol.<\/p>\n","protected":false},"excerpt":{"rendered":"<p>A pr\u00f3xima janela de transfer\u00eancias come\u00e7ar\u00e1 apenas no dia 18, ou seja, daqui a duas semanas. Mas, nos bastidores, a diretoria do Flamengo segue trabalhando para acelerar as negocia\u00e7\u00f5es. N\u00e3o \u00e0 toa, o Meng\u00e3o j\u00e1 acertou a chegada de tr\u00eas jogadores. O primeiro nome, foi Everton Cebolinha, que estava no Benfica e foi comprado h\u00e1 [&hellip;]<\/p>\n","protected":false},"author":2,"featured_media":84213,"comment_status":"open","ping_status":"closed","sticky":false,"template":"","format":"standard","meta":{"footnotes":""},"categories":[48],"tags":[],"class_list":["post-84225","post","type-post","status-publish","format-standard","has-post-thumbnail","hentry","category-negociacoes"],"yoast_head":"<!-- This site is optimized with the Yoast SEO Premium plugin v24.2 (Yoast SEO v26.9) - https:\/\/yoast.com\/product\/yoast-seo-premium-wordpress\/ -->\n<title>Flamengo fecha a contrata\u00e7\u00e3o de seu terceiro refor\u00e7o<\/title>\n<meta name=\"robots\" content=\"index, follow, max-snippet:-1, max-image-preview:large, max-video-preview:-1\" \/>\n<link rel=\"canonical\" href=\"https:\/\/www.gaveanews.com\/index.php\/2022\/07\/04\/flamengo-fecha-a-contratacao-de-seu-terceiro-reforco\/\" \/>\n<meta property=\"og:locale\" content=\"pt_BR\" \/>\n<meta property=\"og:type\" content=\"article\" \/>\n<meta property=\"og:title\" content=\"Flamengo fecha a contrata\u00e7\u00e3o de seu terceiro refor\u00e7o\" \/>\n<meta property=\"og:description\" content=\"A pr\u00f3xima janela de transfer\u00eancias come\u00e7ar\u00e1 apenas no dia 18, ou seja, daqui a duas semanas. Mas, nos bastidores, a diretoria do Flamengo segue trabalhando para acelerar as negocia\u00e7\u00f5es. N\u00e3o \u00e0 toa, o Meng\u00e3o j\u00e1 acertou a chegada de tr\u00eas jogadores. O primeiro nome, foi Everton Cebolinha, que estava no Benfica e foi comprado h\u00e1 [&hellip;]\" \/>\n<meta property=\"og:url\" content=\"https:\/\/www.gaveanews.com\/index.php\/2022\/07\/04\/flamengo-fecha-a-contratacao-de-seu-terceiro-reforco\/\" \/>\n<meta property=\"og:site_name\" content=\"G\u00e1vea News\" \/>\n<meta property=\"article:publisher\" content=\"https:\/\/facebook.com\/gaveaNews\/\" \/>\n<meta property=\"article:published_time\" content=\"2022-07-04T16:11:23+00:00\" \/>\n<meta property=\"article:modified_time\" content=\"2022-07-04T16:11:24+00:00\" \/>\n<meta property=\"og:image\" content=\"https:\/\/www.gaveanews.com\/wp-content\/uploads\/Luis-Henrique-jogador-do-Olympique.webp\" \/>\n\t<meta property=\"og:image:width\" content=\"800\" \/>\n\t<meta property=\"og:image:height\" content=\"533\" \/>\n\t<meta property=\"og:image:type\" content=\"image\/jpeg\" \/>\n<meta name=\"author\" content=\"Hugo Nogueira\" \/>\n<meta name=\"twitter:card\" content=\"summary_large_image\" \/>\n<meta name=\"twitter:label1\" content=\"Escrito por\" \/>\n\t<meta name=\"twitter:data1\" content=\"Hugo Nogueira\" \/>\n\t<meta name=\"twitter:label2\" content=\"Est. tempo de leitura\" \/>\n\t<meta name=\"twitter:data2\" content=\"2 minutos\" \/>\n<script type=\"application\/ld+json\" class=\"yoast-schema-graph\">{\"@context\":\"https:\/\/schema.org\",\"@graph\":[{\"@type\":\"NewsArticle\",\"@id\":\"https:\/\/www.gaveanews.com\/index.php\/2022\/07\/04\/flamengo-fecha-a-contratacao-de-seu-terceiro-reforco\/#article\",\"isPartOf\":{\"@id\":\"https:\/\/www.gaveanews.com\/index.php\/2022\/07\/04\/flamengo-fecha-a-contratacao-de-seu-terceiro-reforco\/\"},\"author\":{\"name\":\"Hugo Nogueira\",\"@id\":\"https:\/\/www.gaveanews.com\/#\/schema\/person\/3a0372021fabaeec4e7e4242cfa27841\"},\"headline\":\"Flamengo fecha a contrata\u00e7\u00e3o de seu terceiro refor\u00e7o\",\"datePublished\":\"2022-07-04T16:11:23+00:00\",\"dateModified\":\"2022-07-04T16:11:24+00:00\",\"mainEntityOfPage\":{\"@id\":\"https:\/\/www.gaveanews.com\/index.php\/2022\/07\/04\/flamengo-fecha-a-contratacao-de-seu-terceiro-reforco\/\"},\"wordCount\":231,\"commentCount\":0,\"image\":{\"@id\":\"https:\/\/www.gaveanews.com\/index.php\/2022\/07\/04\/flamengo-fecha-a-contratacao-de-seu-terceiro-reforco\/#primaryimage\"},\"thumbnailUrl\":\"https:\/\/www.gaveanews.com\/wp-content\/uploads\/Luis-Henrique-jogador-do-Olympique.webp\",\"articleSection\":[\"Negocia\u00e7\u00f5es\"],\"inLanguage\":\"pt-BR\",\"potentialAction\":[{\"@type\":\"CommentAction\",\"name\":\"Comment\",\"target\":[\"https:\/\/www.gaveanews.com\/index.php\/2022\/07\/04\/flamengo-fecha-a-contratacao-de-seu-terceiro-reforco\/#respond\"]}],\"copyrightYear\":\"2022\",\"copyrightHolder\":{\"@id\":\"https:\/\/www.gaveanews.com\/#organization\"}},{\"@type\":\"WebPage\",\"@id\":\"https:\/\/www.gaveanews.com\/index.php\/2022\/07\/04\/flamengo-fecha-a-contratacao-de-seu-terceiro-reforco\/\",\"url\":\"https:\/\/www.gaveanews.com\/index.php\/2022\/07\/04\/flamengo-fecha-a-contratacao-de-seu-terceiro-reforco\/\",\"name\":\"Flamengo fecha a contrata\u00e7\u00e3o de seu terceiro refor\u00e7o\",\"isPartOf\":{\"@id\":\"https:\/\/www.gaveanews.com\/#website\"},\"primaryImageOfPage\":{\"@id\":\"https:\/\/www.gaveanews.com\/index.php\/2022\/07\/04\/flamengo-fecha-a-contratacao-de-seu-terceiro-reforco\/#primaryimage\"},\"image\":{\"@id\":\"https:\/\/www.gaveanews.com\/index.php\/2022\/07\/04\/flamengo-fecha-a-contratacao-de-seu-terceiro-reforco\/#primaryimage\"},\"thumbnailUrl\":\"https:\/\/www.gaveanews.com\/wp-content\/uploads\/Luis-Henrique-jogador-do-Olympique.webp\",\"datePublished\":\"2022-07-04T16:11:23+00:00\",\"dateModified\":\"2022-07-04T16:11:24+00:00\",\"author\":{\"@id\":\"https:\/\/www.gaveanews.com\/#\/schema\/person\/3a0372021fabaeec4e7e4242cfa27841\"},\"breadcrumb\":{\"@id\":\"https:\/\/www.gaveanews.com\/index.php\/2022\/07\/04\/flamengo-fecha-a-contratacao-de-seu-terceiro-reforco\/#breadcrumb\"},\"inLanguage\":\"pt-BR\",\"potentialAction\":[{\"@type\":\"ReadAction\",\"target\":[\"https:\/\/www.gaveanews.com\/index.php\/2022\/07\/04\/flamengo-fecha-a-contratacao-de-seu-terceiro-reforco\/\"]}]},{\"@type\":\"ImageObject\",\"inLanguage\":\"pt-BR\",\"@id\":\"https:\/\/www.gaveanews.com\/index.php\/2022\/07\/04\/flamengo-fecha-a-contratacao-de-seu-terceiro-reforco\/#primaryimage\",\"url\":\"https:\/\/www.gaveanews.com\/wp-content\/uploads\/Luis-Henrique-jogador-do-Olympique.webp\",\"contentUrl\":\"https:\/\/www.gaveanews.com\/wp-content\/uploads\/Luis-Henrique-jogador-do-Olympique.webp\",\"width\":800,\"height\":533,\"caption\":\"Luis Henrique, jogador do Olympique (Foto: Norbert Scanella\/Olympique)\"},{\"@type\":\"BreadcrumbList\",\"@id\":\"https:\/\/www.gaveanews.com\/index.php\/2022\/07\/04\/flamengo-fecha-a-contratacao-de-seu-terceiro-reforco\/#breadcrumb\",\"itemListElement\":[{\"@type\":\"ListItem\",\"position\":1,\"name\":\"Home\",\"item\":\"https:\/\/www.gaveanews.com\/\"},{\"@type\":\"ListItem\",\"position\":2,\"name\":\"Flamengo fecha a contrata\u00e7\u00e3o de seu terceiro refor\u00e7o\"}]},{\"@type\":\"WebSite\",\"@id\":\"https:\/\/www.gaveanews.com\/#website\",\"url\":\"https:\/\/www.gaveanews.com\/\",\"name\":\"G\u00e1vea News\",\"description\":\"Veja todas as not\u00edcias sobre o Flamengo: Contrata\u00e7\u00f5es, categorias de base, resultados das partidas, tabela de classifica\u00e7\u00e3o, pr\u00f3ximos jogos!\",\"potentialAction\":[{\"@type\":\"SearchAction\",\"target\":{\"@type\":\"EntryPoint\",\"urlTemplate\":\"https:\/\/www.gaveanews.com\/?s={search_term_string}\"},\"query-input\":{\"@type\":\"PropertyValueSpecification\",\"valueRequired\":true,\"valueName\":\"search_term_string\"}}],\"inLanguage\":\"pt-BR\"},{\"@type\":\"Person\",\"@id\":\"https:\/\/www.gaveanews.com\/#\/schema\/person\/3a0372021fabaeec4e7e4242cfa27841\",\"name\":\"Hugo Nogueira\",\"image\":{\"@type\":\"ImageObject\",\"inLanguage\":\"pt-BR\",\"@id\":\"https:\/\/www.gaveanews.com\/#\/schema\/person\/image\/\",\"url\":\"https:\/\/secure.gravatar.com\/avatar\/0cdd89f3b47bb55926c08eee2db992845cfdd53f84c9fdd47a49d89b3cd40c0a?s=96&d=mm&r=g\",\"contentUrl\":\"https:\/\/secure.gravatar.com\/avatar\/0cdd89f3b47bb55926c08eee2db992845cfdd53f84c9fdd47a49d89b3cd40c0a?s=96&d=mm&r=g\",\"caption\":\"Hugo Nogueira\"}}]}<\/script>\n<!-- \/ Yoast SEO Premium plugin. -->","yoast_head_json":{"title":"Flamengo fecha a contrata\u00e7\u00e3o de seu terceiro refor\u00e7o","robots":{"index":"index","follow":"follow","max-snippet":"max-snippet:-1","max-image-preview":"max-image-preview:large","max-video-preview":"max-video-preview:-1"},"canonical":"https:\/\/www.gaveanews.com\/index.php\/2022\/07\/04\/flamengo-fecha-a-contratacao-de-seu-terceiro-reforco\/","og_locale":"pt_BR","og_type":"article","og_title":"Flamengo fecha a contrata\u00e7\u00e3o de seu terceiro refor\u00e7o","og_description":"A pr\u00f3xima janela de transfer\u00eancias come\u00e7ar\u00e1 apenas no dia 18, ou seja, daqui a duas semanas. Mas, nos bastidores, a diretoria do Flamengo segue trabalhando para acelerar as negocia\u00e7\u00f5es. N\u00e3o \u00e0 toa, o Meng\u00e3o j\u00e1 acertou a chegada de tr\u00eas jogadores. O primeiro nome, foi Everton Cebolinha, que estava no Benfica e foi comprado h\u00e1 [&hellip;]","og_url":"https:\/\/www.gaveanews.com\/index.php\/2022\/07\/04\/flamengo-fecha-a-contratacao-de-seu-terceiro-reforco\/","og_site_name":"G\u00e1vea News","article_publisher":"https:\/\/facebook.com\/gaveaNews\/","article_published_time":"2022-07-04T16:11:23+00:00","article_modified_time":"2022-07-04T16:11:24+00:00","og_image":[{"width":800,"height":533,"url":"https:\/\/www.gaveanews.com\/wp-content\/uploads\/Luis-Henrique-jogador-do-Olympique.webp","type":"image\/jpeg"}],"author":"Hugo Nogueira","twitter_card":"summary_large_image","twitter_misc":{"Escrito por":"Hugo Nogueira","Est. tempo de leitura":"2 minutos"},"schema":{"@context":"https:\/\/schema.org","@graph":[{"@type":"NewsArticle","@id":"https:\/\/www.gaveanews.com\/index.php\/2022\/07\/04\/flamengo-fecha-a-contratacao-de-seu-terceiro-reforco\/#article","isPartOf":{"@id":"https:\/\/www.gaveanews.com\/index.php\/2022\/07\/04\/flamengo-fecha-a-contratacao-de-seu-terceiro-reforco\/"},"author":{"name":"Hugo Nogueira","@id":"https:\/\/www.gaveanews.com\/#\/schema\/person\/3a0372021fabaeec4e7e4242cfa27841"},"headline":"Flamengo fecha a contrata\u00e7\u00e3o de seu terceiro refor\u00e7o","datePublished":"2022-07-04T16:11:23+00:00","dateModified":"2022-07-04T16:11:24+00:00","mainEntityOfPage":{"@id":"https:\/\/www.gaveanews.com\/index.php\/2022\/07\/04\/flamengo-fecha-a-contratacao-de-seu-terceiro-reforco\/"},"wordCount":231,"commentCount":0,"image":{"@id":"https:\/\/www.gaveanews.com\/index.php\/2022\/07\/04\/flamengo-fecha-a-contratacao-de-seu-terceiro-reforco\/#primaryimage"},"thumbnailUrl":"https:\/\/www.gaveanews.com\/wp-content\/uploads\/Luis-Henrique-jogador-do-Olympique.webp","articleSection":["Negocia\u00e7\u00f5es"],"inLanguage":"pt-BR","potentialAction":[{"@type":"CommentAction","name":"Comment","target":["https:\/\/www.gaveanews.com\/index.php\/2022\/07\/04\/flamengo-fecha-a-contratacao-de-seu-terceiro-reforco\/#respond"]}],"copyrightYear":"2022","copyrightHolder":{"@id":"https:\/\/www.gaveanews.com\/#organization"}},{"@type":"WebPage","@id":"https:\/\/www.gaveanews.com\/index.php\/2022\/07\/04\/flamengo-fecha-a-contratacao-de-seu-terceiro-reforco\/","url":"https:\/\/www.gaveanews.com\/index.php\/2022\/07\/04\/flamengo-fecha-a-contratacao-de-seu-terceiro-reforco\/","name":"Flamengo fecha a contrata\u00e7\u00e3o de seu terceiro refor\u00e7o","isPartOf":{"@id":"https:\/\/www.gaveanews.com\/#website"},"primaryImageOfPage":{"@id":"https:\/\/www.gaveanews.com\/index.php\/2022\/07\/04\/flamengo-fecha-a-contratacao-de-seu-terceiro-reforco\/#primaryimage"},"image":{"@id":"https:\/\/www.gaveanews.com\/index.php\/2022\/07\/04\/flamengo-fecha-a-contratacao-de-seu-terceiro-reforco\/#primaryimage"},"thumbnailUrl":"https:\/\/www.gaveanews.com\/wp-content\/uploads\/Luis-Henrique-jogador-do-Olympique.webp","datePublished":"2022-07-04T16:11:23+00:00","dateModified":"2022-07-04T16:11:24+00:00","author":{"@id":"https:\/\/www.gaveanews.com\/#\/schema\/person\/3a0372021fabaeec4e7e4242cfa27841"},"breadcrumb":{"@id":"https:\/\/www.gaveanews.com\/index.php\/2022\/07\/04\/flamengo-fecha-a-contratacao-de-seu-terceiro-reforco\/#breadcrumb"},"inLanguage":"pt-BR","potentialAction":[{"@type":"ReadAction","target":["https:\/\/www.gaveanews.com\/index.php\/2022\/07\/04\/flamengo-fecha-a-contratacao-de-seu-terceiro-reforco\/"]}]},{"@type":"ImageObject","inLanguage":"pt-BR","@id":"https:\/\/www.gaveanews.com\/index.php\/2022\/07\/04\/flamengo-fecha-a-contratacao-de-seu-terceiro-reforco\/#primaryimage","url":"https:\/\/www.gaveanews.com\/wp-content\/uploads\/Luis-Henrique-jogador-do-Olympique.webp","contentUrl":"https:\/\/www.gaveanews.com\/wp-content\/uploads\/Luis-Henrique-jogador-do-Olympique.webp","width":800,"height":533,"caption":"Luis Henrique, jogador do Olympique (Foto: Norbert Scanella\/Olympique)"},{"@type":"BreadcrumbList","@id":"https:\/\/www.gaveanews.com\/index.php\/2022\/07\/04\/flamengo-fecha-a-contratacao-de-seu-terceiro-reforco\/#breadcrumb","itemListElement":[{"@type":"ListItem","position":1,"name":"Home","item":"https:\/\/www.gaveanews.com\/"},{"@type":"ListItem","position":2,"name":"Flamengo fecha a contrata\u00e7\u00e3o de seu terceiro refor\u00e7o"}]},{"@type":"WebSite","@id":"https:\/\/www.gaveanews.com\/#website","url":"https:\/\/www.gaveanews.com\/","name":"G\u00e1vea News","description":"Veja todas as not\u00edcias sobre o Flamengo: Contrata\u00e7\u00f5es, categorias de base, resultados das partidas, tabela de classifica\u00e7\u00e3o, pr\u00f3ximos jogos!","potentialAction":[{"@type":"SearchAction","target":{"@type":"EntryPoint","urlTemplate":"https:\/\/www.gaveanews.com\/?s={search_term_string}"},"query-input":{"@type":"PropertyValueSpecification","valueRequired":true,"valueName":"search_term_string"}}],"inLanguage":"pt-BR"},{"@type":"Person","@id":"https:\/\/www.gaveanews.com\/#\/schema\/person\/3a0372021fabaeec4e7e4242cfa27841","name":"Hugo Nogueira","image":{"@type":"ImageObject","inLanguage":"pt-BR","@id":"https:\/\/www.gaveanews.com\/#\/schema\/person\/image\/","url":"https:\/\/secure.gravatar.com\/avatar\/0cdd89f3b47bb55926c08eee2db992845cfdd53f84c9fdd47a49d89b3cd40c0a?s=96&d=mm&r=g","contentUrl":"https:\/\/secure.gravatar.com\/avatar\/0cdd89f3b47bb55926c08eee2db992845cfdd53f84c9fdd47a49d89b3cd40c0a?s=96&d=mm&r=g","caption":"Hugo Nogueira"}}]}},"_links":{"self":[{"href":"https:\/\/www.gaveanews.com\/index.php\/wp-json\/wp\/v2\/posts\/84225","targetHints":{"allow":["GET"]}}],"collection":[{"href":"https:\/\/www.gaveanews.com\/index.php\/wp-json\/wp\/v2\/posts"}],"about":[{"href":"https:\/\/www.gaveanews.com\/index.php\/wp-json\/wp\/v2\/types\/post"}],"author":[{"embeddable":true,"href":"https:\/\/www.gaveanews.com\/index.php\/wp-json\/wp\/v2\/users\/2"}],"replies":[{"embeddable":true,"href":"https:\/\/www.gaveanews.com\/index.php\/wp-json\/wp\/v2\/comments?post=84225"}],"version-history":[{"count":0,"href":"https:\/\/www.gaveanews.com\/index.php\/wp-json\/wp\/v2\/posts\/84225\/revisions"}],"wp:featuredmedia":[{"embeddable":true,"href":"https:\/\/www.gaveanews.com\/index.php\/wp-json\/wp\/v2\/media\/84213"}],"wp:attachment":[{"href":"https:\/\/www.gaveanews.com\/index.php\/wp-json\/wp\/v2\/media?parent=84225"}],"wp:term":[{"taxonomy":"category","embeddable":true,"href":"https:\/\/www.gaveanews.com\/index.php\/wp-json\/wp\/v2\/categories?post=84225"},{"taxonomy":"post_tag","embeddable":true,"href":"https:\/\/www.gaveanews.com\/index.php\/wp-json\/wp\/v2\/tags?post=84225"}],"curies":[{"name":"wp","href":"https:\/\/api.w.org\/{rel}","templated":true}]}}