{"id":84231,"date":"2022-07-04T14:57:38","date_gmt":"2022-07-04T17:57:38","guid":{"rendered":"https:\/\/www.gaveanews.com\/?p=84231"},"modified":"2022-07-04T14:57:40","modified_gmt":"2022-07-04T17:57:40","slug":"mudam-o-patamar-afirma-comentarista-sobre-contratacoes-do-flamengo","status":"publish","type":"post","link":"https:\/\/www.gaveanews.com\/index.php\/2022\/07\/04\/mudam-o-patamar-afirma-comentarista-sobre-contratacoes-do-flamengo\/","title":{"rendered":"&#8220;Mudam o patamar&#8221;, afirma comentarista sobre contrata\u00e7\u00f5es do Flamengo"},"content":{"rendered":"\n<p>O Flamengo mapeou o mercado da bola e se preparou para entrar forte nesta janela de transfer\u00eancias. At\u00e9 o momento, o clube acertou as transfer\u00eancias de Everton Cebolinha e Arturo Vidal. Al\u00e9m disso, <a href=\"https:\/\/www.gaveanews.com\/index.php\/2022\/07\/04\/flamengo-fecha-a-contratacao-de-seu-terceiro-reforco\/\">o Mais Querido tamb\u00e9m j\u00e1 tem encaminhado o empr\u00e9stimo de Luis Henrique.<\/a><\/p>\n\n\n\n<p>Vale lembrar ainda que o clube possui nomes em seu radar como Alexis Sanchez e Wendel. Sabendo disso, o comentarista Rafael Marques fez elogios ao Fla pelas movimenta\u00e7\u00f5es no mercado.<\/p>\n\n\n\n<p><em>\u2014 Os refor\u00e7os mudam o patamar. O Flamengo j\u00e1 tem um elenco muito forte, muito qualificado, mas que em fun\u00e7\u00e3o da oscila\u00e7\u00e3o t\u00e9cnica do time na temporada, essa situa\u00e7\u00e3o acaba impactando o olhar externo sobre essa qualidade. O que era incontest\u00e1vel, passa a ser alvo de contesta\u00e7\u00e3o. N\u00e3o se percebe mais em rela\u00e7\u00e3o ao Flamengo aquela impon\u00eancia de anos atr\u00e1s. Ent\u00e3o, acho que trazer nesse momento jogadores que tem um lastro como Vidal, principalmente, e Alexis Sanchez, seria um movimento interessante, que precisa qualificar ainda mais seu setor construtivo.<\/em><\/p>\n\n\n\n<p><em>\u2014 N\u00e3o \u00e9 de hoje que a gente fala que o Flamengo n\u00e3o tem reposi\u00e7\u00e3o para o Arrascaeta, Everton Ribeiro n\u00e3o vive melhor momento, Marinho e Vitinho s\u00e3o muito inconfi\u00e1veis ainda\u2026 ent\u00e3o o Flamengo necessita sim melhorar seu setor ofensivo. Seriam dois excelentes nomes. Ali\u00e1s, o Vidal talvez seja o primeiro nome que possa resolver uma lacuna que existe no time do Flamengo desde a sa\u00edda do Gerson.<\/em><\/p>\n\n\n\n<p>Embora tr\u00eas nomes j\u00e1 sejam esperados pelo Flamengo, as novidades s\u00f3 poder\u00e3o entrar em campo em algumas semanas. Como a janela de transfer\u00eancias abre somente no dia 18, os atletas contratados s\u00f3 poder\u00e3o ser regularizados nesta data.<\/p>\n\n\n\n<p>Desta forma, aqueles que mostrarem boas condi\u00e7\u00f5es f\u00edsicas e conseguirem integrar o elenco previamente poder\u00e3o estrear pelo Flamengo no dia 20 de julho, quando o time recebe o Juventude pela 18\u00aa rodada do Brasileir\u00e3o.<\/p>\n","protected":false},"excerpt":{"rendered":"<p>O Flamengo mapeou o mercado da bola e se preparou para entrar forte nesta janela de transfer\u00eancias. At\u00e9 o momento, o clube acertou as transfer\u00eancias de Everton Cebolinha e Arturo Vidal. Al\u00e9m disso, o Mais Querido tamb\u00e9m j\u00e1 tem encaminhado o empr\u00e9stimo de Luis Henrique. Vale lembrar ainda que o clube possui nomes em seu [&hellip;]<\/p>\n","protected":false},"author":4,"featured_media":83475,"comment_status":"open","ping_status":"closed","sticky":false,"template":"","format":"standard","meta":{"footnotes":""},"categories":[1],"tags":[],"class_list":["post-84231","post","type-post","status-publish","format-standard","has-post-thumbnail","hentry","category-flamengo"],"yoast_head":"<!-- This site is optimized with the Yoast SEO Premium plugin v24.2 (Yoast SEO v26.9) - https:\/\/yoast.com\/product\/yoast-seo-premium-wordpress\/ -->\n<title>&quot;Mudam o patamar&quot;, afirma comentarista sobre contrata\u00e7\u00f5es do Flamengo<\/title>\n<meta name=\"robots\" content=\"index, follow, max-snippet:-1, max-image-preview:large, max-video-preview:-1\" \/>\n<link rel=\"canonical\" href=\"https:\/\/www.gaveanews.com\/index.php\/2022\/07\/04\/mudam-o-patamar-afirma-comentarista-sobre-contratacoes-do-flamengo\/\" \/>\n<meta property=\"og:locale\" content=\"pt_BR\" \/>\n<meta property=\"og:type\" content=\"article\" \/>\n<meta property=\"og:title\" content=\"&quot;Mudam o patamar&quot;, afirma comentarista sobre contrata\u00e7\u00f5es do Flamengo\" \/>\n<meta property=\"og:description\" content=\"O Flamengo mapeou o mercado da bola e se preparou para entrar forte nesta janela de transfer\u00eancias. At\u00e9 o momento, o clube acertou as transfer\u00eancias de Everton Cebolinha e Arturo Vidal. Al\u00e9m disso, o Mais Querido tamb\u00e9m j\u00e1 tem encaminhado o empr\u00e9stimo de Luis Henrique. Vale lembrar ainda que o clube possui nomes em seu [&hellip;]\" \/>\n<meta property=\"og:url\" content=\"https:\/\/www.gaveanews.com\/index.php\/2022\/07\/04\/mudam-o-patamar-afirma-comentarista-sobre-contratacoes-do-flamengo\/\" \/>\n<meta property=\"og:site_name\" content=\"G\u00e1vea News\" \/>\n<meta property=\"article:publisher\" content=\"https:\/\/facebook.com\/gaveaNews\/\" \/>\n<meta property=\"article:published_time\" content=\"2022-07-04T17:57:38+00:00\" \/>\n<meta property=\"article:modified_time\" content=\"2022-07-04T17:57:40+00:00\" \/>\n<meta property=\"og:image\" content=\"https:\/\/www.gaveanews.com\/wp-content\/uploads\/Everton-Cebolinha-conhece-as-instalacoes-do-Ninho-do-Urubu.webp\" \/>\n\t<meta property=\"og:image:width\" content=\"799\" \/>\n\t<meta property=\"og:image:height\" content=\"533\" \/>\n\t<meta property=\"og:image:type\" content=\"image\/jpeg\" \/>\n<meta name=\"author\" content=\"Let\u00edcia Gerheim\" \/>\n<meta name=\"twitter:card\" content=\"summary_large_image\" \/>\n<meta name=\"twitter:label1\" content=\"Escrito por\" \/>\n\t<meta name=\"twitter:data1\" content=\"Let\u00edcia Gerheim\" \/>\n\t<meta name=\"twitter:label2\" content=\"Est. tempo de leitura\" \/>\n\t<meta name=\"twitter:data2\" content=\"2 minutos\" \/>\n<script type=\"application\/ld+json\" class=\"yoast-schema-graph\">{\"@context\":\"https:\/\/schema.org\",\"@graph\":[{\"@type\":\"NewsArticle\",\"@id\":\"https:\/\/www.gaveanews.com\/index.php\/2022\/07\/04\/mudam-o-patamar-afirma-comentarista-sobre-contratacoes-do-flamengo\/#article\",\"isPartOf\":{\"@id\":\"https:\/\/www.gaveanews.com\/index.php\/2022\/07\/04\/mudam-o-patamar-afirma-comentarista-sobre-contratacoes-do-flamengo\/\"},\"author\":{\"name\":\"Let\u00edcia Gerheim\",\"@id\":\"https:\/\/www.gaveanews.com\/#\/schema\/person\/714c67050b836198af2450ba1c142a67\"},\"headline\":\"&#8220;Mudam o patamar&#8221;, afirma comentarista sobre contrata\u00e7\u00f5es do Flamengo\",\"datePublished\":\"2022-07-04T17:57:38+00:00\",\"dateModified\":\"2022-07-04T17:57:40+00:00\",\"mainEntityOfPage\":{\"@id\":\"https:\/\/www.gaveanews.com\/index.php\/2022\/07\/04\/mudam-o-patamar-afirma-comentarista-sobre-contratacoes-do-flamengo\/\"},\"wordCount\":342,\"commentCount\":0,\"image\":{\"@id\":\"https:\/\/www.gaveanews.com\/index.php\/2022\/07\/04\/mudam-o-patamar-afirma-comentarista-sobre-contratacoes-do-flamengo\/#primaryimage\"},\"thumbnailUrl\":\"https:\/\/www.gaveanews.com\/wp-content\/uploads\/Everton-Cebolinha-conhece-as-instalacoes-do-Ninho-do-Urubu.webp\",\"articleSection\":[\"Flamengo\"],\"inLanguage\":\"pt-BR\",\"potentialAction\":[{\"@type\":\"CommentAction\",\"name\":\"Comment\",\"target\":[\"https:\/\/www.gaveanews.com\/index.php\/2022\/07\/04\/mudam-o-patamar-afirma-comentarista-sobre-contratacoes-do-flamengo\/#respond\"]}],\"copyrightYear\":\"2022\",\"copyrightHolder\":{\"@id\":\"https:\/\/www.gaveanews.com\/#organization\"}},{\"@type\":\"WebPage\",\"@id\":\"https:\/\/www.gaveanews.com\/index.php\/2022\/07\/04\/mudam-o-patamar-afirma-comentarista-sobre-contratacoes-do-flamengo\/\",\"url\":\"https:\/\/www.gaveanews.com\/index.php\/2022\/07\/04\/mudam-o-patamar-afirma-comentarista-sobre-contratacoes-do-flamengo\/\",\"name\":\"\\\"Mudam o patamar\\\", afirma comentarista sobre contrata\u00e7\u00f5es do Flamengo\",\"isPartOf\":{\"@id\":\"https:\/\/www.gaveanews.com\/#website\"},\"primaryImageOfPage\":{\"@id\":\"https:\/\/www.gaveanews.com\/index.php\/2022\/07\/04\/mudam-o-patamar-afirma-comentarista-sobre-contratacoes-do-flamengo\/#primaryimage\"},\"image\":{\"@id\":\"https:\/\/www.gaveanews.com\/index.php\/2022\/07\/04\/mudam-o-patamar-afirma-comentarista-sobre-contratacoes-do-flamengo\/#primaryimage\"},\"thumbnailUrl\":\"https:\/\/www.gaveanews.com\/wp-content\/uploads\/Everton-Cebolinha-conhece-as-instalacoes-do-Ninho-do-Urubu.webp\",\"datePublished\":\"2022-07-04T17:57:38+00:00\",\"dateModified\":\"2022-07-04T17:57:40+00:00\",\"author\":{\"@id\":\"https:\/\/www.gaveanews.com\/#\/schema\/person\/714c67050b836198af2450ba1c142a67\"},\"breadcrumb\":{\"@id\":\"https:\/\/www.gaveanews.com\/index.php\/2022\/07\/04\/mudam-o-patamar-afirma-comentarista-sobre-contratacoes-do-flamengo\/#breadcrumb\"},\"inLanguage\":\"pt-BR\",\"potentialAction\":[{\"@type\":\"ReadAction\",\"target\":[\"https:\/\/www.gaveanews.com\/index.php\/2022\/07\/04\/mudam-o-patamar-afirma-comentarista-sobre-contratacoes-do-flamengo\/\"]}]},{\"@type\":\"ImageObject\",\"inLanguage\":\"pt-BR\",\"@id\":\"https:\/\/www.gaveanews.com\/index.php\/2022\/07\/04\/mudam-o-patamar-afirma-comentarista-sobre-contratacoes-do-flamengo\/#primaryimage\",\"url\":\"https:\/\/www.gaveanews.com\/wp-content\/uploads\/Everton-Cebolinha-conhece-as-instalacoes-do-Ninho-do-Urubu.webp\",\"contentUrl\":\"https:\/\/www.gaveanews.com\/wp-content\/uploads\/Everton-Cebolinha-conhece-as-instalacoes-do-Ninho-do-Urubu.webp\",\"width\":799,\"height\":533,\"caption\":\"Everton Cebolinha conhece as instala\u00e7\u00f5es do Ninho do Urubu (Foto: Alexandre Vidal\/Flamengo)\"},{\"@type\":\"BreadcrumbList\",\"@id\":\"https:\/\/www.gaveanews.com\/index.php\/2022\/07\/04\/mudam-o-patamar-afirma-comentarista-sobre-contratacoes-do-flamengo\/#breadcrumb\",\"itemListElement\":[{\"@type\":\"ListItem\",\"position\":1,\"name\":\"Home\",\"item\":\"https:\/\/www.gaveanews.com\/\"},{\"@type\":\"ListItem\",\"position\":2,\"name\":\"&#8220;Mudam o patamar&#8221;, afirma comentarista sobre contrata\u00e7\u00f5es do Flamengo\"}]},{\"@type\":\"WebSite\",\"@id\":\"https:\/\/www.gaveanews.com\/#website\",\"url\":\"https:\/\/www.gaveanews.com\/\",\"name\":\"G\u00e1vea News\",\"description\":\"Veja todas as not\u00edcias sobre o Flamengo: Contrata\u00e7\u00f5es, categorias de base, resultados das partidas, tabela de classifica\u00e7\u00e3o, pr\u00f3ximos jogos!\",\"potentialAction\":[{\"@type\":\"SearchAction\",\"target\":{\"@type\":\"EntryPoint\",\"urlTemplate\":\"https:\/\/www.gaveanews.com\/?s={search_term_string}\"},\"query-input\":{\"@type\":\"PropertyValueSpecification\",\"valueRequired\":true,\"valueName\":\"search_term_string\"}}],\"inLanguage\":\"pt-BR\"},{\"@type\":\"Person\",\"@id\":\"https:\/\/www.gaveanews.com\/#\/schema\/person\/714c67050b836198af2450ba1c142a67\",\"name\":\"Let\u00edcia Gerheim\",\"image\":{\"@type\":\"ImageObject\",\"inLanguage\":\"pt-BR\",\"@id\":\"https:\/\/www.gaveanews.com\/#\/schema\/person\/image\/\",\"url\":\"https:\/\/secure.gravatar.com\/avatar\/60734739c50fcebfbac509e2a826ccd0ff405c019bc73aab9354f19ecad1dcb4?s=96&d=mm&r=g\",\"contentUrl\":\"https:\/\/secure.gravatar.com\/avatar\/60734739c50fcebfbac509e2a826ccd0ff405c019bc73aab9354f19ecad1dcb4?s=96&d=mm&r=g\",\"caption\":\"Let\u00edcia Gerheim\"}}]}<\/script>\n<!-- \/ Yoast SEO Premium plugin. -->","yoast_head_json":{"title":"\"Mudam o patamar\", afirma comentarista sobre contrata\u00e7\u00f5es do Flamengo","robots":{"index":"index","follow":"follow","max-snippet":"max-snippet:-1","max-image-preview":"max-image-preview:large","max-video-preview":"max-video-preview:-1"},"canonical":"https:\/\/www.gaveanews.com\/index.php\/2022\/07\/04\/mudam-o-patamar-afirma-comentarista-sobre-contratacoes-do-flamengo\/","og_locale":"pt_BR","og_type":"article","og_title":"\"Mudam o patamar\", afirma comentarista sobre contrata\u00e7\u00f5es do Flamengo","og_description":"O Flamengo mapeou o mercado da bola e se preparou para entrar forte nesta janela de transfer\u00eancias. At\u00e9 o momento, o clube acertou as transfer\u00eancias de Everton Cebolinha e Arturo Vidal. Al\u00e9m disso, o Mais Querido tamb\u00e9m j\u00e1 tem encaminhado o empr\u00e9stimo de Luis Henrique. Vale lembrar ainda que o clube possui nomes em seu [&hellip;]","og_url":"https:\/\/www.gaveanews.com\/index.php\/2022\/07\/04\/mudam-o-patamar-afirma-comentarista-sobre-contratacoes-do-flamengo\/","og_site_name":"G\u00e1vea News","article_publisher":"https:\/\/facebook.com\/gaveaNews\/","article_published_time":"2022-07-04T17:57:38+00:00","article_modified_time":"2022-07-04T17:57:40+00:00","og_image":[{"width":799,"height":533,"url":"https:\/\/www.gaveanews.com\/wp-content\/uploads\/Everton-Cebolinha-conhece-as-instalacoes-do-Ninho-do-Urubu.webp","type":"image\/jpeg"}],"author":"Let\u00edcia Gerheim","twitter_card":"summary_large_image","twitter_misc":{"Escrito por":"Let\u00edcia Gerheim","Est. tempo de leitura":"2 minutos"},"schema":{"@context":"https:\/\/schema.org","@graph":[{"@type":"NewsArticle","@id":"https:\/\/www.gaveanews.com\/index.php\/2022\/07\/04\/mudam-o-patamar-afirma-comentarista-sobre-contratacoes-do-flamengo\/#article","isPartOf":{"@id":"https:\/\/www.gaveanews.com\/index.php\/2022\/07\/04\/mudam-o-patamar-afirma-comentarista-sobre-contratacoes-do-flamengo\/"},"author":{"name":"Let\u00edcia Gerheim","@id":"https:\/\/www.gaveanews.com\/#\/schema\/person\/714c67050b836198af2450ba1c142a67"},"headline":"&#8220;Mudam o patamar&#8221;, afirma comentarista sobre contrata\u00e7\u00f5es do Flamengo","datePublished":"2022-07-04T17:57:38+00:00","dateModified":"2022-07-04T17:57:40+00:00","mainEntityOfPage":{"@id":"https:\/\/www.gaveanews.com\/index.php\/2022\/07\/04\/mudam-o-patamar-afirma-comentarista-sobre-contratacoes-do-flamengo\/"},"wordCount":342,"commentCount":0,"image":{"@id":"https:\/\/www.gaveanews.com\/index.php\/2022\/07\/04\/mudam-o-patamar-afirma-comentarista-sobre-contratacoes-do-flamengo\/#primaryimage"},"thumbnailUrl":"https:\/\/www.gaveanews.com\/wp-content\/uploads\/Everton-Cebolinha-conhece-as-instalacoes-do-Ninho-do-Urubu.webp","articleSection":["Flamengo"],"inLanguage":"pt-BR","potentialAction":[{"@type":"CommentAction","name":"Comment","target":["https:\/\/www.gaveanews.com\/index.php\/2022\/07\/04\/mudam-o-patamar-afirma-comentarista-sobre-contratacoes-do-flamengo\/#respond"]}],"copyrightYear":"2022","copyrightHolder":{"@id":"https:\/\/www.gaveanews.com\/#organization"}},{"@type":"WebPage","@id":"https:\/\/www.gaveanews.com\/index.php\/2022\/07\/04\/mudam-o-patamar-afirma-comentarista-sobre-contratacoes-do-flamengo\/","url":"https:\/\/www.gaveanews.com\/index.php\/2022\/07\/04\/mudam-o-patamar-afirma-comentarista-sobre-contratacoes-do-flamengo\/","name":"\"Mudam o patamar\", afirma comentarista sobre contrata\u00e7\u00f5es do Flamengo","isPartOf":{"@id":"https:\/\/www.gaveanews.com\/#website"},"primaryImageOfPage":{"@id":"https:\/\/www.gaveanews.com\/index.php\/2022\/07\/04\/mudam-o-patamar-afirma-comentarista-sobre-contratacoes-do-flamengo\/#primaryimage"},"image":{"@id":"https:\/\/www.gaveanews.com\/index.php\/2022\/07\/04\/mudam-o-patamar-afirma-comentarista-sobre-contratacoes-do-flamengo\/#primaryimage"},"thumbnailUrl":"https:\/\/www.gaveanews.com\/wp-content\/uploads\/Everton-Cebolinha-conhece-as-instalacoes-do-Ninho-do-Urubu.webp","datePublished":"2022-07-04T17:57:38+00:00","dateModified":"2022-07-04T17:57:40+00:00","author":{"@id":"https:\/\/www.gaveanews.com\/#\/schema\/person\/714c67050b836198af2450ba1c142a67"},"breadcrumb":{"@id":"https:\/\/www.gaveanews.com\/index.php\/2022\/07\/04\/mudam-o-patamar-afirma-comentarista-sobre-contratacoes-do-flamengo\/#breadcrumb"},"inLanguage":"pt-BR","potentialAction":[{"@type":"ReadAction","target":["https:\/\/www.gaveanews.com\/index.php\/2022\/07\/04\/mudam-o-patamar-afirma-comentarista-sobre-contratacoes-do-flamengo\/"]}]},{"@type":"ImageObject","inLanguage":"pt-BR","@id":"https:\/\/www.gaveanews.com\/index.php\/2022\/07\/04\/mudam-o-patamar-afirma-comentarista-sobre-contratacoes-do-flamengo\/#primaryimage","url":"https:\/\/www.gaveanews.com\/wp-content\/uploads\/Everton-Cebolinha-conhece-as-instalacoes-do-Ninho-do-Urubu.webp","contentUrl":"https:\/\/www.gaveanews.com\/wp-content\/uploads\/Everton-Cebolinha-conhece-as-instalacoes-do-Ninho-do-Urubu.webp","width":799,"height":533,"caption":"Everton Cebolinha conhece as instala\u00e7\u00f5es do Ninho do Urubu (Foto: Alexandre Vidal\/Flamengo)"},{"@type":"BreadcrumbList","@id":"https:\/\/www.gaveanews.com\/index.php\/2022\/07\/04\/mudam-o-patamar-afirma-comentarista-sobre-contratacoes-do-flamengo\/#breadcrumb","itemListElement":[{"@type":"ListItem","position":1,"name":"Home","item":"https:\/\/www.gaveanews.com\/"},{"@type":"ListItem","position":2,"name":"&#8220;Mudam o patamar&#8221;, afirma comentarista sobre contrata\u00e7\u00f5es do Flamengo"}]},{"@type":"WebSite","@id":"https:\/\/www.gaveanews.com\/#website","url":"https:\/\/www.gaveanews.com\/","name":"G\u00e1vea News","description":"Veja todas as not\u00edcias sobre o Flamengo: Contrata\u00e7\u00f5es, categorias de base, resultados das partidas, tabela de classifica\u00e7\u00e3o, pr\u00f3ximos jogos!","potentialAction":[{"@type":"SearchAction","target":{"@type":"EntryPoint","urlTemplate":"https:\/\/www.gaveanews.com\/?s={search_term_string}"},"query-input":{"@type":"PropertyValueSpecification","valueRequired":true,"valueName":"search_term_string"}}],"inLanguage":"pt-BR"},{"@type":"Person","@id":"https:\/\/www.gaveanews.com\/#\/schema\/person\/714c67050b836198af2450ba1c142a67","name":"Let\u00edcia Gerheim","image":{"@type":"ImageObject","inLanguage":"pt-BR","@id":"https:\/\/www.gaveanews.com\/#\/schema\/person\/image\/","url":"https:\/\/secure.gravatar.com\/avatar\/60734739c50fcebfbac509e2a826ccd0ff405c019bc73aab9354f19ecad1dcb4?s=96&d=mm&r=g","contentUrl":"https:\/\/secure.gravatar.com\/avatar\/60734739c50fcebfbac509e2a826ccd0ff405c019bc73aab9354f19ecad1dcb4?s=96&d=mm&r=g","caption":"Let\u00edcia Gerheim"}}]}},"_links":{"self":[{"href":"https:\/\/www.gaveanews.com\/index.php\/wp-json\/wp\/v2\/posts\/84231","targetHints":{"allow":["GET"]}}],"collection":[{"href":"https:\/\/www.gaveanews.com\/index.php\/wp-json\/wp\/v2\/posts"}],"about":[{"href":"https:\/\/www.gaveanews.com\/index.php\/wp-json\/wp\/v2\/types\/post"}],"author":[{"embeddable":true,"href":"https:\/\/www.gaveanews.com\/index.php\/wp-json\/wp\/v2\/users\/4"}],"replies":[{"embeddable":true,"href":"https:\/\/www.gaveanews.com\/index.php\/wp-json\/wp\/v2\/comments?post=84231"}],"version-history":[{"count":0,"href":"https:\/\/www.gaveanews.com\/index.php\/wp-json\/wp\/v2\/posts\/84231\/revisions"}],"wp:featuredmedia":[{"embeddable":true,"href":"https:\/\/www.gaveanews.com\/index.php\/wp-json\/wp\/v2\/media\/83475"}],"wp:attachment":[{"href":"https:\/\/www.gaveanews.com\/index.php\/wp-json\/wp\/v2\/media?parent=84231"}],"wp:term":[{"taxonomy":"category","embeddable":true,"href":"https:\/\/www.gaveanews.com\/index.php\/wp-json\/wp\/v2\/categories?post=84231"},{"taxonomy":"post_tag","embeddable":true,"href":"https:\/\/www.gaveanews.com\/index.php\/wp-json\/wp\/v2\/tags?post=84231"}],"curies":[{"name":"wp","href":"https:\/\/api.w.org\/{rel}","templated":true}]}}