{"id":84256,"date":"2022-07-05T00:51:52","date_gmt":"2022-07-05T03:51:52","guid":{"rendered":"https:\/\/www.gaveanews.com\/?p=84256"},"modified":"2022-07-05T00:51:53","modified_gmt":"2022-07-05T03:51:53","slug":"reforco-do-flamengo-arturo-vidal-tem-estadio-com-nome-em-sua-homenagem","status":"publish","type":"post","link":"https:\/\/www.gaveanews.com\/index.php\/2022\/07\/05\/reforco-do-flamengo-arturo-vidal-tem-estadio-com-nome-em-sua-homenagem\/","title":{"rendered":"Refor\u00e7o do Flamengo, Arturo Vidal tem est\u00e1dio com nome em sua homenagem"},"content":{"rendered":"\n<p>Nova contrata\u00e7\u00e3o de peso do Flamengo, o volante Arturo Vidal possu\u00ed grande prest\u00edgio na capital do Chile, seu pa\u00eds de origem. O Est\u00e1dio Municipal Arturo Vidal, localizado na comuna de San Joaqu\u00edn, na cidade de Santiago, foi inaugurado em 15 de maio de 2016, \u00e9poca em que o jogador defendia o Bayern de Munique e vinha de uma sequ\u00eancia vitoriosa na sele\u00e7\u00e3o chilena.<\/p>\n\n\n<div class=\"wp-block-image\">\n<figure class=\"aligncenter size-large is-resized\"><img loading=\"lazy\" decoding=\"async\" src=\"https:\/\/www.conmebol.com\/wp-content\/uploads\/2016\/05\/estadiovidal2.webp\" alt=\"\" width=\"824\" height=\"533\"\/><\/figure>\n<\/div>\n\n\n<p>O est\u00e1dio que carrega o nome do jogador do Flamengo \u00e9 utilizado pelo Real San Joaqu\u00edn e pelo clube Rodelino Rom\u00e1n, ambos da segunda divis\u00e3o do futebol chileno.<\/p>\n\n\n\n<p>No Flamengo, Vidal ir\u00e1 receber um sal\u00e1rio de cerca de R$ 1,1 milh\u00e3o por m\u00eas, com v\u00ednculo at\u00e9 o final de 2023.<\/p>\n\n\n\n<p>Retirado de: Jogada 10 <\/p>\n","protected":false},"excerpt":{"rendered":"<p>Nova contrata\u00e7\u00e3o de peso do Flamengo, o volante Arturo Vidal possu\u00ed grande prest\u00edgio na capital do Chile, seu pa\u00eds de origem. O Est\u00e1dio Municipal Arturo Vidal, localizado na comuna de San Joaqu\u00edn, na cidade de Santiago, foi inaugurado em 15 de maio de 2016, \u00e9poca em que o jogador defendia o Bayern de Munique e [&hellip;]<\/p>\n","protected":false},"author":1,"featured_media":56421,"comment_status":"open","ping_status":"closed","sticky":false,"template":"","format":"standard","meta":{"footnotes":""},"categories":[1],"tags":[],"class_list":["post-84256","post","type-post","status-publish","format-standard","has-post-thumbnail","hentry","category-flamengo"],"yoast_head":"<!-- This site is optimized with the Yoast SEO Premium plugin v24.2 (Yoast SEO v26.9) - https:\/\/yoast.com\/product\/yoast-seo-premium-wordpress\/ -->\n<title>Refor\u00e7o do Flamengo, Arturo Vidal tem est\u00e1dio com nome em sua homenagem<\/title>\n<meta name=\"robots\" content=\"index, follow, max-snippet:-1, max-image-preview:large, max-video-preview:-1\" \/>\n<link rel=\"canonical\" href=\"https:\/\/www.gaveanews.com\/index.php\/2022\/07\/05\/reforco-do-flamengo-arturo-vidal-tem-estadio-com-nome-em-sua-homenagem\/\" \/>\n<meta property=\"og:locale\" content=\"pt_BR\" \/>\n<meta property=\"og:type\" content=\"article\" \/>\n<meta property=\"og:title\" content=\"Refor\u00e7o do Flamengo, Arturo Vidal tem est\u00e1dio com nome em sua homenagem\" \/>\n<meta property=\"og:description\" content=\"Nova contrata\u00e7\u00e3o de peso do Flamengo, o volante Arturo Vidal possu\u00ed grande prest\u00edgio na capital do Chile, seu pa\u00eds de origem. O Est\u00e1dio Municipal Arturo Vidal, localizado na comuna de San Joaqu\u00edn, na cidade de Santiago, foi inaugurado em 15 de maio de 2016, \u00e9poca em que o jogador defendia o Bayern de Munique e [&hellip;]\" \/>\n<meta property=\"og:url\" content=\"https:\/\/www.gaveanews.com\/index.php\/2022\/07\/05\/reforco-do-flamengo-arturo-vidal-tem-estadio-com-nome-em-sua-homenagem\/\" \/>\n<meta property=\"og:site_name\" content=\"G\u00e1vea News\" \/>\n<meta property=\"article:publisher\" content=\"https:\/\/facebook.com\/gaveaNews\/\" \/>\n<meta property=\"article:published_time\" content=\"2022-07-05T03:51:52+00:00\" \/>\n<meta property=\"article:modified_time\" content=\"2022-07-05T03:51:53+00:00\" \/>\n<meta property=\"og:image\" content=\"https:\/\/www.gaveanews.com\/wp-content\/uploads\/Vidal-durante-treinamento-da-Internazionale.webp\" \/>\n\t<meta property=\"og:image:width\" content=\"1296\" \/>\n\t<meta property=\"og:image:height\" content=\"729\" \/>\n\t<meta property=\"og:image:type\" content=\"image\/jpeg\" \/>\n<meta name=\"author\" content=\"Equipe G\u00e1vea News\" \/>\n<meta name=\"twitter:card\" content=\"summary_large_image\" \/>\n<meta name=\"twitter:label1\" content=\"Escrito por\" \/>\n\t<meta name=\"twitter:data1\" content=\"Equipe G\u00e1vea News\" \/>\n\t<meta name=\"twitter:label2\" content=\"Est. tempo de leitura\" \/>\n\t<meta name=\"twitter:data2\" content=\"1 minuto\" \/>\n<script type=\"application\/ld+json\" class=\"yoast-schema-graph\">{\"@context\":\"https:\/\/schema.org\",\"@graph\":[{\"@type\":\"NewsArticle\",\"@id\":\"https:\/\/www.gaveanews.com\/index.php\/2022\/07\/05\/reforco-do-flamengo-arturo-vidal-tem-estadio-com-nome-em-sua-homenagem\/#article\",\"isPartOf\":{\"@id\":\"https:\/\/www.gaveanews.com\/index.php\/2022\/07\/05\/reforco-do-flamengo-arturo-vidal-tem-estadio-com-nome-em-sua-homenagem\/\"},\"author\":{\"name\":\"Equipe G\u00e1vea News\",\"@id\":\"https:\/\/www.gaveanews.com\/#\/schema\/person\/2ec14f73fb96be2caf28f91afb14749d\"},\"headline\":\"Refor\u00e7o do Flamengo, Arturo Vidal tem est\u00e1dio com nome em sua homenagem\",\"datePublished\":\"2022-07-05T03:51:52+00:00\",\"dateModified\":\"2022-07-05T03:51:53+00:00\",\"mainEntityOfPage\":{\"@id\":\"https:\/\/www.gaveanews.com\/index.php\/2022\/07\/05\/reforco-do-flamengo-arturo-vidal-tem-estadio-com-nome-em-sua-homenagem\/\"},\"wordCount\":140,\"commentCount\":0,\"image\":{\"@id\":\"https:\/\/www.gaveanews.com\/index.php\/2022\/07\/05\/reforco-do-flamengo-arturo-vidal-tem-estadio-com-nome-em-sua-homenagem\/#primaryimage\"},\"thumbnailUrl\":\"https:\/\/www.gaveanews.com\/wp-content\/uploads\/Vidal-durante-treinamento-da-Internazionale.webp\",\"articleSection\":[\"Flamengo\"],\"inLanguage\":\"pt-BR\",\"potentialAction\":[{\"@type\":\"CommentAction\",\"name\":\"Comment\",\"target\":[\"https:\/\/www.gaveanews.com\/index.php\/2022\/07\/05\/reforco-do-flamengo-arturo-vidal-tem-estadio-com-nome-em-sua-homenagem\/#respond\"]}],\"copyrightYear\":\"2022\",\"copyrightHolder\":{\"@id\":\"https:\/\/www.gaveanews.com\/#organization\"}},{\"@type\":\"WebPage\",\"@id\":\"https:\/\/www.gaveanews.com\/index.php\/2022\/07\/05\/reforco-do-flamengo-arturo-vidal-tem-estadio-com-nome-em-sua-homenagem\/\",\"url\":\"https:\/\/www.gaveanews.com\/index.php\/2022\/07\/05\/reforco-do-flamengo-arturo-vidal-tem-estadio-com-nome-em-sua-homenagem\/\",\"name\":\"Refor\u00e7o do Flamengo, Arturo Vidal tem est\u00e1dio com nome em sua homenagem\",\"isPartOf\":{\"@id\":\"https:\/\/www.gaveanews.com\/#website\"},\"primaryImageOfPage\":{\"@id\":\"https:\/\/www.gaveanews.com\/index.php\/2022\/07\/05\/reforco-do-flamengo-arturo-vidal-tem-estadio-com-nome-em-sua-homenagem\/#primaryimage\"},\"image\":{\"@id\":\"https:\/\/www.gaveanews.com\/index.php\/2022\/07\/05\/reforco-do-flamengo-arturo-vidal-tem-estadio-com-nome-em-sua-homenagem\/#primaryimage\"},\"thumbnailUrl\":\"https:\/\/www.gaveanews.com\/wp-content\/uploads\/Vidal-durante-treinamento-da-Internazionale.webp\",\"datePublished\":\"2022-07-05T03:51:52+00:00\",\"dateModified\":\"2022-07-05T03:51:53+00:00\",\"author\":{\"@id\":\"https:\/\/www.gaveanews.com\/#\/schema\/person\/2ec14f73fb96be2caf28f91afb14749d\"},\"breadcrumb\":{\"@id\":\"https:\/\/www.gaveanews.com\/index.php\/2022\/07\/05\/reforco-do-flamengo-arturo-vidal-tem-estadio-com-nome-em-sua-homenagem\/#breadcrumb\"},\"inLanguage\":\"pt-BR\",\"potentialAction\":[{\"@type\":\"ReadAction\",\"target\":[\"https:\/\/www.gaveanews.com\/index.php\/2022\/07\/05\/reforco-do-flamengo-arturo-vidal-tem-estadio-com-nome-em-sua-homenagem\/\"]}]},{\"@type\":\"ImageObject\",\"inLanguage\":\"pt-BR\",\"@id\":\"https:\/\/www.gaveanews.com\/index.php\/2022\/07\/05\/reforco-do-flamengo-arturo-vidal-tem-estadio-com-nome-em-sua-homenagem\/#primaryimage\",\"url\":\"https:\/\/www.gaveanews.com\/wp-content\/uploads\/Vidal-durante-treinamento-da-Internazionale.webp\",\"contentUrl\":\"https:\/\/www.gaveanews.com\/wp-content\/uploads\/Vidal-durante-treinamento-da-Internazionale.webp\",\"width\":1296,\"height\":729,\"caption\":\"Vidal durante treinamento da Internazionale (Foto: Reprodu\u00e7\u00e3o\/Internazionale)\"},{\"@type\":\"BreadcrumbList\",\"@id\":\"https:\/\/www.gaveanews.com\/index.php\/2022\/07\/05\/reforco-do-flamengo-arturo-vidal-tem-estadio-com-nome-em-sua-homenagem\/#breadcrumb\",\"itemListElement\":[{\"@type\":\"ListItem\",\"position\":1,\"name\":\"Home\",\"item\":\"https:\/\/www.gaveanews.com\/\"},{\"@type\":\"ListItem\",\"position\":2,\"name\":\"Refor\u00e7o do Flamengo, Arturo Vidal tem est\u00e1dio com nome em sua homenagem\"}]},{\"@type\":\"WebSite\",\"@id\":\"https:\/\/www.gaveanews.com\/#website\",\"url\":\"https:\/\/www.gaveanews.com\/\",\"name\":\"G\u00e1vea News\",\"description\":\"Veja todas as not\u00edcias sobre o Flamengo: Contrata\u00e7\u00f5es, categorias de base, resultados das partidas, tabela de classifica\u00e7\u00e3o, pr\u00f3ximos jogos!\",\"potentialAction\":[{\"@type\":\"SearchAction\",\"target\":{\"@type\":\"EntryPoint\",\"urlTemplate\":\"https:\/\/www.gaveanews.com\/?s={search_term_string}\"},\"query-input\":{\"@type\":\"PropertyValueSpecification\",\"valueRequired\":true,\"valueName\":\"search_term_string\"}}],\"inLanguage\":\"pt-BR\"},{\"@type\":\"Person\",\"@id\":\"https:\/\/www.gaveanews.com\/#\/schema\/person\/2ec14f73fb96be2caf28f91afb14749d\",\"name\":\"Equipe G\u00e1vea News\",\"image\":{\"@type\":\"ImageObject\",\"inLanguage\":\"pt-BR\",\"@id\":\"https:\/\/www.gaveanews.com\/#\/schema\/person\/image\/\",\"url\":\"https:\/\/secure.gravatar.com\/avatar\/1e1956f1facbffd3f8fa53a326721950116b3b9dc9bd44939c01180fd4a745a9?s=96&d=mm&r=g\",\"contentUrl\":\"https:\/\/secure.gravatar.com\/avatar\/1e1956f1facbffd3f8fa53a326721950116b3b9dc9bd44939c01180fd4a745a9?s=96&d=mm&r=g\",\"caption\":\"Equipe G\u00e1vea News\"}}]}<\/script>\n<!-- \/ Yoast SEO Premium plugin. -->","yoast_head_json":{"title":"Refor\u00e7o do Flamengo, Arturo Vidal tem est\u00e1dio com nome em sua homenagem","robots":{"index":"index","follow":"follow","max-snippet":"max-snippet:-1","max-image-preview":"max-image-preview:large","max-video-preview":"max-video-preview:-1"},"canonical":"https:\/\/www.gaveanews.com\/index.php\/2022\/07\/05\/reforco-do-flamengo-arturo-vidal-tem-estadio-com-nome-em-sua-homenagem\/","og_locale":"pt_BR","og_type":"article","og_title":"Refor\u00e7o do Flamengo, Arturo Vidal tem est\u00e1dio com nome em sua homenagem","og_description":"Nova contrata\u00e7\u00e3o de peso do Flamengo, o volante Arturo Vidal possu\u00ed grande prest\u00edgio na capital do Chile, seu pa\u00eds de origem. O Est\u00e1dio Municipal Arturo Vidal, localizado na comuna de San Joaqu\u00edn, na cidade de Santiago, foi inaugurado em 15 de maio de 2016, \u00e9poca em que o jogador defendia o Bayern de Munique e [&hellip;]","og_url":"https:\/\/www.gaveanews.com\/index.php\/2022\/07\/05\/reforco-do-flamengo-arturo-vidal-tem-estadio-com-nome-em-sua-homenagem\/","og_site_name":"G\u00e1vea News","article_publisher":"https:\/\/facebook.com\/gaveaNews\/","article_published_time":"2022-07-05T03:51:52+00:00","article_modified_time":"2022-07-05T03:51:53+00:00","og_image":[{"width":1296,"height":729,"url":"https:\/\/www.gaveanews.com\/wp-content\/uploads\/Vidal-durante-treinamento-da-Internazionale.webp","type":"image\/jpeg"}],"author":"Equipe G\u00e1vea News","twitter_card":"summary_large_image","twitter_misc":{"Escrito por":"Equipe G\u00e1vea News","Est. tempo de leitura":"1 minuto"},"schema":{"@context":"https:\/\/schema.org","@graph":[{"@type":"NewsArticle","@id":"https:\/\/www.gaveanews.com\/index.php\/2022\/07\/05\/reforco-do-flamengo-arturo-vidal-tem-estadio-com-nome-em-sua-homenagem\/#article","isPartOf":{"@id":"https:\/\/www.gaveanews.com\/index.php\/2022\/07\/05\/reforco-do-flamengo-arturo-vidal-tem-estadio-com-nome-em-sua-homenagem\/"},"author":{"name":"Equipe G\u00e1vea News","@id":"https:\/\/www.gaveanews.com\/#\/schema\/person\/2ec14f73fb96be2caf28f91afb14749d"},"headline":"Refor\u00e7o do Flamengo, Arturo Vidal tem est\u00e1dio com nome em sua homenagem","datePublished":"2022-07-05T03:51:52+00:00","dateModified":"2022-07-05T03:51:53+00:00","mainEntityOfPage":{"@id":"https:\/\/www.gaveanews.com\/index.php\/2022\/07\/05\/reforco-do-flamengo-arturo-vidal-tem-estadio-com-nome-em-sua-homenagem\/"},"wordCount":140,"commentCount":0,"image":{"@id":"https:\/\/www.gaveanews.com\/index.php\/2022\/07\/05\/reforco-do-flamengo-arturo-vidal-tem-estadio-com-nome-em-sua-homenagem\/#primaryimage"},"thumbnailUrl":"https:\/\/www.gaveanews.com\/wp-content\/uploads\/Vidal-durante-treinamento-da-Internazionale.webp","articleSection":["Flamengo"],"inLanguage":"pt-BR","potentialAction":[{"@type":"CommentAction","name":"Comment","target":["https:\/\/www.gaveanews.com\/index.php\/2022\/07\/05\/reforco-do-flamengo-arturo-vidal-tem-estadio-com-nome-em-sua-homenagem\/#respond"]}],"copyrightYear":"2022","copyrightHolder":{"@id":"https:\/\/www.gaveanews.com\/#organization"}},{"@type":"WebPage","@id":"https:\/\/www.gaveanews.com\/index.php\/2022\/07\/05\/reforco-do-flamengo-arturo-vidal-tem-estadio-com-nome-em-sua-homenagem\/","url":"https:\/\/www.gaveanews.com\/index.php\/2022\/07\/05\/reforco-do-flamengo-arturo-vidal-tem-estadio-com-nome-em-sua-homenagem\/","name":"Refor\u00e7o do Flamengo, Arturo Vidal tem est\u00e1dio com nome em sua homenagem","isPartOf":{"@id":"https:\/\/www.gaveanews.com\/#website"},"primaryImageOfPage":{"@id":"https:\/\/www.gaveanews.com\/index.php\/2022\/07\/05\/reforco-do-flamengo-arturo-vidal-tem-estadio-com-nome-em-sua-homenagem\/#primaryimage"},"image":{"@id":"https:\/\/www.gaveanews.com\/index.php\/2022\/07\/05\/reforco-do-flamengo-arturo-vidal-tem-estadio-com-nome-em-sua-homenagem\/#primaryimage"},"thumbnailUrl":"https:\/\/www.gaveanews.com\/wp-content\/uploads\/Vidal-durante-treinamento-da-Internazionale.webp","datePublished":"2022-07-05T03:51:52+00:00","dateModified":"2022-07-05T03:51:53+00:00","author":{"@id":"https:\/\/www.gaveanews.com\/#\/schema\/person\/2ec14f73fb96be2caf28f91afb14749d"},"breadcrumb":{"@id":"https:\/\/www.gaveanews.com\/index.php\/2022\/07\/05\/reforco-do-flamengo-arturo-vidal-tem-estadio-com-nome-em-sua-homenagem\/#breadcrumb"},"inLanguage":"pt-BR","potentialAction":[{"@type":"ReadAction","target":["https:\/\/www.gaveanews.com\/index.php\/2022\/07\/05\/reforco-do-flamengo-arturo-vidal-tem-estadio-com-nome-em-sua-homenagem\/"]}]},{"@type":"ImageObject","inLanguage":"pt-BR","@id":"https:\/\/www.gaveanews.com\/index.php\/2022\/07\/05\/reforco-do-flamengo-arturo-vidal-tem-estadio-com-nome-em-sua-homenagem\/#primaryimage","url":"https:\/\/www.gaveanews.com\/wp-content\/uploads\/Vidal-durante-treinamento-da-Internazionale.webp","contentUrl":"https:\/\/www.gaveanews.com\/wp-content\/uploads\/Vidal-durante-treinamento-da-Internazionale.webp","width":1296,"height":729,"caption":"Vidal durante treinamento da Internazionale (Foto: Reprodu\u00e7\u00e3o\/Internazionale)"},{"@type":"BreadcrumbList","@id":"https:\/\/www.gaveanews.com\/index.php\/2022\/07\/05\/reforco-do-flamengo-arturo-vidal-tem-estadio-com-nome-em-sua-homenagem\/#breadcrumb","itemListElement":[{"@type":"ListItem","position":1,"name":"Home","item":"https:\/\/www.gaveanews.com\/"},{"@type":"ListItem","position":2,"name":"Refor\u00e7o do Flamengo, Arturo Vidal tem est\u00e1dio com nome em sua homenagem"}]},{"@type":"WebSite","@id":"https:\/\/www.gaveanews.com\/#website","url":"https:\/\/www.gaveanews.com\/","name":"G\u00e1vea News","description":"Veja todas as not\u00edcias sobre o Flamengo: Contrata\u00e7\u00f5es, categorias de base, resultados das partidas, tabela de classifica\u00e7\u00e3o, pr\u00f3ximos jogos!","potentialAction":[{"@type":"SearchAction","target":{"@type":"EntryPoint","urlTemplate":"https:\/\/www.gaveanews.com\/?s={search_term_string}"},"query-input":{"@type":"PropertyValueSpecification","valueRequired":true,"valueName":"search_term_string"}}],"inLanguage":"pt-BR"},{"@type":"Person","@id":"https:\/\/www.gaveanews.com\/#\/schema\/person\/2ec14f73fb96be2caf28f91afb14749d","name":"Equipe G\u00e1vea News","image":{"@type":"ImageObject","inLanguage":"pt-BR","@id":"https:\/\/www.gaveanews.com\/#\/schema\/person\/image\/","url":"https:\/\/secure.gravatar.com\/avatar\/1e1956f1facbffd3f8fa53a326721950116b3b9dc9bd44939c01180fd4a745a9?s=96&d=mm&r=g","contentUrl":"https:\/\/secure.gravatar.com\/avatar\/1e1956f1facbffd3f8fa53a326721950116b3b9dc9bd44939c01180fd4a745a9?s=96&d=mm&r=g","caption":"Equipe G\u00e1vea News"}}]}},"_links":{"self":[{"href":"https:\/\/www.gaveanews.com\/index.php\/wp-json\/wp\/v2\/posts\/84256","targetHints":{"allow":["GET"]}}],"collection":[{"href":"https:\/\/www.gaveanews.com\/index.php\/wp-json\/wp\/v2\/posts"}],"about":[{"href":"https:\/\/www.gaveanews.com\/index.php\/wp-json\/wp\/v2\/types\/post"}],"author":[{"embeddable":true,"href":"https:\/\/www.gaveanews.com\/index.php\/wp-json\/wp\/v2\/users\/1"}],"replies":[{"embeddable":true,"href":"https:\/\/www.gaveanews.com\/index.php\/wp-json\/wp\/v2\/comments?post=84256"}],"version-history":[{"count":0,"href":"https:\/\/www.gaveanews.com\/index.php\/wp-json\/wp\/v2\/posts\/84256\/revisions"}],"wp:featuredmedia":[{"embeddable":true,"href":"https:\/\/www.gaveanews.com\/index.php\/wp-json\/wp\/v2\/media\/56421"}],"wp:attachment":[{"href":"https:\/\/www.gaveanews.com\/index.php\/wp-json\/wp\/v2\/media?parent=84256"}],"wp:term":[{"taxonomy":"category","embeddable":true,"href":"https:\/\/www.gaveanews.com\/index.php\/wp-json\/wp\/v2\/categories?post=84256"},{"taxonomy":"post_tag","embeddable":true,"href":"https:\/\/www.gaveanews.com\/index.php\/wp-json\/wp\/v2\/tags?post=84256"}],"curies":[{"name":"wp","href":"https:\/\/api.w.org\/{rel}","templated":true}]}}