{"id":84258,"date":"2022-07-05T01:12:23","date_gmt":"2022-07-05T04:12:23","guid":{"rendered":"https:\/\/www.gaveanews.com\/?p=84258"},"modified":"2022-07-05T01:12:24","modified_gmt":"2022-07-05T04:12:24","slug":"vinicius-junior-projeta-meta-no-flamengo-e-casimiro-brinca-nao-volta","status":"publish","type":"post","link":"https:\/\/www.gaveanews.com\/index.php\/2022\/07\/05\/vinicius-junior-projeta-meta-no-flamengo-e-casimiro-brinca-nao-volta\/","title":{"rendered":"Vinicius Junior projeta meta no Flamengo e Casimiro brinca: \u201cN\u00e3o volta\u201d"},"content":{"rendered":"\n<p>Em entrevista ao \u201cQue Papinho\u201d, comandado por Casimiro Miguel, Vinicius Junior ressaltou seu amor pelo Flamengo. Formado no clube carioca, o astro do Real Madrid teve pouco tempo no time principal, j\u00e1 que estava vendido ao time merengue de forma antecipada. Mesmo com uma longa trajet\u00f3ria na Europa pela frente, a inten\u00e7\u00e3o \u00e9 voltar ao Ninho do Urubu no futuro para faturar o t\u00edtulo da Libertadores.<\/p>\n\n\n\n<p>Mediante a amizade com Lucas Paquet\u00e1, Vinicius Junior revelou que os dois querem retornar no mesmo per\u00edodo. Ainda que o cen\u00e1rio esteja distante, Casimiro, torcedor apaixonado do Vasco, brincou ao aconselhar que o atleta permane\u00e7a na capital espanhola. Por enquanto, ele apenas assiste pela televis\u00e3o os jogos e torce por Gabigol, Arrascaeta e companhia.<\/p>\n\n\n\n<p><em>\u2014 A amizade com o Paquet\u00e1 vai seguir, \u00e9 o melhor amigo que eu tenho no futebol. Tenho um grande carinho por ele, e ele um grande carinho por mim. Vai ser para sempre. Estamos decidindo um ano (para voltar ao Flamengo). Mas n\u00e3o \u00e9 agora. Tenho que voltar para ganhar a Libertadores<\/em>, disse o atacante.<\/p>\n\n\n\n<p>\u2014 <em>N\u00e3o volta, n\u00e3o! A Europa \u00e9 maneiro, t\u00e1 no Real Madrid<\/em>, brincou Casimiro.<\/p>\n\n\n\n<p><em>\u2014 Sempre (acompanho), sou flamenguista, mas estou vendo menos por causa da hora. Ou \u00e9 na hora de jogar videogame ou na hora de dormir<\/em>, completou Vini Junior.<\/p>\n\n\n\n<h2 class=\"wp-block-heading\" id=\"h-polemica-entre-vinicius-junior-e-benzema\">Pol\u00eamica entre Vinicius Junior e Benzema<\/h2>\n\n\n\n<p>Deixando claro que n\u00e3o teve nenhum problema com Benzema, Vinicius Junior detalhou a pol\u00eamica com o franc\u00eas. Flagrado por c\u00e2meras, o camisa 9 teria aconselhado que o brasileiro n\u00e3o recebesse a bola, j\u00e1 que ele n\u00e3o estava rendendo em campo. Apesar das imagens, o centroavante negou que tenha feito o discurso e o caso se resolveu nos bastidores. Posteriormente, ambos tiveram atua\u00e7\u00f5es cruciais no t\u00edtulo do\u00a0Real Madrid\u00a0na Champions League.<\/p>\n\n\n\n<p>\u2014 <em>Ele falou um dia depois e disse que gostava de mim e o que falaram n\u00e3o era certo. Eu acredito nele, tenho um carinho muito grande por ele porque \u00e9 um jogador que sempre fui muito f\u00e3, acompanhava pela televis\u00e3o. Ele me botou no top-5 de melhores do mundo. Fico muito feliz. Vai chegar natural. O Karim tem 35 anos e vai chegar para ele agora. Tenho muito tempo e uma estrada muito longa para evoluir<\/em>, afirmou.<\/p>\n\n\n\n<p>Retirado de: Torcedores<\/p>\n","protected":false},"excerpt":{"rendered":"<p>Em entrevista ao \u201cQue Papinho\u201d, comandado por Casimiro Miguel, Vinicius Junior ressaltou seu amor pelo Flamengo. Formado no clube carioca, o astro do Real Madrid teve pouco tempo no time principal, j\u00e1 que estava vendido ao time merengue de forma antecipada. Mesmo com uma longa trajet\u00f3ria na Europa pela frente, a inten\u00e7\u00e3o \u00e9 voltar ao [&hellip;]<\/p>\n","protected":false},"author":1,"featured_media":74986,"comment_status":"open","ping_status":"closed","sticky":false,"template":"","format":"standard","meta":{"footnotes":""},"categories":[47],"tags":[],"class_list":["post-84258","post","type-post","status-publish","format-standard","has-post-thumbnail","hentry","category-destaques"],"yoast_head":"<!-- This site is optimized with the Yoast SEO Premium plugin v24.2 (Yoast SEO v26.9) - https:\/\/yoast.com\/product\/yoast-seo-premium-wordpress\/ -->\n<title>Vinicius Junior projeta meta no Flamengo e Casimiro brinca: \u201cN\u00e3o volta\u201d<\/title>\n<meta name=\"robots\" content=\"index, follow, max-snippet:-1, max-image-preview:large, max-video-preview:-1\" \/>\n<link rel=\"canonical\" href=\"https:\/\/www.gaveanews.com\/index.php\/2022\/07\/05\/vinicius-junior-projeta-meta-no-flamengo-e-casimiro-brinca-nao-volta\/\" \/>\n<meta property=\"og:locale\" content=\"pt_BR\" \/>\n<meta property=\"og:type\" content=\"article\" \/>\n<meta property=\"og:title\" content=\"Vinicius Junior projeta meta no Flamengo e Casimiro brinca: \u201cN\u00e3o volta\u201d\" \/>\n<meta property=\"og:description\" content=\"Em entrevista ao \u201cQue Papinho\u201d, comandado por Casimiro Miguel, Vinicius Junior ressaltou seu amor pelo Flamengo. Formado no clube carioca, o astro do Real Madrid teve pouco tempo no time principal, j\u00e1 que estava vendido ao time merengue de forma antecipada. Mesmo com uma longa trajet\u00f3ria na Europa pela frente, a inten\u00e7\u00e3o \u00e9 voltar ao [&hellip;]\" \/>\n<meta property=\"og:url\" content=\"https:\/\/www.gaveanews.com\/index.php\/2022\/07\/05\/vinicius-junior-projeta-meta-no-flamengo-e-casimiro-brinca-nao-volta\/\" \/>\n<meta property=\"og:site_name\" content=\"G\u00e1vea News\" \/>\n<meta property=\"article:publisher\" content=\"https:\/\/facebook.com\/gaveaNews\/\" \/>\n<meta property=\"article:published_time\" content=\"2022-07-05T04:12:23+00:00\" \/>\n<meta property=\"article:modified_time\" content=\"2022-07-05T04:12:24+00:00\" \/>\n<meta property=\"og:image\" content=\"https:\/\/www.gaveanews.com\/wp-content\/uploads\/Vinicius-Junior-e-Benzema-em-acao-pelo-Real-Madrid.webp\" \/>\n\t<meta property=\"og:image:width\" content=\"846\" \/>\n\t<meta property=\"og:image:height\" content=\"564\" \/>\n\t<meta property=\"og:image:type\" content=\"image\/jpeg\" \/>\n<meta name=\"author\" content=\"Equipe G\u00e1vea News\" \/>\n<meta name=\"twitter:card\" content=\"summary_large_image\" \/>\n<meta name=\"twitter:label1\" content=\"Escrito por\" \/>\n\t<meta name=\"twitter:data1\" content=\"Equipe G\u00e1vea News\" \/>\n\t<meta name=\"twitter:label2\" content=\"Est. tempo de leitura\" \/>\n\t<meta name=\"twitter:data2\" content=\"3 minutos\" \/>\n<script type=\"application\/ld+json\" class=\"yoast-schema-graph\">{\"@context\":\"https:\/\/schema.org\",\"@graph\":[{\"@type\":\"NewsArticle\",\"@id\":\"https:\/\/www.gaveanews.com\/index.php\/2022\/07\/05\/vinicius-junior-projeta-meta-no-flamengo-e-casimiro-brinca-nao-volta\/#article\",\"isPartOf\":{\"@id\":\"https:\/\/www.gaveanews.com\/index.php\/2022\/07\/05\/vinicius-junior-projeta-meta-no-flamengo-e-casimiro-brinca-nao-volta\/\"},\"author\":{\"name\":\"Equipe G\u00e1vea News\",\"@id\":\"https:\/\/www.gaveanews.com\/#\/schema\/person\/2ec14f73fb96be2caf28f91afb14749d\"},\"headline\":\"Vinicius Junior projeta meta no Flamengo e Casimiro brinca: \u201cN\u00e3o volta\u201d\",\"datePublished\":\"2022-07-05T04:12:23+00:00\",\"dateModified\":\"2022-07-05T04:12:24+00:00\",\"mainEntityOfPage\":{\"@id\":\"https:\/\/www.gaveanews.com\/index.php\/2022\/07\/05\/vinicius-junior-projeta-meta-no-flamengo-e-casimiro-brinca-nao-volta\/\"},\"wordCount\":397,\"commentCount\":0,\"image\":{\"@id\":\"https:\/\/www.gaveanews.com\/index.php\/2022\/07\/05\/vinicius-junior-projeta-meta-no-flamengo-e-casimiro-brinca-nao-volta\/#primaryimage\"},\"thumbnailUrl\":\"https:\/\/www.gaveanews.com\/wp-content\/uploads\/Vinicius-Junior-e-Benzema-em-acao-pelo-Real-Madrid.webp\",\"articleSection\":[\"Destaques\"],\"inLanguage\":\"pt-BR\",\"potentialAction\":[{\"@type\":\"CommentAction\",\"name\":\"Comment\",\"target\":[\"https:\/\/www.gaveanews.com\/index.php\/2022\/07\/05\/vinicius-junior-projeta-meta-no-flamengo-e-casimiro-brinca-nao-volta\/#respond\"]}],\"copyrightYear\":\"2022\",\"copyrightHolder\":{\"@id\":\"https:\/\/www.gaveanews.com\/#organization\"}},{\"@type\":\"WebPage\",\"@id\":\"https:\/\/www.gaveanews.com\/index.php\/2022\/07\/05\/vinicius-junior-projeta-meta-no-flamengo-e-casimiro-brinca-nao-volta\/\",\"url\":\"https:\/\/www.gaveanews.com\/index.php\/2022\/07\/05\/vinicius-junior-projeta-meta-no-flamengo-e-casimiro-brinca-nao-volta\/\",\"name\":\"Vinicius Junior projeta meta no Flamengo e Casimiro brinca: \u201cN\u00e3o volta\u201d\",\"isPartOf\":{\"@id\":\"https:\/\/www.gaveanews.com\/#website\"},\"primaryImageOfPage\":{\"@id\":\"https:\/\/www.gaveanews.com\/index.php\/2022\/07\/05\/vinicius-junior-projeta-meta-no-flamengo-e-casimiro-brinca-nao-volta\/#primaryimage\"},\"image\":{\"@id\":\"https:\/\/www.gaveanews.com\/index.php\/2022\/07\/05\/vinicius-junior-projeta-meta-no-flamengo-e-casimiro-brinca-nao-volta\/#primaryimage\"},\"thumbnailUrl\":\"https:\/\/www.gaveanews.com\/wp-content\/uploads\/Vinicius-Junior-e-Benzema-em-acao-pelo-Real-Madrid.webp\",\"datePublished\":\"2022-07-05T04:12:23+00:00\",\"dateModified\":\"2022-07-05T04:12:24+00:00\",\"author\":{\"@id\":\"https:\/\/www.gaveanews.com\/#\/schema\/person\/2ec14f73fb96be2caf28f91afb14749d\"},\"breadcrumb\":{\"@id\":\"https:\/\/www.gaveanews.com\/index.php\/2022\/07\/05\/vinicius-junior-projeta-meta-no-flamengo-e-casimiro-brinca-nao-volta\/#breadcrumb\"},\"inLanguage\":\"pt-BR\",\"potentialAction\":[{\"@type\":\"ReadAction\",\"target\":[\"https:\/\/www.gaveanews.com\/index.php\/2022\/07\/05\/vinicius-junior-projeta-meta-no-flamengo-e-casimiro-brinca-nao-volta\/\"]}]},{\"@type\":\"ImageObject\",\"inLanguage\":\"pt-BR\",\"@id\":\"https:\/\/www.gaveanews.com\/index.php\/2022\/07\/05\/vinicius-junior-projeta-meta-no-flamengo-e-casimiro-brinca-nao-volta\/#primaryimage\",\"url\":\"https:\/\/www.gaveanews.com\/wp-content\/uploads\/Vinicius-Junior-e-Benzema-em-acao-pelo-Real-Madrid.webp\",\"contentUrl\":\"https:\/\/www.gaveanews.com\/wp-content\/uploads\/Vinicius-Junior-e-Benzema-em-acao-pelo-Real-Madrid.webp\",\"width\":846,\"height\":564,\"caption\":\"Vinicius Junior e Benzema em a\u00e7\u00e3o pelo Real Madrid (Foto: Pedro Castillo\/Real Madrid)\"},{\"@type\":\"BreadcrumbList\",\"@id\":\"https:\/\/www.gaveanews.com\/index.php\/2022\/07\/05\/vinicius-junior-projeta-meta-no-flamengo-e-casimiro-brinca-nao-volta\/#breadcrumb\",\"itemListElement\":[{\"@type\":\"ListItem\",\"position\":1,\"name\":\"Home\",\"item\":\"https:\/\/www.gaveanews.com\/\"},{\"@type\":\"ListItem\",\"position\":2,\"name\":\"Vinicius Junior projeta meta no Flamengo e Casimiro brinca: \u201cN\u00e3o volta\u201d\"}]},{\"@type\":\"WebSite\",\"@id\":\"https:\/\/www.gaveanews.com\/#website\",\"url\":\"https:\/\/www.gaveanews.com\/\",\"name\":\"G\u00e1vea News\",\"description\":\"Veja todas as not\u00edcias sobre o Flamengo: Contrata\u00e7\u00f5es, categorias de base, resultados das partidas, tabela de classifica\u00e7\u00e3o, pr\u00f3ximos jogos!\",\"potentialAction\":[{\"@type\":\"SearchAction\",\"target\":{\"@type\":\"EntryPoint\",\"urlTemplate\":\"https:\/\/www.gaveanews.com\/?s={search_term_string}\"},\"query-input\":{\"@type\":\"PropertyValueSpecification\",\"valueRequired\":true,\"valueName\":\"search_term_string\"}}],\"inLanguage\":\"pt-BR\"},{\"@type\":\"Person\",\"@id\":\"https:\/\/www.gaveanews.com\/#\/schema\/person\/2ec14f73fb96be2caf28f91afb14749d\",\"name\":\"Equipe G\u00e1vea News\",\"image\":{\"@type\":\"ImageObject\",\"inLanguage\":\"pt-BR\",\"@id\":\"https:\/\/www.gaveanews.com\/#\/schema\/person\/image\/\",\"url\":\"https:\/\/secure.gravatar.com\/avatar\/1e1956f1facbffd3f8fa53a326721950116b3b9dc9bd44939c01180fd4a745a9?s=96&d=mm&r=g\",\"contentUrl\":\"https:\/\/secure.gravatar.com\/avatar\/1e1956f1facbffd3f8fa53a326721950116b3b9dc9bd44939c01180fd4a745a9?s=96&d=mm&r=g\",\"caption\":\"Equipe G\u00e1vea News\"}}]}<\/script>\n<!-- \/ Yoast SEO Premium plugin. -->","yoast_head_json":{"title":"Vinicius Junior projeta meta no Flamengo e Casimiro brinca: \u201cN\u00e3o volta\u201d","robots":{"index":"index","follow":"follow","max-snippet":"max-snippet:-1","max-image-preview":"max-image-preview:large","max-video-preview":"max-video-preview:-1"},"canonical":"https:\/\/www.gaveanews.com\/index.php\/2022\/07\/05\/vinicius-junior-projeta-meta-no-flamengo-e-casimiro-brinca-nao-volta\/","og_locale":"pt_BR","og_type":"article","og_title":"Vinicius Junior projeta meta no Flamengo e Casimiro brinca: \u201cN\u00e3o volta\u201d","og_description":"Em entrevista ao \u201cQue Papinho\u201d, comandado por Casimiro Miguel, Vinicius Junior ressaltou seu amor pelo Flamengo. Formado no clube carioca, o astro do Real Madrid teve pouco tempo no time principal, j\u00e1 que estava vendido ao time merengue de forma antecipada. Mesmo com uma longa trajet\u00f3ria na Europa pela frente, a inten\u00e7\u00e3o \u00e9 voltar ao [&hellip;]","og_url":"https:\/\/www.gaveanews.com\/index.php\/2022\/07\/05\/vinicius-junior-projeta-meta-no-flamengo-e-casimiro-brinca-nao-volta\/","og_site_name":"G\u00e1vea News","article_publisher":"https:\/\/facebook.com\/gaveaNews\/","article_published_time":"2022-07-05T04:12:23+00:00","article_modified_time":"2022-07-05T04:12:24+00:00","og_image":[{"width":846,"height":564,"url":"https:\/\/www.gaveanews.com\/wp-content\/uploads\/Vinicius-Junior-e-Benzema-em-acao-pelo-Real-Madrid.webp","type":"image\/jpeg"}],"author":"Equipe G\u00e1vea News","twitter_card":"summary_large_image","twitter_misc":{"Escrito por":"Equipe G\u00e1vea News","Est. tempo de leitura":"3 minutos"},"schema":{"@context":"https:\/\/schema.org","@graph":[{"@type":"NewsArticle","@id":"https:\/\/www.gaveanews.com\/index.php\/2022\/07\/05\/vinicius-junior-projeta-meta-no-flamengo-e-casimiro-brinca-nao-volta\/#article","isPartOf":{"@id":"https:\/\/www.gaveanews.com\/index.php\/2022\/07\/05\/vinicius-junior-projeta-meta-no-flamengo-e-casimiro-brinca-nao-volta\/"},"author":{"name":"Equipe G\u00e1vea News","@id":"https:\/\/www.gaveanews.com\/#\/schema\/person\/2ec14f73fb96be2caf28f91afb14749d"},"headline":"Vinicius Junior projeta meta no Flamengo e Casimiro brinca: \u201cN\u00e3o volta\u201d","datePublished":"2022-07-05T04:12:23+00:00","dateModified":"2022-07-05T04:12:24+00:00","mainEntityOfPage":{"@id":"https:\/\/www.gaveanews.com\/index.php\/2022\/07\/05\/vinicius-junior-projeta-meta-no-flamengo-e-casimiro-brinca-nao-volta\/"},"wordCount":397,"commentCount":0,"image":{"@id":"https:\/\/www.gaveanews.com\/index.php\/2022\/07\/05\/vinicius-junior-projeta-meta-no-flamengo-e-casimiro-brinca-nao-volta\/#primaryimage"},"thumbnailUrl":"https:\/\/www.gaveanews.com\/wp-content\/uploads\/Vinicius-Junior-e-Benzema-em-acao-pelo-Real-Madrid.webp","articleSection":["Destaques"],"inLanguage":"pt-BR","potentialAction":[{"@type":"CommentAction","name":"Comment","target":["https:\/\/www.gaveanews.com\/index.php\/2022\/07\/05\/vinicius-junior-projeta-meta-no-flamengo-e-casimiro-brinca-nao-volta\/#respond"]}],"copyrightYear":"2022","copyrightHolder":{"@id":"https:\/\/www.gaveanews.com\/#organization"}},{"@type":"WebPage","@id":"https:\/\/www.gaveanews.com\/index.php\/2022\/07\/05\/vinicius-junior-projeta-meta-no-flamengo-e-casimiro-brinca-nao-volta\/","url":"https:\/\/www.gaveanews.com\/index.php\/2022\/07\/05\/vinicius-junior-projeta-meta-no-flamengo-e-casimiro-brinca-nao-volta\/","name":"Vinicius Junior projeta meta no Flamengo e Casimiro brinca: \u201cN\u00e3o volta\u201d","isPartOf":{"@id":"https:\/\/www.gaveanews.com\/#website"},"primaryImageOfPage":{"@id":"https:\/\/www.gaveanews.com\/index.php\/2022\/07\/05\/vinicius-junior-projeta-meta-no-flamengo-e-casimiro-brinca-nao-volta\/#primaryimage"},"image":{"@id":"https:\/\/www.gaveanews.com\/index.php\/2022\/07\/05\/vinicius-junior-projeta-meta-no-flamengo-e-casimiro-brinca-nao-volta\/#primaryimage"},"thumbnailUrl":"https:\/\/www.gaveanews.com\/wp-content\/uploads\/Vinicius-Junior-e-Benzema-em-acao-pelo-Real-Madrid.webp","datePublished":"2022-07-05T04:12:23+00:00","dateModified":"2022-07-05T04:12:24+00:00","author":{"@id":"https:\/\/www.gaveanews.com\/#\/schema\/person\/2ec14f73fb96be2caf28f91afb14749d"},"breadcrumb":{"@id":"https:\/\/www.gaveanews.com\/index.php\/2022\/07\/05\/vinicius-junior-projeta-meta-no-flamengo-e-casimiro-brinca-nao-volta\/#breadcrumb"},"inLanguage":"pt-BR","potentialAction":[{"@type":"ReadAction","target":["https:\/\/www.gaveanews.com\/index.php\/2022\/07\/05\/vinicius-junior-projeta-meta-no-flamengo-e-casimiro-brinca-nao-volta\/"]}]},{"@type":"ImageObject","inLanguage":"pt-BR","@id":"https:\/\/www.gaveanews.com\/index.php\/2022\/07\/05\/vinicius-junior-projeta-meta-no-flamengo-e-casimiro-brinca-nao-volta\/#primaryimage","url":"https:\/\/www.gaveanews.com\/wp-content\/uploads\/Vinicius-Junior-e-Benzema-em-acao-pelo-Real-Madrid.webp","contentUrl":"https:\/\/www.gaveanews.com\/wp-content\/uploads\/Vinicius-Junior-e-Benzema-em-acao-pelo-Real-Madrid.webp","width":846,"height":564,"caption":"Vinicius Junior e Benzema em a\u00e7\u00e3o pelo Real Madrid (Foto: Pedro Castillo\/Real Madrid)"},{"@type":"BreadcrumbList","@id":"https:\/\/www.gaveanews.com\/index.php\/2022\/07\/05\/vinicius-junior-projeta-meta-no-flamengo-e-casimiro-brinca-nao-volta\/#breadcrumb","itemListElement":[{"@type":"ListItem","position":1,"name":"Home","item":"https:\/\/www.gaveanews.com\/"},{"@type":"ListItem","position":2,"name":"Vinicius Junior projeta meta no Flamengo e Casimiro brinca: \u201cN\u00e3o volta\u201d"}]},{"@type":"WebSite","@id":"https:\/\/www.gaveanews.com\/#website","url":"https:\/\/www.gaveanews.com\/","name":"G\u00e1vea News","description":"Veja todas as not\u00edcias sobre o Flamengo: Contrata\u00e7\u00f5es, categorias de base, resultados das partidas, tabela de classifica\u00e7\u00e3o, pr\u00f3ximos jogos!","potentialAction":[{"@type":"SearchAction","target":{"@type":"EntryPoint","urlTemplate":"https:\/\/www.gaveanews.com\/?s={search_term_string}"},"query-input":{"@type":"PropertyValueSpecification","valueRequired":true,"valueName":"search_term_string"}}],"inLanguage":"pt-BR"},{"@type":"Person","@id":"https:\/\/www.gaveanews.com\/#\/schema\/person\/2ec14f73fb96be2caf28f91afb14749d","name":"Equipe G\u00e1vea News","image":{"@type":"ImageObject","inLanguage":"pt-BR","@id":"https:\/\/www.gaveanews.com\/#\/schema\/person\/image\/","url":"https:\/\/secure.gravatar.com\/avatar\/1e1956f1facbffd3f8fa53a326721950116b3b9dc9bd44939c01180fd4a745a9?s=96&d=mm&r=g","contentUrl":"https:\/\/secure.gravatar.com\/avatar\/1e1956f1facbffd3f8fa53a326721950116b3b9dc9bd44939c01180fd4a745a9?s=96&d=mm&r=g","caption":"Equipe G\u00e1vea News"}}]}},"_links":{"self":[{"href":"https:\/\/www.gaveanews.com\/index.php\/wp-json\/wp\/v2\/posts\/84258","targetHints":{"allow":["GET"]}}],"collection":[{"href":"https:\/\/www.gaveanews.com\/index.php\/wp-json\/wp\/v2\/posts"}],"about":[{"href":"https:\/\/www.gaveanews.com\/index.php\/wp-json\/wp\/v2\/types\/post"}],"author":[{"embeddable":true,"href":"https:\/\/www.gaveanews.com\/index.php\/wp-json\/wp\/v2\/users\/1"}],"replies":[{"embeddable":true,"href":"https:\/\/www.gaveanews.com\/index.php\/wp-json\/wp\/v2\/comments?post=84258"}],"version-history":[{"count":0,"href":"https:\/\/www.gaveanews.com\/index.php\/wp-json\/wp\/v2\/posts\/84258\/revisions"}],"wp:featuredmedia":[{"embeddable":true,"href":"https:\/\/www.gaveanews.com\/index.php\/wp-json\/wp\/v2\/media\/74986"}],"wp:attachment":[{"href":"https:\/\/www.gaveanews.com\/index.php\/wp-json\/wp\/v2\/media?parent=84258"}],"wp:term":[{"taxonomy":"category","embeddable":true,"href":"https:\/\/www.gaveanews.com\/index.php\/wp-json\/wp\/v2\/categories?post=84258"},{"taxonomy":"post_tag","embeddable":true,"href":"https:\/\/www.gaveanews.com\/index.php\/wp-json\/wp\/v2\/tags?post=84258"}],"curies":[{"name":"wp","href":"https:\/\/api.w.org\/{rel}","templated":true}]}}